{"id":2257,"date":"2026-02-13T14:58:47","date_gmt":"2026-02-13T14:58:47","guid":{"rendered":"https:\/\/lacortedimarga.com\/?p=2257"},"modified":"2026-08-29T17:54:23","modified_gmt":"2026-08-29T17:54:23","slug":"die-jahrtausende-alte-geschichte-zwischen-pfahlbauten-und-geflugelten-lowen-wieder-aufleben-lassen","status":"publish","type":"post","link":"https:\/\/lacortedimarga.com\/de\/i-laghi-di-revine-millenni-di-storia-tra-palafitte-e-leoni-alati\/","title":{"rendered":"Die Revine-Seen: Jahrtausendealte Geschichte zwischen Pfahlbauten und gefl\u00fcgelten L\u00f6wen"},"content":{"rendered":"<p>Nicht weit von Miane entfernt bilden die Seen Santa Maria und Lago (bekannt als Laghi di Revine) ein Gew\u00e4sser, das ein wahres historisches Archiv unter freiem Himmel darstellt. Im Winter, wenn der Nebel langsam aus dem Schilf aufsteigt und das Eis an den Ufern kr\u00e4uselt, wird der Charme dieses Ortes fast mystisch.<\/p>\n\n\n\n<p><strong>Vorgeschichte: Das Dorf Livelet<\/strong><\/p>\n\n\n\n<p>An den Ufern der Seen war es nicht immer so ruhig. In der Jungsteinzeit lebte in diesem Tal eine aktive und erfindungsreiche Gemeinschaft.<\/p>\n\n\n\n<ul class=\"wp-block-list\">\n<li><strong>Die H\u00e4morrhoiden<\/strong>Arch\u00e4ologische Funde haben das Vorhandensein von Pfahlbausiedlungen best\u00e4tigt. Heute ist die <a href=\"https:\/\/www.provincia.treviso.it\/it\/aree-tematiche\/cultura-e-sport\/parco-archeologico-didattico-del-livelet\"><strong>Livelet Park<\/strong> <\/a>rekonstruiert drei Arten pr\u00e4historischer Behausungen, die Aufschluss dar\u00fcber geben, wie unsere Vorfahren jagten, fischten und webten.<\/li>\n\n\n\n<li><strong>Ein gesch\u00fctztes \u00d6kosystem<\/strong>Die Seen sind Reliktbecken aus der Gletscherzeit, die eine einzigartige Mikroumgebung bewahrt haben, die f\u00fcr die Artenvielfalt der Voralpen von grundlegender Bedeutung ist.<\/li>\n<\/ul>\n\n\n\n<p><strong>Der gefl\u00fcgelte L\u00f6we: Das Siegel der Serenissima<\/strong><\/p>\n\n\n\n<p>Der venezianische Einfluss hinterlie\u00df unausl\u00f6schliche Spuren in der lokalen Architektur und Heraldik.<\/p>\n\n\n\n<ul class=\"wp-block-list\">\n<li><strong>Der L\u00f6we von St. Markus<\/strong>Wenn man durch das Dorf Revine Lago spaziert, st\u00f6\u00dft man auf das Symbol der Republik Venedig: die <strong>Gefl\u00fcgelter L\u00f6we<\/strong>. Der in Stein gehauene L\u00f6we war nicht nur ein dekoratives Fries, sondern ein greifbares Zeichen f\u00fcr den Schutz und die Herrschaft Venedigs \u00fcber diese strategischen T\u00e4ler, die die Lagunenstadt mit Holz und Ressourcen versorgten.<\/li>\n\n\n\n<li><strong>Venezianische Architektur<\/strong>Viele historische Bauernh\u00e4user und Palazzetti in der Gegend erinnern an den venezianischen Stil, mit der geschickten Verwendung von lokalem Stein und S\u00e4uleng\u00e4ngen, ideal zum Schutz vor dem Winterklima.<\/li>\n<\/ul>\n\n\n\n<p><strong>Winter am See: Trekking und Stille<\/strong><\/p>\n\n\n\n<p>Im Winter ist die Hauptaktivit\u00e4t der <strong>langsames und beschauliches Trekking<\/strong>.<\/p>\n\n\n\n<ul class=\"wp-block-list\">\n<li><strong>Die Tour der Seen<\/strong>Ein flacher Weg von etwa 7 km L\u00e4nge verbindet die beiden Becken miteinander. Sie ist ideal f\u00fcr alle, die einen belebenden Spaziergang an der frischen Luft ohne gro\u00dfe Steigungen suchen.<\/li>\n\n\n\n<li><strong>Vogelbeobachtung<\/strong>Der Winter ist die beste Zeit, um Zugv\u00f6gel zu beobachten, die in den Schilfgebieten \u00fcberwintern. Nehmen Sie ein Fernglas mit: Die Stille erm\u00f6glicht Beobachtungen, die im Sommer unm\u00f6glich sind.<\/li>\n<\/ul>\n\n\n\n<div class=\"schema-faq wp-block-yoast-faq-block\"><div class=\"schema-faq-section\" id=\"faq-question-17880260600861\"><strong class=\"schema-faq-question\">Was gibt es an den Revine Lakes zu sehen?<\/strong> <p class=\"schema-faq-answer\">Neben dem arch\u00e4ologischen Park von Livelet mit seinen Pfahlbauten kann man auch Zeugnisse der venezianischen Herrschaft wie den steinernen gefl\u00fcgelten L\u00f6wen im Dorf bewundern und auf Naturpfaden wandern, die sich ideal f\u00fcr Winterwanderungen eignen.<\/p> <\/div> <div class=\"schema-faq-section\" id=\"faq-question-17880260600862\"><strong class=\"schema-faq-question\">Kann man in den Revine-Seen baden?<\/strong> <p class=\"schema-faq-answer\">Nein: Die Seen von Revine sind ein gesch\u00fctztes Naturgebiet und nicht zum Baden geeignet. Sie eignen sich stattdessen hervorragend zum Wandern, V\u00f6gelbeobachten und f\u00fcr einen Besuch des Parco del Livelet.<\/p> <\/div> <div class=\"schema-faq-section\" id=\"faq-question-17880260600863\"><strong class=\"schema-faq-question\">Wie weit sind die Seen von Revine von der Unterkunft entfernt?<\/strong> <p class=\"schema-faq-answer\">Die Seen von Revine befinden sich in kurzer Entfernung von Miane: F\u00fcr die genaue Fahrzeit empfehlen wir Ihnen, die Route zum Zeitpunkt der Buchung zu \u00fcberpr\u00fcfen, um den Tag optimal zu planen.<\/p> <\/div> <\/div>\n\n\n\n<p>Wenn Sie Wasser dem Wandern vorziehen, entdecken Sie auch unsere Kajakausfl\u00fcge auf der Seite <a href=\"https:\/\/lacortedimarga.com\/de\/esperienze-e-servizi\/\">Erlebnisse und Dienstleistungen<\/a>.<\/p>","protected":false},"excerpt":{"rendered":"<p>A breve distanza da Miane, i laghi di Santa Maria e di Lago (noti come Laghi di Revine) formano uno specchio d&#8217;acqua che \u00e8 un vero archivio storico a cielo aperto. In inverno, quando la nebbia si alza lentamente dai canneti e il ghiaccio pu\u00f2 increspare le rive, il fascino di questo luogo diventa quasi [&hellip;]<\/p>\n","protected":false},"author":3,"featured_media":2055,"comment_status":"closed","ping_status":"open","sticky":false,"template":"","format":"standard","meta":{"_breakdance_hide_in_design_set":false,"_breakdance_tags":"","footnotes":""},"categories":[8],"tags":[57,21,34,56,43,20,22,28,23,53,36,24],"class_list":["post-2257","post","type-post","status-publish","format-standard","has-post-thumbnail","hentry","category-famiglie-in-avventura-kids-family-fun","tag-attivitaoutdoor","tag-collineprosecco","tag-coneglianovaldobbiadene-unescoheritage-patrimoniounesco","tag-divertimentofamiglie","tag-esperienzaincorte","tag-lacortedimarga","tag-miane","tag-naturaeapprendimento","tag-proseccohills","tag-proseccohillsholidays-2","tag-unescoheritage","tag-visitveneto"],"yoast_head":"<!-- This site is optimized with the Yoast SEO plugin v28.2 - https:\/\/yoast.com\/product\/yoast-seo-wordpress\/ -->\n<title>Laghi di Revine a Miane | La Corte di Marga<\/title>\n<meta name=\"description\" content=\"Scopri i Laghi di Revine vicino a Miane: villaggio palafitticolo del Neolitico, il Leone di San Marco e sentieri panoramici tra storia e natura.\" \/>\n<meta name=\"robots\" content=\"index, follow, max-snippet:-1, max-image-preview:large, max-video-preview:-1\" \/>\n<link rel=\"canonical\" href=\"https:\/\/lacortedimarga.com\/de\/die-jahrtausende-alte-geschichte-zwischen-pfahlbauten-und-geflugelten-lowen-wieder-aufleben-lassen\/\" \/>\n<meta property=\"og:locale\" content=\"de_DE\" \/>\n<meta property=\"og:type\" content=\"article\" \/>\n<meta property=\"og:title\" content=\"Laghi di Revine a Miane | La Corte di Marga\" \/>\n<meta property=\"og:description\" content=\"Scopri i Laghi di Revine vicino a Miane: villaggio palafitticolo del Neolitico, il Leone di San Marco e sentieri panoramici tra storia e natura.\" \/>\n<meta property=\"og:url\" content=\"https:\/\/lacortedimarga.com\/de\/die-jahrtausende-alte-geschichte-zwischen-pfahlbauten-und-geflugelten-lowen-wieder-aufleben-lassen\/\" \/>\n<meta property=\"og:site_name\" content=\"La Corte di Marga\" \/>\n<meta property=\"article:publisher\" content=\"https:\/\/www.facebook.com\/lacortedimarga\" \/>\n<meta property=\"article:published_time\" content=\"2026-02-13T14:58:47+00:00\" \/>\n<meta property=\"article:modified_time\" content=\"2026-08-29T17:54:23+00:00\" \/>\n<meta property=\"og:image\" content=\"https:\/\/lacortedimarga.com\/wp-content\/uploads\/2026\/01\/La_Corte_di_Marga_cosa_fare_prosecco_hills_Lago_di_Revine.webp\" \/>\n\t<meta property=\"og:image:width\" content=\"450\" \/>\n\t<meta property=\"og:image:height\" content=\"338\" \/>\n\t<meta property=\"og:image:type\" content=\"image\/webp\" \/>\n<meta name=\"author\" content=\"Roberto\" \/>\n<meta name=\"twitter:card\" content=\"summary_large_image\" \/>\n<meta name=\"twitter:label1\" content=\"Verfasst von\" \/>\n\t<meta name=\"twitter:data1\" content=\"Roberto\" \/>\n\t<meta name=\"twitter:label2\" content=\"Gesch\u00e4tzte Lesezeit\" \/>\n\t<meta name=\"twitter:data2\" content=\"3\u00a0Minuten\" \/>\n<script type=\"application\/ld+json\" class=\"yoast-schema-graph\">{\"@context\":\"https:\\\/\\\/schema.org\",\"@graph\":[{\"@type\":\"Article\",\"@id\":\"https:\\\/\\\/lacortedimarga.com\\\/i-laghi-di-revine-millenni-di-storia-tra-palafitte-e-leoni-alati\\\/#article\",\"isPartOf\":{\"@id\":\"https:\\\/\\\/lacortedimarga.com\\\/i-laghi-di-revine-millenni-di-storia-tra-palafitte-e-leoni-alati\\\/\"},\"author\":{\"name\":\"Roberto\",\"@id\":\"https:\\\/\\\/lacortedimarga.com\\\/#\\\/schema\\\/person\\\/35b8aa132ce672c39a5ece2e9b43b967\"},\"headline\":\"I Laghi di Revine: Millenni di Storia tra Palafitte e Leoni Alati\",\"datePublished\":\"2026-02-13T14:58:47+00:00\",\"dateModified\":\"2026-08-29T17:54:23+00:00\",\"mainEntityOfPage\":{\"@id\":\"https:\\\/\\\/lacortedimarga.com\\\/i-laghi-di-revine-millenni-di-storia-tra-palafitte-e-leoni-alati\\\/\"},\"wordCount\":478,\"publisher\":{\"@id\":\"https:\\\/\\\/lacortedimarga.com\\\/#organization\"},\"image\":{\"@id\":\"https:\\\/\\\/lacortedimarga.com\\\/i-laghi-di-revine-millenni-di-storia-tra-palafitte-e-leoni-alati\\\/#primaryimage\"},\"thumbnailUrl\":\"https:\\\/\\\/lacortedimarga.com\\\/wp-content\\\/uploads\\\/2026\\\/01\\\/La_Corte_di_Marga_cosa_fare_prosecco_hills_Lago_di_Revine.webp\",\"keywords\":[\"#Attivit\u00e0Outdoor\",\"#CollineProsecco\",\"#ConeglianoValdobbiadene #UNESCOHeritage #PatrimonioUNESCO\",\"#DivertimentoFamiglie\",\"#EsperienzaInCorte\",\"#LaCortediMarga\",\"#Miane\",\"#NaturaEApprendimento\",\"#ProseccoHills\",\"#ProseccoHillsHolidays\",\"#UNESCOHeritage\",\"#VisitVeneto\"],\"articleSection\":[\"Famiglie in Avventura: Kids &amp; Family Fun\"],\"inLanguage\":\"de\"},{\"@type\":[\"WebPage\",\"FAQPage\"],\"@id\":\"https:\\\/\\\/lacortedimarga.com\\\/i-laghi-di-revine-millenni-di-storia-tra-palafitte-e-leoni-alati\\\/\",\"url\":\"https:\\\/\\\/lacortedimarga.com\\\/i-laghi-di-revine-millenni-di-storia-tra-palafitte-e-leoni-alati\\\/\",\"name\":\"Laghi di Revine a Miane | La Corte di Marga\",\"isPartOf\":{\"@id\":\"https:\\\/\\\/lacortedimarga.com\\\/#website\"},\"primaryImageOfPage\":{\"@id\":\"https:\\\/\\\/lacortedimarga.com\\\/i-laghi-di-revine-millenni-di-storia-tra-palafitte-e-leoni-alati\\\/#primaryimage\"},\"image\":{\"@id\":\"https:\\\/\\\/lacortedimarga.com\\\/i-laghi-di-revine-millenni-di-storia-tra-palafitte-e-leoni-alati\\\/#primaryimage\"},\"thumbnailUrl\":\"https:\\\/\\\/lacortedimarga.com\\\/wp-content\\\/uploads\\\/2026\\\/01\\\/La_Corte_di_Marga_cosa_fare_prosecco_hills_Lago_di_Revine.webp\",\"datePublished\":\"2026-02-13T14:58:47+00:00\",\"dateModified\":\"2026-08-29T17:54:23+00:00\",\"description\":\"Scopri i Laghi di Revine vicino a Miane: villaggio palafitticolo del Neolitico, il Leone di San Marco e sentieri panoramici tra storia e natura.\",\"breadcrumb\":{\"@id\":\"https:\\\/\\\/lacortedimarga.com\\\/i-laghi-di-revine-millenni-di-storia-tra-palafitte-e-leoni-alati\\\/#breadcrumb\"},\"mainEntity\":[{\"@id\":\"https:\\\/\\\/lacortedimarga.com\\\/i-laghi-di-revine-millenni-di-storia-tra-palafitte-e-leoni-alati\\\/#faq-question-17880260600861\"},{\"@id\":\"https:\\\/\\\/lacortedimarga.com\\\/i-laghi-di-revine-millenni-di-storia-tra-palafitte-e-leoni-alati\\\/#faq-question-17880260600862\"},{\"@id\":\"https:\\\/\\\/lacortedimarga.com\\\/i-laghi-di-revine-millenni-di-storia-tra-palafitte-e-leoni-alati\\\/#faq-question-17880260600863\"}],\"inLanguage\":\"de\",\"potentialAction\":[{\"@type\":\"ReadAction\",\"target\":[\"https:\\\/\\\/lacortedimarga.com\\\/i-laghi-di-revine-millenni-di-storia-tra-palafitte-e-leoni-alati\\\/\"]}]},{\"@type\":\"ImageObject\",\"inLanguage\":\"de\",\"@id\":\"https:\\\/\\\/lacortedimarga.com\\\/i-laghi-di-revine-millenni-di-storia-tra-palafitte-e-leoni-alati\\\/#primaryimage\",\"url\":\"https:\\\/\\\/lacortedimarga.com\\\/wp-content\\\/uploads\\\/2026\\\/01\\\/La_Corte_di_Marga_cosa_fare_prosecco_hills_Lago_di_Revine.webp\",\"contentUrl\":\"https:\\\/\\\/lacortedimarga.com\\\/wp-content\\\/uploads\\\/2026\\\/01\\\/La_Corte_di_Marga_cosa_fare_prosecco_hills_Lago_di_Revine.webp\",\"width\":450,\"height\":338},{\"@type\":\"BreadcrumbList\",\"@id\":\"https:\\\/\\\/lacortedimarga.com\\\/i-laghi-di-revine-millenni-di-storia-tra-palafitte-e-leoni-alati\\\/#breadcrumb\",\"itemListElement\":[{\"@type\":\"ListItem\",\"position\":1,\"name\":\"Home\",\"item\":\"https:\\\/\\\/lacortedimarga.com\\\/\"},{\"@type\":\"ListItem\",\"position\":2,\"name\":\"I Laghi di Revine: Millenni di Storia tra Palafitte e Leoni Alati\"}]},{\"@type\":\"WebSite\",\"@id\":\"https:\\\/\\\/lacortedimarga.com\\\/#website\",\"url\":\"https:\\\/\\\/lacortedimarga.com\\\/\",\"name\":\"La Corte di Marga\",\"description\":\"Prosecco Hills Holidays\",\"publisher\":{\"@id\":\"https:\\\/\\\/lacortedimarga.com\\\/#organization\"},\"potentialAction\":[{\"@type\":\"SearchAction\",\"target\":{\"@type\":\"EntryPoint\",\"urlTemplate\":\"https:\\\/\\\/lacortedimarga.com\\\/?s={search_term_string}\"},\"query-input\":{\"@type\":\"PropertyValueSpecification\",\"valueRequired\":true,\"valueName\":\"search_term_string\"}}],\"inLanguage\":\"de\"},{\"@type\":\"Organization\",\"@id\":\"https:\\\/\\\/lacortedimarga.com\\\/#organization\",\"name\":\"La Corte di Marga\",\"url\":\"https:\\\/\\\/lacortedimarga.com\\\/\",\"logo\":{\"@type\":\"ImageObject\",\"inLanguage\":\"de\",\"@id\":\"https:\\\/\\\/lacortedimarga.com\\\/#\\\/schema\\\/logo\\\/image\\\/\",\"url\":\"https:\\\/\\\/lacortedimarga.com\\\/wp-content\\\/uploads\\\/2025\\\/06\\\/logo-corti-di-marga.webp\",\"contentUrl\":\"https:\\\/\\\/lacortedimarga.com\\\/wp-content\\\/uploads\\\/2025\\\/06\\\/logo-corti-di-marga.webp\",\"width\":955,\"height\":529,\"caption\":\"La Corte di Marga\"},\"image\":{\"@id\":\"https:\\\/\\\/lacortedimarga.com\\\/#\\\/schema\\\/logo\\\/image\\\/\"},\"sameAs\":[\"https:\\\/\\\/www.facebook.com\\\/lacortedimarga\",\"https:\\\/\\\/www.instagram.com\\\/la_corte_di_marga\\\/\",\"https:\\\/\\\/www.tiktok.com\\\/@lacortedimarga\",\"https:\\\/\\\/www.youtube.com\\\/@lacortedimargaofficial\",\"https:\\\/\\\/www.linkedin.com\\\/company\\\/la-corte-di-marga-prosecco-hills-holiday\"]},{\"@type\":\"Person\",\"@id\":\"https:\\\/\\\/lacortedimarga.com\\\/#\\\/schema\\\/person\\\/35b8aa132ce672c39a5ece2e9b43b967\",\"name\":\"Roberto\",\"image\":{\"@type\":\"ImageObject\",\"inLanguage\":\"de\",\"@id\":\"https:\\\/\\\/secure.gravatar.com\\\/avatar\\\/e3f271e90e735cdc34557ef9b92be1ad6f15d5bac04b51fa3cd10b4c11dac25e?s=96&d=mm&r=g\",\"url\":\"https:\\\/\\\/secure.gravatar.com\\\/avatar\\\/e3f271e90e735cdc34557ef9b92be1ad6f15d5bac04b51fa3cd10b4c11dac25e?s=96&d=mm&r=g\",\"contentUrl\":\"https:\\\/\\\/secure.gravatar.com\\\/avatar\\\/e3f271e90e735cdc34557ef9b92be1ad6f15d5bac04b51fa3cd10b4c11dac25e?s=96&d=mm&r=g\",\"caption\":\"Roberto\"},\"url\":\"https:\\\/\\\/lacortedimarga.com\\\/de\\\/author\\\/roberto\\\/\"},{\"@type\":\"Question\",\"@id\":\"https:\\\/\\\/lacortedimarga.com\\\/i-laghi-di-revine-millenni-di-storia-tra-palafitte-e-leoni-alati\\\/#faq-question-17880260600861\",\"position\":1,\"url\":\"https:\\\/\\\/lacortedimarga.com\\\/i-laghi-di-revine-millenni-di-storia-tra-palafitte-e-leoni-alati\\\/#faq-question-17880260600861\",\"name\":\"Cosa vedere ai Laghi di Revine?\",\"answerCount\":1,\"acceptedAnswer\":{\"@type\":\"Answer\",\"text\":\"Oltre al Parco Archeologico del Livelet con le sue palafitte, \u00e8 possibile ammirare le testimonianze del dominio veneziano come il Leone Alato in pietra nel borgo, e percorrere sentieri naturalistici ideali per il trekking invernale.\",\"inLanguage\":\"de\"},\"inLanguage\":\"de\"},{\"@type\":\"Question\",\"@id\":\"https:\\\/\\\/lacortedimarga.com\\\/i-laghi-di-revine-millenni-di-storia-tra-palafitte-e-leoni-alati\\\/#faq-question-17880260600862\",\"position\":2,\"url\":\"https:\\\/\\\/lacortedimarga.com\\\/i-laghi-di-revine-millenni-di-storia-tra-palafitte-e-leoni-alati\\\/#faq-question-17880260600862\",\"name\":\"Si pu\u00f2 fare il bagno nei laghi di Revine?\",\"answerCount\":1,\"acceptedAnswer\":{\"@type\":\"Answer\",\"text\":\"No: i laghi di Revine sono un'area naturalistica protetta, non attrezzata per la balneazione. Sono invece perfetti per il trekking, il birdwatching e la visita al Parco del Livelet.\",\"inLanguage\":\"de\"},\"inLanguage\":\"de\"},{\"@type\":\"Question\",\"@id\":\"https:\\\/\\\/lacortedimarga.com\\\/i-laghi-di-revine-millenni-di-storia-tra-palafitte-e-leoni-alati\\\/#faq-question-17880260600863\",\"position\":3,\"url\":\"https:\\\/\\\/lacortedimarga.com\\\/i-laghi-di-revine-millenni-di-storia-tra-palafitte-e-leoni-alati\\\/#faq-question-17880260600863\",\"name\":\"Quanto distano i laghi di Revine dalla struttura?\",\"answerCount\":1,\"acceptedAnswer\":{\"@type\":\"Answer\",\"text\":\"I laghi di Revine si trovano a breve distanza da Miane: per il tempo di percorrenza esatto vi consigliamo di verificare l'itinerario al momento della prenotazione, cos\u00ec da pianificare al meglio la giornata.\",\"inLanguage\":\"de\"},\"inLanguage\":\"de\"}]}<\/script>\n<!-- \/ Yoast SEO plugin. -->","yoast_head_json":{"title":"Laghi di Revine in Miane | La Corte di Marga","description":"Entdecken Sie die Seen von Revine in der N\u00e4he von Miane: ein neolithisches Pfahlbautendorf, den Markusl\u00f6wen und Panoramawege zwischen Geschichte und Natur.","robots":{"index":"index","follow":"follow","max-snippet":"max-snippet:-1","max-image-preview":"max-image-preview:large","max-video-preview":"max-video-preview:-1"},"canonical":"https:\/\/lacortedimarga.com\/de\/die-jahrtausende-alte-geschichte-zwischen-pfahlbauten-und-geflugelten-lowen-wieder-aufleben-lassen\/","og_locale":"de_DE","og_type":"article","og_title":"Laghi di Revine a Miane | La Corte di Marga","og_description":"Scopri i Laghi di Revine vicino a Miane: villaggio palafitticolo del Neolitico, il Leone di San Marco e sentieri panoramici tra storia e natura.","og_url":"https:\/\/lacortedimarga.com\/de\/die-jahrtausende-alte-geschichte-zwischen-pfahlbauten-und-geflugelten-lowen-wieder-aufleben-lassen\/","og_site_name":"La Corte di Marga","article_publisher":"https:\/\/www.facebook.com\/lacortedimarga","article_published_time":"2026-02-13T14:58:47+00:00","article_modified_time":"2026-08-29T17:54:23+00:00","og_image":[{"width":450,"height":338,"url":"https:\/\/lacortedimarga.com\/wp-content\/uploads\/2026\/01\/La_Corte_di_Marga_cosa_fare_prosecco_hills_Lago_di_Revine.webp","type":"image\/webp"}],"author":"Roberto","twitter_card":"summary_large_image","twitter_misc":{"Verfasst von":"Roberto","Gesch\u00e4tzte Lesezeit":"3\u00a0Minuten"},"schema":{"@context":"https:\/\/schema.org","@graph":[{"@type":"Article","@id":"https:\/\/lacortedimarga.com\/i-laghi-di-revine-millenni-di-storia-tra-palafitte-e-leoni-alati\/#article","isPartOf":{"@id":"https:\/\/lacortedimarga.com\/i-laghi-di-revine-millenni-di-storia-tra-palafitte-e-leoni-alati\/"},"author":{"name":"Roberto","@id":"https:\/\/lacortedimarga.com\/#\/schema\/person\/35b8aa132ce672c39a5ece2e9b43b967"},"headline":"I Laghi di Revine: Millenni di Storia tra Palafitte e Leoni Alati","datePublished":"2026-02-13T14:58:47+00:00","dateModified":"2026-08-29T17:54:23+00:00","mainEntityOfPage":{"@id":"https:\/\/lacortedimarga.com\/i-laghi-di-revine-millenni-di-storia-tra-palafitte-e-leoni-alati\/"},"wordCount":478,"publisher":{"@id":"https:\/\/lacortedimarga.com\/#organization"},"image":{"@id":"https:\/\/lacortedimarga.com\/i-laghi-di-revine-millenni-di-storia-tra-palafitte-e-leoni-alati\/#primaryimage"},"thumbnailUrl":"https:\/\/lacortedimarga.com\/wp-content\/uploads\/2026\/01\/La_Corte_di_Marga_cosa_fare_prosecco_hills_Lago_di_Revine.webp","keywords":["#Attivit\u00e0Outdoor","#CollineProsecco","#ConeglianoValdobbiadene #UNESCOHeritage #PatrimonioUNESCO","#DivertimentoFamiglie","#EsperienzaInCorte","#LaCortediMarga","#Miane","#NaturaEApprendimento","#ProseccoHills","#ProseccoHillsHolidays","#UNESCOHeritage","#VisitVeneto"],"articleSection":["Famiglie in Avventura: Kids &amp; Family Fun"],"inLanguage":"de"},{"@type":["WebPage","FAQPage"],"@id":"https:\/\/lacortedimarga.com\/i-laghi-di-revine-millenni-di-storia-tra-palafitte-e-leoni-alati\/","url":"https:\/\/lacortedimarga.com\/i-laghi-di-revine-millenni-di-storia-tra-palafitte-e-leoni-alati\/","name":"Laghi di Revine in Miane | La Corte di Marga","isPartOf":{"@id":"https:\/\/lacortedimarga.com\/#website"},"primaryImageOfPage":{"@id":"https:\/\/lacortedimarga.com\/i-laghi-di-revine-millenni-di-storia-tra-palafitte-e-leoni-alati\/#primaryimage"},"image":{"@id":"https:\/\/lacortedimarga.com\/i-laghi-di-revine-millenni-di-storia-tra-palafitte-e-leoni-alati\/#primaryimage"},"thumbnailUrl":"https:\/\/lacortedimarga.com\/wp-content\/uploads\/2026\/01\/La_Corte_di_Marga_cosa_fare_prosecco_hills_Lago_di_Revine.webp","datePublished":"2026-02-13T14:58:47+00:00","dateModified":"2026-08-29T17:54:23+00:00","description":"Entdecken Sie die Seen von Revine in der N\u00e4he von Miane: ein neolithisches Pfahlbautendorf, den Markusl\u00f6wen und Panoramawege zwischen Geschichte und Natur.","breadcrumb":{"@id":"https:\/\/lacortedimarga.com\/i-laghi-di-revine-millenni-di-storia-tra-palafitte-e-leoni-alati\/#breadcrumb"},"mainEntity":[{"@id":"https:\/\/lacortedimarga.com\/i-laghi-di-revine-millenni-di-storia-tra-palafitte-e-leoni-alati\/#faq-question-17880260600861"},{"@id":"https:\/\/lacortedimarga.com\/i-laghi-di-revine-millenni-di-storia-tra-palafitte-e-leoni-alati\/#faq-question-17880260600862"},{"@id":"https:\/\/lacortedimarga.com\/i-laghi-di-revine-millenni-di-storia-tra-palafitte-e-leoni-alati\/#faq-question-17880260600863"}],"inLanguage":"de","potentialAction":[{"@type":"ReadAction","target":["https:\/\/lacortedimarga.com\/i-laghi-di-revine-millenni-di-storia-tra-palafitte-e-leoni-alati\/"]}]},{"@type":"ImageObject","inLanguage":"de","@id":"https:\/\/lacortedimarga.com\/i-laghi-di-revine-millenni-di-storia-tra-palafitte-e-leoni-alati\/#primaryimage","url":"https:\/\/lacortedimarga.com\/wp-content\/uploads\/2026\/01\/La_Corte_di_Marga_cosa_fare_prosecco_hills_Lago_di_Revine.webp","contentUrl":"https:\/\/lacortedimarga.com\/wp-content\/uploads\/2026\/01\/La_Corte_di_Marga_cosa_fare_prosecco_hills_Lago_di_Revine.webp","width":450,"height":338},{"@type":"BreadcrumbList","@id":"https:\/\/lacortedimarga.com\/i-laghi-di-revine-millenni-di-storia-tra-palafitte-e-leoni-alati\/#breadcrumb","itemListElement":[{"@type":"ListItem","position":1,"name":"Home","item":"https:\/\/lacortedimarga.com\/"},{"@type":"ListItem","position":2,"name":"I Laghi di Revine: Millenni di Storia tra Palafitte e Leoni Alati"}]},{"@type":"WebSite","@id":"https:\/\/lacortedimarga.com\/#website","url":"https:\/\/lacortedimarga.com\/","name":"Der Hof von Marga","description":"Prosecco Hills Ferien","publisher":{"@id":"https:\/\/lacortedimarga.com\/#organization"},"potentialAction":[{"@type":"SearchAction","target":{"@type":"EntryPoint","urlTemplate":"https:\/\/lacortedimarga.com\/?s={search_term_string}"},"query-input":{"@type":"PropertyValueSpecification","valueRequired":true,"valueName":"search_term_string"}}],"inLanguage":"de"},{"@type":"Organization","@id":"https:\/\/lacortedimarga.com\/#organization","name":"Der Hof von Marga","url":"https:\/\/lacortedimarga.com\/","logo":{"@type":"ImageObject","inLanguage":"de","@id":"https:\/\/lacortedimarga.com\/#\/schema\/logo\/image\/","url":"https:\/\/lacortedimarga.com\/wp-content\/uploads\/2025\/06\/logo-corti-di-marga.webp","contentUrl":"https:\/\/lacortedimarga.com\/wp-content\/uploads\/2025\/06\/logo-corti-di-marga.webp","width":955,"height":529,"caption":"La Corte di Marga"},"image":{"@id":"https:\/\/lacortedimarga.com\/#\/schema\/logo\/image\/"},"sameAs":["https:\/\/www.facebook.com\/lacortedimarga","https:\/\/www.instagram.com\/la_corte_di_marga\/","https:\/\/www.tiktok.com\/@lacortedimarga","https:\/\/www.youtube.com\/@lacortedimargaofficial","https:\/\/www.linkedin.com\/company\/la-corte-di-marga-prosecco-hills-holiday"]},{"@type":"Person","@id":"https:\/\/lacortedimarga.com\/#\/schema\/person\/35b8aa132ce672c39a5ece2e9b43b967","name":"Roberto","image":{"@type":"ImageObject","inLanguage":"de","@id":"https:\/\/secure.gravatar.com\/avatar\/e3f271e90e735cdc34557ef9b92be1ad6f15d5bac04b51fa3cd10b4c11dac25e?s=96&d=mm&r=g","url":"https:\/\/secure.gravatar.com\/avatar\/e3f271e90e735cdc34557ef9b92be1ad6f15d5bac04b51fa3cd10b4c11dac25e?s=96&d=mm&r=g","contentUrl":"https:\/\/secure.gravatar.com\/avatar\/e3f271e90e735cdc34557ef9b92be1ad6f15d5bac04b51fa3cd10b4c11dac25e?s=96&d=mm&r=g","caption":"Roberto"},"url":"https:\/\/lacortedimarga.com\/de\/author\/roberto\/"},{"@type":"Question","@id":"https:\/\/lacortedimarga.com\/i-laghi-di-revine-millenni-di-storia-tra-palafitte-e-leoni-alati\/#faq-question-17880260600861","position":1,"url":"https:\/\/lacortedimarga.com\/i-laghi-di-revine-millenni-di-storia-tra-palafitte-e-leoni-alati\/#faq-question-17880260600861","name":"Was gibt es an den Revine Lakes zu sehen?","answerCount":1,"acceptedAnswer":{"@type":"Answer","text":"Oltre al Parco Archeologico del Livelet con le sue palafitte, \u00e8 possibile ammirare le testimonianze del dominio veneziano come il Leone Alato in pietra nel borgo, e percorrere sentieri naturalistici ideali per il trekking invernale.","inLanguage":"de"},"inLanguage":"de"},{"@type":"Question","@id":"https:\/\/lacortedimarga.com\/i-laghi-di-revine-millenni-di-storia-tra-palafitte-e-leoni-alati\/#faq-question-17880260600862","position":2,"url":"https:\/\/lacortedimarga.com\/i-laghi-di-revine-millenni-di-storia-tra-palafitte-e-leoni-alati\/#faq-question-17880260600862","name":"Kann man in den Revine-Seen baden?","answerCount":1,"acceptedAnswer":{"@type":"Answer","text":"No: i laghi di Revine sono un'area naturalistica protetta, non attrezzata per la balneazione. Sono invece perfetti per il trekking, il birdwatching e la visita al Parco del Livelet.","inLanguage":"de"},"inLanguage":"de"},{"@type":"Question","@id":"https:\/\/lacortedimarga.com\/i-laghi-di-revine-millenni-di-storia-tra-palafitte-e-leoni-alati\/#faq-question-17880260600863","position":3,"url":"https:\/\/lacortedimarga.com\/i-laghi-di-revine-millenni-di-storia-tra-palafitte-e-leoni-alati\/#faq-question-17880260600863","name":"Wie weit sind die Seen von Revine von der Unterkunft entfernt?","answerCount":1,"acceptedAnswer":{"@type":"Answer","text":"I laghi di Revine si trovano a breve distanza da Miane: per il tempo di percorrenza esatto vi consigliamo di verificare l'itinerario al momento della prenotazione, cos\u00ec da pianificare al meglio la giornata.","inLanguage":"de"},"inLanguage":"de"}]}},"_links":{"self":[{"href":"https:\/\/lacortedimarga.com\/de\/wp-json\/wp\/v2\/posts\/2257","targetHints":{"allow":["GET"]}}],"collection":[{"href":"https:\/\/lacortedimarga.com\/de\/wp-json\/wp\/v2\/posts"}],"about":[{"href":"https:\/\/lacortedimarga.com\/de\/wp-json\/wp\/v2\/types\/post"}],"author":[{"embeddable":true,"href":"https:\/\/lacortedimarga.com\/de\/wp-json\/wp\/v2\/users\/3"}],"replies":[{"embeddable":true,"href":"https:\/\/lacortedimarga.com\/de\/wp-json\/wp\/v2\/comments?post=2257"}],"version-history":[{"count":4,"href":"https:\/\/lacortedimarga.com\/de\/wp-json\/wp\/v2\/posts\/2257\/revisions"}],"predecessor-version":[{"id":3046,"href":"https:\/\/lacortedimarga.com\/de\/wp-json\/wp\/v2\/posts\/2257\/revisions\/3046"}],"wp:featuredmedia":[{"embeddable":true,"href":"https:\/\/lacortedimarga.com\/de\/wp-json\/wp\/v2\/media\/2055"}],"wp:attachment":[{"href":"https:\/\/lacortedimarga.com\/de\/wp-json\/wp\/v2\/media?parent=2257"}],"wp:term":[{"taxonomy":"category","embeddable":true,"href":"https:\/\/lacortedimarga.com\/de\/wp-json\/wp\/v2\/categories?post=2257"},{"taxonomy":"post_tag","embeddable":true,"href":"https:\/\/lacortedimarga.com\/de\/wp-json\/wp\/v2\/tags?post=2257"}],"curies":[{"name":"wp","href":"https:\/\/api.w.org\/{rel}","templated":true}]}}