{"id":2281,"date":"2026-02-18T08:40:53","date_gmt":"2026-02-18T08:40:53","guid":{"rendered":"https:\/\/lacortedimarga.com\/?p=2281"},"modified":"2026-08-28T07:41:05","modified_gmt":"2026-08-28T07:41:05","slug":"spaziergang-zum-heiligtum-von-karmin-geschichte-und-natur-einen-steinwurf-vom-hof-von-marga-entfernt","status":"publish","type":"post","link":"https:\/\/lacortedimarga.com\/de\/passeggiata-al-santuario-del-carmine-storia-e-natura-a-due-passi-dalla-corte-di-marga\/","title":{"rendered":"Spaziergang zur Wallfahrtskirche von Carmine: Geschichte und Natur nur einen Steinwurf vom Hof von Marga entfernt"},"content":{"rendered":"<p><strong><a href=\"https:\/\/www.comune.miane.tv.it\/home\/vivere\/Itinerari\/Santuario-Madonna-del-Carmine.html\">Das Heiligtum des Karmin<\/a><\/strong> es ist eines der beliebtesten Wanderziele f\u00fcr diejenigen, die \u00fcbernachten im <strong>Gerichtshof von Marga<\/strong>Ein nicht allzu langer Weg, voller Geschichte und Charme, inmitten des Gr\u00fcns der Trevisaner Voralpen.<\/p>\n\n\n\n<p>Das Heiligtum, das auf die <strong>17. Jahrhundert<\/strong>, ist ein Juwel religi\u00f6ser Architektur inmitten der Landschaft.<\/p>\n\n\n\n<p>Sie wurde um 1600 zu Ehren der Muttergottes vom Berg Karmel errichtet. Die \u00f6rtliche Tradition verbindet sie mit der tiefen Verehrung der \u201cMianesi\u201d, die Schutz f\u00fcr ihre Ernten und Familien suchten.<\/p>\n\n\n\n<p><strong>Architektur:<\/strong> Die heutige Kirche, die nach und nach erweitert wurde, verf\u00fcgt \u00fcber einen eleganten S\u00e4ulengang (Prothyrum), der die Pilger empf\u00e4ngt und einen Panoramablick auf das Tal bietet. Sie ist ein Ort der Stille und der Besinnung, ein Symbol f\u00fcr die Identit\u00e4t von Miane.<\/p>\n\n\n\n<h2 class=\"wp-block-heading\">\ud83e\udd7e Die Routen zur Wallfahrtskirche Madonna del Carmine<\/h2>\n\n\n\n<p>Ausgehend vom Marga-Hof (259 m) kann man auf zwei Hauptrouten den religi\u00f6sen Komplex erreichen, der auf etwa 350 m H\u00f6he liegt.<\/p>\n\n\n\n<h2 class=\"wp-block-heading\">1. Die \u201cStrada Vecia\u201d (Historische Stra\u00dfe)<\/h2>\n\n\n\n<p>Es handelt sich um den alten Kopfsteinpflasterweg, auf dem die Gl\u00e4ubigen fr\u00fcher in Prozession gingen. Ein leichter, f\u00fcr alle geeigneter Spaziergang mit nur 91 Metern H\u00f6henunterschied, der Sie in weniger als 30 Minuten \u00fcber gepflasterte Gassen und einen Grasweg an Ihr Ziel bringt.<\/p>\n\n\n\n<h2 class=\"wp-block-heading\">2. Landrel-Weg (Variante f\u00fcr Wanderer)<\/h2>\n\n\n\n<p>Wenn Sie es etwas \u201cwilder\u201d m\u00f6gen, k\u00f6nnen Sie den Weg zur Landrel-H\u00f6hle nehmen. In diesem Fall wird das Heiligtum zu einer Etappe einer umfassenderen Tour, die Sie mit einem H\u00f6henunterschied von 150 Metern zur Landrel-Kreuzung f\u00fchrt; dieser zweite Weg ist ein Wanderweg und erfordert Schuhe, die f\u00fcr Waldwege mit steileren H\u00e4ngen geeignet sind.<\/p>\n\n\n\n<p>Fahrtzeit: 45 Minuten<\/p>\n\n\n\n<h2 class=\"wp-block-heading\">\ud83d\udd04 Die Ringvariante<\/h2>\n\n\n\n<p>Um nicht denselben Weg zur\u00fcckgehen zu m\u00fcssen, empfehlen wir diesen Rundweg, der am Marga-Hof beginnt und wieder endet:<\/p>\n\n\n\n<ol class=\"wp-block-list\">\n<li><strong>Aufstieg:<\/strong> Vom Corte di Marga nehmen Sie die Strada Vecia bis zur Wallfahrtskirche.<\/li>\n\n\n\n<li><strong>Halt!<\/strong> Besuchen Sie den Friedhof von Carmine, um das Panorama von Miane zu bewundern.<\/li>\n\n\n\n<li><strong>Fortsetzung:<\/strong> Weiter geht es in Richtung Capitello di Sant'Antonio oder zur Landrel-Kreuzung f\u00fcr ein kurzes Waldst\u00fcck.<\/li>\n\n\n\n<li><strong>R\u00fcckkehr:<\/strong> Wir steigen hinunter ins Zentrum von Miane und schlie\u00dfen die Schleife in der Via IV Novembre.<\/li>\n<\/ol>\n\n\n\n<h2 class=\"wp-block-heading\">\ud83d\udcca Technische Daten des Rings<\/h2>\n\n\n\n<p>Die Gesamtstrecke der Schleife betr\u00e4gt ca. 3,5 km und wird in einem entspannten Tempo in 1 Std. 20 Min. zur\u00fcckgelegt; die Schleifenstrecke hat einen H\u00f6henunterschied von ca. 120 m und eine Steigung zwischen 8 und 10%<\/p>\n\n\n\n<p>M\u00f6chten Sie die Geschichte des Heiligtums und das Fest von Madonna del Carmine Mitte Juli kennenlernen? Erfahren Sie mehr in unserem Vertiefungsbeitrag<a href=\"https:\/\/lacortedimarga.com\/de\/das-heiligtum-des-karmel-in-miane\/\" data-type=\"post\" data-id=\"2283\">Die Wallfahrtskirche del Carmine in Miane<\/a>.<\/p>\n\n\n\n<p><\/p>","protected":false},"excerpt":{"rendered":"<p>Il Santuario del Carmine \u00e8 una delle mete a piedi pi\u00f9 amate per chi soggiorna alla Corte di Marga: un percorso non troppo lungo, ricco di storia e di fascino, immerso nel verde delle Prealpi Trevigiane. Il Santuario, risalente al XVII secolo, \u00e8 un gioiello di architettura religiosa incastonato nel verde. Fu eretto intorno al [&hellip;]<\/p>\n","protected":false},"author":3,"featured_media":2338,"comment_status":"closed","ping_status":"open","sticky":false,"template":"","format":"standard","meta":{"_breakdance_hide_in_design_set":false,"_breakdance_tags":"","footnotes":""},"categories":[7],"tags":[21,20,22,28,23,53,24],"class_list":["post-2281","post","type-post","status-publish","format-standard","has-post-thumbnail","hentry","category-adrenalina-panorama-outdoor-e-sport","tag-collineprosecco","tag-lacortedimarga","tag-miane","tag-naturaeapprendimento","tag-proseccohills","tag-proseccohillsholidays-2","tag-visitveneto"],"yoast_head":"<!-- This site is optimized with the Yoast SEO plugin v28.2 - https:\/\/yoast.com\/product\/yoast-seo-wordpress\/ -->\n<title>Santuario del Carmine a Miane | La Corte di Marga<\/title>\n<meta name=\"description\" content=\"Da La Corte di Marga fino al Santuario del Carmine passeggiando sulla strada Vecia seguendo il percorso della Via Crucis\" \/>\n<meta name=\"robots\" content=\"index, follow, max-snippet:-1, max-image-preview:large, max-video-preview:-1\" \/>\n<link rel=\"canonical\" href=\"https:\/\/lacortedimarga.com\/de\/spaziergang-zum-heiligtum-von-karmin-geschichte-und-natur-einen-steinwurf-vom-hof-von-marga-entfernt\/\" \/>\n<meta property=\"og:locale\" content=\"de_DE\" \/>\n<meta property=\"og:type\" content=\"article\" \/>\n<meta property=\"og:title\" content=\"Santuario del Carmine a Miane | La Corte di Marga\" \/>\n<meta property=\"og:description\" content=\"Da La Corte di Marga fino al Santuario del Carmine passeggiando sulla strada Vecia seguendo il percorso della Via Crucis\" \/>\n<meta property=\"og:url\" content=\"https:\/\/lacortedimarga.com\/de\/spaziergang-zum-heiligtum-von-karmin-geschichte-und-natur-einen-steinwurf-vom-hof-von-marga-entfernt\/\" \/>\n<meta property=\"og:site_name\" content=\"La Corte di Marga\" \/>\n<meta property=\"article:publisher\" content=\"https:\/\/www.facebook.com\/lacortedimarga\" \/>\n<meta property=\"article:published_time\" content=\"2026-02-18T08:40:53+00:00\" \/>\n<meta property=\"article:modified_time\" content=\"2026-08-28T07:41:05+00:00\" \/>\n<meta property=\"og:image\" content=\"https:\/\/lacortedimarga.com\/wp-content\/uploads\/2026\/03\/La_Corte_di_Marga_cosa_fare_escursioni_a_piedi_tra_le_colline-1.webp\" \/>\n\t<meta property=\"og:image:width\" content=\"1500\" \/>\n\t<meta property=\"og:image:height\" content=\"1500\" \/>\n\t<meta property=\"og:image:type\" content=\"image\/webp\" \/>\n<meta name=\"author\" content=\"Roberto\" \/>\n<meta name=\"twitter:card\" content=\"summary_large_image\" \/>\n<meta name=\"twitter:label1\" content=\"Verfasst von\" \/>\n\t<meta name=\"twitter:data1\" content=\"Roberto\" \/>\n\t<meta name=\"twitter:label2\" content=\"Gesch\u00e4tzte Lesezeit\" \/>\n\t<meta name=\"twitter:data2\" content=\"3\u00a0Minuten\" \/>\n<script type=\"application\/ld+json\" class=\"yoast-schema-graph\">{\"@context\":\"https:\\\/\\\/schema.org\",\"@graph\":[{\"@type\":\"Article\",\"@id\":\"https:\\\/\\\/lacortedimarga.com\\\/passeggiata-al-santuario-del-carmine-storia-e-natura-a-due-passi-dalla-corte-di-marga\\\/#article\",\"isPartOf\":{\"@id\":\"https:\\\/\\\/lacortedimarga.com\\\/passeggiata-al-santuario-del-carmine-storia-e-natura-a-due-passi-dalla-corte-di-marga\\\/\"},\"author\":{\"name\":\"Roberto\",\"@id\":\"https:\\\/\\\/lacortedimarga.com\\\/#\\\/schema\\\/person\\\/35b8aa132ce672c39a5ece2e9b43b967\"},\"headline\":\"Passeggiata al Santuario del Carmine: Storia e Natura a due passi dalla Corte di Marga\",\"datePublished\":\"2026-02-18T08:40:53+00:00\",\"dateModified\":\"2026-08-28T07:41:05+00:00\",\"mainEntityOfPage\":{\"@id\":\"https:\\\/\\\/lacortedimarga.com\\\/passeggiata-al-santuario-del-carmine-storia-e-natura-a-due-passi-dalla-corte-di-marga\\\/\"},\"wordCount\":424,\"publisher\":{\"@id\":\"https:\\\/\\\/lacortedimarga.com\\\/#organization\"},\"image\":{\"@id\":\"https:\\\/\\\/lacortedimarga.com\\\/passeggiata-al-santuario-del-carmine-storia-e-natura-a-due-passi-dalla-corte-di-marga\\\/#primaryimage\"},\"thumbnailUrl\":\"https:\\\/\\\/lacortedimarga.com\\\/wp-content\\\/uploads\\\/2026\\\/03\\\/La_Corte_di_Marga_cosa_fare_escursioni_a_piedi_tra_le_colline-1.webp\",\"keywords\":[\"#CollineProsecco\",\"#LaCortediMarga\",\"#Miane\",\"#NaturaEApprendimento\",\"#ProseccoHills\",\"#ProseccoHillsHolidays\",\"#VisitVeneto\"],\"articleSection\":[\"Adrenalina &amp; Panorama: Outdoor e Sport\"],\"inLanguage\":\"de\"},{\"@type\":\"WebPage\",\"@id\":\"https:\\\/\\\/lacortedimarga.com\\\/passeggiata-al-santuario-del-carmine-storia-e-natura-a-due-passi-dalla-corte-di-marga\\\/\",\"url\":\"https:\\\/\\\/lacortedimarga.com\\\/passeggiata-al-santuario-del-carmine-storia-e-natura-a-due-passi-dalla-corte-di-marga\\\/\",\"name\":\"Santuario del Carmine a Miane | La Corte di Marga\",\"isPartOf\":{\"@id\":\"https:\\\/\\\/lacortedimarga.com\\\/#website\"},\"primaryImageOfPage\":{\"@id\":\"https:\\\/\\\/lacortedimarga.com\\\/passeggiata-al-santuario-del-carmine-storia-e-natura-a-due-passi-dalla-corte-di-marga\\\/#primaryimage\"},\"image\":{\"@id\":\"https:\\\/\\\/lacortedimarga.com\\\/passeggiata-al-santuario-del-carmine-storia-e-natura-a-due-passi-dalla-corte-di-marga\\\/#primaryimage\"},\"thumbnailUrl\":\"https:\\\/\\\/lacortedimarga.com\\\/wp-content\\\/uploads\\\/2026\\\/03\\\/La_Corte_di_Marga_cosa_fare_escursioni_a_piedi_tra_le_colline-1.webp\",\"datePublished\":\"2026-02-18T08:40:53+00:00\",\"dateModified\":\"2026-08-28T07:41:05+00:00\",\"description\":\"Da La Corte di Marga fino al Santuario del Carmine passeggiando sulla strada Vecia seguendo il percorso della Via Crucis\",\"breadcrumb\":{\"@id\":\"https:\\\/\\\/lacortedimarga.com\\\/passeggiata-al-santuario-del-carmine-storia-e-natura-a-due-passi-dalla-corte-di-marga\\\/#breadcrumb\"},\"inLanguage\":\"de\",\"potentialAction\":[{\"@type\":\"ReadAction\",\"target\":[\"https:\\\/\\\/lacortedimarga.com\\\/passeggiata-al-santuario-del-carmine-storia-e-natura-a-due-passi-dalla-corte-di-marga\\\/\"]}]},{\"@type\":\"ImageObject\",\"inLanguage\":\"de\",\"@id\":\"https:\\\/\\\/lacortedimarga.com\\\/passeggiata-al-santuario-del-carmine-storia-e-natura-a-due-passi-dalla-corte-di-marga\\\/#primaryimage\",\"url\":\"https:\\\/\\\/lacortedimarga.com\\\/wp-content\\\/uploads\\\/2026\\\/03\\\/La_Corte_di_Marga_cosa_fare_escursioni_a_piedi_tra_le_colline-1.webp\",\"contentUrl\":\"https:\\\/\\\/lacortedimarga.com\\\/wp-content\\\/uploads\\\/2026\\\/03\\\/La_Corte_di_Marga_cosa_fare_escursioni_a_piedi_tra_le_colline-1.webp\",\"width\":1500,\"height\":1500},{\"@type\":\"BreadcrumbList\",\"@id\":\"https:\\\/\\\/lacortedimarga.com\\\/passeggiata-al-santuario-del-carmine-storia-e-natura-a-due-passi-dalla-corte-di-marga\\\/#breadcrumb\",\"itemListElement\":[{\"@type\":\"ListItem\",\"position\":1,\"name\":\"Home\",\"item\":\"https:\\\/\\\/lacortedimarga.com\\\/\"},{\"@type\":\"ListItem\",\"position\":2,\"name\":\"Passeggiata al Santuario del Carmine: Storia e Natura a due passi dalla Corte di Marga\"}]},{\"@type\":\"WebSite\",\"@id\":\"https:\\\/\\\/lacortedimarga.com\\\/#website\",\"url\":\"https:\\\/\\\/lacortedimarga.com\\\/\",\"name\":\"La Corte di Marga\",\"description\":\"Prosecco Hills Holidays\",\"publisher\":{\"@id\":\"https:\\\/\\\/lacortedimarga.com\\\/#organization\"},\"potentialAction\":[{\"@type\":\"SearchAction\",\"target\":{\"@type\":\"EntryPoint\",\"urlTemplate\":\"https:\\\/\\\/lacortedimarga.com\\\/?s={search_term_string}\"},\"query-input\":{\"@type\":\"PropertyValueSpecification\",\"valueRequired\":true,\"valueName\":\"search_term_string\"}}],\"inLanguage\":\"de\"},{\"@type\":\"Organization\",\"@id\":\"https:\\\/\\\/lacortedimarga.com\\\/#organization\",\"name\":\"La Corte di Marga\",\"url\":\"https:\\\/\\\/lacortedimarga.com\\\/\",\"logo\":{\"@type\":\"ImageObject\",\"inLanguage\":\"de\",\"@id\":\"https:\\\/\\\/lacortedimarga.com\\\/#\\\/schema\\\/logo\\\/image\\\/\",\"url\":\"https:\\\/\\\/lacortedimarga.com\\\/wp-content\\\/uploads\\\/2025\\\/06\\\/logo-corti-di-marga.webp\",\"contentUrl\":\"https:\\\/\\\/lacortedimarga.com\\\/wp-content\\\/uploads\\\/2025\\\/06\\\/logo-corti-di-marga.webp\",\"width\":955,\"height\":529,\"caption\":\"La Corte di Marga\"},\"image\":{\"@id\":\"https:\\\/\\\/lacortedimarga.com\\\/#\\\/schema\\\/logo\\\/image\\\/\"},\"sameAs\":[\"https:\\\/\\\/www.facebook.com\\\/lacortedimarga\",\"https:\\\/\\\/www.instagram.com\\\/la_corte_di_marga\\\/\",\"https:\\\/\\\/www.tiktok.com\\\/@lacortedimarga\",\"https:\\\/\\\/www.youtube.com\\\/@lacortedimargaofficial\",\"https:\\\/\\\/www.linkedin.com\\\/company\\\/la-corte-di-marga-prosecco-hills-holiday\"]},{\"@type\":\"Person\",\"@id\":\"https:\\\/\\\/lacortedimarga.com\\\/#\\\/schema\\\/person\\\/35b8aa132ce672c39a5ece2e9b43b967\",\"name\":\"Roberto\",\"image\":{\"@type\":\"ImageObject\",\"inLanguage\":\"de\",\"@id\":\"https:\\\/\\\/secure.gravatar.com\\\/avatar\\\/e3f271e90e735cdc34557ef9b92be1ad6f15d5bac04b51fa3cd10b4c11dac25e?s=96&d=mm&r=g\",\"url\":\"https:\\\/\\\/secure.gravatar.com\\\/avatar\\\/e3f271e90e735cdc34557ef9b92be1ad6f15d5bac04b51fa3cd10b4c11dac25e?s=96&d=mm&r=g\",\"contentUrl\":\"https:\\\/\\\/secure.gravatar.com\\\/avatar\\\/e3f271e90e735cdc34557ef9b92be1ad6f15d5bac04b51fa3cd10b4c11dac25e?s=96&d=mm&r=g\",\"caption\":\"Roberto\"},\"url\":\"https:\\\/\\\/lacortedimarga.com\\\/de\\\/author\\\/roberto\\\/\"}]}<\/script>\n<!-- \/ Yoast SEO plugin. -->","yoast_head_json":{"title":"Heiligtum des Karmels in Miane | La Corte di Marga","description":"Von La Corte di Marga bis zum Heiligtum del Carmine die Vecia Stra\u00dfe entlang, den Kreuzweg entlang","robots":{"index":"index","follow":"follow","max-snippet":"max-snippet:-1","max-image-preview":"max-image-preview:large","max-video-preview":"max-video-preview:-1"},"canonical":"https:\/\/lacortedimarga.com\/de\/spaziergang-zum-heiligtum-von-karmin-geschichte-und-natur-einen-steinwurf-vom-hof-von-marga-entfernt\/","og_locale":"de_DE","og_type":"article","og_title":"Santuario del Carmine a Miane | La Corte di Marga","og_description":"Da La Corte di Marga fino al Santuario del Carmine passeggiando sulla strada Vecia seguendo il percorso della Via Crucis","og_url":"https:\/\/lacortedimarga.com\/de\/spaziergang-zum-heiligtum-von-karmin-geschichte-und-natur-einen-steinwurf-vom-hof-von-marga-entfernt\/","og_site_name":"La Corte di Marga","article_publisher":"https:\/\/www.facebook.com\/lacortedimarga","article_published_time":"2026-02-18T08:40:53+00:00","article_modified_time":"2026-08-28T07:41:05+00:00","og_image":[{"width":1500,"height":1500,"url":"https:\/\/lacortedimarga.com\/wp-content\/uploads\/2026\/03\/La_Corte_di_Marga_cosa_fare_escursioni_a_piedi_tra_le_colline-1.webp","type":"image\/webp"}],"author":"Roberto","twitter_card":"summary_large_image","twitter_misc":{"Verfasst von":"Roberto","Gesch\u00e4tzte Lesezeit":"3\u00a0Minuten"},"schema":{"@context":"https:\/\/schema.org","@graph":[{"@type":"Article","@id":"https:\/\/lacortedimarga.com\/passeggiata-al-santuario-del-carmine-storia-e-natura-a-due-passi-dalla-corte-di-marga\/#article","isPartOf":{"@id":"https:\/\/lacortedimarga.com\/passeggiata-al-santuario-del-carmine-storia-e-natura-a-due-passi-dalla-corte-di-marga\/"},"author":{"name":"Roberto","@id":"https:\/\/lacortedimarga.com\/#\/schema\/person\/35b8aa132ce672c39a5ece2e9b43b967"},"headline":"Passeggiata al Santuario del Carmine: Storia e Natura a due passi dalla Corte di Marga","datePublished":"2026-02-18T08:40:53+00:00","dateModified":"2026-08-28T07:41:05+00:00","mainEntityOfPage":{"@id":"https:\/\/lacortedimarga.com\/passeggiata-al-santuario-del-carmine-storia-e-natura-a-due-passi-dalla-corte-di-marga\/"},"wordCount":424,"publisher":{"@id":"https:\/\/lacortedimarga.com\/#organization"},"image":{"@id":"https:\/\/lacortedimarga.com\/passeggiata-al-santuario-del-carmine-storia-e-natura-a-due-passi-dalla-corte-di-marga\/#primaryimage"},"thumbnailUrl":"https:\/\/lacortedimarga.com\/wp-content\/uploads\/2026\/03\/La_Corte_di_Marga_cosa_fare_escursioni_a_piedi_tra_le_colline-1.webp","keywords":["#CollineProsecco","#LaCortediMarga","#Miane","#NaturaEApprendimento","#ProseccoHills","#ProseccoHillsHolidays","#VisitVeneto"],"articleSection":["Adrenalina &amp; Panorama: Outdoor e Sport"],"inLanguage":"de"},{"@type":"WebPage","@id":"https:\/\/lacortedimarga.com\/passeggiata-al-santuario-del-carmine-storia-e-natura-a-due-passi-dalla-corte-di-marga\/","url":"https:\/\/lacortedimarga.com\/passeggiata-al-santuario-del-carmine-storia-e-natura-a-due-passi-dalla-corte-di-marga\/","name":"Heiligtum des Karmels in Miane | La Corte di Marga","isPartOf":{"@id":"https:\/\/lacortedimarga.com\/#website"},"primaryImageOfPage":{"@id":"https:\/\/lacortedimarga.com\/passeggiata-al-santuario-del-carmine-storia-e-natura-a-due-passi-dalla-corte-di-marga\/#primaryimage"},"image":{"@id":"https:\/\/lacortedimarga.com\/passeggiata-al-santuario-del-carmine-storia-e-natura-a-due-passi-dalla-corte-di-marga\/#primaryimage"},"thumbnailUrl":"https:\/\/lacortedimarga.com\/wp-content\/uploads\/2026\/03\/La_Corte_di_Marga_cosa_fare_escursioni_a_piedi_tra_le_colline-1.webp","datePublished":"2026-02-18T08:40:53+00:00","dateModified":"2026-08-28T07:41:05+00:00","description":"Von La Corte di Marga bis zum Heiligtum del Carmine die Vecia Stra\u00dfe entlang, den Kreuzweg entlang","breadcrumb":{"@id":"https:\/\/lacortedimarga.com\/passeggiata-al-santuario-del-carmine-storia-e-natura-a-due-passi-dalla-corte-di-marga\/#breadcrumb"},"inLanguage":"de","potentialAction":[{"@type":"ReadAction","target":["https:\/\/lacortedimarga.com\/passeggiata-al-santuario-del-carmine-storia-e-natura-a-due-passi-dalla-corte-di-marga\/"]}]},{"@type":"ImageObject","inLanguage":"de","@id":"https:\/\/lacortedimarga.com\/passeggiata-al-santuario-del-carmine-storia-e-natura-a-due-passi-dalla-corte-di-marga\/#primaryimage","url":"https:\/\/lacortedimarga.com\/wp-content\/uploads\/2026\/03\/La_Corte_di_Marga_cosa_fare_escursioni_a_piedi_tra_le_colline-1.webp","contentUrl":"https:\/\/lacortedimarga.com\/wp-content\/uploads\/2026\/03\/La_Corte_di_Marga_cosa_fare_escursioni_a_piedi_tra_le_colline-1.webp","width":1500,"height":1500},{"@type":"BreadcrumbList","@id":"https:\/\/lacortedimarga.com\/passeggiata-al-santuario-del-carmine-storia-e-natura-a-due-passi-dalla-corte-di-marga\/#breadcrumb","itemListElement":[{"@type":"ListItem","position":1,"name":"Home","item":"https:\/\/lacortedimarga.com\/"},{"@type":"ListItem","position":2,"name":"Passeggiata al Santuario del Carmine: Storia e Natura a due passi dalla Corte di Marga"}]},{"@type":"WebSite","@id":"https:\/\/lacortedimarga.com\/#website","url":"https:\/\/lacortedimarga.com\/","name":"Der Hof von Marga","description":"Prosecco Hills Ferien","publisher":{"@id":"https:\/\/lacortedimarga.com\/#organization"},"potentialAction":[{"@type":"SearchAction","target":{"@type":"EntryPoint","urlTemplate":"https:\/\/lacortedimarga.com\/?s={search_term_string}"},"query-input":{"@type":"PropertyValueSpecification","valueRequired":true,"valueName":"search_term_string"}}],"inLanguage":"de"},{"@type":"Organization","@id":"https:\/\/lacortedimarga.com\/#organization","name":"Der Hof von Marga","url":"https:\/\/lacortedimarga.com\/","logo":{"@type":"ImageObject","inLanguage":"de","@id":"https:\/\/lacortedimarga.com\/#\/schema\/logo\/image\/","url":"https:\/\/lacortedimarga.com\/wp-content\/uploads\/2025\/06\/logo-corti-di-marga.webp","contentUrl":"https:\/\/lacortedimarga.com\/wp-content\/uploads\/2025\/06\/logo-corti-di-marga.webp","width":955,"height":529,"caption":"La Corte di Marga"},"image":{"@id":"https:\/\/lacortedimarga.com\/#\/schema\/logo\/image\/"},"sameAs":["https:\/\/www.facebook.com\/lacortedimarga","https:\/\/www.instagram.com\/la_corte_di_marga\/","https:\/\/www.tiktok.com\/@lacortedimarga","https:\/\/www.youtube.com\/@lacortedimargaofficial","https:\/\/www.linkedin.com\/company\/la-corte-di-marga-prosecco-hills-holiday"]},{"@type":"Person","@id":"https:\/\/lacortedimarga.com\/#\/schema\/person\/35b8aa132ce672c39a5ece2e9b43b967","name":"Roberto","image":{"@type":"ImageObject","inLanguage":"de","@id":"https:\/\/secure.gravatar.com\/avatar\/e3f271e90e735cdc34557ef9b92be1ad6f15d5bac04b51fa3cd10b4c11dac25e?s=96&d=mm&r=g","url":"https:\/\/secure.gravatar.com\/avatar\/e3f271e90e735cdc34557ef9b92be1ad6f15d5bac04b51fa3cd10b4c11dac25e?s=96&d=mm&r=g","contentUrl":"https:\/\/secure.gravatar.com\/avatar\/e3f271e90e735cdc34557ef9b92be1ad6f15d5bac04b51fa3cd10b4c11dac25e?s=96&d=mm&r=g","caption":"Roberto"},"url":"https:\/\/lacortedimarga.com\/de\/author\/roberto\/"}]}},"_links":{"self":[{"href":"https:\/\/lacortedimarga.com\/de\/wp-json\/wp\/v2\/posts\/2281","targetHints":{"allow":["GET"]}}],"collection":[{"href":"https:\/\/lacortedimarga.com\/de\/wp-json\/wp\/v2\/posts"}],"about":[{"href":"https:\/\/lacortedimarga.com\/de\/wp-json\/wp\/v2\/types\/post"}],"author":[{"embeddable":true,"href":"https:\/\/lacortedimarga.com\/de\/wp-json\/wp\/v2\/users\/3"}],"replies":[{"embeddable":true,"href":"https:\/\/lacortedimarga.com\/de\/wp-json\/wp\/v2\/comments?post=2281"}],"version-history":[{"count":7,"href":"https:\/\/lacortedimarga.com\/de\/wp-json\/wp\/v2\/posts\/2281\/revisions"}],"predecessor-version":[{"id":2988,"href":"https:\/\/lacortedimarga.com\/de\/wp-json\/wp\/v2\/posts\/2281\/revisions\/2988"}],"wp:featuredmedia":[{"embeddable":true,"href":"https:\/\/lacortedimarga.com\/de\/wp-json\/wp\/v2\/media\/2338"}],"wp:attachment":[{"href":"https:\/\/lacortedimarga.com\/de\/wp-json\/wp\/v2\/media?parent=2281"}],"wp:term":[{"taxonomy":"category","embeddable":true,"href":"https:\/\/lacortedimarga.com\/de\/wp-json\/wp\/v2\/categories?post=2281"},{"taxonomy":"post_tag","embeddable":true,"href":"https:\/\/lacortedimarga.com\/de\/wp-json\/wp\/v2\/tags?post=2281"}],"curies":[{"name":"wp","href":"https:\/\/api.w.org\/{rel}","templated":true}]}}