{"id":2352,"date":"2026-04-02T12:54:28","date_gmt":"2026-04-02T12:54:28","guid":{"rendered":"https:\/\/lacortedimarga.com\/?p=2352"},"modified":"2026-08-27T09:36:30","modified_gmt":"2026-08-27T09:36:30","slug":"kleine-ritter-werden-gros-ein-unvergessliches-abenteuer-mit-ponys","status":"publish","type":"post","link":"https:\/\/lacortedimarga.com\/de\/piccoli-cavalieri-crescono-unavventura-indimenticabile-con-i-pony\/","title":{"rendered":"Kleine Ritter WACHSEN: Ein unvergessliches Abenteuer mit Ponys"},"content":{"rendered":"<p>Suchen Sie eine Ponyaktivit\u00e4t f\u00fcr Kinder in der N\u00e4he von Miane? Im Herzen der Prosecco-H\u00fcgel des UNESCO-Welterbes organisiert La Corte di Marga fantastische Erlebnisse, die Ihren Kindern erm\u00f6glichen, sich diesen wunderbaren Ponys auf sichere, unterhaltsame und respektvolle Weise anzun\u00e4hern.<\/p>\n\n\n\n<p>Es gibt ein besonderes Gef\u00fchl, das in den Augen von Kindern aufleuchtet, wenn sie zum ersten Mal einem Pony begegnen. Es ist eine Mischung aus Staunen, Neugier und manchmal einem Hauch von Furcht, die sich schnell in eine tiefe Freundschaft und eine einzigartige pr\u00e4gende Erfahrung verwandelt.<\/p>\n\n\n\n<h3 class=\"wp-block-heading\">Warum sind Ponys die besten Spielkameraden?<\/h3>\n\n\n\n<ol start=\"1\" class=\"wp-block-list\">\n<li><strong>Ein nat\u00fcrlicher Ansatz:<\/strong> Das Pony, mit seiner geringen Gr\u00f6\u00dfe und seinem sanften Charakter, ist der ideale Vermittler, um Kindern die Welt der Tiere n\u00e4herzubringen. Der direkte Kontakt f\u00f6rdert ihre Sensibilit\u00e4t und hilft ihnen, Empathie zu entwickeln.<\/li>\n\n\n\n<li><strong>Aktives Lernen<\/strong> Die Pflege eines Ponys, das B\u00fcrsten seines Fells oder das Erlernen des Reitens ist nicht nur ein Spiel, sondern eine Lektion in Verantwortung und Geduld. Kinder lernen, sich mit einem anderen Lebewesen zu verbinden, seine Bed\u00fcrfnisse zu verstehen und nonverbal zu kommunizieren.<\/li>\n\n\n\n<li><strong>Unterhaltung und Bewegung<\/strong> Drau\u00dfen zu sein, sei es im Sattel oder einfach nur beim F\u00fchren des Ponys, ist eine ausgezeichnete Gelegenheit, sich k\u00f6rperlich zu bet\u00e4tigen und die unber\u00fchrte Natur unserer H\u00fcgel zu genie\u00dfen.<\/li>\n<\/ol>\n\n\n\n<h3 class=\"wp-block-heading\">Das perfekte Erlebnis f\u00fcr Ihre kleinen G\u00e4ste<\/h3>\n\n\n\n<p>Stellen Sie sich die Freude Ihrer Kinder vor, w\u00e4hrend sie die M\u00e4hne ihres neuen Freundes b\u00fcrsten, oder die Aufregung eines kleinen gef\u00fchrten Spaziergangs durch die Weinberge, w\u00e4hrend sie die atemberaubende Landschaft bestaunen, die uns umgibt. Das ist eine Erinnerung, die sie f\u00fcr immer in ihren Herzen tragen werden.<\/p>\n\n\n\n<h3 class=\"wp-block-heading\">Buchen Sie Ihr Reitabenteuer<\/h3>\n\n\n\n<p>Sind Sie bereit, Ihre Kleinen diese Magie erleben zu lassen? St\u00f6bern Sie durch alle Angebote, die wir uns f\u00fcr unsere kleinen G\u00e4ste am Hof von Marga ausgedacht haben<\/p>\n\n\n\n<p>\ud83d\udc49 <strong>Entdecken Sie unsere Angebote f\u00fcr Kinder und buchen Sie hier:<\/strong> <strong><a href=\"https:\/\/commerce.smartness.com\/lacortedimargamiane\" target=\"_blank\" rel=\"noreferrer noopener\">La Corte di Marga \u2013 Ponyaktivit\u00e4ten f\u00fcr Kinder<\/a><\/strong><\/p>\n\n\n\n<p>Verpassen Sie nicht die Gelegenheit, Ihren Kindern ein unvergessliches Erlebnis zu schenken, ganz nah an der Natur und an ganz besonderen vierbeinigen Freunden. Wir erwarten Sie in Miane!<\/p>\n\n\n\n<p>Wenn Sie in der Umgebung nach einem weiteren kinderfreundlichen Abenteuer suchen, entdecken Sie auch unser <a href=\"https:\/\/lacortedimarga.com\/de\/anello-di-cansiglio-fur-kinder\/\">familienfreundlicher Rundweg auf der Hochebene des Cansiglio<\/a>, ideal f\u00fcr einen Tag mit Ponys.<\/p>\n\n\n\n<h2 class=\"wp-block-heading\">H\u00e4ufig gestellte Fragen zur Ponyaktivit\u00e4t<\/h2>\n\n\n\n<div class=\"schema-faq wp-block-yoast-faq-block\"><div class=\"schema-faq-section\" id=\"faq-question-1787823141075\"><strong class=\"schema-faq-question\"><strong>Ab welchem Alter k\u00f6nnen Kinder teilnehmen?<\/strong><\/strong> <p class=\"schema-faq-answer\">Die Aktivit\u00e4t ist f\u00fcr die Kleinsten in einem gef\u00fchrten und sicheren Rahmen konzipiert: F\u00fcr das genaue Mindestalter und die Modalit\u00e4ten der Teilnahme empfehlen wir Ihnen, sich direkt bei der Buchung zu erkundigen, um gemeinsam die f\u00fcr das Alter Ihres Kindes am besten geeignete Erfahrung auszuw\u00e4hlen.<\/p> <\/div> <div class=\"schema-faq-section\" id=\"faq-question-1787823177935\"><strong class=\"schema-faq-question\"><strong>Ist eine Reservierung erforderlich?<\/strong> <\/strong> <p class=\"schema-faq-answer\">Die Aktivit\u00e4t muss im Voraus \u00fcber den im Artikel angegebenen Link gebucht werden, um die Verf\u00fcgbarkeit zu garantieren und das Erlebnis optimal auf das Alter und die Bed\u00fcrfnisse Ihrer Kinder abzustimmen.<\/p> <\/div> <div class=\"schema-faq-section\" id=\"faq-question-1787823232195\"><strong class=\"schema-faq-question\">Was machen die Kinder w\u00e4hrend der Ponyaktivit\u00e4t in Miane?<\/strong> <p class=\"schema-faq-answer\">Die Kleinen lernen, sich dem Pony anzun\u00e4hern, es zu striegeln und kennenzulernen, um anschlie\u00dfend einen kurzen, sicher gef\u00fchrten Spaziergang mit den Reitlehrerinnen und -lehrern zu machen \u2013 ein speziell f\u00fcr Kinder konzipierter Erstkontakt mit dem Tier und kein einfacher Ritt.<\/p> <\/div> <div class=\"schema-faq-section\" id=\"faq-question-1787823281941\"><strong class=\"schema-faq-question\">Ist die Ponyaktivit\u00e4t f\u00fcr j\u00fcngere Kinder sicher?<\/strong> <p class=\"schema-faq-answer\">Ja, jeder Ausflug wird von erfahrenem Personal geleitet, das das Kind w\u00e4hrend der gesamten Dauer \u2013 vom ersten Kontakt mit dem Pony bis zum Spaziergang \u2013 begleitet. Das Mindestalter und die genauen Teilnahmebedingungen werden zum Zeitpunkt der Buchung je nach Kind best\u00e4tigt.<\/p> <\/div> <\/div>\n\n\n\n<p> <\/p>\n\n\n\n<p><\/p>","protected":false},"excerpt":{"rendered":"<p>Cercate un&#8217;attivit\u00e0 con i pony per bambini vicino a Miane? Nel cuore delle Colline del Prosecco UNESCO, La Corte di Marga organizza delle fantastiche esperienze che permettono ai vostri bambini di avvicinarsi a questi splendidi pony in modo sicuro, divertente e rispettoso. C&#8217;\u00e8 un&#8217;emozione speciale che si accende negli occhi dei bambini quando incontrano un [&hellip;]<\/p>\n","protected":false},"author":3,"featured_media":2353,"comment_status":"closed","ping_status":"open","sticky":false,"template":"","format":"standard","meta":{"_breakdance_hide_in_design_set":false,"_breakdance_tags":"","footnotes":""},"categories":[8],"tags":[26,21,20,22,28,27,25,23,24],"class_list":["post-2352","post","type-post","status-publish","format-standard","has-post-thumbnail","hentry","category-famiglie-in-avventura-kids-family-fun","tag-attivitabambini","tag-collineprosecco","tag-lacortedimarga","tag-miane","tag-naturaeapprendimento","tag-piccolicavalieri","tag-ponyclub","tag-proseccohills","tag-visitveneto"],"yoast_head":"<!-- This site is optimized with the Yoast SEO plugin v28.2 - https:\/\/yoast.com\/product\/yoast-seo-wordpress\/ -->\n<title>Pony per Bambini a Miane | La Corte di Marga<\/title>\n<meta name=\"description\" content=\"Alla Corte di Marga i bambini vivono un&#039;avventura autentica con i pony, tra le Colline del Prosecco UNESCO: attivit\u00e0 guidate, sicure e divertenti a Miane.\" \/>\n<meta name=\"robots\" content=\"index, follow, max-snippet:-1, max-image-preview:large, max-video-preview:-1\" \/>\n<link rel=\"canonical\" href=\"https:\/\/lacortedimarga.com\/de\/kleine-ritter-werden-gros-ein-unvergessliches-abenteuer-mit-ponys\/\" \/>\n<meta property=\"og:locale\" content=\"de_DE\" \/>\n<meta property=\"og:type\" content=\"article\" \/>\n<meta property=\"og:title\" content=\"Pony per Bambini a Miane | La Corte di Marga\" \/>\n<meta property=\"og:description\" content=\"Alla Corte di Marga i bambini vivono un&#039;avventura autentica con i pony, tra le Colline del Prosecco UNESCO: attivit\u00e0 guidate, sicure e divertenti a Miane.\" \/>\n<meta property=\"og:url\" content=\"https:\/\/lacortedimarga.com\/de\/kleine-ritter-werden-gros-ein-unvergessliches-abenteuer-mit-ponys\/\" \/>\n<meta property=\"og:site_name\" content=\"La Corte di Marga\" \/>\n<meta property=\"article:publisher\" content=\"https:\/\/www.facebook.com\/lacortedimarga\" \/>\n<meta property=\"article:published_time\" content=\"2026-04-02T12:54:28+00:00\" \/>\n<meta property=\"article:modified_time\" content=\"2026-08-27T09:36:30+00:00\" \/>\n<meta property=\"og:image\" content=\"https:\/\/lacortedimarga.com\/wp-content\/uploads\/2026\/04\/La_Corte_di_Marga_cosa_fare_attvita_con_i_pony_per_bambini.webp\" \/>\n\t<meta property=\"og:image:width\" content=\"1500\" \/>\n\t<meta property=\"og:image:height\" content=\"818\" \/>\n\t<meta property=\"og:image:type\" content=\"image\/webp\" \/>\n<meta name=\"author\" content=\"Roberto\" \/>\n<meta name=\"twitter:card\" content=\"summary_large_image\" \/>\n<meta name=\"twitter:label1\" content=\"Verfasst von\" \/>\n\t<meta name=\"twitter:data1\" content=\"Roberto\" \/>\n\t<meta name=\"twitter:label2\" content=\"Gesch\u00e4tzte Lesezeit\" \/>\n\t<meta name=\"twitter:data2\" content=\"3\u00a0Minuten\" \/>\n<script type=\"application\/ld+json\" class=\"yoast-schema-graph\">{\"@context\":\"https:\\\/\\\/schema.org\",\"@graph\":[{\"@type\":\"Article\",\"@id\":\"https:\\\/\\\/lacortedimarga.com\\\/piccoli-cavalieri-crescono-unavventura-indimenticabile-con-i-pony\\\/#article\",\"isPartOf\":{\"@id\":\"https:\\\/\\\/lacortedimarga.com\\\/piccoli-cavalieri-crescono-unavventura-indimenticabile-con-i-pony\\\/\"},\"author\":{\"name\":\"Roberto\",\"@id\":\"https:\\\/\\\/lacortedimarga.com\\\/#\\\/schema\\\/person\\\/35b8aa132ce672c39a5ece2e9b43b967\"},\"headline\":\"Piccoli Cavalieri CRESCONO: Un&#8217;Avventura Indimenticabile con i Pony\",\"datePublished\":\"2026-04-02T12:54:28+00:00\",\"dateModified\":\"2026-08-27T09:36:30+00:00\",\"mainEntityOfPage\":{\"@id\":\"https:\\\/\\\/lacortedimarga.com\\\/piccoli-cavalieri-crescono-unavventura-indimenticabile-con-i-pony\\\/\"},\"wordCount\":585,\"publisher\":{\"@id\":\"https:\\\/\\\/lacortedimarga.com\\\/#organization\"},\"image\":{\"@id\":\"https:\\\/\\\/lacortedimarga.com\\\/piccoli-cavalieri-crescono-unavventura-indimenticabile-con-i-pony\\\/#primaryimage\"},\"thumbnailUrl\":\"https:\\\/\\\/lacortedimarga.com\\\/wp-content\\\/uploads\\\/2026\\\/04\\\/La_Corte_di_Marga_cosa_fare_attvita_con_i_pony_per_bambini.webp\",\"keywords\":[\"#Attivit\u00e0Bambini\",\"#CollineProsecco\",\"#LaCortediMarga\",\"#Miane\",\"#NaturaEApprendimento\",\"#PiccoliCavalieri\",\"#PonyClub\",\"#ProseccoHills\",\"#VisitVeneto\"],\"articleSection\":[\"Famiglie in Avventura: Kids &amp; Family Fun\"],\"inLanguage\":\"de\"},{\"@type\":[\"WebPage\",\"FAQPage\"],\"@id\":\"https:\\\/\\\/lacortedimarga.com\\\/piccoli-cavalieri-crescono-unavventura-indimenticabile-con-i-pony\\\/\",\"url\":\"https:\\\/\\\/lacortedimarga.com\\\/piccoli-cavalieri-crescono-unavventura-indimenticabile-con-i-pony\\\/\",\"name\":\"Pony per Bambini a Miane | La Corte di Marga\",\"isPartOf\":{\"@id\":\"https:\\\/\\\/lacortedimarga.com\\\/#website\"},\"primaryImageOfPage\":{\"@id\":\"https:\\\/\\\/lacortedimarga.com\\\/piccoli-cavalieri-crescono-unavventura-indimenticabile-con-i-pony\\\/#primaryimage\"},\"image\":{\"@id\":\"https:\\\/\\\/lacortedimarga.com\\\/piccoli-cavalieri-crescono-unavventura-indimenticabile-con-i-pony\\\/#primaryimage\"},\"thumbnailUrl\":\"https:\\\/\\\/lacortedimarga.com\\\/wp-content\\\/uploads\\\/2026\\\/04\\\/La_Corte_di_Marga_cosa_fare_attvita_con_i_pony_per_bambini.webp\",\"datePublished\":\"2026-04-02T12:54:28+00:00\",\"dateModified\":\"2026-08-27T09:36:30+00:00\",\"description\":\"Alla Corte di Marga i bambini vivono un'avventura autentica con i pony, tra le Colline del Prosecco UNESCO: attivit\u00e0 guidate, sicure e divertenti a Miane.\",\"breadcrumb\":{\"@id\":\"https:\\\/\\\/lacortedimarga.com\\\/piccoli-cavalieri-crescono-unavventura-indimenticabile-con-i-pony\\\/#breadcrumb\"},\"mainEntity\":[{\"@id\":\"https:\\\/\\\/lacortedimarga.com\\\/piccoli-cavalieri-crescono-unavventura-indimenticabile-con-i-pony\\\/#faq-question-1787823141075\"},{\"@id\":\"https:\\\/\\\/lacortedimarga.com\\\/piccoli-cavalieri-crescono-unavventura-indimenticabile-con-i-pony\\\/#faq-question-1787823177935\"},{\"@id\":\"https:\\\/\\\/lacortedimarga.com\\\/piccoli-cavalieri-crescono-unavventura-indimenticabile-con-i-pony\\\/#faq-question-1787823232195\"},{\"@id\":\"https:\\\/\\\/lacortedimarga.com\\\/piccoli-cavalieri-crescono-unavventura-indimenticabile-con-i-pony\\\/#faq-question-1787823281941\"}],\"inLanguage\":\"de\",\"potentialAction\":[{\"@type\":\"ReadAction\",\"target\":[\"https:\\\/\\\/lacortedimarga.com\\\/piccoli-cavalieri-crescono-unavventura-indimenticabile-con-i-pony\\\/\"]}]},{\"@type\":\"ImageObject\",\"inLanguage\":\"de\",\"@id\":\"https:\\\/\\\/lacortedimarga.com\\\/piccoli-cavalieri-crescono-unavventura-indimenticabile-con-i-pony\\\/#primaryimage\",\"url\":\"https:\\\/\\\/lacortedimarga.com\\\/wp-content\\\/uploads\\\/2026\\\/04\\\/La_Corte_di_Marga_cosa_fare_attvita_con_i_pony_per_bambini.webp\",\"contentUrl\":\"https:\\\/\\\/lacortedimarga.com\\\/wp-content\\\/uploads\\\/2026\\\/04\\\/La_Corte_di_Marga_cosa_fare_attvita_con_i_pony_per_bambini.webp\",\"width\":1500,\"height\":818,\"caption\":\"Attivit\u00e0 con i pony per bambini\"},{\"@type\":\"BreadcrumbList\",\"@id\":\"https:\\\/\\\/lacortedimarga.com\\\/piccoli-cavalieri-crescono-unavventura-indimenticabile-con-i-pony\\\/#breadcrumb\",\"itemListElement\":[{\"@type\":\"ListItem\",\"position\":1,\"name\":\"Home\",\"item\":\"https:\\\/\\\/lacortedimarga.com\\\/\"},{\"@type\":\"ListItem\",\"position\":2,\"name\":\"Piccoli Cavalieri CRESCONO: Un&#8217;Avventura Indimenticabile con i Pony\"}]},{\"@type\":\"WebSite\",\"@id\":\"https:\\\/\\\/lacortedimarga.com\\\/#website\",\"url\":\"https:\\\/\\\/lacortedimarga.com\\\/\",\"name\":\"La Corte di Marga\",\"description\":\"Prosecco Hills Holidays\",\"publisher\":{\"@id\":\"https:\\\/\\\/lacortedimarga.com\\\/#organization\"},\"potentialAction\":[{\"@type\":\"SearchAction\",\"target\":{\"@type\":\"EntryPoint\",\"urlTemplate\":\"https:\\\/\\\/lacortedimarga.com\\\/?s={search_term_string}\"},\"query-input\":{\"@type\":\"PropertyValueSpecification\",\"valueRequired\":true,\"valueName\":\"search_term_string\"}}],\"inLanguage\":\"de\"},{\"@type\":\"Organization\",\"@id\":\"https:\\\/\\\/lacortedimarga.com\\\/#organization\",\"name\":\"La Corte di Marga\",\"url\":\"https:\\\/\\\/lacortedimarga.com\\\/\",\"logo\":{\"@type\":\"ImageObject\",\"inLanguage\":\"de\",\"@id\":\"https:\\\/\\\/lacortedimarga.com\\\/#\\\/schema\\\/logo\\\/image\\\/\",\"url\":\"https:\\\/\\\/lacortedimarga.com\\\/wp-content\\\/uploads\\\/2025\\\/06\\\/logo-corti-di-marga.webp\",\"contentUrl\":\"https:\\\/\\\/lacortedimarga.com\\\/wp-content\\\/uploads\\\/2025\\\/06\\\/logo-corti-di-marga.webp\",\"width\":955,\"height\":529,\"caption\":\"La Corte di Marga\"},\"image\":{\"@id\":\"https:\\\/\\\/lacortedimarga.com\\\/#\\\/schema\\\/logo\\\/image\\\/\"},\"sameAs\":[\"https:\\\/\\\/www.facebook.com\\\/lacortedimarga\",\"https:\\\/\\\/www.instagram.com\\\/la_corte_di_marga\\\/\",\"https:\\\/\\\/www.tiktok.com\\\/@lacortedimarga\",\"https:\\\/\\\/www.youtube.com\\\/@lacortedimargaofficial\",\"https:\\\/\\\/www.linkedin.com\\\/company\\\/la-corte-di-marga-prosecco-hills-holiday\"]},{\"@type\":\"Person\",\"@id\":\"https:\\\/\\\/lacortedimarga.com\\\/#\\\/schema\\\/person\\\/35b8aa132ce672c39a5ece2e9b43b967\",\"name\":\"Roberto\",\"image\":{\"@type\":\"ImageObject\",\"inLanguage\":\"de\",\"@id\":\"https:\\\/\\\/secure.gravatar.com\\\/avatar\\\/e3f271e90e735cdc34557ef9b92be1ad6f15d5bac04b51fa3cd10b4c11dac25e?s=96&d=mm&r=g\",\"url\":\"https:\\\/\\\/secure.gravatar.com\\\/avatar\\\/e3f271e90e735cdc34557ef9b92be1ad6f15d5bac04b51fa3cd10b4c11dac25e?s=96&d=mm&r=g\",\"contentUrl\":\"https:\\\/\\\/secure.gravatar.com\\\/avatar\\\/e3f271e90e735cdc34557ef9b92be1ad6f15d5bac04b51fa3cd10b4c11dac25e?s=96&d=mm&r=g\",\"caption\":\"Roberto\"},\"url\":\"https:\\\/\\\/lacortedimarga.com\\\/de\\\/author\\\/roberto\\\/\"},{\"@type\":\"Question\",\"@id\":\"https:\\\/\\\/lacortedimarga.com\\\/piccoli-cavalieri-crescono-unavventura-indimenticabile-con-i-pony\\\/#faq-question-1787823141075\",\"position\":1,\"url\":\"https:\\\/\\\/lacortedimarga.com\\\/piccoli-cavalieri-crescono-unavventura-indimenticabile-con-i-pony\\\/#faq-question-1787823141075\",\"name\":\"Da che et\u00e0 possono partecipare i bambini?\",\"answerCount\":1,\"acceptedAnswer\":{\"@type\":\"Answer\",\"text\":\"L'attivit\u00e0 \u00e8 pensata per i pi\u00f9 piccoli in un contesto guidato e in sicurezza: per l'et\u00e0 minima esatta e le modalit\u00e0 di partecipazione vi consigliamo di verificare direttamente al momento della prenotazione, cos\u00ec da scegliere insieme l'esperienza pi\u00f9 adatta all'et\u00e0 di vostro figlio.\",\"inLanguage\":\"de\"},\"inLanguage\":\"de\"},{\"@type\":\"Question\",\"@id\":\"https:\\\/\\\/lacortedimarga.com\\\/piccoli-cavalieri-crescono-unavventura-indimenticabile-con-i-pony\\\/#faq-question-1787823177935\",\"position\":2,\"url\":\"https:\\\/\\\/lacortedimarga.com\\\/piccoli-cavalieri-crescono-unavventura-indimenticabile-con-i-pony\\\/#faq-question-1787823177935\",\"name\":\"\u00c8 necessaria la prenotazione?\",\"answerCount\":1,\"acceptedAnswer\":{\"@type\":\"Answer\",\"text\":\"L'attivit\u00e0 va prenotata in anticipo tramite il link dedicato indicato nell'articolo, cos\u00ec da garantire disponibilit\u00e0 e organizzare al meglio l'esperienza in base all'et\u00e0 e alle esigenze dei vostri bambini.\",\"inLanguage\":\"de\"},\"inLanguage\":\"de\"},{\"@type\":\"Question\",\"@id\":\"https:\\\/\\\/lacortedimarga.com\\\/piccoli-cavalieri-crescono-unavventura-indimenticabile-con-i-pony\\\/#faq-question-1787823232195\",\"position\":3,\"url\":\"https:\\\/\\\/lacortedimarga.com\\\/piccoli-cavalieri-crescono-unavventura-indimenticabile-con-i-pony\\\/#faq-question-1787823232195\",\"name\":\"Cosa fanno i bambini durante l'attivit\u00e0 con i pony a Miane?\",\"answerCount\":1,\"acceptedAnswer\":{\"@type\":\"Answer\",\"text\":\"I pi\u00f9 piccoli imparano ad avvicinarsi al pony, a spazzolarlo e a conoscerlo, per poi fare una breve passeggiata guidata in sicurezza con gli istruttori \u2014 un primo contatto con l'animale pensato apposta per i bambini, non una semplice cavalcata.\",\"inLanguage\":\"de\"},\"inLanguage\":\"de\"},{\"@type\":\"Question\",\"@id\":\"https:\\\/\\\/lacortedimarga.com\\\/piccoli-cavalieri-crescono-unavventura-indimenticabile-con-i-pony\\\/#faq-question-1787823281941\",\"position\":4,\"url\":\"https:\\\/\\\/lacortedimarga.com\\\/piccoli-cavalieri-crescono-unavventura-indimenticabile-con-i-pony\\\/#faq-question-1787823281941\",\"name\":\"L'attivit\u00e0 con i pony \u00e8 sicura per i bambini pi\u00f9 piccoli?\",\"answerCount\":1,\"acceptedAnswer\":{\"@type\":\"Answer\",\"text\":\"S\u00ec, ogni uscita \u00e8 guidata da personale esperto che affianca il bambino per tutta la durata, dal primo contatto con il pony alla passeggiata. L'et\u00e0 minima e le modalit\u00e0 esatte di partecipazione vengono confermate al momento della prenotazione, in base al bambino.\",\"inLanguage\":\"de\"},\"inLanguage\":\"de\"}]}<\/script>\n<!-- \/ Yoast SEO plugin. -->","yoast_head_json":{"title":"Pony f\u00fcr Kinder in Miane | La Corte di Marga","description":"Auf dem Hof von Marga erleben Kinder ein authentisches Pony-Abenteuer inmitten der UNESCO-Prosecco-H\u00fcgel: gef\u00fchrte, sichere und unterhaltsame Aktivit\u00e4ten in Miane.","robots":{"index":"index","follow":"follow","max-snippet":"max-snippet:-1","max-image-preview":"max-image-preview:large","max-video-preview":"max-video-preview:-1"},"canonical":"https:\/\/lacortedimarga.com\/de\/kleine-ritter-werden-gros-ein-unvergessliches-abenteuer-mit-ponys\/","og_locale":"de_DE","og_type":"article","og_title":"Pony per Bambini a Miane | La Corte di Marga","og_description":"Alla Corte di Marga i bambini vivono un'avventura autentica con i pony, tra le Colline del Prosecco UNESCO: attivit\u00e0 guidate, sicure e divertenti a Miane.","og_url":"https:\/\/lacortedimarga.com\/de\/kleine-ritter-werden-gros-ein-unvergessliches-abenteuer-mit-ponys\/","og_site_name":"La Corte di Marga","article_publisher":"https:\/\/www.facebook.com\/lacortedimarga","article_published_time":"2026-04-02T12:54:28+00:00","article_modified_time":"2026-08-27T09:36:30+00:00","og_image":[{"width":1500,"height":818,"url":"https:\/\/lacortedimarga.com\/wp-content\/uploads\/2026\/04\/La_Corte_di_Marga_cosa_fare_attvita_con_i_pony_per_bambini.webp","type":"image\/webp"}],"author":"Roberto","twitter_card":"summary_large_image","twitter_misc":{"Verfasst von":"Roberto","Gesch\u00e4tzte Lesezeit":"3\u00a0Minuten"},"schema":{"@context":"https:\/\/schema.org","@graph":[{"@type":"Article","@id":"https:\/\/lacortedimarga.com\/piccoli-cavalieri-crescono-unavventura-indimenticabile-con-i-pony\/#article","isPartOf":{"@id":"https:\/\/lacortedimarga.com\/piccoli-cavalieri-crescono-unavventura-indimenticabile-con-i-pony\/"},"author":{"name":"Roberto","@id":"https:\/\/lacortedimarga.com\/#\/schema\/person\/35b8aa132ce672c39a5ece2e9b43b967"},"headline":"Piccoli Cavalieri CRESCONO: Un&#8217;Avventura Indimenticabile con i Pony","datePublished":"2026-04-02T12:54:28+00:00","dateModified":"2026-08-27T09:36:30+00:00","mainEntityOfPage":{"@id":"https:\/\/lacortedimarga.com\/piccoli-cavalieri-crescono-unavventura-indimenticabile-con-i-pony\/"},"wordCount":585,"publisher":{"@id":"https:\/\/lacortedimarga.com\/#organization"},"image":{"@id":"https:\/\/lacortedimarga.com\/piccoli-cavalieri-crescono-unavventura-indimenticabile-con-i-pony\/#primaryimage"},"thumbnailUrl":"https:\/\/lacortedimarga.com\/wp-content\/uploads\/2026\/04\/La_Corte_di_Marga_cosa_fare_attvita_con_i_pony_per_bambini.webp","keywords":["#Attivit\u00e0Bambini","#CollineProsecco","#LaCortediMarga","#Miane","#NaturaEApprendimento","#PiccoliCavalieri","#PonyClub","#ProseccoHills","#VisitVeneto"],"articleSection":["Famiglie in Avventura: Kids &amp; Family Fun"],"inLanguage":"de"},{"@type":["WebPage","FAQPage"],"@id":"https:\/\/lacortedimarga.com\/piccoli-cavalieri-crescono-unavventura-indimenticabile-con-i-pony\/","url":"https:\/\/lacortedimarga.com\/piccoli-cavalieri-crescono-unavventura-indimenticabile-con-i-pony\/","name":"Pony f\u00fcr Kinder in Miane | La Corte di Marga","isPartOf":{"@id":"https:\/\/lacortedimarga.com\/#website"},"primaryImageOfPage":{"@id":"https:\/\/lacortedimarga.com\/piccoli-cavalieri-crescono-unavventura-indimenticabile-con-i-pony\/#primaryimage"},"image":{"@id":"https:\/\/lacortedimarga.com\/piccoli-cavalieri-crescono-unavventura-indimenticabile-con-i-pony\/#primaryimage"},"thumbnailUrl":"https:\/\/lacortedimarga.com\/wp-content\/uploads\/2026\/04\/La_Corte_di_Marga_cosa_fare_attvita_con_i_pony_per_bambini.webp","datePublished":"2026-04-02T12:54:28+00:00","dateModified":"2026-08-27T09:36:30+00:00","description":"Auf dem Hof von Marga erleben Kinder ein authentisches Pony-Abenteuer inmitten der UNESCO-Prosecco-H\u00fcgel: gef\u00fchrte, sichere und unterhaltsame Aktivit\u00e4ten in Miane.","breadcrumb":{"@id":"https:\/\/lacortedimarga.com\/piccoli-cavalieri-crescono-unavventura-indimenticabile-con-i-pony\/#breadcrumb"},"mainEntity":[{"@id":"https:\/\/lacortedimarga.com\/piccoli-cavalieri-crescono-unavventura-indimenticabile-con-i-pony\/#faq-question-1787823141075"},{"@id":"https:\/\/lacortedimarga.com\/piccoli-cavalieri-crescono-unavventura-indimenticabile-con-i-pony\/#faq-question-1787823177935"},{"@id":"https:\/\/lacortedimarga.com\/piccoli-cavalieri-crescono-unavventura-indimenticabile-con-i-pony\/#faq-question-1787823232195"},{"@id":"https:\/\/lacortedimarga.com\/piccoli-cavalieri-crescono-unavventura-indimenticabile-con-i-pony\/#faq-question-1787823281941"}],"inLanguage":"de","potentialAction":[{"@type":"ReadAction","target":["https:\/\/lacortedimarga.com\/piccoli-cavalieri-crescono-unavventura-indimenticabile-con-i-pony\/"]}]},{"@type":"ImageObject","inLanguage":"de","@id":"https:\/\/lacortedimarga.com\/piccoli-cavalieri-crescono-unavventura-indimenticabile-con-i-pony\/#primaryimage","url":"https:\/\/lacortedimarga.com\/wp-content\/uploads\/2026\/04\/La_Corte_di_Marga_cosa_fare_attvita_con_i_pony_per_bambini.webp","contentUrl":"https:\/\/lacortedimarga.com\/wp-content\/uploads\/2026\/04\/La_Corte_di_Marga_cosa_fare_attvita_con_i_pony_per_bambini.webp","width":1500,"height":818,"caption":"Attivit\u00e0 con i pony per bambini"},{"@type":"BreadcrumbList","@id":"https:\/\/lacortedimarga.com\/piccoli-cavalieri-crescono-unavventura-indimenticabile-con-i-pony\/#breadcrumb","itemListElement":[{"@type":"ListItem","position":1,"name":"Home","item":"https:\/\/lacortedimarga.com\/"},{"@type":"ListItem","position":2,"name":"Piccoli Cavalieri CRESCONO: Un&#8217;Avventura Indimenticabile con i Pony"}]},{"@type":"WebSite","@id":"https:\/\/lacortedimarga.com\/#website","url":"https:\/\/lacortedimarga.com\/","name":"Der Hof von Marga","description":"Prosecco Hills Ferien","publisher":{"@id":"https:\/\/lacortedimarga.com\/#organization"},"potentialAction":[{"@type":"SearchAction","target":{"@type":"EntryPoint","urlTemplate":"https:\/\/lacortedimarga.com\/?s={search_term_string}"},"query-input":{"@type":"PropertyValueSpecification","valueRequired":true,"valueName":"search_term_string"}}],"inLanguage":"de"},{"@type":"Organization","@id":"https:\/\/lacortedimarga.com\/#organization","name":"Der Hof von Marga","url":"https:\/\/lacortedimarga.com\/","logo":{"@type":"ImageObject","inLanguage":"de","@id":"https:\/\/lacortedimarga.com\/#\/schema\/logo\/image\/","url":"https:\/\/lacortedimarga.com\/wp-content\/uploads\/2025\/06\/logo-corti-di-marga.webp","contentUrl":"https:\/\/lacortedimarga.com\/wp-content\/uploads\/2025\/06\/logo-corti-di-marga.webp","width":955,"height":529,"caption":"La Corte di Marga"},"image":{"@id":"https:\/\/lacortedimarga.com\/#\/schema\/logo\/image\/"},"sameAs":["https:\/\/www.facebook.com\/lacortedimarga","https:\/\/www.instagram.com\/la_corte_di_marga\/","https:\/\/www.tiktok.com\/@lacortedimarga","https:\/\/www.youtube.com\/@lacortedimargaofficial","https:\/\/www.linkedin.com\/company\/la-corte-di-marga-prosecco-hills-holiday"]},{"@type":"Person","@id":"https:\/\/lacortedimarga.com\/#\/schema\/person\/35b8aa132ce672c39a5ece2e9b43b967","name":"Roberto","image":{"@type":"ImageObject","inLanguage":"de","@id":"https:\/\/secure.gravatar.com\/avatar\/e3f271e90e735cdc34557ef9b92be1ad6f15d5bac04b51fa3cd10b4c11dac25e?s=96&d=mm&r=g","url":"https:\/\/secure.gravatar.com\/avatar\/e3f271e90e735cdc34557ef9b92be1ad6f15d5bac04b51fa3cd10b4c11dac25e?s=96&d=mm&r=g","contentUrl":"https:\/\/secure.gravatar.com\/avatar\/e3f271e90e735cdc34557ef9b92be1ad6f15d5bac04b51fa3cd10b4c11dac25e?s=96&d=mm&r=g","caption":"Roberto"},"url":"https:\/\/lacortedimarga.com\/de\/author\/roberto\/"},{"@type":"Question","@id":"https:\/\/lacortedimarga.com\/piccoli-cavalieri-crescono-unavventura-indimenticabile-con-i-pony\/#faq-question-1787823141075","position":1,"url":"https:\/\/lacortedimarga.com\/piccoli-cavalieri-crescono-unavventura-indimenticabile-con-i-pony\/#faq-question-1787823141075","name":"Ab welchem Alter k\u00f6nnen Kinder teilnehmen?","answerCount":1,"acceptedAnswer":{"@type":"Answer","text":"L'attivit\u00e0 \u00e8 pensata per i pi\u00f9 piccoli in un contesto guidato e in sicurezza: per l'et\u00e0 minima esatta e le modalit\u00e0 di partecipazione vi consigliamo di verificare direttamente al momento della prenotazione, cos\u00ec da scegliere insieme l'esperienza pi\u00f9 adatta all'et\u00e0 di vostro figlio.","inLanguage":"de"},"inLanguage":"de"},{"@type":"Question","@id":"https:\/\/lacortedimarga.com\/piccoli-cavalieri-crescono-unavventura-indimenticabile-con-i-pony\/#faq-question-1787823177935","position":2,"url":"https:\/\/lacortedimarga.com\/piccoli-cavalieri-crescono-unavventura-indimenticabile-con-i-pony\/#faq-question-1787823177935","name":"Ist eine Reservierung erforderlich?","answerCount":1,"acceptedAnswer":{"@type":"Answer","text":"L'attivit\u00e0 va prenotata in anticipo tramite il link dedicato indicato nell'articolo, cos\u00ec da garantire disponibilit\u00e0 e organizzare al meglio l'esperienza in base all'et\u00e0 e alle esigenze dei vostri bambini.","inLanguage":"de"},"inLanguage":"de"},{"@type":"Question","@id":"https:\/\/lacortedimarga.com\/piccoli-cavalieri-crescono-unavventura-indimenticabile-con-i-pony\/#faq-question-1787823232195","position":3,"url":"https:\/\/lacortedimarga.com\/piccoli-cavalieri-crescono-unavventura-indimenticabile-con-i-pony\/#faq-question-1787823232195","name":"Was machen die Kinder w\u00e4hrend der Ponyaktivit\u00e4t in Miane?","answerCount":1,"acceptedAnswer":{"@type":"Answer","text":"I pi\u00f9 piccoli imparano ad avvicinarsi al pony, a spazzolarlo e a conoscerlo, per poi fare una breve passeggiata guidata in sicurezza con gli istruttori \u2014 un primo contatto con l'animale pensato apposta per i bambini, non una semplice cavalcata.","inLanguage":"de"},"inLanguage":"de"},{"@type":"Question","@id":"https:\/\/lacortedimarga.com\/piccoli-cavalieri-crescono-unavventura-indimenticabile-con-i-pony\/#faq-question-1787823281941","position":4,"url":"https:\/\/lacortedimarga.com\/piccoli-cavalieri-crescono-unavventura-indimenticabile-con-i-pony\/#faq-question-1787823281941","name":"Ist das Ponyreiten f\u00fcr j\u00fcngere Kinder sicher?","answerCount":1,"acceptedAnswer":{"@type":"Answer","text":"S\u00ec, ogni uscita \u00e8 guidata da personale esperto che affianca il bambino per tutta la durata, dal primo contatto con il pony alla passeggiata. L'et\u00e0 minima e le modalit\u00e0 esatte di partecipazione vengono confermate al momento della prenotazione, in base al bambino.","inLanguage":"de"},"inLanguage":"de"}]}},"_links":{"self":[{"href":"https:\/\/lacortedimarga.com\/de\/wp-json\/wp\/v2\/posts\/2352","targetHints":{"allow":["GET"]}}],"collection":[{"href":"https:\/\/lacortedimarga.com\/de\/wp-json\/wp\/v2\/posts"}],"about":[{"href":"https:\/\/lacortedimarga.com\/de\/wp-json\/wp\/v2\/types\/post"}],"author":[{"embeddable":true,"href":"https:\/\/lacortedimarga.com\/de\/wp-json\/wp\/v2\/users\/3"}],"replies":[{"embeddable":true,"href":"https:\/\/lacortedimarga.com\/de\/wp-json\/wp\/v2\/comments?post=2352"}],"version-history":[{"count":4,"href":"https:\/\/lacortedimarga.com\/de\/wp-json\/wp\/v2\/posts\/2352\/revisions"}],"predecessor-version":[{"id":2965,"href":"https:\/\/lacortedimarga.com\/de\/wp-json\/wp\/v2\/posts\/2352\/revisions\/2965"}],"wp:featuredmedia":[{"embeddable":true,"href":"https:\/\/lacortedimarga.com\/de\/wp-json\/wp\/v2\/media\/2353"}],"wp:attachment":[{"href":"https:\/\/lacortedimarga.com\/de\/wp-json\/wp\/v2\/media?parent=2352"}],"wp:term":[{"taxonomy":"category","embeddable":true,"href":"https:\/\/lacortedimarga.com\/de\/wp-json\/wp\/v2\/categories?post=2352"},{"taxonomy":"post_tag","embeddable":true,"href":"https:\/\/lacortedimarga.com\/de\/wp-json\/wp\/v2\/tags?post=2352"}],"curies":[{"name":"wp","href":"https:\/\/api.w.org\/{rel}","templated":true}]}}