{"id":2357,"date":"2026-04-02T13:41:07","date_gmt":"2026-04-02T13:41:07","guid":{"rendered":"https:\/\/lacortedimarga.com\/?p=2357"},"modified":"2026-08-29T17:54:50","modified_gmt":"2026-08-29T17:54:50","slug":"das-weingut-marga-weinverkostung-lernen","status":"publish","type":"post","link":"https:\/\/lacortedimarga.com\/de\/la-corte-di-marga-imparare-a-degustare-il-vino\/","title":{"rendered":"Weinproben im Hof von Marga: Entdecken Sie den Prosecco von Miane und Valdobbiadene"},"content":{"rendered":"<h2 class=\"wp-block-heading\">Die Prosecco-Verkostung in Miane<\/h2>\n\n\n\n<p>La <strong>Prosecco-Verkostung in Miane<\/strong> erlebt ihren authentischsten Moment im Corte di Marga, einem au\u00dfergew\u00f6hnlichen Ort f\u00fcr Weinliebhaber, insbesondere f\u00fcr den Prosecco der Region Miane und Valdobbiadene. Dieser Treffpunkt f\u00fcr Weinliebhaber widmet sich nicht nur der Weinverkostung, sondern auch der F\u00f6rderung und Aufwertung der lokalen Rebsorten. Das Corte di Marga bietet eine Reihe von Verkostungen an, bei denen die Bedeutung der Wertsch\u00e4tzung der einzigartigen Eigenschaften jedes Weins, einschlie\u00dflich Farbe, Aroma und Geschmack, im Vordergrund steht.<\/p>\n\n\n\n<p>Weinverkostungen spielen eine grundlegende Rolle dabei, die Teilnehmer darin zu schulen, die verschiedenen Nuancen und Aromen zu erkennen und zu sch\u00e4tzen, die die verschiedenen Etiketten auszeichnen: Jede Prosecco-Verkostung in Miane ist f\u00fcr den Besucher eine Gelegenheit, die Welt des Weins zu erkunden und sein Verst\u00e4ndnis f\u00fcr die Vinifikationstechniken und den Einfluss des Terroirs zu vertiefen. In der Corte di Marga steht der professionelle Sommelier Roberto La Rosa zur Verf\u00fcgung, um die G\u00e4ste durch eine sensorische Reise zu f\u00fchren, die die Eigenschaften des Proseccos hervorhebt, einem Wein wie kaum einem anderen, dem es gelingt, das Wesen der Landschaft, in der er produziert wird, einzufangen.<\/p>\n\n\n\n<p>Bei den Verkostungen werden hochwertige Materialien und innovative Techniken eingesetzt, um jedes Erlebnis einzigartig und fesselnd zu gestalten. Werkzeuge wie speziell entwickelte Gl\u00e4ser zur Hervorhebung des Aromas und der Perligkeit des Proseccos werden verwendet, um sicherzustellen, dass jede Schluck ein unvergesslicher Moment ist. Dar\u00fcber hinaus wird auf Details wie die Temperatur des Weins und die Umgebung, in der die Verkostung stattfindet, geachtet, damit die G\u00e4ste jede Nuance des pr\u00e4sentierten Weins voll erfassen k\u00f6nnen. All dies tr\u00e4gt dazu bei, nicht nur ein Verkostungserlebnis, sondern auch eine lehrreiche Gelegenheit zu schaffen, die das Wissen \u00fcber die faszinierende Welt des Weins bereichert.<\/p>\n\n\n\n<p>\ud83d\udc49 <strong>Entdecken Sie unsere kulinarischen Angebote und buchen Sie hier:<\/strong> <strong><a href=\"https:\/\/commerce.smartness.com\/lacortedimargamiane\" target=\"_blank\" rel=\"noreferrer noopener\">La Corte di Marga - Weinverkostungen<\/a><\/strong><\/p>\n\n\n\n<p>Um ein St\u00fcck dieses Landes mit nach Hause zu nehmen, besuchen Sie unsere <strong><a href=\"https:\/\/commerce.smartness.com\/lacortedimargamiane\" target=\"_blank\" rel=\"noreferrer noopener\">La Corte di Marga - Wein Online-Shop<\/a><\/strong> wo wir die besten Etiketten unserer H\u00fcgel und dar\u00fcber hinaus ausgew\u00e4hlt haben.<\/p>\n\n\n\n<p>Um tiefer in das Universum des Prosecco einzutauchen, entdecken Sie auch unsere Guides dar\u00fcber, wo <a href=\"https:\/\/lacortedimarga.com\/de\/beste-weinproben-valdobbiadene-miane\/\">in Valdobbiadene und Miane degustieren<\/a>, sul <a href=\"https:\/\/lacortedimarga.com\/de\/verdiso-technische-beschreibung-verkostung\/\">Verdiso <\/a>und auf den <a href=\"https:\/\/lacortedimarga.com\/de\/leitfaden-prosecco-superiore-docg-unterschiede-dosage-speiseempfehlungen\/\">Unterschiede des Prosecco Superiore DOCG<\/a>.<\/p>\n\n\n\n<div class=\"schema-faq wp-block-yoast-faq-block\"><div class=\"schema-faq-section\" id=\"faq-question-1788026089507\"><strong class=\"schema-faq-question\">Wie bucht man eine Degustation bei La Corte di Marga?<\/strong> <p class=\"schema-faq-answer\">Sie k\u00f6nnen Ihre Weinprobe mit dem Sommelier Roberto La Rosa direkt \u00fcber den in diesem Artikel angegebenen Link buchen und dabei aus den verschiedenen verf\u00fcgbaren kulinarischen und \u00f6nologischen Angeboten w\u00e4hlen.<\/p> <\/div> <\/div>\n\n\n\n<p><\/p>","protected":false},"excerpt":{"rendered":"<p>La Degustazione del Prosecco a Miane La degustazione del Prosecco a Miane vive il suo momento pi\u00f9 autentico alla Corte di Marga, un luogo d&#8217;eccezione per chi ama il vino, specialmente il Prosecco della regione di Miane e Valdobbiadene. Questo punto di incontro per gli appassionati del settore vinicolo si dedica non solo alla degustazione [&hellip;]<\/p>\n","protected":false},"author":3,"featured_media":2317,"comment_status":"closed","ping_status":"open","sticky":false,"template":"","format":"standard","meta":{"_breakdance_hide_in_design_set":false,"_breakdance_tags":"","footnotes":""},"categories":[13],"tags":[31,21,35,42,44,29,41,43,50,20,22,28,37,46,39,23,48,47,33,30,45,32,36,51,49,24,40,38],"class_list":["post-2357","post","type-post","status-publish","format-standard","has-post-thumbnail","hentry","category-vino-e-gastronomia","tag-analisisensorialevini","tag-collineprosecco","tag-coneglianovaldobbiadene","tag-cortedimargamiane","tag-degustazioneautentica","tag-degustazionevini","tag-enoturismo","tag-esperienzaincorte","tag-italywinetrip","tag-lacortedimarga","tag-miane","tag-naturaeapprendimento","tag-patrimoniounesco","tag-prodottitipici","tag-proseccodocg","tag-proseccohills","tag-proseccotasting","tag-relaxincollina","tag-rivedimiane","tag-robertolarosasommelier","tag-saporilocali","tag-stradadelprosecco","tag-unescoheritage","tag-unescoworldheritageitaly","tag-venetowinetour","tag-visitveneto","tag-winelover","tag-winetasting"],"yoast_head":"<!-- This site is optimized with the Yoast SEO plugin v28.2 - https:\/\/yoast.com\/product\/yoast-seo-wordpress\/ -->\n<title>Degustazione del Prosecco a Miane | La Corte di Marga<\/title>\n<meta name=\"description\" content=\"Scopri la degustazione del Prosecco a Miane: un percorso guidato dal sommelier tra aromi, colline UNESCO e le migliori etichette del territorio.\" \/>\n<meta name=\"robots\" content=\"index, follow, max-snippet:-1, max-image-preview:large, max-video-preview:-1\" \/>\n<link rel=\"canonical\" href=\"https:\/\/lacortedimarga.com\/de\/das-weingut-marga-weinverkostung-lernen\/\" \/>\n<meta property=\"og:locale\" content=\"de_DE\" \/>\n<meta property=\"og:type\" content=\"article\" \/>\n<meta property=\"og:title\" content=\"Degustazione del Prosecco a Miane | La Corte di Marga\" \/>\n<meta property=\"og:description\" content=\"Scopri la degustazione del Prosecco a Miane: un percorso guidato dal sommelier tra aromi, colline UNESCO e le migliori etichette del territorio.\" \/>\n<meta property=\"og:url\" content=\"https:\/\/lacortedimarga.com\/de\/das-weingut-marga-weinverkostung-lernen\/\" \/>\n<meta property=\"og:site_name\" content=\"La Corte di Marga\" \/>\n<meta property=\"article:publisher\" content=\"https:\/\/www.facebook.com\/lacortedimarga\" \/>\n<meta property=\"article:published_time\" content=\"2026-04-02T13:41:07+00:00\" \/>\n<meta property=\"article:modified_time\" content=\"2026-08-29T17:54:50+00:00\" \/>\n<meta property=\"og:image\" content=\"https:\/\/lacortedimarga.com\/wp-content\/uploads\/2026\/03\/La_Corte_di_Marga_cosa_fare_degustazioni_vini_e_prosecco-.webp\" \/>\n\t<meta property=\"og:image:width\" content=\"1024\" \/>\n\t<meta property=\"og:image:height\" content=\"1024\" \/>\n\t<meta property=\"og:image:type\" content=\"image\/webp\" \/>\n<meta name=\"author\" content=\"Roberto\" \/>\n<meta name=\"twitter:card\" content=\"summary_large_image\" \/>\n<meta name=\"twitter:label1\" content=\"Verfasst von\" \/>\n\t<meta name=\"twitter:data1\" content=\"Roberto\" \/>\n\t<meta name=\"twitter:label2\" content=\"Gesch\u00e4tzte Lesezeit\" \/>\n\t<meta name=\"twitter:data2\" content=\"3\u00a0Minuten\" \/>\n<script type=\"application\/ld+json\" class=\"yoast-schema-graph\">{\"@context\":\"https:\\\/\\\/schema.org\",\"@graph\":[{\"@type\":\"Article\",\"@id\":\"https:\\\/\\\/lacortedimarga.com\\\/la-corte-di-marga-imparare-a-degustare-il-vino\\\/#article\",\"isPartOf\":{\"@id\":\"https:\\\/\\\/lacortedimarga.com\\\/la-corte-di-marga-imparare-a-degustare-il-vino\\\/\"},\"author\":{\"name\":\"Roberto\",\"@id\":\"https:\\\/\\\/lacortedimarga.com\\\/#\\\/schema\\\/person\\\/35b8aa132ce672c39a5ece2e9b43b967\"},\"headline\":\"Le Degustazioni del Vino alla Corte di Marga: Scoprire il Prosecco di Miane e Valdobbiadene\",\"datePublished\":\"2026-04-02T13:41:07+00:00\",\"dateModified\":\"2026-08-29T17:54:50+00:00\",\"mainEntityOfPage\":{\"@id\":\"https:\\\/\\\/lacortedimarga.com\\\/la-corte-di-marga-imparare-a-degustare-il-vino\\\/\"},\"wordCount\":420,\"publisher\":{\"@id\":\"https:\\\/\\\/lacortedimarga.com\\\/#organization\"},\"image\":{\"@id\":\"https:\\\/\\\/lacortedimarga.com\\\/la-corte-di-marga-imparare-a-degustare-il-vino\\\/#primaryimage\"},\"thumbnailUrl\":\"https:\\\/\\\/lacortedimarga.com\\\/wp-content\\\/uploads\\\/2026\\\/03\\\/La_Corte_di_Marga_cosa_fare_degustazioni_vini_e_prosecco-.webp\",\"keywords\":[\"#AnalisisensorialeVini;\",\"#CollineProsecco\",\"#ConeglianoValdobbiadene\",\"#CorteDiMargaMiane\",\"#DegustazioneAutentica\",\"#DegustazioneVini\",\"#Enoturismo\",\"#EsperienzaInCorte\",\"#ItalyWineTrip\",\"#LaCortediMarga\",\"#Miane\",\"#NaturaEApprendimento\",\"#PatrimonioUNESCO\",\"#ProdottiTipici\",\"#ProseccoDOCG\",\"#ProseccoHills\",\"#ProseccoTasting\",\"#RelaxInCollina\",\"#RiveDiMiane\",\"#RobertoLaRosaSommelier\",\"#SaporiLocali\",\"#StradaDelProsecco\",\"#UNESCOHeritage\",\"#UNESCOWorldHeritageItaly\",\"#VenetoWineTour\",\"#VisitVeneto\",\"#WineLover\",\"#WineTasting\"],\"articleSection\":[\"Vino e Gastronomia\"],\"inLanguage\":\"de\"},{\"@type\":[\"WebPage\",\"FAQPage\"],\"@id\":\"https:\\\/\\\/lacortedimarga.com\\\/la-corte-di-marga-imparare-a-degustare-il-vino\\\/\",\"url\":\"https:\\\/\\\/lacortedimarga.com\\\/la-corte-di-marga-imparare-a-degustare-il-vino\\\/\",\"name\":\"Degustazione del Prosecco a Miane | La Corte di Marga\",\"isPartOf\":{\"@id\":\"https:\\\/\\\/lacortedimarga.com\\\/#website\"},\"primaryImageOfPage\":{\"@id\":\"https:\\\/\\\/lacortedimarga.com\\\/la-corte-di-marga-imparare-a-degustare-il-vino\\\/#primaryimage\"},\"image\":{\"@id\":\"https:\\\/\\\/lacortedimarga.com\\\/la-corte-di-marga-imparare-a-degustare-il-vino\\\/#primaryimage\"},\"thumbnailUrl\":\"https:\\\/\\\/lacortedimarga.com\\\/wp-content\\\/uploads\\\/2026\\\/03\\\/La_Corte_di_Marga_cosa_fare_degustazioni_vini_e_prosecco-.webp\",\"datePublished\":\"2026-04-02T13:41:07+00:00\",\"dateModified\":\"2026-08-29T17:54:50+00:00\",\"description\":\"Scopri la degustazione del Prosecco a Miane: un percorso guidato dal sommelier tra aromi, colline UNESCO e le migliori etichette del territorio.\",\"breadcrumb\":{\"@id\":\"https:\\\/\\\/lacortedimarga.com\\\/la-corte-di-marga-imparare-a-degustare-il-vino\\\/#breadcrumb\"},\"mainEntity\":[{\"@id\":\"https:\\\/\\\/lacortedimarga.com\\\/la-corte-di-marga-imparare-a-degustare-il-vino\\\/#faq-question-1788026089507\"}],\"inLanguage\":\"de\",\"potentialAction\":[{\"@type\":\"ReadAction\",\"target\":[\"https:\\\/\\\/lacortedimarga.com\\\/la-corte-di-marga-imparare-a-degustare-il-vino\\\/\"]}]},{\"@type\":\"ImageObject\",\"inLanguage\":\"de\",\"@id\":\"https:\\\/\\\/lacortedimarga.com\\\/la-corte-di-marga-imparare-a-degustare-il-vino\\\/#primaryimage\",\"url\":\"https:\\\/\\\/lacortedimarga.com\\\/wp-content\\\/uploads\\\/2026\\\/03\\\/La_Corte_di_Marga_cosa_fare_degustazioni_vini_e_prosecco-.webp\",\"contentUrl\":\"https:\\\/\\\/lacortedimarga.com\\\/wp-content\\\/uploads\\\/2026\\\/03\\\/La_Corte_di_Marga_cosa_fare_degustazioni_vini_e_prosecco-.webp\",\"width\":1024,\"height\":1024,\"caption\":\"Scopri l'arte della degustazione del vino con un sommelier professionista a tua disposizione\"},{\"@type\":\"BreadcrumbList\",\"@id\":\"https:\\\/\\\/lacortedimarga.com\\\/la-corte-di-marga-imparare-a-degustare-il-vino\\\/#breadcrumb\",\"itemListElement\":[{\"@type\":\"ListItem\",\"position\":1,\"name\":\"Home\",\"item\":\"https:\\\/\\\/lacortedimarga.com\\\/\"},{\"@type\":\"ListItem\",\"position\":2,\"name\":\"Le Degustazioni del Vino alla Corte di Marga: Scoprire il Prosecco di Miane e Valdobbiadene\"}]},{\"@type\":\"WebSite\",\"@id\":\"https:\\\/\\\/lacortedimarga.com\\\/#website\",\"url\":\"https:\\\/\\\/lacortedimarga.com\\\/\",\"name\":\"La Corte di Marga\",\"description\":\"Prosecco Hills Holidays\",\"publisher\":{\"@id\":\"https:\\\/\\\/lacortedimarga.com\\\/#organization\"},\"potentialAction\":[{\"@type\":\"SearchAction\",\"target\":{\"@type\":\"EntryPoint\",\"urlTemplate\":\"https:\\\/\\\/lacortedimarga.com\\\/?s={search_term_string}\"},\"query-input\":{\"@type\":\"PropertyValueSpecification\",\"valueRequired\":true,\"valueName\":\"search_term_string\"}}],\"inLanguage\":\"de\"},{\"@type\":\"Organization\",\"@id\":\"https:\\\/\\\/lacortedimarga.com\\\/#organization\",\"name\":\"La Corte di Marga\",\"url\":\"https:\\\/\\\/lacortedimarga.com\\\/\",\"logo\":{\"@type\":\"ImageObject\",\"inLanguage\":\"de\",\"@id\":\"https:\\\/\\\/lacortedimarga.com\\\/#\\\/schema\\\/logo\\\/image\\\/\",\"url\":\"https:\\\/\\\/lacortedimarga.com\\\/wp-content\\\/uploads\\\/2025\\\/06\\\/logo-corti-di-marga.webp\",\"contentUrl\":\"https:\\\/\\\/lacortedimarga.com\\\/wp-content\\\/uploads\\\/2025\\\/06\\\/logo-corti-di-marga.webp\",\"width\":955,\"height\":529,\"caption\":\"La Corte di Marga\"},\"image\":{\"@id\":\"https:\\\/\\\/lacortedimarga.com\\\/#\\\/schema\\\/logo\\\/image\\\/\"},\"sameAs\":[\"https:\\\/\\\/www.facebook.com\\\/lacortedimarga\",\"https:\\\/\\\/www.instagram.com\\\/la_corte_di_marga\\\/\",\"https:\\\/\\\/www.tiktok.com\\\/@lacortedimarga\",\"https:\\\/\\\/www.youtube.com\\\/@lacortedimargaofficial\",\"https:\\\/\\\/www.linkedin.com\\\/company\\\/la-corte-di-marga-prosecco-hills-holiday\"]},{\"@type\":\"Person\",\"@id\":\"https:\\\/\\\/lacortedimarga.com\\\/#\\\/schema\\\/person\\\/35b8aa132ce672c39a5ece2e9b43b967\",\"name\":\"Roberto\",\"image\":{\"@type\":\"ImageObject\",\"inLanguage\":\"de\",\"@id\":\"https:\\\/\\\/secure.gravatar.com\\\/avatar\\\/e3f271e90e735cdc34557ef9b92be1ad6f15d5bac04b51fa3cd10b4c11dac25e?s=96&d=mm&r=g\",\"url\":\"https:\\\/\\\/secure.gravatar.com\\\/avatar\\\/e3f271e90e735cdc34557ef9b92be1ad6f15d5bac04b51fa3cd10b4c11dac25e?s=96&d=mm&r=g\",\"contentUrl\":\"https:\\\/\\\/secure.gravatar.com\\\/avatar\\\/e3f271e90e735cdc34557ef9b92be1ad6f15d5bac04b51fa3cd10b4c11dac25e?s=96&d=mm&r=g\",\"caption\":\"Roberto\"},\"url\":\"https:\\\/\\\/lacortedimarga.com\\\/de\\\/author\\\/roberto\\\/\"},{\"@type\":\"Question\",\"@id\":\"https:\\\/\\\/lacortedimarga.com\\\/la-corte-di-marga-imparare-a-degustare-il-vino\\\/#faq-question-1788026089507\",\"position\":1,\"url\":\"https:\\\/\\\/lacortedimarga.com\\\/la-corte-di-marga-imparare-a-degustare-il-vino\\\/#faq-question-1788026089507\",\"name\":\"Come si prenota una degustazione a La Corte di Marga?\",\"answerCount\":1,\"acceptedAnswer\":{\"@type\":\"Answer\",\"text\":\"Potete prenotare la vostra degustazione con il sommelier Roberto La Rosa direttamente tramite il link dedicato riportato in questo articolo, scegliendo tra le diverse proposte enogastronomiche disponibili.\",\"inLanguage\":\"de\"},\"inLanguage\":\"de\"}]}<\/script>\n<!-- \/ Yoast SEO plugin. -->","yoast_head_json":{"title":"Prosecco-Verkostung in Miane | La Corte di Marga","description":"Erleben Sie die Prosecco-Verkostung in Miane: eine von Sommeliers gef\u00fchrte Entdeckungsreise durch Aromen, UNESCO-H\u00fcgel und die besten Etiketten der Region.","robots":{"index":"index","follow":"follow","max-snippet":"max-snippet:-1","max-image-preview":"max-image-preview:large","max-video-preview":"max-video-preview:-1"},"canonical":"https:\/\/lacortedimarga.com\/de\/das-weingut-marga-weinverkostung-lernen\/","og_locale":"de_DE","og_type":"article","og_title":"Degustazione del Prosecco a Miane | La Corte di Marga","og_description":"Scopri la degustazione del Prosecco a Miane: un percorso guidato dal sommelier tra aromi, colline UNESCO e le migliori etichette del territorio.","og_url":"https:\/\/lacortedimarga.com\/de\/das-weingut-marga-weinverkostung-lernen\/","og_site_name":"La Corte di Marga","article_publisher":"https:\/\/www.facebook.com\/lacortedimarga","article_published_time":"2026-04-02T13:41:07+00:00","article_modified_time":"2026-08-29T17:54:50+00:00","og_image":[{"width":1024,"height":1024,"url":"https:\/\/lacortedimarga.com\/wp-content\/uploads\/2026\/03\/La_Corte_di_Marga_cosa_fare_degustazioni_vini_e_prosecco-.webp","type":"image\/webp"}],"author":"Roberto","twitter_card":"summary_large_image","twitter_misc":{"Verfasst von":"Roberto","Gesch\u00e4tzte Lesezeit":"3\u00a0Minuten"},"schema":{"@context":"https:\/\/schema.org","@graph":[{"@type":"Article","@id":"https:\/\/lacortedimarga.com\/la-corte-di-marga-imparare-a-degustare-il-vino\/#article","isPartOf":{"@id":"https:\/\/lacortedimarga.com\/la-corte-di-marga-imparare-a-degustare-il-vino\/"},"author":{"name":"Roberto","@id":"https:\/\/lacortedimarga.com\/#\/schema\/person\/35b8aa132ce672c39a5ece2e9b43b967"},"headline":"Le Degustazioni del Vino alla Corte di Marga: Scoprire il Prosecco di Miane e Valdobbiadene","datePublished":"2026-04-02T13:41:07+00:00","dateModified":"2026-08-29T17:54:50+00:00","mainEntityOfPage":{"@id":"https:\/\/lacortedimarga.com\/la-corte-di-marga-imparare-a-degustare-il-vino\/"},"wordCount":420,"publisher":{"@id":"https:\/\/lacortedimarga.com\/#organization"},"image":{"@id":"https:\/\/lacortedimarga.com\/la-corte-di-marga-imparare-a-degustare-il-vino\/#primaryimage"},"thumbnailUrl":"https:\/\/lacortedimarga.com\/wp-content\/uploads\/2026\/03\/La_Corte_di_Marga_cosa_fare_degustazioni_vini_e_prosecco-.webp","keywords":["#AnalisisensorialeVini;","#CollineProsecco","#ConeglianoValdobbiadene","#CorteDiMargaMiane","#DegustazioneAutentica","#DegustazioneVini","#Enoturismo","#EsperienzaInCorte","#ItalyWineTrip","#LaCortediMarga","#Miane","#NaturaEApprendimento","#PatrimonioUNESCO","#ProdottiTipici","#ProseccoDOCG","#ProseccoHills","#ProseccoTasting","#RelaxInCollina","#RiveDiMiane","#RobertoLaRosaSommelier","#SaporiLocali","#StradaDelProsecco","#UNESCOHeritage","#UNESCOWorldHeritageItaly","#VenetoWineTour","#VisitVeneto","#WineLover","#WineTasting"],"articleSection":["Vino e Gastronomia"],"inLanguage":"de"},{"@type":["WebPage","FAQPage"],"@id":"https:\/\/lacortedimarga.com\/la-corte-di-marga-imparare-a-degustare-il-vino\/","url":"https:\/\/lacortedimarga.com\/la-corte-di-marga-imparare-a-degustare-il-vino\/","name":"Prosecco-Verkostung in Miane | La Corte di Marga","isPartOf":{"@id":"https:\/\/lacortedimarga.com\/#website"},"primaryImageOfPage":{"@id":"https:\/\/lacortedimarga.com\/la-corte-di-marga-imparare-a-degustare-il-vino\/#primaryimage"},"image":{"@id":"https:\/\/lacortedimarga.com\/la-corte-di-marga-imparare-a-degustare-il-vino\/#primaryimage"},"thumbnailUrl":"https:\/\/lacortedimarga.com\/wp-content\/uploads\/2026\/03\/La_Corte_di_Marga_cosa_fare_degustazioni_vini_e_prosecco-.webp","datePublished":"2026-04-02T13:41:07+00:00","dateModified":"2026-08-29T17:54:50+00:00","description":"Erleben Sie die Prosecco-Verkostung in Miane: eine von Sommeliers gef\u00fchrte Entdeckungsreise durch Aromen, UNESCO-H\u00fcgel und die besten Etiketten der Region.","breadcrumb":{"@id":"https:\/\/lacortedimarga.com\/la-corte-di-marga-imparare-a-degustare-il-vino\/#breadcrumb"},"mainEntity":[{"@id":"https:\/\/lacortedimarga.com\/la-corte-di-marga-imparare-a-degustare-il-vino\/#faq-question-1788026089507"}],"inLanguage":"de","potentialAction":[{"@type":"ReadAction","target":["https:\/\/lacortedimarga.com\/la-corte-di-marga-imparare-a-degustare-il-vino\/"]}]},{"@type":"ImageObject","inLanguage":"de","@id":"https:\/\/lacortedimarga.com\/la-corte-di-marga-imparare-a-degustare-il-vino\/#primaryimage","url":"https:\/\/lacortedimarga.com\/wp-content\/uploads\/2026\/03\/La_Corte_di_Marga_cosa_fare_degustazioni_vini_e_prosecco-.webp","contentUrl":"https:\/\/lacortedimarga.com\/wp-content\/uploads\/2026\/03\/La_Corte_di_Marga_cosa_fare_degustazioni_vini_e_prosecco-.webp","width":1024,"height":1024,"caption":"Scopri l'arte della degustazione del vino con un sommelier professionista a tua disposizione"},{"@type":"BreadcrumbList","@id":"https:\/\/lacortedimarga.com\/la-corte-di-marga-imparare-a-degustare-il-vino\/#breadcrumb","itemListElement":[{"@type":"ListItem","position":1,"name":"Home","item":"https:\/\/lacortedimarga.com\/"},{"@type":"ListItem","position":2,"name":"Le Degustazioni del Vino alla Corte di Marga: Scoprire il Prosecco di Miane e Valdobbiadene"}]},{"@type":"WebSite","@id":"https:\/\/lacortedimarga.com\/#website","url":"https:\/\/lacortedimarga.com\/","name":"Der Hof von Marga","description":"Prosecco Hills Ferien","publisher":{"@id":"https:\/\/lacortedimarga.com\/#organization"},"potentialAction":[{"@type":"SearchAction","target":{"@type":"EntryPoint","urlTemplate":"https:\/\/lacortedimarga.com\/?s={search_term_string}"},"query-input":{"@type":"PropertyValueSpecification","valueRequired":true,"valueName":"search_term_string"}}],"inLanguage":"de"},{"@type":"Organization","@id":"https:\/\/lacortedimarga.com\/#organization","name":"Der Hof von Marga","url":"https:\/\/lacortedimarga.com\/","logo":{"@type":"ImageObject","inLanguage":"de","@id":"https:\/\/lacortedimarga.com\/#\/schema\/logo\/image\/","url":"https:\/\/lacortedimarga.com\/wp-content\/uploads\/2025\/06\/logo-corti-di-marga.webp","contentUrl":"https:\/\/lacortedimarga.com\/wp-content\/uploads\/2025\/06\/logo-corti-di-marga.webp","width":955,"height":529,"caption":"La Corte di Marga"},"image":{"@id":"https:\/\/lacortedimarga.com\/#\/schema\/logo\/image\/"},"sameAs":["https:\/\/www.facebook.com\/lacortedimarga","https:\/\/www.instagram.com\/la_corte_di_marga\/","https:\/\/www.tiktok.com\/@lacortedimarga","https:\/\/www.youtube.com\/@lacortedimargaofficial","https:\/\/www.linkedin.com\/company\/la-corte-di-marga-prosecco-hills-holiday"]},{"@type":"Person","@id":"https:\/\/lacortedimarga.com\/#\/schema\/person\/35b8aa132ce672c39a5ece2e9b43b967","name":"Roberto","image":{"@type":"ImageObject","inLanguage":"de","@id":"https:\/\/secure.gravatar.com\/avatar\/e3f271e90e735cdc34557ef9b92be1ad6f15d5bac04b51fa3cd10b4c11dac25e?s=96&d=mm&r=g","url":"https:\/\/secure.gravatar.com\/avatar\/e3f271e90e735cdc34557ef9b92be1ad6f15d5bac04b51fa3cd10b4c11dac25e?s=96&d=mm&r=g","contentUrl":"https:\/\/secure.gravatar.com\/avatar\/e3f271e90e735cdc34557ef9b92be1ad6f15d5bac04b51fa3cd10b4c11dac25e?s=96&d=mm&r=g","caption":"Roberto"},"url":"https:\/\/lacortedimarga.com\/de\/author\/roberto\/"},{"@type":"Question","@id":"https:\/\/lacortedimarga.com\/la-corte-di-marga-imparare-a-degustare-il-vino\/#faq-question-1788026089507","position":1,"url":"https:\/\/lacortedimarga.com\/la-corte-di-marga-imparare-a-degustare-il-vino\/#faq-question-1788026089507","name":"Wie bucht man eine Degustation bei La Corte di Marga?","answerCount":1,"acceptedAnswer":{"@type":"Answer","text":"Potete prenotare la vostra degustazione con il sommelier Roberto La Rosa direttamente tramite il link dedicato riportato in questo articolo, scegliendo tra le diverse proposte enogastronomiche disponibili.","inLanguage":"de"},"inLanguage":"de"}]}},"_links":{"self":[{"href":"https:\/\/lacortedimarga.com\/de\/wp-json\/wp\/v2\/posts\/2357","targetHints":{"allow":["GET"]}}],"collection":[{"href":"https:\/\/lacortedimarga.com\/de\/wp-json\/wp\/v2\/posts"}],"about":[{"href":"https:\/\/lacortedimarga.com\/de\/wp-json\/wp\/v2\/types\/post"}],"author":[{"embeddable":true,"href":"https:\/\/lacortedimarga.com\/de\/wp-json\/wp\/v2\/users\/3"}],"replies":[{"embeddable":true,"href":"https:\/\/lacortedimarga.com\/de\/wp-json\/wp\/v2\/comments?post=2357"}],"version-history":[{"count":11,"href":"https:\/\/lacortedimarga.com\/de\/wp-json\/wp\/v2\/posts\/2357\/revisions"}],"predecessor-version":[{"id":3047,"href":"https:\/\/lacortedimarga.com\/de\/wp-json\/wp\/v2\/posts\/2357\/revisions\/3047"}],"wp:featuredmedia":[{"embeddable":true,"href":"https:\/\/lacortedimarga.com\/de\/wp-json\/wp\/v2\/media\/2317"}],"wp:attachment":[{"href":"https:\/\/lacortedimarga.com\/de\/wp-json\/wp\/v2\/media?parent=2357"}],"wp:term":[{"taxonomy":"category","embeddable":true,"href":"https:\/\/lacortedimarga.com\/de\/wp-json\/wp\/v2\/categories?post=2357"},{"taxonomy":"post_tag","embeddable":true,"href":"https:\/\/lacortedimarga.com\/de\/wp-json\/wp\/v2\/tags?post=2357"}],"curies":[{"name":"wp","href":"https:\/\/api.w.org\/{rel}","templated":true}]}}