{"id":2425,"date":"2026-04-15T15:30:02","date_gmt":"2026-04-15T15:30:02","guid":{"rendered":"https:\/\/lacortedimarga.com\/?p=2425"},"modified":"2026-08-28T08:53:35","modified_gmt":"2026-08-28T08:53:35","slug":"bosco-delle-penne-mozze-cison-valmarino","status":"publish","type":"post","link":"https:\/\/lacortedimarga.com\/de\/bosco-penne-mozze-cison-valmarino\/","title":{"rendered":"Der Wald der abgebrochenen Federn: Der stille Schrei von 2.403 Seelen"},"content":{"rendered":"<p>Es gibt Orte, an denen die Erde aufh\u00f6rt, Materie zu sein, und zu reinem Ged\u00e4chtnis wird. Wenig oberhalb des Ortes Cison di Valmarino, in der Einsamkeit des Tals von San Daniele, erhebt sich das <strong>Wald der abgebrochenen Federn<\/strong>. Nenn es kein Friedhof: Hier gibt es keine Grabsteine, keine Kreuze und vor allem, <strong>Es liegt kein einziger K\u00f6rper begraben<\/strong>. Und doch ist die Vibration, die man beim Gehen zwischen diesen Buchen sp\u00fcrt, die einer absoluten Heiligkeit, eine Energie, die die Seelen ersch\u00fcttert und von einer Abwesenheit spricht, die zur st\u00e4ndigen Pr\u00e4senz wird. Man gelangt dorthin, indem man den <a href=\"https:\/\/lacortedimarga.com\/de\/wanderweg-des-wassers-cison-valmarino\/\">Pfad des Wassers<\/a>, die den Lauf des Rujo zwischen alten M\u00fchlen und historischen Wehren hinauff\u00fchrt.<\/p>\n\n\n\n<h3 class=\"wp-block-heading\">Bosco delle Penne Mozze: Das Ged\u00e4chtnis derer, die nie zur\u00fcckgekehrt sind<\/h3>\n\n\n\n<p>Aufgrund einer Idee von Mario Altarui aus dem Jahr 1968 wurde der Bosco am 8. Oktober 1972 anl\u00e4sslich des hundertsten Jahrestages der Gr\u00fcndung der Alpini eingeweiht. Es ist ein Freiluft-Kenotaph, das den gefallenen Alpini von Treviso gewidmet ist. Die <strong>2.403 Bronzeblattmetallfolien<\/strong> die den Weg s\u00e4umen, sind keine blo\u00dfen Verzierungen; es sind die Namen von M\u00e4nnern, die ihr Leben zwischen den Felsen verbrachten <strong>Gro\u00dfer Krieg (1915-1918)<\/strong>, auf den Gletschern der Marmolada oder an den Ufern des Piave und in der H\u00f6lle der <strong>Zweiter Weltkrieg (1940-1945)<\/strong>, verstreut in den gefrorenen Steppen Russlands oder in Gefangenenlagern.<\/p>\n\n\n\n<p><strong>Es ist die Geschichte von V\u00e4tern, S\u00f6hnen und Br\u00fcdern, die die Erde nie zur\u00fcckgegeben hat.<\/strong><\/p>\n\n\n\n<p>Viele von ihnen hatten nie ein Grab. Der Wald der gestutzten Federn wurde ihre ewige \u201cHeimat\u201d: ein Ort, an dem die Trauer nicht kalter Marmor ist, sondern der lebendige Atem des Voralpenwaldes.<\/p>\n\n\n\n<h3 class=\"wp-block-heading\">Die Bronzestatue von Simon Benetton und das Lied des Windes<\/h3>\n\n\n\n<p>Der Meister <strong>Simon Benetton<\/strong> Er hat es verstanden, diesen kollektiven Schmerz mit einer Meisterschaft zu interpretieren, die die Kunst transzendiert. Seine Bronzeplastiken, wie der ber\u00fchmte \u201cCristo delle Penne Mozze\u201d, scheinen zum Himmel zu schreien. Wenn der Wind von den Bergen herabkommt und durch die Metallplaketten weht, erzeugt der Wald ein leichtes Klingeln, ein kollektives Fl\u00fcstern, das viele Besucher als \u201cdie Stimme\u201d der Alpini beschreiben.<\/p>\n\n\n\n<p>An diesem Ort, die <strong>Stein<\/strong> der Berge und der <strong>Bronze<\/strong> dell\u2019arte si fondono per dare forma a un sentimento universale: il rispetto per chi ha dato tutto senza chiedere nulla in cambio. \u00c8 un\u2019esperienza che scava dentro, un pellegrinaggio laico che insegna il valore della pace attraverso il ricordo di chi non ha potuto vederla.<\/p>\n\n\n\n<hr class=\"wp-block-separator has-alpha-channel-opacity\"\/>\n\n\n\n<h3 class=\"wp-block-heading\">\ud83d\uddfa\ufe0f N\u00fctzliche Informationen auf einen Blick<\/h3>\n\n\n\n<ul class=\"wp-block-list\">\n<li>\ud83d\udccf <strong>L\u00e4nge<\/strong> 1,2 km (Route innerhalb des Denkmals)<\/li>\n\n\n\n<li>\u23f1\ufe0f <strong>Gehzeit:<\/strong> 1 Stunde (erforderlich f\u00fcr eine nachdenkliche Pause)<\/li>\n\n\n\n<li>\ud83d\udcc8 <strong>H\u00f6henunterschied<\/strong> +80 Meter (minimale und konstante Steigung)<\/li>\n\n\n\n<li>\u26f0\ufe0f <strong>H\u00f6chstgrenze:<\/strong> 500 m \u00fc. NN.<\/li>\n\n\n\n<li>\ud83e\udd7e <strong>Schwierigkeit:<\/strong> T (Turistico) \u2013 F\u00fcr jedes Alter geeignet<\/li>\n\n\n\n<li>\ud83e\uddaf <strong>Nordic Walking:<\/strong> \u2705 <strong>Empfehlenswert!<\/strong> Perfekt f\u00fcr einen rhythmischen und meditativen Spaziergang<\/li>\n\n\n\n<li>Familie <strong>Familienfreundlich<\/strong> \u2705 <strong>Fundamentales.<\/strong> Ein Geschichtsunterricht im Freien f\u00fcr Kinder<\/li>\n<\/ul>\n\n\n\n<blockquote class=\"wp-block-quote is-layout-flow wp-block-quote-is-layout-flow\">\n<h3 class=\"wp-block-heading\">\u2728 N\u00fctzliche Infos f\u00fcr deine Entspannung<\/h3>\n\n\n\n<ul class=\"wp-block-list\">\n<li><strong>Die Stille<\/strong> Es ist die \u201cHauptmusik\u201d dieses Ortes. Schalten Sie Ihr Handy aus und lauschen Sie dem Wind in den Bronzebl\u00e4ttern.<\/li>\n\n\n\n<li><strong>Das Licht<\/strong> Am Morgen beleuchten die Strahlen, die durch die \u00c4ste dringen, einen nach dem anderen die Namen und erzeugen eine fast himmlische Wirkung.<\/li>\n\n\n\n<li><strong>Das Gef\u00fchl<\/strong> Hab keine Angst, ger\u00fchrt zu sein. Dieser Wald ist dazu da, die tiefsten Gedanken aufzunehmen und Frieden zur\u00fcckzugeben.<\/li>\n<\/ul>\n\n\n\n<p>\ud83e\udd7e <strong>Entdecke unsere Routen und buche dein n\u00e4chstes Abenteuer hier:<\/strong> <a href=\"https:\/\/commerce.smartness.com\/lacortedimargamiane\" target=\"_blank\" rel=\"noreferrer noopener\">La Corte di Marga \u2013 Erlebnisse &amp; Ausfl\u00fcge<\/a><\/p>\n<\/blockquote>","protected":false},"excerpt":{"rendered":"<p>Esistono luoghi dove la terra smette di essere materia e diventa memoria pura. Poco sopra l\u2019abitato di Cison di Valmarino, nella solitudine della Valle di San Daniele, sorge il Bosco delle Penne Mozze. Non chiamatelo cimitero: qui non ci sono lapidi, non ci sono croci e, soprattutto, non c\u2019\u00e8 un solo corpo sepolto. Eppure, la [&hellip;]<\/p>\n","protected":false},"author":3,"featured_media":2426,"comment_status":"closed","ping_status":"open","sticky":false,"template":"","format":"standard","meta":{"_breakdance_hide_in_design_set":false,"_breakdance_tags":"","footnotes":""},"categories":[9],"tags":[84,83,21,42,20,88,85,22,28,37,86,23,53,87,36,89,24],"class_list":["post-2425","post","type-post","status-publish","format-standard","has-post-thumbnail","hentry","category-anima-cultura-slow-travel-e-storia","tag-alpini","tag-boscopennemozze","tag-collineprosecco","tag-cortedimargamiane","tag-lacortedimarga","tag-luoghidellospirito","tag-memorialealpino","tag-miane","tag-naturaeapprendimento","tag-patrimoniounesco","tag-prealpitrevigiane","tag-proseccohills","tag-proseccohillsholidays-2","tag-turismoemozionale","tag-unescoheritage","tag-valledisandaniele","tag-visitveneto"],"yoast_head":"<!-- This site is optimized with the Yoast SEO plugin v28.2 - https:\/\/yoast.com\/product\/yoast-seo-wordpress\/ -->\n<title>Bosco delle Penne Mozze a Cison di Valmarino | La Corte di Marga<\/title>\n<meta name=\"description\" content=\"Il Bosco delle Penne Mozze a Cison di Valmarino: un memoriale a cielo aperto tra i faggi della Valle di San Daniele, a pochi passi da La Corte di Marga.\" \/>\n<meta name=\"robots\" content=\"index, follow, max-snippet:-1, max-image-preview:large, max-video-preview:-1\" \/>\n<link rel=\"canonical\" href=\"https:\/\/lacortedimarga.com\/de\/bosco-delle-penne-mozze-cison-valmarino\/\" \/>\n<meta property=\"og:locale\" content=\"de_DE\" \/>\n<meta property=\"og:type\" content=\"article\" \/>\n<meta property=\"og:title\" content=\"Bosco delle Penne Mozze a Cison di Valmarino | La Corte di Marga\" \/>\n<meta property=\"og:description\" content=\"Il Bosco delle Penne Mozze a Cison di Valmarino: un memoriale a cielo aperto tra i faggi della Valle di San Daniele, a pochi passi da La Corte di Marga.\" \/>\n<meta property=\"og:url\" content=\"https:\/\/lacortedimarga.com\/de\/bosco-delle-penne-mozze-cison-valmarino\/\" \/>\n<meta property=\"og:site_name\" content=\"La Corte di Marga\" \/>\n<meta property=\"article:publisher\" content=\"https:\/\/www.facebook.com\/lacortedimarga\" \/>\n<meta property=\"article:published_time\" content=\"2026-04-15T15:30:02+00:00\" \/>\n<meta property=\"article:modified_time\" content=\"2026-08-28T08:53:35+00:00\" \/>\n<meta property=\"og:image\" content=\"https:\/\/lacortedimarga.com\/wp-content\/uploads\/2026\/04\/La_Corte_di_Marga_escursioni_-bosco_delle_penne_mozze.webp\" \/>\n\t<meta property=\"og:image:width\" content=\"1500\" \/>\n\t<meta property=\"og:image:height\" content=\"1124\" \/>\n\t<meta property=\"og:image:type\" content=\"image\/webp\" \/>\n<meta name=\"author\" content=\"Roberto\" \/>\n<meta name=\"twitter:card\" content=\"summary_large_image\" \/>\n<meta name=\"twitter:label1\" content=\"Verfasst von\" \/>\n\t<meta name=\"twitter:data1\" content=\"Roberto\" \/>\n\t<meta name=\"twitter:label2\" content=\"Gesch\u00e4tzte Lesezeit\" \/>\n\t<meta name=\"twitter:data2\" content=\"3\u00a0Minuten\" \/>\n<script type=\"application\/ld+json\" class=\"yoast-schema-graph\">{\"@context\":\"https:\\\/\\\/schema.org\",\"@graph\":[{\"@type\":\"Article\",\"@id\":\"https:\\\/\\\/lacortedimarga.com\\\/bosco-penne-mozze-cison-valmarino\\\/#article\",\"isPartOf\":{\"@id\":\"https:\\\/\\\/lacortedimarga.com\\\/bosco-penne-mozze-cison-valmarino\\\/\"},\"author\":{\"name\":\"Roberto\",\"@id\":\"https:\\\/\\\/lacortedimarga.com\\\/#\\\/schema\\\/person\\\/35b8aa132ce672c39a5ece2e9b43b967\"},\"headline\":\"Il Bosco delle Penne Mozze: L\u2019Urlo Silenzioso delle 2.403 Anime\",\"datePublished\":\"2026-04-15T15:30:02+00:00\",\"dateModified\":\"2026-08-28T08:53:35+00:00\",\"mainEntityOfPage\":{\"@id\":\"https:\\\/\\\/lacortedimarga.com\\\/bosco-penne-mozze-cison-valmarino\\\/\"},\"wordCount\":546,\"publisher\":{\"@id\":\"https:\\\/\\\/lacortedimarga.com\\\/#organization\"},\"image\":{\"@id\":\"https:\\\/\\\/lacortedimarga.com\\\/bosco-penne-mozze-cison-valmarino\\\/#primaryimage\"},\"thumbnailUrl\":\"https:\\\/\\\/lacortedimarga.com\\\/wp-content\\\/uploads\\\/2026\\\/04\\\/La_Corte_di_Marga_escursioni_-bosco_delle_penne_mozze.webp\",\"keywords\":[\"#Alpini\",\"#BoscoPenneMozze\",\"#CollineProsecco\",\"#CorteDiMargaMiane\",\"#LaCortediMarga\",\"#LuoghiDelloSpirito\",\"#MemorialeAlpino\",\"#Miane\",\"#NaturaEApprendimento\",\"#PatrimonioUNESCO\",\"#PrealpiTrevigiane\",\"#ProseccoHills\",\"#ProseccoHillsHolidays\",\"#TurismoEmozionale\",\"#UNESCOHeritage\",\"#ValleDiSanDaniele\",\"#VisitVeneto\"],\"articleSection\":[\"Anima &amp; Cultura: Slow Travel e Storia\"],\"inLanguage\":\"de\"},{\"@type\":\"WebPage\",\"@id\":\"https:\\\/\\\/lacortedimarga.com\\\/bosco-penne-mozze-cison-valmarino\\\/\",\"url\":\"https:\\\/\\\/lacortedimarga.com\\\/bosco-penne-mozze-cison-valmarino\\\/\",\"name\":\"Bosco delle Penne Mozze a Cison di Valmarino | La Corte di Marga\",\"isPartOf\":{\"@id\":\"https:\\\/\\\/lacortedimarga.com\\\/#website\"},\"primaryImageOfPage\":{\"@id\":\"https:\\\/\\\/lacortedimarga.com\\\/bosco-penne-mozze-cison-valmarino\\\/#primaryimage\"},\"image\":{\"@id\":\"https:\\\/\\\/lacortedimarga.com\\\/bosco-penne-mozze-cison-valmarino\\\/#primaryimage\"},\"thumbnailUrl\":\"https:\\\/\\\/lacortedimarga.com\\\/wp-content\\\/uploads\\\/2026\\\/04\\\/La_Corte_di_Marga_escursioni_-bosco_delle_penne_mozze.webp\",\"datePublished\":\"2026-04-15T15:30:02+00:00\",\"dateModified\":\"2026-08-28T08:53:35+00:00\",\"description\":\"Il Bosco delle Penne Mozze a Cison di Valmarino: un memoriale a cielo aperto tra i faggi della Valle di San Daniele, a pochi passi da La Corte di Marga.\",\"breadcrumb\":{\"@id\":\"https:\\\/\\\/lacortedimarga.com\\\/bosco-penne-mozze-cison-valmarino\\\/#breadcrumb\"},\"inLanguage\":\"de\",\"potentialAction\":[{\"@type\":\"ReadAction\",\"target\":[\"https:\\\/\\\/lacortedimarga.com\\\/bosco-penne-mozze-cison-valmarino\\\/\"]}]},{\"@type\":\"ImageObject\",\"inLanguage\":\"de\",\"@id\":\"https:\\\/\\\/lacortedimarga.com\\\/bosco-penne-mozze-cison-valmarino\\\/#primaryimage\",\"url\":\"https:\\\/\\\/lacortedimarga.com\\\/wp-content\\\/uploads\\\/2026\\\/04\\\/La_Corte_di_Marga_escursioni_-bosco_delle_penne_mozze.webp\",\"contentUrl\":\"https:\\\/\\\/lacortedimarga.com\\\/wp-content\\\/uploads\\\/2026\\\/04\\\/La_Corte_di_Marga_escursioni_-bosco_delle_penne_mozze.webp\",\"width\":1500,\"height\":1124,\"caption\":\"Steli a memoria degli alpini caduti nelle guerre nel bosco delle Penne Mozze\"},{\"@type\":\"BreadcrumbList\",\"@id\":\"https:\\\/\\\/lacortedimarga.com\\\/bosco-penne-mozze-cison-valmarino\\\/#breadcrumb\",\"itemListElement\":[{\"@type\":\"ListItem\",\"position\":1,\"name\":\"Home\",\"item\":\"https:\\\/\\\/lacortedimarga.com\\\/\"},{\"@type\":\"ListItem\",\"position\":2,\"name\":\"Il Bosco delle Penne Mozze: L\u2019Urlo Silenzioso delle 2.403 Anime\"}]},{\"@type\":\"WebSite\",\"@id\":\"https:\\\/\\\/lacortedimarga.com\\\/#website\",\"url\":\"https:\\\/\\\/lacortedimarga.com\\\/\",\"name\":\"La Corte di Marga\",\"description\":\"Prosecco Hills Holidays\",\"publisher\":{\"@id\":\"https:\\\/\\\/lacortedimarga.com\\\/#organization\"},\"potentialAction\":[{\"@type\":\"SearchAction\",\"target\":{\"@type\":\"EntryPoint\",\"urlTemplate\":\"https:\\\/\\\/lacortedimarga.com\\\/?s={search_term_string}\"},\"query-input\":{\"@type\":\"PropertyValueSpecification\",\"valueRequired\":true,\"valueName\":\"search_term_string\"}}],\"inLanguage\":\"de\"},{\"@type\":\"Organization\",\"@id\":\"https:\\\/\\\/lacortedimarga.com\\\/#organization\",\"name\":\"La Corte di Marga\",\"url\":\"https:\\\/\\\/lacortedimarga.com\\\/\",\"logo\":{\"@type\":\"ImageObject\",\"inLanguage\":\"de\",\"@id\":\"https:\\\/\\\/lacortedimarga.com\\\/#\\\/schema\\\/logo\\\/image\\\/\",\"url\":\"https:\\\/\\\/lacortedimarga.com\\\/wp-content\\\/uploads\\\/2025\\\/06\\\/logo-corti-di-marga.webp\",\"contentUrl\":\"https:\\\/\\\/lacortedimarga.com\\\/wp-content\\\/uploads\\\/2025\\\/06\\\/logo-corti-di-marga.webp\",\"width\":955,\"height\":529,\"caption\":\"La Corte di Marga\"},\"image\":{\"@id\":\"https:\\\/\\\/lacortedimarga.com\\\/#\\\/schema\\\/logo\\\/image\\\/\"},\"sameAs\":[\"https:\\\/\\\/www.facebook.com\\\/lacortedimarga\",\"https:\\\/\\\/www.instagram.com\\\/la_corte_di_marga\\\/\",\"https:\\\/\\\/www.tiktok.com\\\/@lacortedimarga\",\"https:\\\/\\\/www.youtube.com\\\/@lacortedimargaofficial\",\"https:\\\/\\\/www.linkedin.com\\\/company\\\/la-corte-di-marga-prosecco-hills-holiday\"]},{\"@type\":\"Person\",\"@id\":\"https:\\\/\\\/lacortedimarga.com\\\/#\\\/schema\\\/person\\\/35b8aa132ce672c39a5ece2e9b43b967\",\"name\":\"Roberto\",\"image\":{\"@type\":\"ImageObject\",\"inLanguage\":\"de\",\"@id\":\"https:\\\/\\\/secure.gravatar.com\\\/avatar\\\/e3f271e90e735cdc34557ef9b92be1ad6f15d5bac04b51fa3cd10b4c11dac25e?s=96&d=mm&r=g\",\"url\":\"https:\\\/\\\/secure.gravatar.com\\\/avatar\\\/e3f271e90e735cdc34557ef9b92be1ad6f15d5bac04b51fa3cd10b4c11dac25e?s=96&d=mm&r=g\",\"contentUrl\":\"https:\\\/\\\/secure.gravatar.com\\\/avatar\\\/e3f271e90e735cdc34557ef9b92be1ad6f15d5bac04b51fa3cd10b4c11dac25e?s=96&d=mm&r=g\",\"caption\":\"Roberto\"},\"url\":\"https:\\\/\\\/lacortedimarga.com\\\/de\\\/author\\\/roberto\\\/\"}]}<\/script>\n<!-- \/ Yoast SEO plugin. -->","yoast_head_json":{"title":"Bosco delle Penne Mozze in Cison di Valmarino | La Corte di Marga","description":"Der Bosco delle Penne Mozze in Cison di Valmarino: ein Freiluft-Denkmal inmitten der Buchen des Valle di San Daniele, nur wenige Schritte von La Corte di Marga entfernt.","robots":{"index":"index","follow":"follow","max-snippet":"max-snippet:-1","max-image-preview":"max-image-preview:large","max-video-preview":"max-video-preview:-1"},"canonical":"https:\/\/lacortedimarga.com\/de\/bosco-delle-penne-mozze-cison-valmarino\/","og_locale":"de_DE","og_type":"article","og_title":"Bosco delle Penne Mozze a Cison di Valmarino | La Corte di Marga","og_description":"Il Bosco delle Penne Mozze a Cison di Valmarino: un memoriale a cielo aperto tra i faggi della Valle di San Daniele, a pochi passi da La Corte di Marga.","og_url":"https:\/\/lacortedimarga.com\/de\/bosco-delle-penne-mozze-cison-valmarino\/","og_site_name":"La Corte di Marga","article_publisher":"https:\/\/www.facebook.com\/lacortedimarga","article_published_time":"2026-04-15T15:30:02+00:00","article_modified_time":"2026-08-28T08:53:35+00:00","og_image":[{"width":1500,"height":1124,"url":"https:\/\/lacortedimarga.com\/wp-content\/uploads\/2026\/04\/La_Corte_di_Marga_escursioni_-bosco_delle_penne_mozze.webp","type":"image\/webp"}],"author":"Roberto","twitter_card":"summary_large_image","twitter_misc":{"Verfasst von":"Roberto","Gesch\u00e4tzte Lesezeit":"3\u00a0Minuten"},"schema":{"@context":"https:\/\/schema.org","@graph":[{"@type":"Article","@id":"https:\/\/lacortedimarga.com\/bosco-penne-mozze-cison-valmarino\/#article","isPartOf":{"@id":"https:\/\/lacortedimarga.com\/bosco-penne-mozze-cison-valmarino\/"},"author":{"name":"Roberto","@id":"https:\/\/lacortedimarga.com\/#\/schema\/person\/35b8aa132ce672c39a5ece2e9b43b967"},"headline":"Il Bosco delle Penne Mozze: L\u2019Urlo Silenzioso delle 2.403 Anime","datePublished":"2026-04-15T15:30:02+00:00","dateModified":"2026-08-28T08:53:35+00:00","mainEntityOfPage":{"@id":"https:\/\/lacortedimarga.com\/bosco-penne-mozze-cison-valmarino\/"},"wordCount":546,"publisher":{"@id":"https:\/\/lacortedimarga.com\/#organization"},"image":{"@id":"https:\/\/lacortedimarga.com\/bosco-penne-mozze-cison-valmarino\/#primaryimage"},"thumbnailUrl":"https:\/\/lacortedimarga.com\/wp-content\/uploads\/2026\/04\/La_Corte_di_Marga_escursioni_-bosco_delle_penne_mozze.webp","keywords":["#Alpini","#BoscoPenneMozze","#CollineProsecco","#CorteDiMargaMiane","#LaCortediMarga","#LuoghiDelloSpirito","#MemorialeAlpino","#Miane","#NaturaEApprendimento","#PatrimonioUNESCO","#PrealpiTrevigiane","#ProseccoHills","#ProseccoHillsHolidays","#TurismoEmozionale","#UNESCOHeritage","#ValleDiSanDaniele","#VisitVeneto"],"articleSection":["Anima &amp; Cultura: Slow Travel e Storia"],"inLanguage":"de"},{"@type":"WebPage","@id":"https:\/\/lacortedimarga.com\/bosco-penne-mozze-cison-valmarino\/","url":"https:\/\/lacortedimarga.com\/bosco-penne-mozze-cison-valmarino\/","name":"Bosco delle Penne Mozze in Cison di Valmarino | La Corte di Marga","isPartOf":{"@id":"https:\/\/lacortedimarga.com\/#website"},"primaryImageOfPage":{"@id":"https:\/\/lacortedimarga.com\/bosco-penne-mozze-cison-valmarino\/#primaryimage"},"image":{"@id":"https:\/\/lacortedimarga.com\/bosco-penne-mozze-cison-valmarino\/#primaryimage"},"thumbnailUrl":"https:\/\/lacortedimarga.com\/wp-content\/uploads\/2026\/04\/La_Corte_di_Marga_escursioni_-bosco_delle_penne_mozze.webp","datePublished":"2026-04-15T15:30:02+00:00","dateModified":"2026-08-28T08:53:35+00:00","description":"Der Bosco delle Penne Mozze in Cison di Valmarino: ein Freiluft-Denkmal inmitten der Buchen des Valle di San Daniele, nur wenige Schritte von La Corte di Marga entfernt.","breadcrumb":{"@id":"https:\/\/lacortedimarga.com\/bosco-penne-mozze-cison-valmarino\/#breadcrumb"},"inLanguage":"de","potentialAction":[{"@type":"ReadAction","target":["https:\/\/lacortedimarga.com\/bosco-penne-mozze-cison-valmarino\/"]}]},{"@type":"ImageObject","inLanguage":"de","@id":"https:\/\/lacortedimarga.com\/bosco-penne-mozze-cison-valmarino\/#primaryimage","url":"https:\/\/lacortedimarga.com\/wp-content\/uploads\/2026\/04\/La_Corte_di_Marga_escursioni_-bosco_delle_penne_mozze.webp","contentUrl":"https:\/\/lacortedimarga.com\/wp-content\/uploads\/2026\/04\/La_Corte_di_Marga_escursioni_-bosco_delle_penne_mozze.webp","width":1500,"height":1124,"caption":"Steli a memoria degli alpini caduti nelle guerre nel bosco delle Penne Mozze"},{"@type":"BreadcrumbList","@id":"https:\/\/lacortedimarga.com\/bosco-penne-mozze-cison-valmarino\/#breadcrumb","itemListElement":[{"@type":"ListItem","position":1,"name":"Home","item":"https:\/\/lacortedimarga.com\/"},{"@type":"ListItem","position":2,"name":"Il Bosco delle Penne Mozze: L\u2019Urlo Silenzioso delle 2.403 Anime"}]},{"@type":"WebSite","@id":"https:\/\/lacortedimarga.com\/#website","url":"https:\/\/lacortedimarga.com\/","name":"Der Hof von Marga","description":"Prosecco Hills Ferien","publisher":{"@id":"https:\/\/lacortedimarga.com\/#organization"},"potentialAction":[{"@type":"SearchAction","target":{"@type":"EntryPoint","urlTemplate":"https:\/\/lacortedimarga.com\/?s={search_term_string}"},"query-input":{"@type":"PropertyValueSpecification","valueRequired":true,"valueName":"search_term_string"}}],"inLanguage":"de"},{"@type":"Organization","@id":"https:\/\/lacortedimarga.com\/#organization","name":"Der Hof von Marga","url":"https:\/\/lacortedimarga.com\/","logo":{"@type":"ImageObject","inLanguage":"de","@id":"https:\/\/lacortedimarga.com\/#\/schema\/logo\/image\/","url":"https:\/\/lacortedimarga.com\/wp-content\/uploads\/2025\/06\/logo-corti-di-marga.webp","contentUrl":"https:\/\/lacortedimarga.com\/wp-content\/uploads\/2025\/06\/logo-corti-di-marga.webp","width":955,"height":529,"caption":"La Corte di Marga"},"image":{"@id":"https:\/\/lacortedimarga.com\/#\/schema\/logo\/image\/"},"sameAs":["https:\/\/www.facebook.com\/lacortedimarga","https:\/\/www.instagram.com\/la_corte_di_marga\/","https:\/\/www.tiktok.com\/@lacortedimarga","https:\/\/www.youtube.com\/@lacortedimargaofficial","https:\/\/www.linkedin.com\/company\/la-corte-di-marga-prosecco-hills-holiday"]},{"@type":"Person","@id":"https:\/\/lacortedimarga.com\/#\/schema\/person\/35b8aa132ce672c39a5ece2e9b43b967","name":"Roberto","image":{"@type":"ImageObject","inLanguage":"de","@id":"https:\/\/secure.gravatar.com\/avatar\/e3f271e90e735cdc34557ef9b92be1ad6f15d5bac04b51fa3cd10b4c11dac25e?s=96&d=mm&r=g","url":"https:\/\/secure.gravatar.com\/avatar\/e3f271e90e735cdc34557ef9b92be1ad6f15d5bac04b51fa3cd10b4c11dac25e?s=96&d=mm&r=g","contentUrl":"https:\/\/secure.gravatar.com\/avatar\/e3f271e90e735cdc34557ef9b92be1ad6f15d5bac04b51fa3cd10b4c11dac25e?s=96&d=mm&r=g","caption":"Roberto"},"url":"https:\/\/lacortedimarga.com\/de\/author\/roberto\/"}]}},"_links":{"self":[{"href":"https:\/\/lacortedimarga.com\/de\/wp-json\/wp\/v2\/posts\/2425","targetHints":{"allow":["GET"]}}],"collection":[{"href":"https:\/\/lacortedimarga.com\/de\/wp-json\/wp\/v2\/posts"}],"about":[{"href":"https:\/\/lacortedimarga.com\/de\/wp-json\/wp\/v2\/types\/post"}],"author":[{"embeddable":true,"href":"https:\/\/lacortedimarga.com\/de\/wp-json\/wp\/v2\/users\/3"}],"replies":[{"embeddable":true,"href":"https:\/\/lacortedimarga.com\/de\/wp-json\/wp\/v2\/comments?post=2425"}],"version-history":[{"count":6,"href":"https:\/\/lacortedimarga.com\/de\/wp-json\/wp\/v2\/posts\/2425\/revisions"}],"predecessor-version":[{"id":2999,"href":"https:\/\/lacortedimarga.com\/de\/wp-json\/wp\/v2\/posts\/2425\/revisions\/2999"}],"wp:featuredmedia":[{"embeddable":true,"href":"https:\/\/lacortedimarga.com\/de\/wp-json\/wp\/v2\/media\/2426"}],"wp:attachment":[{"href":"https:\/\/lacortedimarga.com\/de\/wp-json\/wp\/v2\/media?parent=2425"}],"wp:term":[{"taxonomy":"category","embeddable":true,"href":"https:\/\/lacortedimarga.com\/de\/wp-json\/wp\/v2\/categories?post=2425"},{"taxonomy":"post_tag","embeddable":true,"href":"https:\/\/lacortedimarga.com\/de\/wp-json\/wp\/v2\/tags?post=2425"}],"curies":[{"name":"wp","href":"https:\/\/api.w.org\/{rel}","templated":true}]}}