{"id":2646,"date":"2026-05-31T20:10:37","date_gmt":"2026-05-31T20:10:37","guid":{"rendered":"https:\/\/lacortedimarga.com\/?p=2646"},"modified":"2026-08-28T15:02:48","modified_gmt":"2026-08-28T15:02:48","slug":"jubilaum-in-den-prosecco-hugeln-feiern","status":"publish","type":"post","link":"https:\/\/lacortedimarga.com\/de\/festeggiare-anniversario-colline-del-prosecco\/","title":{"rendered":"Jubil\u00e4um in den Prosecco-H\u00fcgeln feiern: Liebe und Familie im La Corte di Marga zelebrieren"},"content":{"rendered":"<p>Es gibt Meilensteine im Leben, die es verdienen, in der Zeit angehalten zu werden. Ob es sich um zehn, f\u00fcnfundzwanzig oder f\u00fcnfzig Jahre Ehe handelt, ein wichtiger Jahrestag ist nicht nur das Fest eines Paares: Er ist die Erz\u00e4hlung einer Geschichte, die Wurzeln geschlagen hat, Fr\u00fcchte getragen hat und gewachsen ist, bis sie zu einer Familie wurde. Wenn man diese Momente erreicht, ist das sch\u00f6nste Geschenk, das man sich machen kann, die Menschen, die man liebt \u2013 von den Kindern bis zu den Enkelkindern \u2013 an einem besonderen Ort zusammenzubringen, um Danke zu sagen und gemeinsam nach vorne zu blicken. Ein <strong>Jahrestag in den Prosecco-H\u00fcgeln<\/strong> Das ist der perfekte Weg, dies zu tun.<\/p>\n\n\n\n<p>Wir sind <strong>Silvia und Roberto<\/strong> und hier in Miane wissen wir genau, dass jedes <strong>Jahrestag in den Prosecco-H\u00fcgeln<\/strong> bewahrt eine einzigartige Emotion. In unserer Gastfreundschaft liegt ein Versprechen, das wir im Herzen tragen: <strong>\u201cSie kommen als Gast, reisen als Freund ab.\u201d<\/strong>. Wenn Sie sich entscheiden, einen so intimen Moment bei uns zu feiern, \u00f6ffnen wir Ihnen die T\u00fcren unseres Hauses, damit Sie sich als Teil unserer gro\u00dfen Familie f\u00fchlen, und k\u00fcmmern uns um jedes Detail, um Ihr Jubil\u00e4um in eine unvergessliche Erinnerung zu verwandeln.<\/p>\n\n\n\n<h3 class=\"wp-block-heading\">R\u00e4ume zum Teilen f\u00fcr Ihren Jahrestag in den Prosecco-H\u00fcgeln: Silvia f\u00fchrt Sie durch die Auswahl<\/h3>\n\n\n\n<p><em>Hallo, ich bin Silvia.<\/em> Das Feiern eines Jahrestages bedeutet, die richtige Balance zwischen der Freude an einer gemeinsamen Feier und dem Bed\u00fcrfnis nach Komfort und Entspannung f\u00fcr jede Generation, von den Gro\u00dfeltern bis zu den Kleinsten, zu finden. Die Sch\u00f6nheit von La Corte di Marga liegt in seiner F\u00e4higkeit, sich Ihren W\u00fcnschen anzupassen, dank eines 1500 m\u00b2 gro\u00dfen, eingez\u00e4unten Parks mit Pool, in dem Kinder sicher spielen k\u00f6nnen, w\u00e4hrend sich die Erwachsenen entspannen.<\/p>\n\n\n\n<p>Je nachdem, wie Sie Ihre Feier gestalten, habe ich verschiedene L\u00f6sungen f\u00fcr Sie ausgedacht:<\/p>\n\n\n\n<ul class=\"wp-block-list\">\n<li><strong>Ein intimes Jubil\u00e4um f\u00fcr Paare:<\/strong> Wenn Sie sich eine romantische Auszeit nur f\u00fcr Sie beide g\u00f6nnen m\u00f6chten, werde ich Sie begr\u00fc\u00dfen in <strong>Haus Gustet<\/strong>. Dieses antike Steingut umschmeichelt Sie mit der W\u00e4rme seiner sichtbaren Holzbalken und bietet Ihnen einen besonderen Zauber: ein fantastisches Hochparterre im zweiten Stock, von dem aus Sie die Sterne bewundern k\u00f6nnen, bevor Sie einschlafen. Die kleine private Terrasse im Schatten wird Ihr Paradies f\u00fcr das morgendliche Fr\u00fchst\u00fcck sein.<\/li>\n\n\n\n<li><strong>Das Fest mit der ganzen Familie:<\/strong> Wenn Sie Ihre Kinder zusammenbringen m\u00f6chten, k\u00f6nnen Sie sich f\u00fcr die unabh\u00e4ngigen Apartments von entscheiden <strong>Haus Ginetta<\/strong> oder die Vertraulichkeit von <strong>Villa Marga<\/strong> mit seinem privaten Garten und Innenhof. Und wenn der Jahrestag alle zusammenruft? Sie k\u00f6nnen <strong>die gesamte Corte exklusiv mieten (bis zu 32 Betten)<\/strong>, da Sie das gesamte Anwesen f\u00fcr ein ganzes Wochenende f\u00fcr Ihre private Feier zur Verf\u00fcgung haben.<\/li>\n<\/ul>\n\n\n\n<h3 class=\"wp-block-heading\">Der perfekte Toast f\u00fcr Ihre Geschichte: das Wort an Roberto<\/h3>\n\n\n\n<p><em>Hallo, ich bin Roberto.<\/em> Als Gastgeber und <strong>Sommelier<\/strong>, Ich glaube, jede gro\u00dfe Liebesgeschichte verdient es, mit der W\u00e4rme eines aufrichtigen Trinkspruchs gefeiert zu werden. Vergessen Sie f\u00fcr Ihren Jahrestag f\u00f6rmliche und kalte Feiern: Stellen Sie sich einen rustikalen Holztisch auf unserer Steinterrasse vor, beleuchtet vom goldenen Licht des Sonnenuntergangs, der die Weinberge erhellt, und versch\u00f6nert mit Girlanden aus warmen Lichterketten und Kerzen.<\/p>\n\n\n\n<p>Meine Aufgabe wird es sein, Ihrer Feier eine unvergessliche Geschmacksnote zu verleihen:<\/p>\n\n\n\n<ul class=\"wp-block-list\">\n<li><strong>Der Toast mit Prosecco Superiore:<\/strong> Ich werde die besten Flaschen Conegliano Valdobbiadene Prosecco Superiore DOCG f\u00fcr Sie \u00f6ffnen und Ihnen die Geschichte und Poesie erz\u00e4hlen, die sich hinter jedem Bl\u00e4schen verbirgt. Aber wie ich immer gerne erinnere, bietet unser Land <em>\u201cnicht nur Prosecco\u201d<\/em>Ich werde f\u00fcr Ihre Familie die strukturiertesten Rot- und Wei\u00dfweine der Region ausw\u00e4hlen und sie mit traditionellen Treviso-Platten kombinieren.<\/li>\n\n\n\n<li><strong>Ein ma\u00dfgeschneiderter besonderer Tag:<\/strong> Ob Sie ein Mittagessen auf der Terrasse mit Blick auf die UNESCO-H\u00fcgel w\u00fcnschen oder Ihr Wochenende mit einem gemeinsamen Erlebnis bereichern m\u00f6chten \u2013 wie einem Ausritt im Hochgebirge oder einer E-Bike-Tour durch die Weinberge \u2013 ich k\u00fcmmere mich pers\u00f6nlich um die Koordination mit unseren lokalen Partnern.<\/li>\n<\/ul>\n\n\n\n<p>Die Zeit vergeht, aber die sch\u00f6nsten Geschichten bleiben. Wir erwarten Sie im Hof, um den Tisch zu verl\u00e4ngern, die Kerzen anzuz\u00fcnden und gemeinsam auf Ihren Weg anzusto\u00dfen.<\/p>\n\n\n\n<h4 class=\"wp-block-heading\"><strong>Ob f\u00fcr einen romantischen Paarurlaub oder eine gro\u00dfe Feier, die drei Generationen vereint, lassen Sie sich von der authentischen Gastfreundschaft von Miane verw\u00f6hnen<\/strong>, <a href=\"https:\/\/lacortedimarga.com\/de\/\">Entdecke hier<\/a> <strong>die Gastfreundschaft des Hofes von Marga.<\/strong><\/h4>\n\n\n\n<p><em>Rufen Sie uns direkt unter an <strong><a href=\"https:\/\/www.google.com\/search?q=tel:%2B393513210475\" target=\"_blank\" rel=\"noreferrer noopener\">+39 351 321 0475<\/a><\/strong> o <strong><a href=\"https:\/\/wa.me\/393513210475\" target=\"_blank\" rel=\"noreferrer noopener\">Schreib uns auf WhatsApp<\/a><\/strong>Wir, Silvia und Roberto, sind bereit, Ihren ma\u00dfgeschneiderten Aufenthalt zu gestalten.<\/em><\/p>\n\n\n\n<p><\/p>","protected":false},"excerpt":{"rendered":"<p>Ci sono traguardi nella vita che meritano di essere fermati nel tempo. Che si tratti di dieci, venticinque o cinquant\u2019anni di matrimonio, un anniversario importante non \u00e8 solo la festa di una coppia: \u00e8 il racconto di una storia che \u00e8 diventata radici, che ha dato frutti e che si \u00e8 allargata fino a diventare [&hellip;]<\/p>\n","protected":false},"author":3,"featured_media":2638,"comment_status":"closed","ping_status":"open","sticky":false,"template":"","format":"standard","meta":{"_breakdance_hide_in_design_set":false,"_breakdance_tags":"","footnotes":""},"categories":[10],"tags":[21,42,43,187,20,22,28,23,53,142,30,36,24],"class_list":["post-2646","post","type-post","status-publish","format-standard","has-post-thumbnail","hentry","category-esperienza-in-struttura-guest-guide-news","tag-collineprosecco","tag-cortedimargamiane","tag-esperienzaincorte","tag-festeggiareanniverari","tag-lacortedimarga","tag-miane","tag-naturaeapprendimento","tag-proseccohills","tag-proseccohillsholidays-2","tag-robertolarosahost","tag-robertolarosasommelier","tag-unescoheritage","tag-visitveneto"],"yoast_head":"<!-- This site is optimized with the Yoast SEO plugin v28.2 - https:\/\/yoast.com\/product\/yoast-seo-wordpress\/ -->\n<title>Anniversario nelle Colline del Prosecco | La Corte di Marga<\/title>\n<meta name=\"description\" content=\"Festeggia il tuo anniversario nelle Colline del Prosecco a La Corte di Marga: alloggi di charme, parco, piscina e degustazioni con il sommelier.\" \/>\n<meta name=\"robots\" content=\"index, follow, max-snippet:-1, max-image-preview:large, max-video-preview:-1\" \/>\n<link rel=\"canonical\" href=\"https:\/\/lacortedimarga.com\/de\/jubilaum-in-den-prosecco-hugeln-feiern\/\" \/>\n<meta property=\"og:locale\" content=\"de_DE\" \/>\n<meta property=\"og:type\" content=\"article\" \/>\n<meta property=\"og:title\" content=\"Anniversario nelle Colline del Prosecco | La Corte di Marga\" \/>\n<meta property=\"og:description\" content=\"Festeggia il tuo anniversario nelle Colline del Prosecco a La Corte di Marga: alloggi di charme, parco, piscina e degustazioni con il sommelier.\" \/>\n<meta property=\"og:url\" content=\"https:\/\/lacortedimarga.com\/de\/jubilaum-in-den-prosecco-hugeln-feiern\/\" \/>\n<meta property=\"og:site_name\" content=\"La Corte di Marga\" \/>\n<meta property=\"article:publisher\" content=\"https:\/\/www.facebook.com\/lacortedimarga\" \/>\n<meta property=\"article:published_time\" content=\"2026-05-31T20:10:37+00:00\" \/>\n<meta property=\"article:modified_time\" content=\"2026-08-28T15:02:48+00:00\" \/>\n<meta property=\"og:image\" content=\"https:\/\/lacortedimarga.com\/wp-content\/uploads\/2026\/05\/La_Corte_di_Marga_cosa_fare_anniversari.webp\" \/>\n\t<meta property=\"og:image:width\" content=\"1500\" \/>\n\t<meta property=\"og:image:height\" content=\"818\" \/>\n\t<meta property=\"og:image:type\" content=\"image\/webp\" \/>\n<meta name=\"author\" content=\"Roberto\" \/>\n<meta name=\"twitter:card\" content=\"summary_large_image\" \/>\n<meta name=\"twitter:label1\" content=\"Verfasst von\" \/>\n\t<meta name=\"twitter:data1\" content=\"Roberto\" \/>\n\t<meta name=\"twitter:label2\" content=\"Gesch\u00e4tzte Lesezeit\" \/>\n\t<meta name=\"twitter:data2\" content=\"4\u00a0Minuten\" \/>\n<script type=\"application\/ld+json\" class=\"yoast-schema-graph\">{\"@context\":\"https:\\\/\\\/schema.org\",\"@graph\":[{\"@type\":\"Article\",\"@id\":\"https:\\\/\\\/lacortedimarga.com\\\/festeggiare-anniversario-colline-del-prosecco\\\/#article\",\"isPartOf\":{\"@id\":\"https:\\\/\\\/lacortedimarga.com\\\/festeggiare-anniversario-colline-del-prosecco\\\/\"},\"author\":{\"name\":\"Roberto\",\"@id\":\"https:\\\/\\\/lacortedimarga.com\\\/#\\\/schema\\\/person\\\/35b8aa132ce672c39a5ece2e9b43b967\"},\"headline\":\"Festeggiare un anniversario nelle Colline del Prosecco: celebrare l&#8217;amore e la famiglia a La Corte di Marga\",\"datePublished\":\"2026-05-31T20:10:37+00:00\",\"dateModified\":\"2026-08-28T15:02:48+00:00\",\"mainEntityOfPage\":{\"@id\":\"https:\\\/\\\/lacortedimarga.com\\\/festeggiare-anniversario-colline-del-prosecco\\\/\"},\"wordCount\":716,\"publisher\":{\"@id\":\"https:\\\/\\\/lacortedimarga.com\\\/#organization\"},\"image\":{\"@id\":\"https:\\\/\\\/lacortedimarga.com\\\/festeggiare-anniversario-colline-del-prosecco\\\/#primaryimage\"},\"thumbnailUrl\":\"https:\\\/\\\/lacortedimarga.com\\\/wp-content\\\/uploads\\\/2026\\\/05\\\/La_Corte_di_Marga_cosa_fare_anniversari.webp\",\"keywords\":[\"#CollineProsecco\",\"#CorteDiMargaMiane\",\"#EsperienzaInCorte\",\"#Festeggiareanniverari\",\"#LaCortediMarga\",\"#Miane\",\"#NaturaEApprendimento\",\"#ProseccoHills\",\"#ProseccoHillsHolidays\",\"#RobertoLaRosaHost\",\"#RobertoLaRosaSommelier\",\"#UNESCOHeritage\",\"#VisitVeneto\"],\"articleSection\":[\"Esperienza in Struttura: Guest Guide &amp; News\"],\"inLanguage\":\"de\"},{\"@type\":\"WebPage\",\"@id\":\"https:\\\/\\\/lacortedimarga.com\\\/festeggiare-anniversario-colline-del-prosecco\\\/\",\"url\":\"https:\\\/\\\/lacortedimarga.com\\\/festeggiare-anniversario-colline-del-prosecco\\\/\",\"name\":\"Anniversario nelle Colline del Prosecco | La Corte di Marga\",\"isPartOf\":{\"@id\":\"https:\\\/\\\/lacortedimarga.com\\\/#website\"},\"primaryImageOfPage\":{\"@id\":\"https:\\\/\\\/lacortedimarga.com\\\/festeggiare-anniversario-colline-del-prosecco\\\/#primaryimage\"},\"image\":{\"@id\":\"https:\\\/\\\/lacortedimarga.com\\\/festeggiare-anniversario-colline-del-prosecco\\\/#primaryimage\"},\"thumbnailUrl\":\"https:\\\/\\\/lacortedimarga.com\\\/wp-content\\\/uploads\\\/2026\\\/05\\\/La_Corte_di_Marga_cosa_fare_anniversari.webp\",\"datePublished\":\"2026-05-31T20:10:37+00:00\",\"dateModified\":\"2026-08-28T15:02:48+00:00\",\"description\":\"Festeggia il tuo anniversario nelle Colline del Prosecco a La Corte di Marga: alloggi di charme, parco, piscina e degustazioni con il sommelier.\",\"breadcrumb\":{\"@id\":\"https:\\\/\\\/lacortedimarga.com\\\/festeggiare-anniversario-colline-del-prosecco\\\/#breadcrumb\"},\"inLanguage\":\"de\",\"potentialAction\":[{\"@type\":\"ReadAction\",\"target\":[\"https:\\\/\\\/lacortedimarga.com\\\/festeggiare-anniversario-colline-del-prosecco\\\/\"]}]},{\"@type\":\"ImageObject\",\"inLanguage\":\"de\",\"@id\":\"https:\\\/\\\/lacortedimarga.com\\\/festeggiare-anniversario-colline-del-prosecco\\\/#primaryimage\",\"url\":\"https:\\\/\\\/lacortedimarga.com\\\/wp-content\\\/uploads\\\/2026\\\/05\\\/La_Corte_di_Marga_cosa_fare_anniversari.webp\",\"contentUrl\":\"https:\\\/\\\/lacortedimarga.com\\\/wp-content\\\/uploads\\\/2026\\\/05\\\/La_Corte_di_Marga_cosa_fare_anniversari.webp\",\"width\":1500,\"height\":818,\"caption\":\"Condividere i traguardi pi\u00f9 preziosi con chi si ama: una festa di anniversario in famiglia nel nostro giardino a bordo piscina, dove il calore degli affetti incontra la bellezza senza tempo delle Colline del Prosecco.\"},{\"@type\":\"BreadcrumbList\",\"@id\":\"https:\\\/\\\/lacortedimarga.com\\\/festeggiare-anniversario-colline-del-prosecco\\\/#breadcrumb\",\"itemListElement\":[{\"@type\":\"ListItem\",\"position\":1,\"name\":\"Home\",\"item\":\"https:\\\/\\\/lacortedimarga.com\\\/\"},{\"@type\":\"ListItem\",\"position\":2,\"name\":\"Festeggiare un anniversario nelle Colline del Prosecco: celebrare l&#8217;amore e la famiglia a La Corte di Marga\"}]},{\"@type\":\"WebSite\",\"@id\":\"https:\\\/\\\/lacortedimarga.com\\\/#website\",\"url\":\"https:\\\/\\\/lacortedimarga.com\\\/\",\"name\":\"La Corte di Marga\",\"description\":\"Prosecco Hills Holidays\",\"publisher\":{\"@id\":\"https:\\\/\\\/lacortedimarga.com\\\/#organization\"},\"potentialAction\":[{\"@type\":\"SearchAction\",\"target\":{\"@type\":\"EntryPoint\",\"urlTemplate\":\"https:\\\/\\\/lacortedimarga.com\\\/?s={search_term_string}\"},\"query-input\":{\"@type\":\"PropertyValueSpecification\",\"valueRequired\":true,\"valueName\":\"search_term_string\"}}],\"inLanguage\":\"de\"},{\"@type\":\"Organization\",\"@id\":\"https:\\\/\\\/lacortedimarga.com\\\/#organization\",\"name\":\"La Corte di Marga\",\"url\":\"https:\\\/\\\/lacortedimarga.com\\\/\",\"logo\":{\"@type\":\"ImageObject\",\"inLanguage\":\"de\",\"@id\":\"https:\\\/\\\/lacortedimarga.com\\\/#\\\/schema\\\/logo\\\/image\\\/\",\"url\":\"https:\\\/\\\/lacortedimarga.com\\\/wp-content\\\/uploads\\\/2025\\\/06\\\/logo-corti-di-marga.webp\",\"contentUrl\":\"https:\\\/\\\/lacortedimarga.com\\\/wp-content\\\/uploads\\\/2025\\\/06\\\/logo-corti-di-marga.webp\",\"width\":955,\"height\":529,\"caption\":\"La Corte di Marga\"},\"image\":{\"@id\":\"https:\\\/\\\/lacortedimarga.com\\\/#\\\/schema\\\/logo\\\/image\\\/\"},\"sameAs\":[\"https:\\\/\\\/www.facebook.com\\\/lacortedimarga\",\"https:\\\/\\\/www.instagram.com\\\/la_corte_di_marga\\\/\",\"https:\\\/\\\/www.tiktok.com\\\/@lacortedimarga\",\"https:\\\/\\\/www.youtube.com\\\/@lacortedimargaofficial\",\"https:\\\/\\\/www.linkedin.com\\\/company\\\/la-corte-di-marga-prosecco-hills-holiday\"]},{\"@type\":\"Person\",\"@id\":\"https:\\\/\\\/lacortedimarga.com\\\/#\\\/schema\\\/person\\\/35b8aa132ce672c39a5ece2e9b43b967\",\"name\":\"Roberto\",\"image\":{\"@type\":\"ImageObject\",\"inLanguage\":\"de\",\"@id\":\"https:\\\/\\\/secure.gravatar.com\\\/avatar\\\/e3f271e90e735cdc34557ef9b92be1ad6f15d5bac04b51fa3cd10b4c11dac25e?s=96&d=mm&r=g\",\"url\":\"https:\\\/\\\/secure.gravatar.com\\\/avatar\\\/e3f271e90e735cdc34557ef9b92be1ad6f15d5bac04b51fa3cd10b4c11dac25e?s=96&d=mm&r=g\",\"contentUrl\":\"https:\\\/\\\/secure.gravatar.com\\\/avatar\\\/e3f271e90e735cdc34557ef9b92be1ad6f15d5bac04b51fa3cd10b4c11dac25e?s=96&d=mm&r=g\",\"caption\":\"Roberto\"},\"url\":\"https:\\\/\\\/lacortedimarga.com\\\/de\\\/author\\\/roberto\\\/\"}]}<\/script>\n<!-- \/ Yoast SEO plugin. -->","yoast_head_json":{"title":"Jubil\u00e4um in den Prosecco-H\u00fcgeln | La Corte di Marga","description":"Feiern Sie Ihren Jahrestag in den Prosecco-H\u00fcgeln im La Corte di Marga: charmante Unterk\u00fcnfte, Park, Pool und Weinproben mit dem Sommelier.","robots":{"index":"index","follow":"follow","max-snippet":"max-snippet:-1","max-image-preview":"max-image-preview:large","max-video-preview":"max-video-preview:-1"},"canonical":"https:\/\/lacortedimarga.com\/de\/jubilaum-in-den-prosecco-hugeln-feiern\/","og_locale":"de_DE","og_type":"article","og_title":"Anniversario nelle Colline del Prosecco | La Corte di Marga","og_description":"Festeggia il tuo anniversario nelle Colline del Prosecco a La Corte di Marga: alloggi di charme, parco, piscina e degustazioni con il sommelier.","og_url":"https:\/\/lacortedimarga.com\/de\/jubilaum-in-den-prosecco-hugeln-feiern\/","og_site_name":"La Corte di Marga","article_publisher":"https:\/\/www.facebook.com\/lacortedimarga","article_published_time":"2026-05-31T20:10:37+00:00","article_modified_time":"2026-08-28T15:02:48+00:00","og_image":[{"width":1500,"height":818,"url":"https:\/\/lacortedimarga.com\/wp-content\/uploads\/2026\/05\/La_Corte_di_Marga_cosa_fare_anniversari.webp","type":"image\/webp"}],"author":"Roberto","twitter_card":"summary_large_image","twitter_misc":{"Verfasst von":"Roberto","Gesch\u00e4tzte Lesezeit":"4\u00a0Minuten"},"schema":{"@context":"https:\/\/schema.org","@graph":[{"@type":"Article","@id":"https:\/\/lacortedimarga.com\/festeggiare-anniversario-colline-del-prosecco\/#article","isPartOf":{"@id":"https:\/\/lacortedimarga.com\/festeggiare-anniversario-colline-del-prosecco\/"},"author":{"name":"Roberto","@id":"https:\/\/lacortedimarga.com\/#\/schema\/person\/35b8aa132ce672c39a5ece2e9b43b967"},"headline":"Festeggiare un anniversario nelle Colline del Prosecco: celebrare l&#8217;amore e la famiglia a La Corte di Marga","datePublished":"2026-05-31T20:10:37+00:00","dateModified":"2026-08-28T15:02:48+00:00","mainEntityOfPage":{"@id":"https:\/\/lacortedimarga.com\/festeggiare-anniversario-colline-del-prosecco\/"},"wordCount":716,"publisher":{"@id":"https:\/\/lacortedimarga.com\/#organization"},"image":{"@id":"https:\/\/lacortedimarga.com\/festeggiare-anniversario-colline-del-prosecco\/#primaryimage"},"thumbnailUrl":"https:\/\/lacortedimarga.com\/wp-content\/uploads\/2026\/05\/La_Corte_di_Marga_cosa_fare_anniversari.webp","keywords":["#CollineProsecco","#CorteDiMargaMiane","#EsperienzaInCorte","#Festeggiareanniverari","#LaCortediMarga","#Miane","#NaturaEApprendimento","#ProseccoHills","#ProseccoHillsHolidays","#RobertoLaRosaHost","#RobertoLaRosaSommelier","#UNESCOHeritage","#VisitVeneto"],"articleSection":["Esperienza in Struttura: Guest Guide &amp; News"],"inLanguage":"de"},{"@type":"WebPage","@id":"https:\/\/lacortedimarga.com\/festeggiare-anniversario-colline-del-prosecco\/","url":"https:\/\/lacortedimarga.com\/festeggiare-anniversario-colline-del-prosecco\/","name":"Jubil\u00e4um in den Prosecco-H\u00fcgeln | La Corte di Marga","isPartOf":{"@id":"https:\/\/lacortedimarga.com\/#website"},"primaryImageOfPage":{"@id":"https:\/\/lacortedimarga.com\/festeggiare-anniversario-colline-del-prosecco\/#primaryimage"},"image":{"@id":"https:\/\/lacortedimarga.com\/festeggiare-anniversario-colline-del-prosecco\/#primaryimage"},"thumbnailUrl":"https:\/\/lacortedimarga.com\/wp-content\/uploads\/2026\/05\/La_Corte_di_Marga_cosa_fare_anniversari.webp","datePublished":"2026-05-31T20:10:37+00:00","dateModified":"2026-08-28T15:02:48+00:00","description":"Feiern Sie Ihren Jahrestag in den Prosecco-H\u00fcgeln im La Corte di Marga: charmante Unterk\u00fcnfte, Park, Pool und Weinproben mit dem Sommelier.","breadcrumb":{"@id":"https:\/\/lacortedimarga.com\/festeggiare-anniversario-colline-del-prosecco\/#breadcrumb"},"inLanguage":"de","potentialAction":[{"@type":"ReadAction","target":["https:\/\/lacortedimarga.com\/festeggiare-anniversario-colline-del-prosecco\/"]}]},{"@type":"ImageObject","inLanguage":"de","@id":"https:\/\/lacortedimarga.com\/festeggiare-anniversario-colline-del-prosecco\/#primaryimage","url":"https:\/\/lacortedimarga.com\/wp-content\/uploads\/2026\/05\/La_Corte_di_Marga_cosa_fare_anniversari.webp","contentUrl":"https:\/\/lacortedimarga.com\/wp-content\/uploads\/2026\/05\/La_Corte_di_Marga_cosa_fare_anniversari.webp","width":1500,"height":818,"caption":"Condividere i traguardi pi\u00f9 preziosi con chi si ama: una festa di anniversario in famiglia nel nostro giardino a bordo piscina, dove il calore degli affetti incontra la bellezza senza tempo delle Colline del Prosecco."},{"@type":"BreadcrumbList","@id":"https:\/\/lacortedimarga.com\/festeggiare-anniversario-colline-del-prosecco\/#breadcrumb","itemListElement":[{"@type":"ListItem","position":1,"name":"Home","item":"https:\/\/lacortedimarga.com\/"},{"@type":"ListItem","position":2,"name":"Festeggiare un anniversario nelle Colline del Prosecco: celebrare l&#8217;amore e la famiglia a La Corte di Marga"}]},{"@type":"WebSite","@id":"https:\/\/lacortedimarga.com\/#website","url":"https:\/\/lacortedimarga.com\/","name":"Der Hof von Marga","description":"Prosecco Hills Ferien","publisher":{"@id":"https:\/\/lacortedimarga.com\/#organization"},"potentialAction":[{"@type":"SearchAction","target":{"@type":"EntryPoint","urlTemplate":"https:\/\/lacortedimarga.com\/?s={search_term_string}"},"query-input":{"@type":"PropertyValueSpecification","valueRequired":true,"valueName":"search_term_string"}}],"inLanguage":"de"},{"@type":"Organization","@id":"https:\/\/lacortedimarga.com\/#organization","name":"Der Hof von Marga","url":"https:\/\/lacortedimarga.com\/","logo":{"@type":"ImageObject","inLanguage":"de","@id":"https:\/\/lacortedimarga.com\/#\/schema\/logo\/image\/","url":"https:\/\/lacortedimarga.com\/wp-content\/uploads\/2025\/06\/logo-corti-di-marga.webp","contentUrl":"https:\/\/lacortedimarga.com\/wp-content\/uploads\/2025\/06\/logo-corti-di-marga.webp","width":955,"height":529,"caption":"La Corte di Marga"},"image":{"@id":"https:\/\/lacortedimarga.com\/#\/schema\/logo\/image\/"},"sameAs":["https:\/\/www.facebook.com\/lacortedimarga","https:\/\/www.instagram.com\/la_corte_di_marga\/","https:\/\/www.tiktok.com\/@lacortedimarga","https:\/\/www.youtube.com\/@lacortedimargaofficial","https:\/\/www.linkedin.com\/company\/la-corte-di-marga-prosecco-hills-holiday"]},{"@type":"Person","@id":"https:\/\/lacortedimarga.com\/#\/schema\/person\/35b8aa132ce672c39a5ece2e9b43b967","name":"Roberto","image":{"@type":"ImageObject","inLanguage":"de","@id":"https:\/\/secure.gravatar.com\/avatar\/e3f271e90e735cdc34557ef9b92be1ad6f15d5bac04b51fa3cd10b4c11dac25e?s=96&d=mm&r=g","url":"https:\/\/secure.gravatar.com\/avatar\/e3f271e90e735cdc34557ef9b92be1ad6f15d5bac04b51fa3cd10b4c11dac25e?s=96&d=mm&r=g","contentUrl":"https:\/\/secure.gravatar.com\/avatar\/e3f271e90e735cdc34557ef9b92be1ad6f15d5bac04b51fa3cd10b4c11dac25e?s=96&d=mm&r=g","caption":"Roberto"},"url":"https:\/\/lacortedimarga.com\/de\/author\/roberto\/"}]}},"_links":{"self":[{"href":"https:\/\/lacortedimarga.com\/de\/wp-json\/wp\/v2\/posts\/2646","targetHints":{"allow":["GET"]}}],"collection":[{"href":"https:\/\/lacortedimarga.com\/de\/wp-json\/wp\/v2\/posts"}],"about":[{"href":"https:\/\/lacortedimarga.com\/de\/wp-json\/wp\/v2\/types\/post"}],"author":[{"embeddable":true,"href":"https:\/\/lacortedimarga.com\/de\/wp-json\/wp\/v2\/users\/3"}],"replies":[{"embeddable":true,"href":"https:\/\/lacortedimarga.com\/de\/wp-json\/wp\/v2\/comments?post=2646"}],"version-history":[{"count":2,"href":"https:\/\/lacortedimarga.com\/de\/wp-json\/wp\/v2\/posts\/2646\/revisions"}],"predecessor-version":[{"id":3030,"href":"https:\/\/lacortedimarga.com\/de\/wp-json\/wp\/v2\/posts\/2646\/revisions\/3030"}],"wp:featuredmedia":[{"embeddable":true,"href":"https:\/\/lacortedimarga.com\/de\/wp-json\/wp\/v2\/media\/2638"}],"wp:attachment":[{"href":"https:\/\/lacortedimarga.com\/de\/wp-json\/wp\/v2\/media?parent=2646"}],"wp:term":[{"taxonomy":"category","embeddable":true,"href":"https:\/\/lacortedimarga.com\/de\/wp-json\/wp\/v2\/categories?post=2646"},{"taxonomy":"post_tag","embeddable":true,"href":"https:\/\/lacortedimarga.com\/de\/wp-json\/wp\/v2\/tags?post=2646"}],"curies":[{"name":"wp","href":"https:\/\/api.w.org\/{rel}","templated":true}]}}