{"id":2648,"date":"2026-06-05T05:04:24","date_gmt":"2026-06-05T05:04:24","guid":{"rendered":"https:\/\/lacortedimarga.com\/?p=2648"},"modified":"2026-08-28T15:03:58","modified_gmt":"2026-08-28T15:03:58","slug":"intime-hochzeit-in-den-prosecco-hugeln","status":"publish","type":"post","link":"https:\/\/lacortedimarga.com\/de\/matrimonio-intimo-nelle-colline-del-prosecco\/","title":{"rendered":"Intime Hochzeit in den Prosecco-H\u00fcgeln: Die Sch\u00f6nheit der einfachen Dinge im La Corte di Marga"},"content":{"rendered":"<p>Wenn Sie von einer Hochzeitsreportage in einer Zeitschrift tr\u00e4umen, mit Hunderten von G\u00e4sten, die Sie kaum kennen, pomp\u00f6sen Gastgeschenken und einem schwindelerregenden Budget, das Ihnen den Schlaf rauben wird, halten Sie kurz inne. Wir sagen es Ihnen aus tiefstem Herzen: <strong>La Corte di Marga ist nicht die richtige Location f\u00fcr Sie<\/strong>. Keine monumentalen Treppen oder steifen Formalismus.<\/p>\n\n\n\n<p>Wir sind <strong>Silvia und Roberto<\/strong> und hier in Miane lieben wir eine andere Art von Sch\u00f6nheit: die der wahren Dinge. Wir m\u00f6gen die Vorstellung eines Festes, bei dem man maximal zu zwanzig Leuten am Tisch sitzt, sich in die Augen schaut, von Herzen lacht und ein ganzes Wochenende miteinander verbringt, ohne die Sorge um den Geldbeutel. In unserem Haus gilt nur eine Regel, die unser Slogan ist: <strong>\u201cSie kommen als Gast, reisen als Freund ab.\u201d<\/strong>. Wenn Sie auf der Suche nach einem <strong>Intime Hochzeit in den Prosecco-H\u00fcgeln<\/strong> wenn es einfach, authentisch und zug\u00e4nglich ist, dann erz\u00e4hlen wir Ihnen gerne, wie wir es hier bei uns organisieren.<\/p>\n\n\n\n<h3 class=\"wp-block-heading\">Ein Zuhause f\u00fcr Ihre intime Hochzeit in den Prosecco-H\u00fcgels: Silvia erz\u00e4hlt Ihnen von der Gastfreundschaft<\/h3>\n\n\n\n<p><em>Hallo, ich bin <strong>Silvia<\/strong>.<\/em> Die wahre St\u00e4rke unseres Hofes liegt nicht in seiner Gr\u00f6\u00dfe, sondern in seiner Intimit\u00e4t. Unsere Struktur wurde in erster Linie f\u00fcr <strong>die G\u00e4ste des Brautpaares bewirten<\/strong>: wir bieten in der Tat <strong>bis zu 32 Betten<\/strong> Gesamt. Stelldir vor, deine Verwandten oder besten Freunde kommen am Freitag, richten sich ein und vergessen die Eile. Wir werden f\u00fcr ein Wochenende dein Zuhause. Und am Morgen werde ich mich darum k\u00fcmmern, alle mit meinem Fr\u00fchst\u00fcck zu verw\u00f6hnen, damit wir den Tag in aller Ruhe gemeinsam beginnen k\u00f6nnen.<\/p>\n\n\n\n<p>Ihre G\u00e4ste werden in drei unabh\u00e4ngigen und rustikalen Steingeb\u00e4uden, die W\u00e4rme ausstrahlen, untergebracht:<\/p>\n\n\n\n<ul class=\"wp-block-list\">\n<li><strong>Villa Marga:<\/strong> Mit seinem privaten Garten und seiner Terrasse ist es perfekt f\u00fcr die Vorbereitungen der Braut oder als Nest f\u00fcr die Hochzeitsnacht.<\/li>\n\n\n\n<li><strong>Casa Gustet:<\/strong> Ein altes Bauernhaus mit einem fantastischen Dachboden im zweiten Stock zum Sternegucken und einem kleinen privaten schattigen Innenhof.<\/li>\n\n\n\n<li><strong>Casa Ginetta<\/strong> Es beherbergt zwei gro\u00dfe, unabh\u00e4ngige Apartments, ideal, um Freunden oder Familienzweigen maximale Autonomie zu geben.<\/li>\n<\/ul>\n\n\n\n<p>Hier ist alles menschlich: keine verschenkten R\u00e4ume, nur ein gesch\u00fctzter Garten, in dem Kinder frei laufen und Erwachsene sich entspannen.<\/p>\n\n\n\n<h3 class=\"wp-block-heading\">Aperitifs in the pool and real toasts: Roberto has his say<\/h3>\n\n\n\n<p><em>Hallo, ich bin Roberto.<\/em> Da hast du es <strong>Sommelier<\/strong>, Ich bin davon \u00fcberzeugt, dass man zum g\u00f6ttlich speisen und trinken keine Sterne-Caterer mit unerschwinglichen Preisen braucht. Da wir uns entschieden haben, intime Veranstaltungen f\u00fcr maximal zwanzig Personen auszurichten, k\u00f6nnen wir die Dinge auf unsere Weise tun, zu ehrlichen Preisen und mit viel Flexibilit\u00e4t.<\/p>\n\n\n\n<p>Keine endlosen Buffets, bei denen das Essen kalt wird. F\u00fcr Ihre Micro-Hochzeit habe ich klare und authentische Angebote durchdacht:<\/p>\n\n\n\n<ul class=\"wp-block-list\">\n<li><strong>Aperitif am Pool:<\/strong> Der Moment des Ja-Wortes oder des Ansto\u00dfens wird in unserem 1500 m\u00b2 gro\u00dfen Park magisch. Wir arrangieren einen informellen Aperitif direkt am Pool, mit den F\u00fc\u00dfen im Gras, w\u00e4hrend die Sonne hinter den UNESCO-H\u00fcgeln untergeht.<\/li>\n\n\n\n<li><strong>Micro-Catering und Gl\u00e4ser der Region<\/strong> Wir k\u00fcmmern uns um den Mikro-Catering-Service und bringen die Wurstwaren, K\u00e4se und Aromen der authentischen Tradition von Treviso auf den Tisch. F\u00fcr den Toast werde ich unseren Conegliano Valdobbiadene Prosecco Superiore DOCG entkorken, aber wie Sie wissen, ist meine Philosophie <em>\u201cnicht nur Prosecco\u201d<\/em>ich werde Sie auf eine Entdeckungsreise der besonderen Rot- und Wei\u00dfweine unseres Kellers mitnehmen.<\/li>\n\n\n\n<li><strong>Stressfreie Aktivit\u00e4ten<\/strong> Wenn Ihre G\u00e4ste sich bewegen m\u00f6chten, helfe ich Ihnen gerne bei der Organisation von Spazierg\u00e4ngen auf den Wegen hinter dem Haus oder E-Bike- und Reittouren durch die Weinberge mit unseren vertrauensw\u00fcrdigen Partnern.<\/li>\n<\/ul>\n\n\n\n<p>Eine einfache, intime und erschwingliche Hochzeit ist m\u00f6glich. Wir warten in der Corte auf Sie, um Ihnen zu zeigen, dass die sch\u00f6nsten Feste diejenigen sind, bei denen man sich wie zu Hause f\u00fchlt.<\/p>\n\n\n\n<h3 class=\"wp-block-heading\">Fangen Sie an, von Ihrer intimen Hochzeit in den Prosecco-H\u00fcgeln zu tr\u00e4umen<\/h3>\n\n\n\n<p>M\u00f6chten Sie eine Mikrohochzeit f\u00fcr 20 Personen organisieren und Ihren G\u00e4sten einen unvergesslichen Aufenthalt in unserem Paradies g\u00f6nnen?<\/p>\n\n\n\n<p>Sie k\u00f6nnen die freien Termine einsehen und die Verf\u00fcgbarkeit unserer H\u00e4user direkt hier pr\u00fcfen: <strong><a target=\"_blank\" rel=\"noreferrer noopener\" href=\"https:\/\/www.google.com\/search?q=https:\/\/commerce.smartness.com\/lacortedimargamiane\">Verf\u00fcgbarkeiten im La Corte di Marga entdecken<\/a><\/strong>.<\/p>\n\n\n\n<p>Um mit uns ein paar Worte zu wechseln, uns von Ihren Vorstellungen f\u00fcr Ihre Feier zu erz\u00e4hlen und ein personalisiertes Angebot zu erhalten, rufen Sie uns direkt an unter <strong><a href=\"https:\/\/www.google.com\/search?q=tel:%2B393513210475\" target=\"_blank\" rel=\"noreferrer noopener\">+39 351 321 0475<\/a><\/strong> o <strong><a href=\"https:\/\/www.google.com\/search?q=https:\/\/wa.me\/393513210475\" target=\"_blank\" rel=\"noreferrer noopener\">Schreiben Sie uns auf WhatsApp<\/a><\/strong>. Denken Sie daran: Sie kommen als G\u00e4ste zu uns, aber Sie gehen als Freunde.<\/p>\n\n\n\n<p><\/p>","protected":false},"excerpt":{"rendered":"<p>Se state sognando un matrimonio da copertina, con centinaia di invitati che a malapena conoscete, bomboniere sfarzose e un budget da capogiro che vi toglier\u00e0 il sonno, fermatevi un secondo. Ve lo diciamo con il cuore in mano: La Corte di Marga non \u00e8 la location che fa per voi. Niente scale monumentali o formalismi [&hellip;]<\/p>\n","protected":false},"author":3,"featured_media":2639,"comment_status":"closed","ping_status":"open","sticky":false,"template":"","format":"standard","meta":{"_breakdance_hide_in_design_set":false,"_breakdance_tags":"","footnotes":""},"categories":[10],"tags":[189,184,183,21,42,43,20,188,22,190,191,28,23,53,142,30,36,182,24],"class_list":["post-2648","post","type-post","status-publish","format-standard","has-post-thumbnail","hentry","category-esperienza-in-struttura-guest-guide-news","tag-alloggioospitisposi","tag-casaginetta","tag-casagustet","tag-collineprosecco","tag-cortedimargamiane","tag-esperienzaincorte","tag-lacortedimarga","tag-matrimoniointimo","tag-miane","tag-microcatering","tag-microwedding","tag-naturaeapprendimento","tag-proseccohills","tag-proseccohillsholidays-2","tag-robertolarosahost","tag-robertolarosasommelier","tag-unescoheritage","tag-villamarga","tag-visitveneto"],"yoast_head":"<!-- This site is optimized with the Yoast SEO plugin v28.2 - https:\/\/yoast.com\/product\/yoast-seo-wordpress\/ -->\n<title>Matrimonio intimo nelle colline del prosecco | La Corte di Marga<\/title>\n<meta name=\"description\" content=\"Cerchi un matrimonio intimo nelle colline del prosecco? La Corte di Marga ospita eventi per piccoli gruppi con alloggio e piscina.\" \/>\n<meta name=\"robots\" content=\"index, follow, max-snippet:-1, max-image-preview:large, max-video-preview:-1\" \/>\n<link rel=\"canonical\" href=\"https:\/\/lacortedimarga.com\/de\/intime-hochzeit-in-den-prosecco-hugeln\/\" \/>\n<meta property=\"og:locale\" content=\"de_DE\" \/>\n<meta property=\"og:type\" content=\"article\" \/>\n<meta property=\"og:title\" content=\"Matrimonio intimo nelle colline del prosecco | La Corte di Marga\" \/>\n<meta property=\"og:description\" content=\"Cerchi un matrimonio intimo nelle colline del prosecco? La Corte di Marga ospita eventi per piccoli gruppi con alloggio e piscina.\" \/>\n<meta property=\"og:url\" content=\"https:\/\/lacortedimarga.com\/de\/intime-hochzeit-in-den-prosecco-hugeln\/\" \/>\n<meta property=\"og:site_name\" content=\"La Corte di Marga\" \/>\n<meta property=\"article:publisher\" content=\"https:\/\/www.facebook.com\/lacortedimarga\" \/>\n<meta property=\"article:published_time\" content=\"2026-06-05T05:04:24+00:00\" \/>\n<meta property=\"article:modified_time\" content=\"2026-08-28T15:03:58+00:00\" \/>\n<meta property=\"og:image\" content=\"https:\/\/lacortedimarga.com\/wp-content\/uploads\/2026\/05\/La_Corte_di_Marga_cosa_fare_matrimoni.webp\" \/>\n\t<meta property=\"og:image:width\" content=\"1500\" \/>\n\t<meta property=\"og:image:height\" content=\"818\" \/>\n\t<meta property=\"og:image:type\" content=\"image\/webp\" \/>\n<meta name=\"author\" content=\"Roberto\" \/>\n<meta name=\"twitter:card\" content=\"summary_large_image\" \/>\n<meta name=\"twitter:label1\" content=\"Verfasst von\" \/>\n\t<meta name=\"twitter:data1\" content=\"Roberto\" \/>\n\t<meta name=\"twitter:label2\" content=\"Gesch\u00e4tzte Lesezeit\" \/>\n\t<meta name=\"twitter:data2\" content=\"4\u00a0Minuten\" \/>\n<script type=\"application\/ld+json\" class=\"yoast-schema-graph\">{\"@context\":\"https:\\\/\\\/schema.org\",\"@graph\":[{\"@type\":\"Article\",\"@id\":\"https:\\\/\\\/lacortedimarga.com\\\/matrimonio-intimo-nelle-colline-del-prosecco\\\/#article\",\"isPartOf\":{\"@id\":\"https:\\\/\\\/lacortedimarga.com\\\/matrimonio-intimo-nelle-colline-del-prosecco\\\/\"},\"author\":{\"name\":\"Roberto\",\"@id\":\"https:\\\/\\\/lacortedimarga.com\\\/#\\\/schema\\\/person\\\/35b8aa132ce672c39a5ece2e9b43b967\"},\"headline\":\"Matrimonio intimo nelle colline del prosecco: la bellezza delle cose semplici a La Corte di Marga\",\"datePublished\":\"2026-06-05T05:04:24+00:00\",\"dateModified\":\"2026-08-28T15:03:58+00:00\",\"mainEntityOfPage\":{\"@id\":\"https:\\\/\\\/lacortedimarga.com\\\/matrimonio-intimo-nelle-colline-del-prosecco\\\/\"},\"wordCount\":696,\"publisher\":{\"@id\":\"https:\\\/\\\/lacortedimarga.com\\\/#organization\"},\"image\":{\"@id\":\"https:\\\/\\\/lacortedimarga.com\\\/matrimonio-intimo-nelle-colline-del-prosecco\\\/#primaryimage\"},\"thumbnailUrl\":\"https:\\\/\\\/lacortedimarga.com\\\/wp-content\\\/uploads\\\/2026\\\/05\\\/La_Corte_di_Marga_cosa_fare_matrimoni.webp\",\"keywords\":[\"#AlloggioOspitiSposi\",\"#CasaGinetta\",\"#CasaGustet\",\"#CollineProsecco\",\"#CorteDiMargaMiane\",\"#EsperienzaInCorte\",\"#LaCortediMarga\",\"#MatrimonioIntimo\",\"#Miane\",\"#MicroCatering\",\"#MicroWedding\",\"#NaturaEApprendimento\",\"#ProseccoHills\",\"#ProseccoHillsHolidays\",\"#RobertoLaRosaHost\",\"#RobertoLaRosaSommelier\",\"#UNESCOHeritage\",\"#VillaMarga\",\"#VisitVeneto\"],\"articleSection\":[\"Esperienza in Struttura: Guest Guide &amp; News\"],\"inLanguage\":\"de\"},{\"@type\":\"WebPage\",\"@id\":\"https:\\\/\\\/lacortedimarga.com\\\/matrimonio-intimo-nelle-colline-del-prosecco\\\/\",\"url\":\"https:\\\/\\\/lacortedimarga.com\\\/matrimonio-intimo-nelle-colline-del-prosecco\\\/\",\"name\":\"Matrimonio intimo nelle colline del prosecco | La Corte di Marga\",\"isPartOf\":{\"@id\":\"https:\\\/\\\/lacortedimarga.com\\\/#website\"},\"primaryImageOfPage\":{\"@id\":\"https:\\\/\\\/lacortedimarga.com\\\/matrimonio-intimo-nelle-colline-del-prosecco\\\/#primaryimage\"},\"image\":{\"@id\":\"https:\\\/\\\/lacortedimarga.com\\\/matrimonio-intimo-nelle-colline-del-prosecco\\\/#primaryimage\"},\"thumbnailUrl\":\"https:\\\/\\\/lacortedimarga.com\\\/wp-content\\\/uploads\\\/2026\\\/05\\\/La_Corte_di_Marga_cosa_fare_matrimoni.webp\",\"datePublished\":\"2026-06-05T05:04:24+00:00\",\"dateModified\":\"2026-08-28T15:03:58+00:00\",\"description\":\"Cerchi un matrimonio intimo nelle colline del prosecco? La Corte di Marga ospita eventi per piccoli gruppi con alloggio e piscina.\",\"breadcrumb\":{\"@id\":\"https:\\\/\\\/lacortedimarga.com\\\/matrimonio-intimo-nelle-colline-del-prosecco\\\/#breadcrumb\"},\"inLanguage\":\"de\",\"potentialAction\":[{\"@type\":\"ReadAction\",\"target\":[\"https:\\\/\\\/lacortedimarga.com\\\/matrimonio-intimo-nelle-colline-del-prosecco\\\/\"]}]},{\"@type\":\"ImageObject\",\"inLanguage\":\"de\",\"@id\":\"https:\\\/\\\/lacortedimarga.com\\\/matrimonio-intimo-nelle-colline-del-prosecco\\\/#primaryimage\",\"url\":\"https:\\\/\\\/lacortedimarga.com\\\/wp-content\\\/uploads\\\/2026\\\/05\\\/La_Corte_di_Marga_cosa_fare_matrimoni.webp\",\"contentUrl\":\"https:\\\/\\\/lacortedimarga.com\\\/wp-content\\\/uploads\\\/2026\\\/05\\\/La_Corte_di_Marga_cosa_fare_matrimoni.webp\",\"width\":1500,\"height\":818,\"caption\":\"Un \\\"s\u00ec\\\" sussurrato tra gli affetti pi\u00f9 cari e la bellezza senza tempo della nostra corte: trasforma il tuo micro-wedding in un intero weekend di festa e intimit\u00e0 nel cuore delle Colline del Prosecco.\"},{\"@type\":\"BreadcrumbList\",\"@id\":\"https:\\\/\\\/lacortedimarga.com\\\/matrimonio-intimo-nelle-colline-del-prosecco\\\/#breadcrumb\",\"itemListElement\":[{\"@type\":\"ListItem\",\"position\":1,\"name\":\"Home\",\"item\":\"https:\\\/\\\/lacortedimarga.com\\\/\"},{\"@type\":\"ListItem\",\"position\":2,\"name\":\"Matrimonio intimo nelle colline del prosecco: la bellezza delle cose semplici a La Corte di Marga\"}]},{\"@type\":\"WebSite\",\"@id\":\"https:\\\/\\\/lacortedimarga.com\\\/#website\",\"url\":\"https:\\\/\\\/lacortedimarga.com\\\/\",\"name\":\"La Corte di Marga\",\"description\":\"Prosecco Hills Holidays\",\"publisher\":{\"@id\":\"https:\\\/\\\/lacortedimarga.com\\\/#organization\"},\"potentialAction\":[{\"@type\":\"SearchAction\",\"target\":{\"@type\":\"EntryPoint\",\"urlTemplate\":\"https:\\\/\\\/lacortedimarga.com\\\/?s={search_term_string}\"},\"query-input\":{\"@type\":\"PropertyValueSpecification\",\"valueRequired\":true,\"valueName\":\"search_term_string\"}}],\"inLanguage\":\"de\"},{\"@type\":\"Organization\",\"@id\":\"https:\\\/\\\/lacortedimarga.com\\\/#organization\",\"name\":\"La Corte di Marga\",\"url\":\"https:\\\/\\\/lacortedimarga.com\\\/\",\"logo\":{\"@type\":\"ImageObject\",\"inLanguage\":\"de\",\"@id\":\"https:\\\/\\\/lacortedimarga.com\\\/#\\\/schema\\\/logo\\\/image\\\/\",\"url\":\"https:\\\/\\\/lacortedimarga.com\\\/wp-content\\\/uploads\\\/2025\\\/06\\\/logo-corti-di-marga.webp\",\"contentUrl\":\"https:\\\/\\\/lacortedimarga.com\\\/wp-content\\\/uploads\\\/2025\\\/06\\\/logo-corti-di-marga.webp\",\"width\":955,\"height\":529,\"caption\":\"La Corte di Marga\"},\"image\":{\"@id\":\"https:\\\/\\\/lacortedimarga.com\\\/#\\\/schema\\\/logo\\\/image\\\/\"},\"sameAs\":[\"https:\\\/\\\/www.facebook.com\\\/lacortedimarga\",\"https:\\\/\\\/www.instagram.com\\\/la_corte_di_marga\\\/\",\"https:\\\/\\\/www.tiktok.com\\\/@lacortedimarga\",\"https:\\\/\\\/www.youtube.com\\\/@lacortedimargaofficial\",\"https:\\\/\\\/www.linkedin.com\\\/company\\\/la-corte-di-marga-prosecco-hills-holiday\"]},{\"@type\":\"Person\",\"@id\":\"https:\\\/\\\/lacortedimarga.com\\\/#\\\/schema\\\/person\\\/35b8aa132ce672c39a5ece2e9b43b967\",\"name\":\"Roberto\",\"image\":{\"@type\":\"ImageObject\",\"inLanguage\":\"de\",\"@id\":\"https:\\\/\\\/secure.gravatar.com\\\/avatar\\\/e3f271e90e735cdc34557ef9b92be1ad6f15d5bac04b51fa3cd10b4c11dac25e?s=96&d=mm&r=g\",\"url\":\"https:\\\/\\\/secure.gravatar.com\\\/avatar\\\/e3f271e90e735cdc34557ef9b92be1ad6f15d5bac04b51fa3cd10b4c11dac25e?s=96&d=mm&r=g\",\"contentUrl\":\"https:\\\/\\\/secure.gravatar.com\\\/avatar\\\/e3f271e90e735cdc34557ef9b92be1ad6f15d5bac04b51fa3cd10b4c11dac25e?s=96&d=mm&r=g\",\"caption\":\"Roberto\"},\"url\":\"https:\\\/\\\/lacortedimarga.com\\\/de\\\/author\\\/roberto\\\/\"}]}<\/script>\n<!-- \/ Yoast SEO plugin. -->","yoast_head_json":{"title":"Intime Hochzeit in den Prosecco-H\u00fcgeln | La Corte di Marga","description":"Suchen Sie eine intime Hochzeit in den Prosecco-H\u00fcgeln? La Corte di Marga veranstaltet kleine Gruppen mit Unterkunft und Pool.","robots":{"index":"index","follow":"follow","max-snippet":"max-snippet:-1","max-image-preview":"max-image-preview:large","max-video-preview":"max-video-preview:-1"},"canonical":"https:\/\/lacortedimarga.com\/de\/intime-hochzeit-in-den-prosecco-hugeln\/","og_locale":"de_DE","og_type":"article","og_title":"Matrimonio intimo nelle colline del prosecco | La Corte di Marga","og_description":"Cerchi un matrimonio intimo nelle colline del prosecco? La Corte di Marga ospita eventi per piccoli gruppi con alloggio e piscina.","og_url":"https:\/\/lacortedimarga.com\/de\/intime-hochzeit-in-den-prosecco-hugeln\/","og_site_name":"La Corte di Marga","article_publisher":"https:\/\/www.facebook.com\/lacortedimarga","article_published_time":"2026-06-05T05:04:24+00:00","article_modified_time":"2026-08-28T15:03:58+00:00","og_image":[{"width":1500,"height":818,"url":"https:\/\/lacortedimarga.com\/wp-content\/uploads\/2026\/05\/La_Corte_di_Marga_cosa_fare_matrimoni.webp","type":"image\/webp"}],"author":"Roberto","twitter_card":"summary_large_image","twitter_misc":{"Verfasst von":"Roberto","Gesch\u00e4tzte Lesezeit":"4\u00a0Minuten"},"schema":{"@context":"https:\/\/schema.org","@graph":[{"@type":"Article","@id":"https:\/\/lacortedimarga.com\/matrimonio-intimo-nelle-colline-del-prosecco\/#article","isPartOf":{"@id":"https:\/\/lacortedimarga.com\/matrimonio-intimo-nelle-colline-del-prosecco\/"},"author":{"name":"Roberto","@id":"https:\/\/lacortedimarga.com\/#\/schema\/person\/35b8aa132ce672c39a5ece2e9b43b967"},"headline":"Matrimonio intimo nelle colline del prosecco: la bellezza delle cose semplici a La Corte di Marga","datePublished":"2026-06-05T05:04:24+00:00","dateModified":"2026-08-28T15:03:58+00:00","mainEntityOfPage":{"@id":"https:\/\/lacortedimarga.com\/matrimonio-intimo-nelle-colline-del-prosecco\/"},"wordCount":696,"publisher":{"@id":"https:\/\/lacortedimarga.com\/#organization"},"image":{"@id":"https:\/\/lacortedimarga.com\/matrimonio-intimo-nelle-colline-del-prosecco\/#primaryimage"},"thumbnailUrl":"https:\/\/lacortedimarga.com\/wp-content\/uploads\/2026\/05\/La_Corte_di_Marga_cosa_fare_matrimoni.webp","keywords":["#AlloggioOspitiSposi","#CasaGinetta","#CasaGustet","#CollineProsecco","#CorteDiMargaMiane","#EsperienzaInCorte","#LaCortediMarga","#MatrimonioIntimo","#Miane","#MicroCatering","#MicroWedding","#NaturaEApprendimento","#ProseccoHills","#ProseccoHillsHolidays","#RobertoLaRosaHost","#RobertoLaRosaSommelier","#UNESCOHeritage","#VillaMarga","#VisitVeneto"],"articleSection":["Esperienza in Struttura: Guest Guide &amp; News"],"inLanguage":"de"},{"@type":"WebPage","@id":"https:\/\/lacortedimarga.com\/matrimonio-intimo-nelle-colline-del-prosecco\/","url":"https:\/\/lacortedimarga.com\/matrimonio-intimo-nelle-colline-del-prosecco\/","name":"Intime Hochzeit in den Prosecco-H\u00fcgeln | La Corte di Marga","isPartOf":{"@id":"https:\/\/lacortedimarga.com\/#website"},"primaryImageOfPage":{"@id":"https:\/\/lacortedimarga.com\/matrimonio-intimo-nelle-colline-del-prosecco\/#primaryimage"},"image":{"@id":"https:\/\/lacortedimarga.com\/matrimonio-intimo-nelle-colline-del-prosecco\/#primaryimage"},"thumbnailUrl":"https:\/\/lacortedimarga.com\/wp-content\/uploads\/2026\/05\/La_Corte_di_Marga_cosa_fare_matrimoni.webp","datePublished":"2026-06-05T05:04:24+00:00","dateModified":"2026-08-28T15:03:58+00:00","description":"Suchen Sie eine intime Hochzeit in den Prosecco-H\u00fcgeln? La Corte di Marga veranstaltet kleine Gruppen mit Unterkunft und Pool.","breadcrumb":{"@id":"https:\/\/lacortedimarga.com\/matrimonio-intimo-nelle-colline-del-prosecco\/#breadcrumb"},"inLanguage":"de","potentialAction":[{"@type":"ReadAction","target":["https:\/\/lacortedimarga.com\/matrimonio-intimo-nelle-colline-del-prosecco\/"]}]},{"@type":"ImageObject","inLanguage":"de","@id":"https:\/\/lacortedimarga.com\/matrimonio-intimo-nelle-colline-del-prosecco\/#primaryimage","url":"https:\/\/lacortedimarga.com\/wp-content\/uploads\/2026\/05\/La_Corte_di_Marga_cosa_fare_matrimoni.webp","contentUrl":"https:\/\/lacortedimarga.com\/wp-content\/uploads\/2026\/05\/La_Corte_di_Marga_cosa_fare_matrimoni.webp","width":1500,"height":818,"caption":"Un \"s\u00ec\" sussurrato tra gli affetti pi\u00f9 cari e la bellezza senza tempo della nostra corte: trasforma il tuo micro-wedding in un intero weekend di festa e intimit\u00e0 nel cuore delle Colline del Prosecco."},{"@type":"BreadcrumbList","@id":"https:\/\/lacortedimarga.com\/matrimonio-intimo-nelle-colline-del-prosecco\/#breadcrumb","itemListElement":[{"@type":"ListItem","position":1,"name":"Home","item":"https:\/\/lacortedimarga.com\/"},{"@type":"ListItem","position":2,"name":"Matrimonio intimo nelle colline del prosecco: la bellezza delle cose semplici a La Corte di Marga"}]},{"@type":"WebSite","@id":"https:\/\/lacortedimarga.com\/#website","url":"https:\/\/lacortedimarga.com\/","name":"Der Hof von Marga","description":"Prosecco Hills Ferien","publisher":{"@id":"https:\/\/lacortedimarga.com\/#organization"},"potentialAction":[{"@type":"SearchAction","target":{"@type":"EntryPoint","urlTemplate":"https:\/\/lacortedimarga.com\/?s={search_term_string}"},"query-input":{"@type":"PropertyValueSpecification","valueRequired":true,"valueName":"search_term_string"}}],"inLanguage":"de"},{"@type":"Organization","@id":"https:\/\/lacortedimarga.com\/#organization","name":"Der Hof von Marga","url":"https:\/\/lacortedimarga.com\/","logo":{"@type":"ImageObject","inLanguage":"de","@id":"https:\/\/lacortedimarga.com\/#\/schema\/logo\/image\/","url":"https:\/\/lacortedimarga.com\/wp-content\/uploads\/2025\/06\/logo-corti-di-marga.webp","contentUrl":"https:\/\/lacortedimarga.com\/wp-content\/uploads\/2025\/06\/logo-corti-di-marga.webp","width":955,"height":529,"caption":"La Corte di Marga"},"image":{"@id":"https:\/\/lacortedimarga.com\/#\/schema\/logo\/image\/"},"sameAs":["https:\/\/www.facebook.com\/lacortedimarga","https:\/\/www.instagram.com\/la_corte_di_marga\/","https:\/\/www.tiktok.com\/@lacortedimarga","https:\/\/www.youtube.com\/@lacortedimargaofficial","https:\/\/www.linkedin.com\/company\/la-corte-di-marga-prosecco-hills-holiday"]},{"@type":"Person","@id":"https:\/\/lacortedimarga.com\/#\/schema\/person\/35b8aa132ce672c39a5ece2e9b43b967","name":"Roberto","image":{"@type":"ImageObject","inLanguage":"de","@id":"https:\/\/secure.gravatar.com\/avatar\/e3f271e90e735cdc34557ef9b92be1ad6f15d5bac04b51fa3cd10b4c11dac25e?s=96&d=mm&r=g","url":"https:\/\/secure.gravatar.com\/avatar\/e3f271e90e735cdc34557ef9b92be1ad6f15d5bac04b51fa3cd10b4c11dac25e?s=96&d=mm&r=g","contentUrl":"https:\/\/secure.gravatar.com\/avatar\/e3f271e90e735cdc34557ef9b92be1ad6f15d5bac04b51fa3cd10b4c11dac25e?s=96&d=mm&r=g","caption":"Roberto"},"url":"https:\/\/lacortedimarga.com\/de\/author\/roberto\/"}]}},"_links":{"self":[{"href":"https:\/\/lacortedimarga.com\/de\/wp-json\/wp\/v2\/posts\/2648","targetHints":{"allow":["GET"]}}],"collection":[{"href":"https:\/\/lacortedimarga.com\/de\/wp-json\/wp\/v2\/posts"}],"about":[{"href":"https:\/\/lacortedimarga.com\/de\/wp-json\/wp\/v2\/types\/post"}],"author":[{"embeddable":true,"href":"https:\/\/lacortedimarga.com\/de\/wp-json\/wp\/v2\/users\/3"}],"replies":[{"embeddable":true,"href":"https:\/\/lacortedimarga.com\/de\/wp-json\/wp\/v2\/comments?post=2648"}],"version-history":[{"count":2,"href":"https:\/\/lacortedimarga.com\/de\/wp-json\/wp\/v2\/posts\/2648\/revisions"}],"predecessor-version":[{"id":3031,"href":"https:\/\/lacortedimarga.com\/de\/wp-json\/wp\/v2\/posts\/2648\/revisions\/3031"}],"wp:featuredmedia":[{"embeddable":true,"href":"https:\/\/lacortedimarga.com\/de\/wp-json\/wp\/v2\/media\/2639"}],"wp:attachment":[{"href":"https:\/\/lacortedimarga.com\/de\/wp-json\/wp\/v2\/media?parent=2648"}],"wp:term":[{"taxonomy":"category","embeddable":true,"href":"https:\/\/lacortedimarga.com\/de\/wp-json\/wp\/v2\/categories?post=2648"},{"taxonomy":"post_tag","embeddable":true,"href":"https:\/\/lacortedimarga.com\/de\/wp-json\/wp\/v2\/tags?post=2648"}],"curies":[{"name":"wp","href":"https:\/\/api.w.org\/{rel}","templated":true}]}}