{"id":2660,"date":"2026-06-09T05:46:44","date_gmt":"2026-06-09T05:46:44","guid":{"rendered":"https:\/\/lacortedimarga.com\/?p=2660"},"modified":"2026-09-03T10:08:46","modified_gmt":"2026-09-03T10:08:46","slug":"museum-schlacht-vittorio-veneto-erster-weltkrieg","status":"publish","type":"post","link":"https:\/\/lacortedimarga.com\/de\/museo-battaglia-vittorio-veneto-grande-guerra\/","title":{"rendered":"Museum der Schlacht in Vittorio Veneto: Das Echo des Gro\u00dfen Krieges zwischen den Prosecco-H\u00fcgeln"},"content":{"rendered":"<p>Wenn man heute durch die Weinberge von Miane spaziert oder die eleganten Ausblicke von Vittorio Veneto bewundert, ist es schwer vorstellbar, dass diese idyllische Landschaft vor etwas mehr als einem Jahrhundert die entscheidende Front eines der blutigsten Konflikte der Menschheitsgeschichte war. Doch die Narben sind noch vorhanden: in den W\u00e4ldern versteckte Sch\u00fctzengr\u00e4ben, in den Fels der Voralpen gegrabene Tunnel und Denkm\u00e4ler auf jedem Platz.<\/p>\n\n\n\n<p>W\u00e4hrend Ihres Aufenthalts in <strong>Der Hof von Marga<\/strong> wir empfehlen Ihnen zu besuchen <strong>Museum der Schlacht von Vittorio Veneto<\/strong>, nach Ceneda, um festzustellen, dass hier die Erinnerung an den Ersten Weltkrieg ein gigantisches, fast viszerales Echo hat. Dieser Ort ist keine kalte Ausstellung von Fundst\u00fccken, sondern eine sinnliche und emotionale Reise.<\/p>\n\n\n\n<p>Um den immensen Wert des darin enthaltenen Schatzes zu verstehen, m\u00fcssen wir verstehen, warum die Geschichte gerade diese H\u00fcgel gew\u00e4hlt hat und wer der Mann ist, der dieses Andenken vor dem Vergessen bewahrt hat.<\/p>\n\n\n\n<h2 class=\"wp-block-heading\">Warum hier? Die Geographie des Schicksals und der Zusammenbruch von Caporetto<\/h2>\n\n\n\n<p>Alles \u00e4ndert sich dramatisch <strong>24. Oktober 1917<\/strong>. Mit der Niederlage von Caporetto bricht die italienische Front zusammen und die Armee wird zu einem verzweifelten R\u00fcckzug gezwungen. Das Land der Provinz Treviso, bis dahin eine sichere Hinterland, wird pl\u00f6tzlich zur <strong>Feuerlinie<\/strong>.<\/p>\n\n\n\n<p>Der R\u00fcckzug stoppt am <strong>Piave<\/strong>, was zu dem <em>\u201cFiume Sacro alla Patria\u201d<\/em>. Die Trevigianische Pedemontana, die H\u00fcgel von Valdobbiadene bis Vittorio Veneto <strong>Miane<\/strong>, werden sie zum defensiven Dreh- und Angelpunkt, auf dem das Schicksal Italiens ausgetragen wird.<\/p>\n\n\n\n<p>Die H\u00fcgel des Prosecco und die dahinterliegenden Voralpen (wie der Monte Cesen und der Col Visentin) verwandelten sich in formidable nat\u00fcrliche Festungen. Die Artillerie auf den H\u00f6hen erlaubte den \u00d6sterreichern, die Ebene zu beherrschen und die italienischen Linien am Piave aus einer vorteilhaften Position heraus zu beschie\u00dfen. Das Gebiet fand sich somit inmitten einer befestigten r\u00fcckw\u00e4rtigen Besatzungszone wieder, wo jeder Heuschober, jeder Keller und jeder Kirchturm f\u00fcr milit\u00e4rische Zwecke beschlagnahmt wurde.<\/p>\n\n\n\n<h2 class=\"wp-block-heading\">\u201cDas Jahr des Hungers\u201d: Das Drama der Zivilbev\u00f6lkerung<\/h2>\n\n\n\n<p>Das monumentale Echo des Gro\u00dfen Krieges in diesen Gebieten ist vor allem mit dem immensen Opfer der lokalen Bev\u00f6lkerung verbunden. Zwischen November 1917 und Oktober 1918 erlebte dieses Gebiet das historische Drama, das bekannt ist als <strong>\u201cDas Jahr des Hungers\u201d<\/strong>.<\/p>\n\n\n\n<p>Mit dem Eintreffen von Hunderttausenden von ersch\u00f6pften \u00f6sterreichisch-ungarischen und deutschen Soldaten waren die lokalen Ressourcen aufgebraucht. Ernten, Vieh, Kupfer aus K\u00fcchen und sogar Kirchenglocken wurden beschlagnahmt, um sie zu Granaten einzuschmelzen. Die Zivilbev\u00f6lkerung, die haupts\u00e4chlich aus Frauen, Kindern und \u00e4lteren Menschen bestand, wurde zur Zwangsarbeit gezwungen, um Gr\u00e4ben, Milit\u00e4rstra\u00dfen und Baracken f\u00fcr den Feind zu bauen.<\/p>\n\n\n\n<p>Unter den noch sehr lebendigen und aktuellen Erinnerungen ist die ber\u00fchmte 100-Tage-Stra\u00dfe in <strong>San Boldo Pass<\/strong> (hier ist der vertiefende Artikel unseres <a href=\"https:\/\/lacortedimarga.com\/de\/san-boldo-pass-die-unglaubliche-geschichte-der-100-tage-strasse\/\">Blog<\/a>) und die <strong>Fan-Stra\u00dfe<\/strong> ein Combai (hier der vertiefende Artikel unseres <a href=\"https:\/\/lacortedimarga.com\/de\/fancombai-strase-fuhrung\/\">Blog<\/a>), zwei unter den vielen Erinnerungen, die unausl\u00f6schliche Spuren im Gebiet der Prosecco-H\u00fcgel hinterlassen haben.<\/p>\n\n\n\n<p>Dieses kollektive Trauma hat in den Familien ein unaufl\u00f6sliches Band zu diesen Ereignissen geschmiedet: Krieg war nichts, was man in den Zeitungen las, er war der Feind, der das letzte St\u00fcck Brot wegnahm.<\/p>\n\n\n\n<h2 class=\"wp-block-heading\">Luigi Marson: Das Versprechen eines \u201cJahrgangs 99er\u2019<\/h2>\n\n\n\n<p>In diesem verwundeten Land beginnt die unglaubliche menschliche Geschichte hinter der Entstehung des Museums. Das Schlachtmuseum entstand nicht durch einen Regierungsdekret, sondern aus der romantischen und hingebungsvollen Besessenheit eines Mannes: <strong>Luigi Marson<\/strong>.<\/p>\n\n\n\n<p>Marson war einer der ber\u00fchmten <strong>\u201cJahrgang 99\u2019<\/strong>, die jungen Soldaten, die schon mit achtzehn Jahren zum Dienst einberufen wurden, um die Piavefront zu verteidigen. Marson, der die H\u00f6lle der Front \u00fcberlebte, schwor sich, dass das Opfer seiner Kameraden und das Leid seines Volkes niemals vergessen werden w\u00fcrden.<\/p>\n\n\n\n<p>Von den Tagen unmittelbar nach dem Waffenstillstand an begann Marson, die Schlachtfelder, H\u00fcgel und verlassenen Gr\u00e4ben der linken Piave-Front zu Fu\u00df zu durchstreifen. Er sammelte alles, was der Krieg im Schlamm hinterlassen hatte: durchl\u00f6cherte Helme, regendurchweichte Briefe, Patronenh\u00fclsen, Leuchtraketen, zerrissene Uniformen und intime Tageb\u00fccher. Seine Privatsammlung wurde so umfangreich und wertvoll, dass sie im <strong>1938<\/strong>, im monumentalen Palazzo della Comunit\u00e0 in Ceneda wurde offiziell das Museum eingeweiht. Marson hatte sein Versprechen gehalten.<\/p>\n\n\n\n<h2 class=\"wp-block-heading\">Im Museum der Schlacht von Vittorio Veneto: eine multimediale Reise auf drei Ebenen<\/h2>\n\n\n\n<p>Das k\u00fcrzlich renovierte Museum mit modernster technischer und multimedialer Ausstattung l\u00e4sst die von Marson gesammelten Objekte direkt sprechen und bietet einen dreistufigen Parcours mit h\u00f6chstem emotionalen Erlebnis:<\/p>\n\n\n\n<h3 class=\"wp-block-heading\">1. Die H\u00f6lle im Sch\u00fctzengraben<\/h3>\n\n\n\n<p>Der Abschnitt, der den Besuchern den Atem raubt, ist die <strong>Rekonstruktion eines Sch\u00fctzengrabens in Originalgr\u00f6\u00dfe<\/strong>. Beim Gang durch diesen engen Raum, eingeh\u00fcllt in d\u00e4mmriges Licht und die dumpfen, hallenden Ger\u00e4usche der Bombardements, die durch die Korridore widerhallen, sp\u00fcrt man die t\u00e4gliche Angst des Soldaten, die Furcht vor Gas und den Schlamm des Lebens an der Front.<\/p>\n\n\n\n<h3 class=\"wp-block-heading\">2. Die Waffenkammer und die Technologie des Todes<\/h3>\n\n\n\n<p>Das Museum beherbergt eine der reichsten Sammlungen historischer Waffen in Europa. Neben den offiziellen Waffen der italienischen und \u00f6sterreichisch-ungarischen Armee fallen die rudiment\u00e4ren und grausamen Werkzeuge auf, die im Nahkampf in den Felsentunneln unserer Voralpen eingesetzt wurden und Zeugnis von einem Krieg ablegen, der industrielle Technologie mit primitiver Brutalit\u00e4t verband.<\/p>\n\n\n\n<h3 class=\"wp-block-heading\">3. Hunger und der stille Widerstand<\/h3>\n\n\n\n<p>Die letzte Etage ist eine Hommage an die Zivilbev\u00f6lkerung und das bereits erw\u00e4hnte \u201cJahr des Hungers\u201d. Durch historische Fotos, Dokumente und Requirierungen wird der stille Heroismus der Frauen und \u00e4lteren Menschen erz\u00e4hlt, die ein erstes, spontanes Spionagenetz schufen, um Informationen \u00fcber den Piave zu \u00fcbermitteln, ein Verdienst, der Vittorio Veneto den <strong>Goldene Medaille f\u00fcr milit\u00e4rische Tapferkeit<\/strong>.<\/p>\n\n\n\n<h2 class=\"wp-block-heading\">Der Epilog: Vittorio Venetos entscheidende Wende<\/h2>\n\n\n\n<p>Im Herbst 1918 startete die italienische Armee die letzte Offensive. Der Sammelpunkt dieser gigantischen Milit\u00e4rman\u00f6ver war genau Vittorio Veneto, ein entscheidender Stra\u00dfen- und Eisenbahnknotenpunkt Richtung Alpen. Ein Durchbruch hier bedeutete, die \u00f6sterreichischen Armeen zu teilen und ihren R\u00fcckzug zu blockieren.<\/p>\n\n\n\n<p>Die <strong>30. Oktober 1918<\/strong> Die italienischen Truppen marschieren triumphierend in die Stadt ein. Der Zusammenbruch der kaiserlichen Armee ist total und wird am 4. November zum Waffenstillstand f\u00fchren. Ein jahrtausendealtes Reich war gerade zwischen diesen H\u00fcgeln zerbrochen.<\/p>\n\n\n\n<p>Der Besuch des Schlachtenmuseums heute bedeutet nicht nur, Milit\u00e4rgeschichte zu studieren, sondern dieser Erde eine Stimme zu geben. Jeder Helm, jeder Brief und jeder von Luigi Marson gerettete Gegenstand geh\u00f6rt zu den H\u00fcgeln, die Sie vor dem Fenster sehen.<\/p>\n\n\n\n<blockquote class=\"wp-block-quote is-layout-flow wp-block-quote-is-layout-flow\">\n<p>\ud83d\udccd <strong>N\u00fctzliche Informationen f\u00fcr G\u00e4ste:<\/strong> Die <strong>Museum der Schlacht von Vittorio Veneto<\/strong> Es befindet sich an der Piazza Giovanni Paolo I in Ceneda. Es ist von Miane aus in etwa 30 Autominuten leicht zu erreichen und ein perfektes, tiefgr\u00fcndiges Kulturziel, das sich auch ideal f\u00fcr regnerische Tage eignet. <\/p>\n\n\n\n<p>Per maggiori informazioni visita il sito del <a href=\"https:\/\/www.museivittorioveneto.it\/museo_della_battaglia\/\">Museum<\/a> und planen Sie Ihren Besuch!<\/p>\n\n\n\n<p>Das Eintrittsticket ist auch kombinierbar mit dem <a href=\"https:\/\/lacortedimarga.com\/de\/museo-del-cenedese-vittorio-veneto-preise-werke-und-geheimnisse\/\">Museum des Cenedese<\/a> und der <a href=\"https:\/\/lacortedimarga.com\/de\/seidenraupenmuseum-vittorio-veneto\/\">Seidenraupenmuseum<\/a>, beide nur wenige Minuten von hier: eine einzige Karte, um dreitausend Jahre Geschichte der Region zu entdecken.<\/p>\n<\/blockquote>\n\n\n\n<h3 class=\"wp-block-heading\">\ud83d\udca1 Die R\u00fcckkehr nach La Corte di Marga<\/h3>\n\n\n\n<blockquote class=\"wp-block-quote is-layout-flow wp-block-quote-is-layout-flow\">\n<p><em>\u201cDas Wandern entlang der Linien, die die Geschichte Europas gepr\u00e4gt haben, hinterl\u00e4sst ein Gef\u00fchl tiefer Emotion. Der beste Weg, diese Reise in die Erinnerung zu verinnerlichen, ist die R\u00fcckkehr in die Stille unserer H\u00fcgel. Wir erwarten Sie in Miane in unserem <a href=\"https:\/\/lacortedimarga.com\/de\/wohnungen-2\/\" target=\"_blank\" rel=\"noreferrer noopener\">Unterk\u00fcnfte von La Corte di Marga<\/a>, e che un tempo furono testimoni silenziosi di quell'epoca di occupazione e oggi sono oasi di pace, comfort e rigenerazione totale, dove potrai godere a bordo piscina di un fresco calice di vino.\u201d<\/em><\/p>\n<\/blockquote>\n\n\n\n<p><\/p>\n\n\n\n<div class=\"schema-faq wp-block-yoast-faq-block\"><div class=\"schema-faq-section\" id=\"faq-question-1788430065331\"><strong class=\"schema-faq-question\">Dove si trova il Museo della Battaglia di Vittorio Veneto?<\/strong> <p class=\"schema-faq-answer\">Ha sede nel cinquecentesco Palazzo della Comunit\u00e0 di Ceneda, in Piazza Giovanni Paolo I, nel quartiere di Ceneda a Vittorio Veneto.<\/p> <\/div> <div class=\"schema-faq-section\" id=\"faq-question-1788430065332\"><strong class=\"schema-faq-question\">Il biglietto \u00e8 cumulativo con altri musei?<\/strong> <p class=\"schema-faq-answer\">S\u00ec: l&#8217;ingresso \u00e8 cumulativo anche con il Museo del Cenedese e il Museo del Baco da Seta \u2014 comodo per visitare pi\u00f9 collezioni della citt\u00e0 in un&#8217;unica giornata.<\/p> <\/div> <div class=\"schema-faq-section\" id=\"faq-question-1788430065333\"><strong class=\"schema-faq-question\">Cosa racconta il museo?<\/strong> <p class=\"schema-faq-answer\">Ripercorre la Prima Guerra Mondiale sul fronte del Piave, con reperti, documenti e cimeli raccolti sui campi di battaglia \u2014 dalla donazione originaria di Luigi Marson nel 1938 fino agli allestimenti attuali su tre piani, ciascuno dedicato a un tema della Grande Guerra.<\/p> <\/div> <\/div>","protected":false},"excerpt":{"rendered":"<p>Quando oggi si passeggia tra i vigneti di Miane o si ammirano gli scorci eleganti di Vittorio Veneto, si fa fatica a immaginare che questo paesaggio idilliaco sia stato, poco pi\u00f9 di un secolo fa, il fronte decisivo di uno dei conflitti pi\u00f9 sanguinosi della storia umana. Eppure, le ferite sono ancora l\u00ec: camminamenti nascosti [&hellip;]<\/p>\n","protected":false},"author":3,"featured_media":2661,"comment_status":"closed","ping_status":"open","sticky":false,"template":"","format":"standard","meta":{"_breakdance_hide_in_design_set":false,"_breakdance_tags":"","footnotes":""},"categories":[9,161],"tags":[21,42,43,151,20,202,22,201,28,23,53,142,30,36,24,192],"class_list":["post-2660","post","type-post","status-publish","format-standard","has-post-thumbnail","hentry","category-anima-cultura-slow-travel-e-storia","category-cosa-fare-quando-piove","tag-collineprosecco","tag-cortedimargamiane","tag-esperienzaincorte","tag-grandeguerra","tag-lacortedimarga","tag-luigimarson","tag-miane","tag-museodellabattaglia","tag-naturaeapprendimento","tag-proseccohills","tag-proseccohillsholidays-2","tag-robertolarosahost","tag-robertolarosasommelier","tag-unescoheritage","tag-visitveneto","tag-vittorioveneto"],"yoast_head":"<!-- This site is optimized with the Yoast SEO plugin v28.2 - https:\/\/yoast.com\/product\/yoast-seo-wordpress\/ -->\n<title>Museo della Battaglia di Vittorio Veneto: Storia e Info<\/title>\n<meta name=\"description\" content=\"Museo della Battaglia di Vittorio Veneto a Ceneda: storia della Grande Guerra tra le Colline del Prosecco UNESCO. Come arrivare da La Corte di Marga.\" \/>\n<meta name=\"robots\" content=\"index, follow, max-snippet:-1, max-image-preview:large, max-video-preview:-1\" \/>\n<link rel=\"canonical\" href=\"https:\/\/lacortedimarga.com\/de\/museum-schlacht-vittorio-veneto-erster-weltkrieg\/\" \/>\n<meta property=\"og:locale\" content=\"de_DE\" \/>\n<meta property=\"og:type\" content=\"article\" \/>\n<meta property=\"og:title\" content=\"Museo della Battaglia di Vittorio Veneto: Storia e Info\" \/>\n<meta property=\"og:description\" content=\"Museo della Battaglia di Vittorio Veneto a Ceneda: storia della Grande Guerra tra le Colline del Prosecco UNESCO. Come arrivare da La Corte di Marga.\" \/>\n<meta property=\"og:url\" content=\"https:\/\/lacortedimarga.com\/de\/museum-schlacht-vittorio-veneto-erster-weltkrieg\/\" \/>\n<meta property=\"og:site_name\" content=\"La Corte di Marga\" \/>\n<meta property=\"article:publisher\" content=\"https:\/\/www.facebook.com\/lacortedimarga\" \/>\n<meta property=\"article:published_time\" content=\"2026-06-09T05:46:44+00:00\" \/>\n<meta property=\"article:modified_time\" content=\"2026-09-03T10:08:46+00:00\" \/>\n<meta property=\"og:image\" content=\"https:\/\/lacortedimarga.com\/wp-content\/uploads\/2026\/06\/La_Corte_di_Marga_cosa_fare_museo_della_battaglia.webp\" \/>\n\t<meta property=\"og:image:width\" content=\"1500\" \/>\n\t<meta property=\"og:image:height\" content=\"1020\" \/>\n\t<meta property=\"og:image:type\" content=\"image\/webp\" \/>\n<meta name=\"author\" content=\"Roberto\" \/>\n<meta name=\"twitter:card\" content=\"summary_large_image\" \/>\n<meta name=\"twitter:label1\" content=\"Verfasst von\" \/>\n\t<meta name=\"twitter:data1\" content=\"Roberto\" \/>\n\t<meta name=\"twitter:label2\" content=\"Gesch\u00e4tzte Lesezeit\" \/>\n\t<meta name=\"twitter:data2\" content=\"6\u00a0Minuten\" \/>\n<script type=\"application\/ld+json\" class=\"yoast-schema-graph\">{\"@context\":\"https:\\\/\\\/schema.org\",\"@graph\":[{\"@type\":\"Article\",\"@id\":\"https:\\\/\\\/lacortedimarga.com\\\/museo-battaglia-vittorio-veneto-grande-guerra\\\/#article\",\"isPartOf\":{\"@id\":\"https:\\\/\\\/lacortedimarga.com\\\/museo-battaglia-vittorio-veneto-grande-guerra\\\/\"},\"author\":{\"name\":\"Roberto\",\"@id\":\"https:\\\/\\\/lacortedimarga.com\\\/#\\\/schema\\\/person\\\/35b8aa132ce672c39a5ece2e9b43b967\"},\"headline\":\"Museo della Battaglia a Vittorio Veneto: l&#8217;eco della Grande Guerra tra le Colline del Prosecco\",\"datePublished\":\"2026-06-09T05:46:44+00:00\",\"dateModified\":\"2026-09-03T10:08:46+00:00\",\"mainEntityOfPage\":{\"@id\":\"https:\\\/\\\/lacortedimarga.com\\\/museo-battaglia-vittorio-veneto-grande-guerra\\\/\"},\"wordCount\":1350,\"publisher\":{\"@id\":\"https:\\\/\\\/lacortedimarga.com\\\/#organization\"},\"image\":{\"@id\":\"https:\\\/\\\/lacortedimarga.com\\\/museo-battaglia-vittorio-veneto-grande-guerra\\\/#primaryimage\"},\"thumbnailUrl\":\"https:\\\/\\\/lacortedimarga.com\\\/wp-content\\\/uploads\\\/2026\\\/06\\\/La_Corte_di_Marga_cosa_fare_museo_della_battaglia.webp\",\"keywords\":[\"#CollineProsecco\",\"#CorteDiMargaMiane\",\"#EsperienzaInCorte\",\"#GrandeGuerra\",\"#LaCortediMarga\",\"#LuigiMarson\",\"#Miane\",\"#MuseoDellaBattaglia\",\"#NaturaEApprendimento\",\"#ProseccoHills\",\"#ProseccoHillsHolidays\",\"#RobertoLaRosaHost\",\"#RobertoLaRosaSommelier\",\"#UNESCOHeritage\",\"#VisitVeneto\",\"#VittorioVeneto\"],\"articleSection\":[\"Anima &amp; Cultura: Slow Travel e Storia\",\"Cosa fare quando piove\"],\"inLanguage\":\"de\"},{\"@type\":[\"WebPage\",\"FAQPage\"],\"@id\":\"https:\\\/\\\/lacortedimarga.com\\\/museo-battaglia-vittorio-veneto-grande-guerra\\\/\",\"url\":\"https:\\\/\\\/lacortedimarga.com\\\/museo-battaglia-vittorio-veneto-grande-guerra\\\/\",\"name\":\"Museo della Battaglia di Vittorio Veneto: Storia e Info\",\"isPartOf\":{\"@id\":\"https:\\\/\\\/lacortedimarga.com\\\/#website\"},\"primaryImageOfPage\":{\"@id\":\"https:\\\/\\\/lacortedimarga.com\\\/museo-battaglia-vittorio-veneto-grande-guerra\\\/#primaryimage\"},\"image\":{\"@id\":\"https:\\\/\\\/lacortedimarga.com\\\/museo-battaglia-vittorio-veneto-grande-guerra\\\/#primaryimage\"},\"thumbnailUrl\":\"https:\\\/\\\/lacortedimarga.com\\\/wp-content\\\/uploads\\\/2026\\\/06\\\/La_Corte_di_Marga_cosa_fare_museo_della_battaglia.webp\",\"datePublished\":\"2026-06-09T05:46:44+00:00\",\"dateModified\":\"2026-09-03T10:08:46+00:00\",\"description\":\"Museo della Battaglia di Vittorio Veneto a Ceneda: storia della Grande Guerra tra le Colline del Prosecco UNESCO. Come arrivare da La Corte di Marga.\",\"breadcrumb\":{\"@id\":\"https:\\\/\\\/lacortedimarga.com\\\/museo-battaglia-vittorio-veneto-grande-guerra\\\/#breadcrumb\"},\"mainEntity\":[{\"@id\":\"https:\\\/\\\/lacortedimarga.com\\\/museo-battaglia-vittorio-veneto-grande-guerra\\\/#faq-question-1788430065331\"},{\"@id\":\"https:\\\/\\\/lacortedimarga.com\\\/museo-battaglia-vittorio-veneto-grande-guerra\\\/#faq-question-1788430065332\"},{\"@id\":\"https:\\\/\\\/lacortedimarga.com\\\/museo-battaglia-vittorio-veneto-grande-guerra\\\/#faq-question-1788430065333\"}],\"inLanguage\":\"de\",\"potentialAction\":[{\"@type\":\"ReadAction\",\"target\":[\"https:\\\/\\\/lacortedimarga.com\\\/museo-battaglia-vittorio-veneto-grande-guerra\\\/\"]}]},{\"@type\":\"ImageObject\",\"inLanguage\":\"de\",\"@id\":\"https:\\\/\\\/lacortedimarga.com\\\/museo-battaglia-vittorio-veneto-grande-guerra\\\/#primaryimage\",\"url\":\"https:\\\/\\\/lacortedimarga.com\\\/wp-content\\\/uploads\\\/2026\\\/06\\\/La_Corte_di_Marga_cosa_fare_museo_della_battaglia.webp\",\"contentUrl\":\"https:\\\/\\\/lacortedimarga.com\\\/wp-content\\\/uploads\\\/2026\\\/06\\\/La_Corte_di_Marga_cosa_fare_museo_della_battaglia.webp\",\"width\":1500,\"height\":1020,\"caption\":\"L'ingresso del monumentale Museo della Battaglia a Ceneda (Vittorio Veneto): un viaggio nella memoria a soli 30 minuti da La Corte di Marga\"},{\"@type\":\"BreadcrumbList\",\"@id\":\"https:\\\/\\\/lacortedimarga.com\\\/museo-battaglia-vittorio-veneto-grande-guerra\\\/#breadcrumb\",\"itemListElement\":[{\"@type\":\"ListItem\",\"position\":1,\"name\":\"Home\",\"item\":\"https:\\\/\\\/lacortedimarga.com\\\/\"},{\"@type\":\"ListItem\",\"position\":2,\"name\":\"Museo della Battaglia a Vittorio Veneto: l&#8217;eco della Grande Guerra tra le Colline del Prosecco\"}]},{\"@type\":\"WebSite\",\"@id\":\"https:\\\/\\\/lacortedimarga.com\\\/#website\",\"url\":\"https:\\\/\\\/lacortedimarga.com\\\/\",\"name\":\"La Corte di Marga\",\"description\":\"Prosecco Hills Holidays\",\"publisher\":{\"@id\":\"https:\\\/\\\/lacortedimarga.com\\\/#organization\"},\"potentialAction\":[{\"@type\":\"SearchAction\",\"target\":{\"@type\":\"EntryPoint\",\"urlTemplate\":\"https:\\\/\\\/lacortedimarga.com\\\/?s={search_term_string}\"},\"query-input\":{\"@type\":\"PropertyValueSpecification\",\"valueRequired\":true,\"valueName\":\"search_term_string\"}}],\"inLanguage\":\"de\"},{\"@type\":\"Organization\",\"@id\":\"https:\\\/\\\/lacortedimarga.com\\\/#organization\",\"name\":\"La Corte di Marga\",\"url\":\"https:\\\/\\\/lacortedimarga.com\\\/\",\"logo\":{\"@type\":\"ImageObject\",\"inLanguage\":\"de\",\"@id\":\"https:\\\/\\\/lacortedimarga.com\\\/#\\\/schema\\\/logo\\\/image\\\/\",\"url\":\"https:\\\/\\\/lacortedimarga.com\\\/wp-content\\\/uploads\\\/2025\\\/06\\\/logo-corti-di-marga.webp\",\"contentUrl\":\"https:\\\/\\\/lacortedimarga.com\\\/wp-content\\\/uploads\\\/2025\\\/06\\\/logo-corti-di-marga.webp\",\"width\":955,\"height\":529,\"caption\":\"La Corte di Marga\"},\"image\":{\"@id\":\"https:\\\/\\\/lacortedimarga.com\\\/#\\\/schema\\\/logo\\\/image\\\/\"},\"sameAs\":[\"https:\\\/\\\/www.facebook.com\\\/lacortedimarga\",\"https:\\\/\\\/www.instagram.com\\\/la_corte_di_marga\\\/\",\"https:\\\/\\\/www.tiktok.com\\\/@lacortedimarga\",\"https:\\\/\\\/www.youtube.com\\\/@lacortedimargaofficial\",\"https:\\\/\\\/www.linkedin.com\\\/company\\\/la-corte-di-marga-prosecco-hills-holiday\"]},{\"@type\":\"Person\",\"@id\":\"https:\\\/\\\/lacortedimarga.com\\\/#\\\/schema\\\/person\\\/35b8aa132ce672c39a5ece2e9b43b967\",\"name\":\"Roberto\",\"image\":{\"@type\":\"ImageObject\",\"inLanguage\":\"de\",\"@id\":\"https:\\\/\\\/secure.gravatar.com\\\/avatar\\\/e3f271e90e735cdc34557ef9b92be1ad6f15d5bac04b51fa3cd10b4c11dac25e?s=96&d=mm&r=g\",\"url\":\"https:\\\/\\\/secure.gravatar.com\\\/avatar\\\/e3f271e90e735cdc34557ef9b92be1ad6f15d5bac04b51fa3cd10b4c11dac25e?s=96&d=mm&r=g\",\"contentUrl\":\"https:\\\/\\\/secure.gravatar.com\\\/avatar\\\/e3f271e90e735cdc34557ef9b92be1ad6f15d5bac04b51fa3cd10b4c11dac25e?s=96&d=mm&r=g\",\"caption\":\"Roberto\"},\"url\":\"https:\\\/\\\/lacortedimarga.com\\\/de\\\/author\\\/roberto\\\/\"},{\"@type\":\"Question\",\"@id\":\"https:\\\/\\\/lacortedimarga.com\\\/museo-battaglia-vittorio-veneto-grande-guerra\\\/#faq-question-1788430065331\",\"position\":1,\"url\":\"https:\\\/\\\/lacortedimarga.com\\\/museo-battaglia-vittorio-veneto-grande-guerra\\\/#faq-question-1788430065331\",\"name\":\"Dove si trova il Museo della Battaglia di Vittorio Veneto?\",\"answerCount\":1,\"acceptedAnswer\":{\"@type\":\"Answer\",\"text\":\"Ha sede nel cinquecentesco Palazzo della Comunit\u00e0 di Ceneda, in Piazza Giovanni Paolo I, nel quartiere di Ceneda a Vittorio Veneto.\",\"inLanguage\":\"de\"},\"inLanguage\":\"de\"},{\"@type\":\"Question\",\"@id\":\"https:\\\/\\\/lacortedimarga.com\\\/museo-battaglia-vittorio-veneto-grande-guerra\\\/#faq-question-1788430065332\",\"position\":2,\"url\":\"https:\\\/\\\/lacortedimarga.com\\\/museo-battaglia-vittorio-veneto-grande-guerra\\\/#faq-question-1788430065332\",\"name\":\"Il biglietto \u00e8 cumulativo con altri musei?\",\"answerCount\":1,\"acceptedAnswer\":{\"@type\":\"Answer\",\"text\":\"S\u00ec: l'ingresso \u00e8 cumulativo anche con il Museo del Cenedese e il Museo del Baco da Seta \u2014 comodo per visitare pi\u00f9 collezioni della citt\u00e0 in un'unica giornata.\",\"inLanguage\":\"de\"},\"inLanguage\":\"de\"},{\"@type\":\"Question\",\"@id\":\"https:\\\/\\\/lacortedimarga.com\\\/museo-battaglia-vittorio-veneto-grande-guerra\\\/#faq-question-1788430065333\",\"position\":3,\"url\":\"https:\\\/\\\/lacortedimarga.com\\\/museo-battaglia-vittorio-veneto-grande-guerra\\\/#faq-question-1788430065333\",\"name\":\"Cosa racconta il museo?\",\"answerCount\":1,\"acceptedAnswer\":{\"@type\":\"Answer\",\"text\":\"Ripercorre la Prima Guerra Mondiale sul fronte del Piave, con reperti, documenti e cimeli raccolti sui campi di battaglia \u2014 dalla donazione originaria di Luigi Marson nel 1938 fino agli allestimenti attuali su tre piani, ciascuno dedicato a un tema della Grande Guerra.\",\"inLanguage\":\"de\"},\"inLanguage\":\"de\"}]}<\/script>\n<!-- \/ Yoast SEO plugin. -->","yoast_head_json":{"title":"Museum der Schlacht von Vittorio Veneto: Geschichte und Infos","description":"Schlachtmuseum von Vittorio Veneto in Ceneda: Geschichte des Ersten Weltkriegs zwischen den UNESCO-Prosecco-H\u00fcgeln. Anreise von La Corte di Marga.","robots":{"index":"index","follow":"follow","max-snippet":"max-snippet:-1","max-image-preview":"max-image-preview:large","max-video-preview":"max-video-preview:-1"},"canonical":"https:\/\/lacortedimarga.com\/de\/museum-schlacht-vittorio-veneto-erster-weltkrieg\/","og_locale":"de_DE","og_type":"article","og_title":"Museo della Battaglia di Vittorio Veneto: Storia e Info","og_description":"Museo della Battaglia di Vittorio Veneto a Ceneda: storia della Grande Guerra tra le Colline del Prosecco UNESCO. Come arrivare da La Corte di Marga.","og_url":"https:\/\/lacortedimarga.com\/de\/museum-schlacht-vittorio-veneto-erster-weltkrieg\/","og_site_name":"La Corte di Marga","article_publisher":"https:\/\/www.facebook.com\/lacortedimarga","article_published_time":"2026-06-09T05:46:44+00:00","article_modified_time":"2026-09-03T10:08:46+00:00","og_image":[{"width":1500,"height":1020,"url":"https:\/\/lacortedimarga.com\/wp-content\/uploads\/2026\/06\/La_Corte_di_Marga_cosa_fare_museo_della_battaglia.webp","type":"image\/webp"}],"author":"Roberto","twitter_card":"summary_large_image","twitter_misc":{"Verfasst von":"Roberto","Gesch\u00e4tzte Lesezeit":"6\u00a0Minuten"},"schema":{"@context":"https:\/\/schema.org","@graph":[{"@type":"Article","@id":"https:\/\/lacortedimarga.com\/museo-battaglia-vittorio-veneto-grande-guerra\/#article","isPartOf":{"@id":"https:\/\/lacortedimarga.com\/museo-battaglia-vittorio-veneto-grande-guerra\/"},"author":{"name":"Roberto","@id":"https:\/\/lacortedimarga.com\/#\/schema\/person\/35b8aa132ce672c39a5ece2e9b43b967"},"headline":"Museo della Battaglia a Vittorio Veneto: l&#8217;eco della Grande Guerra tra le Colline del Prosecco","datePublished":"2026-06-09T05:46:44+00:00","dateModified":"2026-09-03T10:08:46+00:00","mainEntityOfPage":{"@id":"https:\/\/lacortedimarga.com\/museo-battaglia-vittorio-veneto-grande-guerra\/"},"wordCount":1350,"publisher":{"@id":"https:\/\/lacortedimarga.com\/#organization"},"image":{"@id":"https:\/\/lacortedimarga.com\/museo-battaglia-vittorio-veneto-grande-guerra\/#primaryimage"},"thumbnailUrl":"https:\/\/lacortedimarga.com\/wp-content\/uploads\/2026\/06\/La_Corte_di_Marga_cosa_fare_museo_della_battaglia.webp","keywords":["#CollineProsecco","#CorteDiMargaMiane","#EsperienzaInCorte","#GrandeGuerra","#LaCortediMarga","#LuigiMarson","#Miane","#MuseoDellaBattaglia","#NaturaEApprendimento","#ProseccoHills","#ProseccoHillsHolidays","#RobertoLaRosaHost","#RobertoLaRosaSommelier","#UNESCOHeritage","#VisitVeneto","#VittorioVeneto"],"articleSection":["Anima &amp; Cultura: Slow Travel e Storia","Cosa fare quando piove"],"inLanguage":"de"},{"@type":["WebPage","FAQPage"],"@id":"https:\/\/lacortedimarga.com\/museo-battaglia-vittorio-veneto-grande-guerra\/","url":"https:\/\/lacortedimarga.com\/museo-battaglia-vittorio-veneto-grande-guerra\/","name":"Museum der Schlacht von Vittorio Veneto: Geschichte und Infos","isPartOf":{"@id":"https:\/\/lacortedimarga.com\/#website"},"primaryImageOfPage":{"@id":"https:\/\/lacortedimarga.com\/museo-battaglia-vittorio-veneto-grande-guerra\/#primaryimage"},"image":{"@id":"https:\/\/lacortedimarga.com\/museo-battaglia-vittorio-veneto-grande-guerra\/#primaryimage"},"thumbnailUrl":"https:\/\/lacortedimarga.com\/wp-content\/uploads\/2026\/06\/La_Corte_di_Marga_cosa_fare_museo_della_battaglia.webp","datePublished":"2026-06-09T05:46:44+00:00","dateModified":"2026-09-03T10:08:46+00:00","description":"Schlachtmuseum von Vittorio Veneto in Ceneda: Geschichte des Ersten Weltkriegs zwischen den UNESCO-Prosecco-H\u00fcgeln. Anreise von La Corte di Marga.","breadcrumb":{"@id":"https:\/\/lacortedimarga.com\/museo-battaglia-vittorio-veneto-grande-guerra\/#breadcrumb"},"mainEntity":[{"@id":"https:\/\/lacortedimarga.com\/museo-battaglia-vittorio-veneto-grande-guerra\/#faq-question-1788430065331"},{"@id":"https:\/\/lacortedimarga.com\/museo-battaglia-vittorio-veneto-grande-guerra\/#faq-question-1788430065332"},{"@id":"https:\/\/lacortedimarga.com\/museo-battaglia-vittorio-veneto-grande-guerra\/#faq-question-1788430065333"}],"inLanguage":"de","potentialAction":[{"@type":"ReadAction","target":["https:\/\/lacortedimarga.com\/museo-battaglia-vittorio-veneto-grande-guerra\/"]}]},{"@type":"ImageObject","inLanguage":"de","@id":"https:\/\/lacortedimarga.com\/museo-battaglia-vittorio-veneto-grande-guerra\/#primaryimage","url":"https:\/\/lacortedimarga.com\/wp-content\/uploads\/2026\/06\/La_Corte_di_Marga_cosa_fare_museo_della_battaglia.webp","contentUrl":"https:\/\/lacortedimarga.com\/wp-content\/uploads\/2026\/06\/La_Corte_di_Marga_cosa_fare_museo_della_battaglia.webp","width":1500,"height":1020,"caption":"L'ingresso del monumentale Museo della Battaglia a Ceneda (Vittorio Veneto): un viaggio nella memoria a soli 30 minuti da La Corte di Marga"},{"@type":"BreadcrumbList","@id":"https:\/\/lacortedimarga.com\/museo-battaglia-vittorio-veneto-grande-guerra\/#breadcrumb","itemListElement":[{"@type":"ListItem","position":1,"name":"Home","item":"https:\/\/lacortedimarga.com\/"},{"@type":"ListItem","position":2,"name":"Museo della Battaglia a Vittorio Veneto: l&#8217;eco della Grande Guerra tra le Colline del Prosecco"}]},{"@type":"WebSite","@id":"https:\/\/lacortedimarga.com\/#website","url":"https:\/\/lacortedimarga.com\/","name":"Der Hof von Marga","description":"Prosecco Hills Ferien","publisher":{"@id":"https:\/\/lacortedimarga.com\/#organization"},"potentialAction":[{"@type":"SearchAction","target":{"@type":"EntryPoint","urlTemplate":"https:\/\/lacortedimarga.com\/?s={search_term_string}"},"query-input":{"@type":"PropertyValueSpecification","valueRequired":true,"valueName":"search_term_string"}}],"inLanguage":"de"},{"@type":"Organization","@id":"https:\/\/lacortedimarga.com\/#organization","name":"Der Hof von Marga","url":"https:\/\/lacortedimarga.com\/","logo":{"@type":"ImageObject","inLanguage":"de","@id":"https:\/\/lacortedimarga.com\/#\/schema\/logo\/image\/","url":"https:\/\/lacortedimarga.com\/wp-content\/uploads\/2025\/06\/logo-corti-di-marga.webp","contentUrl":"https:\/\/lacortedimarga.com\/wp-content\/uploads\/2025\/06\/logo-corti-di-marga.webp","width":955,"height":529,"caption":"La Corte di Marga"},"image":{"@id":"https:\/\/lacortedimarga.com\/#\/schema\/logo\/image\/"},"sameAs":["https:\/\/www.facebook.com\/lacortedimarga","https:\/\/www.instagram.com\/la_corte_di_marga\/","https:\/\/www.tiktok.com\/@lacortedimarga","https:\/\/www.youtube.com\/@lacortedimargaofficial","https:\/\/www.linkedin.com\/company\/la-corte-di-marga-prosecco-hills-holiday"]},{"@type":"Person","@id":"https:\/\/lacortedimarga.com\/#\/schema\/person\/35b8aa132ce672c39a5ece2e9b43b967","name":"Roberto","image":{"@type":"ImageObject","inLanguage":"de","@id":"https:\/\/secure.gravatar.com\/avatar\/e3f271e90e735cdc34557ef9b92be1ad6f15d5bac04b51fa3cd10b4c11dac25e?s=96&d=mm&r=g","url":"https:\/\/secure.gravatar.com\/avatar\/e3f271e90e735cdc34557ef9b92be1ad6f15d5bac04b51fa3cd10b4c11dac25e?s=96&d=mm&r=g","contentUrl":"https:\/\/secure.gravatar.com\/avatar\/e3f271e90e735cdc34557ef9b92be1ad6f15d5bac04b51fa3cd10b4c11dac25e?s=96&d=mm&r=g","caption":"Roberto"},"url":"https:\/\/lacortedimarga.com\/de\/author\/roberto\/"},{"@type":"Question","@id":"https:\/\/lacortedimarga.com\/museo-battaglia-vittorio-veneto-grande-guerra\/#faq-question-1788430065331","position":1,"url":"https:\/\/lacortedimarga.com\/museo-battaglia-vittorio-veneto-grande-guerra\/#faq-question-1788430065331","name":"Dove si trova il Museo della Battaglia di Vittorio Veneto?","answerCount":1,"acceptedAnswer":{"@type":"Answer","text":"Ha sede nel cinquecentesco Palazzo della Comunit\u00e0 di Ceneda, in Piazza Giovanni Paolo I, nel quartiere di Ceneda a Vittorio Veneto.","inLanguage":"de"},"inLanguage":"de"},{"@type":"Question","@id":"https:\/\/lacortedimarga.com\/museo-battaglia-vittorio-veneto-grande-guerra\/#faq-question-1788430065332","position":2,"url":"https:\/\/lacortedimarga.com\/museo-battaglia-vittorio-veneto-grande-guerra\/#faq-question-1788430065332","name":"Il biglietto \u00e8 cumulativo con altri musei?","answerCount":1,"acceptedAnswer":{"@type":"Answer","text":"S\u00ec: l'ingresso \u00e8 cumulativo anche con il Museo del Cenedese e il Museo del Baco da Seta \u2014 comodo per visitare pi\u00f9 collezioni della citt\u00e0 in un'unica giornata.","inLanguage":"de"},"inLanguage":"de"},{"@type":"Question","@id":"https:\/\/lacortedimarga.com\/museo-battaglia-vittorio-veneto-grande-guerra\/#faq-question-1788430065333","position":3,"url":"https:\/\/lacortedimarga.com\/museo-battaglia-vittorio-veneto-grande-guerra\/#faq-question-1788430065333","name":"Cosa racconta il museo?","answerCount":1,"acceptedAnswer":{"@type":"Answer","text":"Ripercorre la Prima Guerra Mondiale sul fronte del Piave, con reperti, documenti e cimeli raccolti sui campi di battaglia \u2014 dalla donazione originaria di Luigi Marson nel 1938 fino agli allestimenti attuali su tre piani, ciascuno dedicato a un tema della Grande Guerra.","inLanguage":"de"},"inLanguage":"de"}]}},"_links":{"self":[{"href":"https:\/\/lacortedimarga.com\/de\/wp-json\/wp\/v2\/posts\/2660","targetHints":{"allow":["GET"]}}],"collection":[{"href":"https:\/\/lacortedimarga.com\/de\/wp-json\/wp\/v2\/posts"}],"about":[{"href":"https:\/\/lacortedimarga.com\/de\/wp-json\/wp\/v2\/types\/post"}],"author":[{"embeddable":true,"href":"https:\/\/lacortedimarga.com\/de\/wp-json\/wp\/v2\/users\/3"}],"replies":[{"embeddable":true,"href":"https:\/\/lacortedimarga.com\/de\/wp-json\/wp\/v2\/comments?post=2660"}],"version-history":[{"count":5,"href":"https:\/\/lacortedimarga.com\/de\/wp-json\/wp\/v2\/posts\/2660\/revisions"}],"predecessor-version":[{"id":3063,"href":"https:\/\/lacortedimarga.com\/de\/wp-json\/wp\/v2\/posts\/2660\/revisions\/3063"}],"wp:featuredmedia":[{"embeddable":true,"href":"https:\/\/lacortedimarga.com\/de\/wp-json\/wp\/v2\/media\/2661"}],"wp:attachment":[{"href":"https:\/\/lacortedimarga.com\/de\/wp-json\/wp\/v2\/media?parent=2660"}],"wp:term":[{"taxonomy":"category","embeddable":true,"href":"https:\/\/lacortedimarga.com\/de\/wp-json\/wp\/v2\/categories?post=2660"},{"taxonomy":"post_tag","embeddable":true,"href":"https:\/\/lacortedimarga.com\/de\/wp-json\/wp\/v2\/tags?post=2660"}],"curies":[{"name":"wp","href":"https:\/\/api.w.org\/{rel}","templated":true}]}}