{"id":2666,"date":"2026-06-13T06:41:49","date_gmt":"2026-06-13T06:41:49","guid":{"rendered":"https:\/\/lacortedimarga.com\/?p=2666"},"modified":"2026-09-03T10:06:46","modified_gmt":"2026-09-03T10:06:46","slug":"seidenraupenmuseum-vittorio-veneto","status":"publish","type":"post","link":"https:\/\/lacortedimarga.com\/de\/museo-baco-da-seta-vittorio-veneto\/","title":{"rendered":"Der von Frauen gesponnene Faden: das vergessene Epos des Seidenraupenmuseums in Vittorio Veneto"},"content":{"rendered":"<p>Wenn Sie aus den Fenstern sp\u00e4hen <strong>Der Hof von Marga<\/strong> Wenn Sie in Miane spazieren gehen und \u00fcber die Weinreben blicken, werden Sie sicherlich gro\u00dfe, monumentale, knorrige und stolze B\u00e4ume bemerken, die die Alten hier noch mit tiefem Respekt nennen <em>\u201cIch treffe mich sp\u00e4ter\u201d<\/em>. Das sind die Maulbeerb\u00e4ume. Heute sehen wir sie als pr\u00e4chtige W\u00e4chter der Landschaft, aber bis vor wenigen Jahrzehnten waren sie die S\u00e4ulen einer wirtschaftlichen, wissenschaftlichen und menschlichen Epop\u00f6e, die das Schicksal Venetiens f\u00fcr immer ver\u00e4ndert hat.<\/p>\n\n\n\n<p>Um diese Welt zwischen der W\u00e4rme b\u00e4uerlicher K\u00fcchen und dem Dampf gro\u00dfer Fabriken wiederzuentdecken, m\u00fcssen Sie sich in den Weiler begeben <strong>San Giacomo di Veglia<\/strong>, eine Vittorio Veneto. Dort, innerhalb eines imposanten Denkmals industrieller Arch\u00e4ologie, erhebt sich das <strong>Seidenraupenmuseum<\/strong>.<\/p>\n\n\n\n<p>Bereiten Sie sich auf eine emotionale und tiefgr\u00fcndige Reise vor: Dies ist kein Nachruf auf eine tote Industrie, sondern die Geschichte, wie ein ganzes Volk das Elend \u00fcberwunden hat, indem es sich an einem hauchd\u00fcnnen Seidenfaden festhielt.<\/p>\n\n\n\n<h2 class=\"wp-block-heading\">Il Museo del Baco da Seta: la Filanda Maffi, cattedrale di mattone dove il tempo si \u00e8 fermato<\/h2>\n\n\n\n<p>Das Museum findet seinen idealen Platz innerhalb des <strong>ehemalige Spinnerei Maffi (fr\u00fcher Banfi)<\/strong>. Es handelt sich nicht um irgendeinen Ausstellungsraum, sondern um einen der gr\u00f6\u00dften, \u00e4ltesten und architektonisch eindrucksvollsten Industriekomplexe der gesamten Sinistra Piave.<\/p>\n\n\n\n<p>Die Spinnerei, die in den 1960er Jahren mit dem Aufkommen synthetischer Fasern wie Nylon endg\u00fcltig stillgelegt wurde, ist ein Denkmal, das noch immer Geschichte atmet. Sobald man die Schwelle \u00fcberschreitet, wird man von hohen Decken, riesigen Fenstern, die jeden Strahl nat\u00fcrlichen Lichts einfangen sollen, und vom Lauf der Zeit abgenutzten Steinb\u00f6den umgeben. In dieser feierlichen Stille scheint man fast noch das Echo der Holzkl\u00f6tze auf dem Boden, das stetige Zischen der Dampfkessel und den stechenden Geruch der Kokons zu sp\u00fcren. Hier wird Industriearch\u00e4ologie zu lebendiger Erinnerung.<\/p>\n\n\n\n<h2 class=\"wp-block-heading\">Das h\u00e4usliche Wunder: als die Maden in den Betten schliefen<\/h2>\n\n\n\n<p>Der erste Teil des Rundgangs beleuchtet die symbiotische und fast schon heilige Verbindung zwischen Wissenschaft und b\u00e4uerlichem Leben. Vom Ende des 18. Jahrhunderts bis in die ersten Jahrzehnte des 20. Jahrhunderts war die Seidenraupenzucht die wichtigste wirtschaftliche Einnahmequelle der Region. Und alles begann im Fr\u00fchjahr in den Bauernh\u00e4usern.<\/p>\n\n\n\n<h3 class=\"wp-block-heading\">Der \u201cSamen\u201d warm auf der Brust der Frauen<\/h3>\n\n\n\n<p>Der Zyklus begann mit dem Kauf der winzigen Seidenraupeneier, poetisch genannt <em>\u201cSaatgut\u201d<\/em>. Damit sie schl\u00fcpfen konnten, war eine konstante Temperatur erforderlich, die die kalten Bauernh\u00e4user von damals nicht gew\u00e4hrleisten konnten. Und hier kommt die anthropologische Erkenntnis ins Spiel: Es waren die Frauen der Familie \u2013 M\u00fctter, Gro\u00dfm\u00fctter, T\u00f6chter \u2013, die die kleinen Zettel mit den Eiern unter ihrer Kleidung, direkt auf der Haut der Brust, oder unter den Matratzen aufbewahrten, um die K\u00f6rperw\u00e4rme zu nutzen.<\/p>\n\n\n\n<h3 class=\"wp-block-heading\">Der Sommerregen in den Zimmern<\/h3>\n\n\n\n<p>Sobald die Raupen geschl\u00fcpft sind (<em>die Ritter<\/em>, (wie sie ehrerbietig genannt wurden) nahmen jeden verf\u00fcgbaren Platz ein. Ganze H\u00e4user wurden ihrer M\u00f6bel entleert, um Platz zu schaffen f\u00fcr die <em>Gitter<\/em> die Rohre. Die Familien lebten in der K\u00fcche gedr\u00e4ngt, nur um die Schlafzimmer den Maden zu \u00fcberlassen.<\/p>\n\n\n\n<p>Das Museum dokumentiert mit historischen Fotos und alten Ger\u00e4ten die gewaltige M\u00fche der Bl\u00e4tterernte: M\u00e4nner und Kinder verbrachten ihre Tage auf Maulbeerb\u00e4umen kletternd, um Tonnen frischer Bl\u00e4tter zu sammeln. Die \u00c4lteren erinnern sich noch daran, dass, wenn man die R\u00e4ume zum Zeitpunkt des gr\u00f6\u00dften Appetits der Seidenraupen betrat, man im Stillen ein st\u00e4ndiges, klares und hypnotisches Rauschen h\u00f6rte. Es klang wie das Ger\u00e4usch eines Sommerregens, der auf die Bl\u00e4tter prasselte: Es waren Tausende von M\u00e4ulern, die den Reichtum der Familie webten.<\/p>\n\n\n\n<h2 class=\"wp-block-heading\">Die Spinnerinnen: goldene H\u00e4nde, Herzen aus Stein und Lieder der Freiheit<\/h2>\n\n\n\n<p>W\u00e4hrend die Raupe auf dem Land heranwuchs, vollzog sich das industrielle Wunder in der Spinnerei. Vittorio Veneto erreichte auf diesem Gebiet ein Niveau von <strong>nationale Avantgarde<\/strong>, und wurde so zum wirtschaftlichen Motor der Provinz. Doch das eigentliche R\u00fcckgrat dieses Wirtschaftsimperiums war die Besch\u00e4ftigung von Frauen.<\/p>\n\n\n\n<p>Die absoluten Protagonisten waren die <strong>Filandere<\/strong>. Junge M\u00e4dchen, oft noch nicht einmal im Teenageralter, M\u00fctter und \u00e4ltere Frauen, die zw\u00f6lf Stunden am Tag auf den Beinen waren, in R\u00e4umen voller Feuchtigkeit und Dampf. Ihre Arbeit erforderte ein au\u00dfergew\u00f6hnliches Tastgef\u00fchl und eine au\u00dfergew\u00f6hnliche Geschicklichkeit: Sie mussten ihre blo\u00dfen H\u00e4nde in das fast kochend hei\u00dfe Wasser der Becken tauchen, um die Kokons zu verbrennen, und die mikroskopisch kleinen <em>\u201cLeitpartner\u201d<\/em> und ihn mit flinken Fingern zu den Spindeln der Maschine zu f\u00fchren, damit der Faden nicht riss.<\/p>\n\n\n\n<p>Ihre H\u00e4nde waren aufgrund des kochenden Wassers und des Sericins ununterbrochen wund, rot und ohne Hautschichten. Doch diese Frauen vollbrachten eine stille soziale Revolution: Zum ersten Mal in der Geschichte des l\u00e4ndlichen Venetiens brachte die Frau ein festes Geldsal\u00e4r nach Hause. Die Seidenzwirnerei wurde trotz ihrer H\u00e4rte zum ersten Ort weiblicher Emanzipation, Solidarit\u00e4t und Erl\u00f6sung.<\/p>\n\n\n\n<p>Um sich Mut zu machen, die M\u00fcdigkeit zu \u00fcberwinden und gegen die unmenschlichen Arbeitsrhythmen der Aufseher zu protestieren, sangen die Frauen. Die Lieder der Spinnerei \u2013 von denen das Museum Aufnahmen und Texte bewahrt \u2013 sind ein Kulturgut von ergreifender Sch\u00f6nheit: Hymnen der M\u00fchsal, Lieder der Sehnsucht, aber auch Lieder von bissiger politischer und sozialer Satire.<\/p>\n\n\n\n<h2 class=\"wp-block-heading\">Die Sammlungen: Spuren des kollektiven Ged\u00e4chtnisses bewahren<\/h2>\n\n\n\n<p>Was das Seidenraupenmuseum zu einem lebendigen und aufregenden Ort macht, ist die Ehrlichkeit seiner Sammlung. Es gibt keine St\u00fccke von internationalen Sammlern; jede Maschine, jedes Foto, jedes ausgestellte Objekt wurde <strong>gestiftet von Privatpersonen, Familien ehemaliger Arbeiter und lokalen Unternehmen<\/strong> die auf dem Gebiet der Bakologie t\u00e4tig gewesen waren.<\/p>\n\n\n\n<p>Wenn Sie durch die S\u00e4le schlendern, k\u00f6nnen Sie bewundern:<\/p>\n\n\n\n<ul class=\"wp-block-list\">\n<li><strong>Originalwerkzeuge und -ausr\u00fcstung:<\/strong> Von antiken, mit Kohle beheizten Waschbecken bis zu industriellen Spindeln des 20. Jahrhunderts.<\/li>\n\n\n\n<li><strong>Historische Plakate und alte Werbung:<\/strong> darunter stechen die pr\u00e4chtigen Werbetafeln der ber\u00fchmten lokalen Firma hervor <em>\u201cSartori &amp; Schiratti\u201d<\/em>, wahre Meisterwerke der Jugendstil- und Renaissancegrafik, die die Seide aus Treviso in der ganzen Welt feierten.<\/li>\n\n\n\n<li><strong>Multimedia-Archive:<\/strong> Historische Filmaufnahmen vom Anfang des Jahrhunderts, die die Spinnereien in Aktion zeigen und den stolzen Blick dieser Frauen, die auf dem Film verewigt sind, aufleben lassen.<\/li>\n<\/ul>\n\n\n\n<p>Das Museum erf\u00fcllt somit seine edelm\u00fctigste Aufgabe: nicht nur die wissenschaftliche Technik der Produktion zu zeigen, sondern den nachfolgenden Generationen die Erinnerung an die landwirtschaftliche, industrielle und soziale Welt zu vermitteln, auf der der heutige Wohlstand beruht.<\/p>\n\n\n\n<blockquote class=\"wp-block-quote is-layout-flow wp-block-quote-is-layout-flow\">\n<p>\ud83d\udccd <strong>Praktische Informationen f\u00fcr die G\u00e4ste von La Corte di Marga:<\/strong><\/p>\n\n\n\n<ul class=\"wp-block-list\">\n<li><strong>Wo befindet sich:<\/strong> Via della Seta, 23\/6 \u2013 Frazione di San Giacomo di Veglia, Vittorio Veneto.<\/li>\n\n\n\n<li><strong>Kontakte<\/strong> Telefon 0438 914024<\/li>\n\n\n\n<li><strong>Der Reisetipp:<\/strong> Es ist ein erstaunliches Museum, das man auch mit Kindern besuchen kann, die vom Lebenszyklus des Seidenwurms fasziniert sein werden. Nehmen Sie sich Zeit, um die Audioaussagen anzuh\u00f6ren und die historischen Filme anzusehen. F\u00fcr die aktuellen \u00d6ffnungszeiten verweisen Sie immer auf die Koordinations-Website: <strong>www.turismovittorioveneto.it<\/strong>.<\/li>\n<\/ul>\n<\/blockquote>\n\n\n\n<h3 class=\"wp-block-heading\">\ud83d\udca1 Die R\u00fcckkehr nach La Corte di Marga<\/h3>\n\n\n\n<blockquote class=\"wp-block-quote is-layout-flow wp-block-quote-is-layout-flow\">\n<p><em>\u201cNachdem Sie die Geschichten \u00fcber Anstrengung, Solidarit\u00e4t und Stolz der Seidenspinnerinnen geh\u00f6rt und das Geheimnis des Goldfadens entdeckt haben, wird Ihre R\u00fcckreise nach Miane in einem anderen Licht stattfinden. Sie werden die Maulbeerb\u00e4ume entlang der Stra\u00dfe nicht mehr als einfache B\u00e4ume betrachten, sondern als lebende Zeugen einer gro\u00dfen Geschichte. Wir erwarten Sie in unserem<a target=\"_blank\" rel=\"noreferrer noopener\" href=\"https:\/\/lacortedimarga.com\/de\/wohnungen-2\/\">Unterk\u00fcnfte von La Corte di Marga<\/a>, wo die Authentizit\u00e4t alter l\u00e4ndlicher Strukturen Ihre Ruhe begr\u00fc\u00dfen wird, eingebettet in die Stille unserer UNESCO-H\u00fcgel.\u201d<\/em><\/p>\n<\/blockquote>\n\n\n\n<p><\/p>\n\n\n\n<div class=\"schema-faq wp-block-yoast-faq-block\"><div class=\"schema-faq-section\" id=\"faq-question-1788429989300\"><strong class=\"schema-faq-question\">Dove si trova il Museo del Baco da Seta di Vittorio Veneto?<\/strong> <p class=\"schema-faq-answer\">Il museo ha sede nell&#8217;ex Filanda Maffi, nella frazione di San Giacomo di Veglia (Via della Seta), a Vittorio Veneto \u2014 a pochi minuti d&#8217;auto da La Corte di Marga.<\/p> <\/div> <div class=\"schema-faq-section\" id=\"faq-question-1788429989301\"><strong class=\"schema-faq-question\">Quando \u00e8 aperto il Museo del Baco da Seta?<\/strong> <p class=\"schema-faq-answer\">Apre venerd\u00ec, sabato, domenica e festivi (10-12 e 15-17); negli altri giorni \u00e8 visitabile su prenotazione, anche per gruppi. Per conferma consigliamo di controllare gli orari aggiornati prima della visita.<\/p> <\/div> <div class=\"schema-faq-section\" id=\"faq-question-1788429989302\"><strong class=\"schema-faq-question\">Cosa si vede all&#8217;interno del museo?<\/strong> <p class=\"schema-faq-answer\">Un percorso che racconta la sericoltura locale: gli allevamenti dei bachi da seta, i gelsi (i &#8220;mor\u00e8er&#8221; del dialetto locale), gli attrezzi della filanda e la storia delle donne che per generazioni hanno lavorato la seta nella pedemontana trevigiana.<\/p> <\/div> <\/div>","protected":false},"excerpt":{"rendered":"<p>Se ti affacci alle finestre de La Corte di Marga a Miane e guardi oltre i filari di vite, noterai sicuramente dei grandi alberi monumentali, nodosi e fieri, che gli anziani qui chiamano ancora con profondo rispetto \u201ci mor\u00e8er\u201d. Sono i gelsi. Oggi li vediamo come splendidi guardiani del paesaggio, ma fino a pochi decenni [&hellip;]<\/p>\n","protected":false},"author":3,"featured_media":2667,"comment_status":"closed","ping_status":"open","sticky":false,"template":"","format":"standard","meta":{"_breakdance_hide_in_design_set":false,"_breakdance_tags":"","footnotes":""},"categories":[9,161],"tags":[21,42,43,20,22,204,28,23,53,142,30,180,36,24,193,196,199],"class_list":["post-2666","post","type-post","status-publish","format-standard","has-post-thumbnail","hentry","category-anima-cultura-slow-travel-e-storia","category-cosa-fare-quando-piove","tag-collineprosecco","tag-cortedimargamiane","tag-esperienzaincorte","tag-lacortedimarga","tag-miane","tag-museobacodaseta","tag-naturaeapprendimento","tag-proseccohills","tag-proseccohillsholidays-2","tag-robertolarosahost","tag-robertolarosasommelier","tag-silviarobertohost","tag-unescoheritage","tag-visitveneto","tag-vittoriovenetocosavedere","tag-vittoriovenetomusei","tag-vittoriovenetoturismo"],"yoast_head":"<!-- This site is optimized with the Yoast SEO plugin v28.2 - https:\/\/yoast.com\/product\/yoast-seo-wordpress\/ -->\n<title>Museo del Baco da Seta Vittorio Veneto: il miracolo dell&#039;oro filato<\/title>\n<meta name=\"description\" content=\"Museo del Baco da Seta a Vittorio Veneto: Un viaggio suggestivo tra storie di donne, gelsi e il miracolo dell&#039;oro filato.\" \/>\n<meta name=\"robots\" content=\"index, follow, max-snippet:-1, max-image-preview:large, max-video-preview:-1\" \/>\n<link rel=\"canonical\" href=\"https:\/\/lacortedimarga.com\/de\/seidenraupenmuseum-vittorio-veneto\/\" \/>\n<meta property=\"og:locale\" content=\"de_DE\" \/>\n<meta property=\"og:type\" content=\"article\" \/>\n<meta property=\"og:title\" content=\"Museo del Baco da Seta Vittorio Veneto: il miracolo dell&#039;oro filato\" \/>\n<meta property=\"og:description\" content=\"Museo del Baco da Seta a Vittorio Veneto: Un viaggio suggestivo tra storie di donne, gelsi e il miracolo dell&#039;oro filato.\" \/>\n<meta property=\"og:url\" content=\"https:\/\/lacortedimarga.com\/de\/seidenraupenmuseum-vittorio-veneto\/\" \/>\n<meta property=\"og:site_name\" content=\"La Corte di Marga\" \/>\n<meta property=\"article:publisher\" content=\"https:\/\/www.facebook.com\/lacortedimarga\" \/>\n<meta property=\"article:published_time\" content=\"2026-06-13T06:41:49+00:00\" \/>\n<meta property=\"article:modified_time\" content=\"2026-09-03T10:06:46+00:00\" \/>\n<meta property=\"og:image\" content=\"https:\/\/lacortedimarga.com\/wp-content\/uploads\/2026\/06\/La_Corte_di_Marga_cosa_fare_museo_del_baco_da_seta.webp\" \/>\n\t<meta property=\"og:image:width\" content=\"1500\" \/>\n\t<meta property=\"og:image:height\" content=\"1210\" \/>\n\t<meta property=\"og:image:type\" content=\"image\/webp\" \/>\n<meta name=\"author\" content=\"Roberto\" \/>\n<meta name=\"twitter:card\" content=\"summary_large_image\" \/>\n<meta name=\"twitter:label1\" content=\"Verfasst von\" \/>\n\t<meta name=\"twitter:data1\" content=\"Roberto\" \/>\n\t<meta name=\"twitter:label2\" content=\"Gesch\u00e4tzte Lesezeit\" \/>\n\t<meta name=\"twitter:data2\" content=\"6\u00a0Minuten\" \/>\n<script type=\"application\/ld+json\" class=\"yoast-schema-graph\">{\"@context\":\"https:\\\/\\\/schema.org\",\"@graph\":[{\"@type\":\"Article\",\"@id\":\"https:\\\/\\\/lacortedimarga.com\\\/museo-baco-da-seta-vittorio-veneto\\\/#article\",\"isPartOf\":{\"@id\":\"https:\\\/\\\/lacortedimarga.com\\\/museo-baco-da-seta-vittorio-veneto\\\/\"},\"author\":{\"name\":\"Roberto\",\"@id\":\"https:\\\/\\\/lacortedimarga.com\\\/#\\\/schema\\\/person\\\/35b8aa132ce672c39a5ece2e9b43b967\"},\"headline\":\"L&#8217;oro filato dalle donne: l&#8217;epopea dimenticata del Museo del Baco da Seta a Vittorio Veneto\",\"datePublished\":\"2026-06-13T06:41:49+00:00\",\"dateModified\":\"2026-09-03T10:06:46+00:00\",\"mainEntityOfPage\":{\"@id\":\"https:\\\/\\\/lacortedimarga.com\\\/museo-baco-da-seta-vittorio-veneto\\\/\"},\"wordCount\":1307,\"publisher\":{\"@id\":\"https:\\\/\\\/lacortedimarga.com\\\/#organization\"},\"image\":{\"@id\":\"https:\\\/\\\/lacortedimarga.com\\\/museo-baco-da-seta-vittorio-veneto\\\/#primaryimage\"},\"thumbnailUrl\":\"https:\\\/\\\/lacortedimarga.com\\\/wp-content\\\/uploads\\\/2026\\\/06\\\/La_Corte_di_Marga_cosa_fare_museo_del_baco_da_seta.webp\",\"keywords\":[\"#CollineProsecco\",\"#CorteDiMargaMiane\",\"#EsperienzaInCorte\",\"#LaCortediMarga\",\"#Miane\",\"#MuseoBacoDaSeta\",\"#NaturaEApprendimento\",\"#ProseccoHills\",\"#ProseccoHillsHolidays\",\"#RobertoLaRosaHost\",\"#RobertoLaRosaSommelier\",\"#SilviaRobertohost\",\"#UNESCOHeritage\",\"#VisitVeneto\",\"#VittorioVenetoCosaVedere\",\"#VittorioVenetoMusei\",\"#VittorioVenetoTurismo\"],\"articleSection\":[\"Anima &amp; Cultura: Slow Travel e Storia\",\"Cosa fare quando piove\"],\"inLanguage\":\"de\"},{\"@type\":[\"WebPage\",\"FAQPage\"],\"@id\":\"https:\\\/\\\/lacortedimarga.com\\\/museo-baco-da-seta-vittorio-veneto\\\/\",\"url\":\"https:\\\/\\\/lacortedimarga.com\\\/museo-baco-da-seta-vittorio-veneto\\\/\",\"name\":\"Museo del Baco da Seta Vittorio Veneto: il miracolo dell'oro filato\",\"isPartOf\":{\"@id\":\"https:\\\/\\\/lacortedimarga.com\\\/#website\"},\"primaryImageOfPage\":{\"@id\":\"https:\\\/\\\/lacortedimarga.com\\\/museo-baco-da-seta-vittorio-veneto\\\/#primaryimage\"},\"image\":{\"@id\":\"https:\\\/\\\/lacortedimarga.com\\\/museo-baco-da-seta-vittorio-veneto\\\/#primaryimage\"},\"thumbnailUrl\":\"https:\\\/\\\/lacortedimarga.com\\\/wp-content\\\/uploads\\\/2026\\\/06\\\/La_Corte_di_Marga_cosa_fare_museo_del_baco_da_seta.webp\",\"datePublished\":\"2026-06-13T06:41:49+00:00\",\"dateModified\":\"2026-09-03T10:06:46+00:00\",\"description\":\"Museo del Baco da Seta a Vittorio Veneto: Un viaggio suggestivo tra storie di donne, gelsi e il miracolo dell'oro filato.\",\"breadcrumb\":{\"@id\":\"https:\\\/\\\/lacortedimarga.com\\\/museo-baco-da-seta-vittorio-veneto\\\/#breadcrumb\"},\"mainEntity\":[{\"@id\":\"https:\\\/\\\/lacortedimarga.com\\\/museo-baco-da-seta-vittorio-veneto\\\/#faq-question-1788429989300\"},{\"@id\":\"https:\\\/\\\/lacortedimarga.com\\\/museo-baco-da-seta-vittorio-veneto\\\/#faq-question-1788429989301\"},{\"@id\":\"https:\\\/\\\/lacortedimarga.com\\\/museo-baco-da-seta-vittorio-veneto\\\/#faq-question-1788429989302\"}],\"inLanguage\":\"de\",\"potentialAction\":[{\"@type\":\"ReadAction\",\"target\":[\"https:\\\/\\\/lacortedimarga.com\\\/museo-baco-da-seta-vittorio-veneto\\\/\"]}]},{\"@type\":\"ImageObject\",\"inLanguage\":\"de\",\"@id\":\"https:\\\/\\\/lacortedimarga.com\\\/museo-baco-da-seta-vittorio-veneto\\\/#primaryimage\",\"url\":\"https:\\\/\\\/lacortedimarga.com\\\/wp-content\\\/uploads\\\/2026\\\/06\\\/La_Corte_di_Marga_cosa_fare_museo_del_baco_da_seta.webp\",\"contentUrl\":\"https:\\\/\\\/lacortedimarga.com\\\/wp-content\\\/uploads\\\/2026\\\/06\\\/La_Corte_di_Marga_cosa_fare_museo_del_baco_da_seta.webp\",\"width\":1500,\"height\":1210,\"caption\":\"Un'immagine che profuma di storia: le filandere al lavoro durante la cernita dei bozzoli di seta, il cuore umano dell'antica Filanda di Vittorio Veneto.\"},{\"@type\":\"BreadcrumbList\",\"@id\":\"https:\\\/\\\/lacortedimarga.com\\\/museo-baco-da-seta-vittorio-veneto\\\/#breadcrumb\",\"itemListElement\":[{\"@type\":\"ListItem\",\"position\":1,\"name\":\"Home\",\"item\":\"https:\\\/\\\/lacortedimarga.com\\\/\"},{\"@type\":\"ListItem\",\"position\":2,\"name\":\"L&#8217;oro filato dalle donne: l&#8217;epopea dimenticata del Museo del Baco da Seta a Vittorio Veneto\"}]},{\"@type\":\"WebSite\",\"@id\":\"https:\\\/\\\/lacortedimarga.com\\\/#website\",\"url\":\"https:\\\/\\\/lacortedimarga.com\\\/\",\"name\":\"La Corte di Marga\",\"description\":\"Prosecco Hills Holidays\",\"publisher\":{\"@id\":\"https:\\\/\\\/lacortedimarga.com\\\/#organization\"},\"potentialAction\":[{\"@type\":\"SearchAction\",\"target\":{\"@type\":\"EntryPoint\",\"urlTemplate\":\"https:\\\/\\\/lacortedimarga.com\\\/?s={search_term_string}\"},\"query-input\":{\"@type\":\"PropertyValueSpecification\",\"valueRequired\":true,\"valueName\":\"search_term_string\"}}],\"inLanguage\":\"de\"},{\"@type\":\"Organization\",\"@id\":\"https:\\\/\\\/lacortedimarga.com\\\/#organization\",\"name\":\"La Corte di Marga\",\"url\":\"https:\\\/\\\/lacortedimarga.com\\\/\",\"logo\":{\"@type\":\"ImageObject\",\"inLanguage\":\"de\",\"@id\":\"https:\\\/\\\/lacortedimarga.com\\\/#\\\/schema\\\/logo\\\/image\\\/\",\"url\":\"https:\\\/\\\/lacortedimarga.com\\\/wp-content\\\/uploads\\\/2025\\\/06\\\/logo-corti-di-marga.webp\",\"contentUrl\":\"https:\\\/\\\/lacortedimarga.com\\\/wp-content\\\/uploads\\\/2025\\\/06\\\/logo-corti-di-marga.webp\",\"width\":955,\"height\":529,\"caption\":\"La Corte di Marga\"},\"image\":{\"@id\":\"https:\\\/\\\/lacortedimarga.com\\\/#\\\/schema\\\/logo\\\/image\\\/\"},\"sameAs\":[\"https:\\\/\\\/www.facebook.com\\\/lacortedimarga\",\"https:\\\/\\\/www.instagram.com\\\/la_corte_di_marga\\\/\",\"https:\\\/\\\/www.tiktok.com\\\/@lacortedimarga\",\"https:\\\/\\\/www.youtube.com\\\/@lacortedimargaofficial\",\"https:\\\/\\\/www.linkedin.com\\\/company\\\/la-corte-di-marga-prosecco-hills-holiday\"]},{\"@type\":\"Person\",\"@id\":\"https:\\\/\\\/lacortedimarga.com\\\/#\\\/schema\\\/person\\\/35b8aa132ce672c39a5ece2e9b43b967\",\"name\":\"Roberto\",\"image\":{\"@type\":\"ImageObject\",\"inLanguage\":\"de\",\"@id\":\"https:\\\/\\\/secure.gravatar.com\\\/avatar\\\/e3f271e90e735cdc34557ef9b92be1ad6f15d5bac04b51fa3cd10b4c11dac25e?s=96&d=mm&r=g\",\"url\":\"https:\\\/\\\/secure.gravatar.com\\\/avatar\\\/e3f271e90e735cdc34557ef9b92be1ad6f15d5bac04b51fa3cd10b4c11dac25e?s=96&d=mm&r=g\",\"contentUrl\":\"https:\\\/\\\/secure.gravatar.com\\\/avatar\\\/e3f271e90e735cdc34557ef9b92be1ad6f15d5bac04b51fa3cd10b4c11dac25e?s=96&d=mm&r=g\",\"caption\":\"Roberto\"},\"url\":\"https:\\\/\\\/lacortedimarga.com\\\/de\\\/author\\\/roberto\\\/\"},{\"@type\":\"Question\",\"@id\":\"https:\\\/\\\/lacortedimarga.com\\\/museo-baco-da-seta-vittorio-veneto\\\/#faq-question-1788429989300\",\"position\":1,\"url\":\"https:\\\/\\\/lacortedimarga.com\\\/museo-baco-da-seta-vittorio-veneto\\\/#faq-question-1788429989300\",\"name\":\"Dove si trova il Museo del Baco da Seta di Vittorio Veneto?\",\"answerCount\":1,\"acceptedAnswer\":{\"@type\":\"Answer\",\"text\":\"Il museo ha sede nell'ex Filanda Maffi, nella frazione di San Giacomo di Veglia (Via della Seta), a Vittorio Veneto \u2014 a pochi minuti d'auto da La Corte di Marga.\",\"inLanguage\":\"de\"},\"inLanguage\":\"de\"},{\"@type\":\"Question\",\"@id\":\"https:\\\/\\\/lacortedimarga.com\\\/museo-baco-da-seta-vittorio-veneto\\\/#faq-question-1788429989301\",\"position\":2,\"url\":\"https:\\\/\\\/lacortedimarga.com\\\/museo-baco-da-seta-vittorio-veneto\\\/#faq-question-1788429989301\",\"name\":\"Quando \u00e8 aperto il Museo del Baco da Seta?\",\"answerCount\":1,\"acceptedAnswer\":{\"@type\":\"Answer\",\"text\":\"Apre venerd\u00ec, sabato, domenica e festivi (10-12 e 15-17); negli altri giorni \u00e8 visitabile su prenotazione, anche per gruppi. Per conferma consigliamo di controllare gli orari aggiornati prima della visita.\",\"inLanguage\":\"de\"},\"inLanguage\":\"de\"},{\"@type\":\"Question\",\"@id\":\"https:\\\/\\\/lacortedimarga.com\\\/museo-baco-da-seta-vittorio-veneto\\\/#faq-question-1788429989302\",\"position\":3,\"url\":\"https:\\\/\\\/lacortedimarga.com\\\/museo-baco-da-seta-vittorio-veneto\\\/#faq-question-1788429989302\",\"name\":\"Cosa si vede all'interno del museo?\",\"answerCount\":1,\"acceptedAnswer\":{\"@type\":\"Answer\",\"text\":\"Un percorso che racconta la sericoltura locale: gli allevamenti dei bachi da seta, i gelsi (i \\\"mor\u00e8er\\\" del dialetto locale), gli attrezzi della filanda e la storia delle donne che per generazioni hanno lavorato la seta nella pedemontana trevigiana.\",\"inLanguage\":\"de\"},\"inLanguage\":\"de\"}]}<\/script>\n<!-- \/ Yoast SEO plugin. -->","yoast_head_json":{"title":"Seidenraupenmuseum Vittorio Veneto: das Wunder des gesponnenen Goldes","description":"Seidenraupenmuseum in Vittorio Veneto: Eine fesselnde Reise durch Geschichten von Frauen, Maulbeerb\u00e4umen und dem Wunder des gesponnenen Goldes.","robots":{"index":"index","follow":"follow","max-snippet":"max-snippet:-1","max-image-preview":"max-image-preview:large","max-video-preview":"max-video-preview:-1"},"canonical":"https:\/\/lacortedimarga.com\/de\/seidenraupenmuseum-vittorio-veneto\/","og_locale":"de_DE","og_type":"article","og_title":"Museo del Baco da Seta Vittorio Veneto: il miracolo dell'oro filato","og_description":"Museo del Baco da Seta a Vittorio Veneto: Un viaggio suggestivo tra storie di donne, gelsi e il miracolo dell'oro filato.","og_url":"https:\/\/lacortedimarga.com\/de\/seidenraupenmuseum-vittorio-veneto\/","og_site_name":"La Corte di Marga","article_publisher":"https:\/\/www.facebook.com\/lacortedimarga","article_published_time":"2026-06-13T06:41:49+00:00","article_modified_time":"2026-09-03T10:06:46+00:00","og_image":[{"width":1500,"height":1210,"url":"https:\/\/lacortedimarga.com\/wp-content\/uploads\/2026\/06\/La_Corte_di_Marga_cosa_fare_museo_del_baco_da_seta.webp","type":"image\/webp"}],"author":"Roberto","twitter_card":"summary_large_image","twitter_misc":{"Verfasst von":"Roberto","Gesch\u00e4tzte Lesezeit":"6\u00a0Minuten"},"schema":{"@context":"https:\/\/schema.org","@graph":[{"@type":"Article","@id":"https:\/\/lacortedimarga.com\/museo-baco-da-seta-vittorio-veneto\/#article","isPartOf":{"@id":"https:\/\/lacortedimarga.com\/museo-baco-da-seta-vittorio-veneto\/"},"author":{"name":"Roberto","@id":"https:\/\/lacortedimarga.com\/#\/schema\/person\/35b8aa132ce672c39a5ece2e9b43b967"},"headline":"L&#8217;oro filato dalle donne: l&#8217;epopea dimenticata del Museo del Baco da Seta a Vittorio Veneto","datePublished":"2026-06-13T06:41:49+00:00","dateModified":"2026-09-03T10:06:46+00:00","mainEntityOfPage":{"@id":"https:\/\/lacortedimarga.com\/museo-baco-da-seta-vittorio-veneto\/"},"wordCount":1307,"publisher":{"@id":"https:\/\/lacortedimarga.com\/#organization"},"image":{"@id":"https:\/\/lacortedimarga.com\/museo-baco-da-seta-vittorio-veneto\/#primaryimage"},"thumbnailUrl":"https:\/\/lacortedimarga.com\/wp-content\/uploads\/2026\/06\/La_Corte_di_Marga_cosa_fare_museo_del_baco_da_seta.webp","keywords":["#CollineProsecco","#CorteDiMargaMiane","#EsperienzaInCorte","#LaCortediMarga","#Miane","#MuseoBacoDaSeta","#NaturaEApprendimento","#ProseccoHills","#ProseccoHillsHolidays","#RobertoLaRosaHost","#RobertoLaRosaSommelier","#SilviaRobertohost","#UNESCOHeritage","#VisitVeneto","#VittorioVenetoCosaVedere","#VittorioVenetoMusei","#VittorioVenetoTurismo"],"articleSection":["Anima &amp; Cultura: Slow Travel e Storia","Cosa fare quando piove"],"inLanguage":"de"},{"@type":["WebPage","FAQPage"],"@id":"https:\/\/lacortedimarga.com\/museo-baco-da-seta-vittorio-veneto\/","url":"https:\/\/lacortedimarga.com\/museo-baco-da-seta-vittorio-veneto\/","name":"Seidenraupenmuseum Vittorio Veneto: das Wunder des gesponnenen Goldes","isPartOf":{"@id":"https:\/\/lacortedimarga.com\/#website"},"primaryImageOfPage":{"@id":"https:\/\/lacortedimarga.com\/museo-baco-da-seta-vittorio-veneto\/#primaryimage"},"image":{"@id":"https:\/\/lacortedimarga.com\/museo-baco-da-seta-vittorio-veneto\/#primaryimage"},"thumbnailUrl":"https:\/\/lacortedimarga.com\/wp-content\/uploads\/2026\/06\/La_Corte_di_Marga_cosa_fare_museo_del_baco_da_seta.webp","datePublished":"2026-06-13T06:41:49+00:00","dateModified":"2026-09-03T10:06:46+00:00","description":"Seidenraupenmuseum in Vittorio Veneto: Eine fesselnde Reise durch Geschichten von Frauen, Maulbeerb\u00e4umen und dem Wunder des gesponnenen Goldes.","breadcrumb":{"@id":"https:\/\/lacortedimarga.com\/museo-baco-da-seta-vittorio-veneto\/#breadcrumb"},"mainEntity":[{"@id":"https:\/\/lacortedimarga.com\/museo-baco-da-seta-vittorio-veneto\/#faq-question-1788429989300"},{"@id":"https:\/\/lacortedimarga.com\/museo-baco-da-seta-vittorio-veneto\/#faq-question-1788429989301"},{"@id":"https:\/\/lacortedimarga.com\/museo-baco-da-seta-vittorio-veneto\/#faq-question-1788429989302"}],"inLanguage":"de","potentialAction":[{"@type":"ReadAction","target":["https:\/\/lacortedimarga.com\/museo-baco-da-seta-vittorio-veneto\/"]}]},{"@type":"ImageObject","inLanguage":"de","@id":"https:\/\/lacortedimarga.com\/museo-baco-da-seta-vittorio-veneto\/#primaryimage","url":"https:\/\/lacortedimarga.com\/wp-content\/uploads\/2026\/06\/La_Corte_di_Marga_cosa_fare_museo_del_baco_da_seta.webp","contentUrl":"https:\/\/lacortedimarga.com\/wp-content\/uploads\/2026\/06\/La_Corte_di_Marga_cosa_fare_museo_del_baco_da_seta.webp","width":1500,"height":1210,"caption":"Un'immagine che profuma di storia: le filandere al lavoro durante la cernita dei bozzoli di seta, il cuore umano dell'antica Filanda di Vittorio Veneto."},{"@type":"BreadcrumbList","@id":"https:\/\/lacortedimarga.com\/museo-baco-da-seta-vittorio-veneto\/#breadcrumb","itemListElement":[{"@type":"ListItem","position":1,"name":"Home","item":"https:\/\/lacortedimarga.com\/"},{"@type":"ListItem","position":2,"name":"L&#8217;oro filato dalle donne: l&#8217;epopea dimenticata del Museo del Baco da Seta a Vittorio Veneto"}]},{"@type":"WebSite","@id":"https:\/\/lacortedimarga.com\/#website","url":"https:\/\/lacortedimarga.com\/","name":"Der Hof von Marga","description":"Prosecco Hills Ferien","publisher":{"@id":"https:\/\/lacortedimarga.com\/#organization"},"potentialAction":[{"@type":"SearchAction","target":{"@type":"EntryPoint","urlTemplate":"https:\/\/lacortedimarga.com\/?s={search_term_string}"},"query-input":{"@type":"PropertyValueSpecification","valueRequired":true,"valueName":"search_term_string"}}],"inLanguage":"de"},{"@type":"Organization","@id":"https:\/\/lacortedimarga.com\/#organization","name":"Der Hof von Marga","url":"https:\/\/lacortedimarga.com\/","logo":{"@type":"ImageObject","inLanguage":"de","@id":"https:\/\/lacortedimarga.com\/#\/schema\/logo\/image\/","url":"https:\/\/lacortedimarga.com\/wp-content\/uploads\/2025\/06\/logo-corti-di-marga.webp","contentUrl":"https:\/\/lacortedimarga.com\/wp-content\/uploads\/2025\/06\/logo-corti-di-marga.webp","width":955,"height":529,"caption":"La Corte di Marga"},"image":{"@id":"https:\/\/lacortedimarga.com\/#\/schema\/logo\/image\/"},"sameAs":["https:\/\/www.facebook.com\/lacortedimarga","https:\/\/www.instagram.com\/la_corte_di_marga\/","https:\/\/www.tiktok.com\/@lacortedimarga","https:\/\/www.youtube.com\/@lacortedimargaofficial","https:\/\/www.linkedin.com\/company\/la-corte-di-marga-prosecco-hills-holiday"]},{"@type":"Person","@id":"https:\/\/lacortedimarga.com\/#\/schema\/person\/35b8aa132ce672c39a5ece2e9b43b967","name":"Roberto","image":{"@type":"ImageObject","inLanguage":"de","@id":"https:\/\/secure.gravatar.com\/avatar\/e3f271e90e735cdc34557ef9b92be1ad6f15d5bac04b51fa3cd10b4c11dac25e?s=96&d=mm&r=g","url":"https:\/\/secure.gravatar.com\/avatar\/e3f271e90e735cdc34557ef9b92be1ad6f15d5bac04b51fa3cd10b4c11dac25e?s=96&d=mm&r=g","contentUrl":"https:\/\/secure.gravatar.com\/avatar\/e3f271e90e735cdc34557ef9b92be1ad6f15d5bac04b51fa3cd10b4c11dac25e?s=96&d=mm&r=g","caption":"Roberto"},"url":"https:\/\/lacortedimarga.com\/de\/author\/roberto\/"},{"@type":"Question","@id":"https:\/\/lacortedimarga.com\/museo-baco-da-seta-vittorio-veneto\/#faq-question-1788429989300","position":1,"url":"https:\/\/lacortedimarga.com\/museo-baco-da-seta-vittorio-veneto\/#faq-question-1788429989300","name":"Dove si trova il Museo del Baco da Seta di Vittorio Veneto?","answerCount":1,"acceptedAnswer":{"@type":"Answer","text":"Il museo ha sede nell'ex Filanda Maffi, nella frazione di San Giacomo di Veglia (Via della Seta), a Vittorio Veneto \u2014 a pochi minuti d'auto da La Corte di Marga.","inLanguage":"de"},"inLanguage":"de"},{"@type":"Question","@id":"https:\/\/lacortedimarga.com\/museo-baco-da-seta-vittorio-veneto\/#faq-question-1788429989301","position":2,"url":"https:\/\/lacortedimarga.com\/museo-baco-da-seta-vittorio-veneto\/#faq-question-1788429989301","name":"Quando \u00e8 aperto il Museo del Baco da Seta?","answerCount":1,"acceptedAnswer":{"@type":"Answer","text":"Apre venerd\u00ec, sabato, domenica e festivi (10-12 e 15-17); negli altri giorni \u00e8 visitabile su prenotazione, anche per gruppi. Per conferma consigliamo di controllare gli orari aggiornati prima della visita.","inLanguage":"de"},"inLanguage":"de"},{"@type":"Question","@id":"https:\/\/lacortedimarga.com\/museo-baco-da-seta-vittorio-veneto\/#faq-question-1788429989302","position":3,"url":"https:\/\/lacortedimarga.com\/museo-baco-da-seta-vittorio-veneto\/#faq-question-1788429989302","name":"Cosa si vede all'interno del museo?","answerCount":1,"acceptedAnswer":{"@type":"Answer","text":"Un percorso che racconta la sericoltura locale: gli allevamenti dei bachi da seta, i gelsi (i \"mor\u00e8er\" del dialetto locale), gli attrezzi della filanda e la storia delle donne che per generazioni hanno lavorato la seta nella pedemontana trevigiana.","inLanguage":"de"},"inLanguage":"de"}]}},"_links":{"self":[{"href":"https:\/\/lacortedimarga.com\/de\/wp-json\/wp\/v2\/posts\/2666","targetHints":{"allow":["GET"]}}],"collection":[{"href":"https:\/\/lacortedimarga.com\/de\/wp-json\/wp\/v2\/posts"}],"about":[{"href":"https:\/\/lacortedimarga.com\/de\/wp-json\/wp\/v2\/types\/post"}],"author":[{"embeddable":true,"href":"https:\/\/lacortedimarga.com\/de\/wp-json\/wp\/v2\/users\/3"}],"replies":[{"embeddable":true,"href":"https:\/\/lacortedimarga.com\/de\/wp-json\/wp\/v2\/comments?post=2666"}],"version-history":[{"count":3,"href":"https:\/\/lacortedimarga.com\/de\/wp-json\/wp\/v2\/posts\/2666\/revisions"}],"predecessor-version":[{"id":3062,"href":"https:\/\/lacortedimarga.com\/de\/wp-json\/wp\/v2\/posts\/2666\/revisions\/3062"}],"wp:featuredmedia":[{"embeddable":true,"href":"https:\/\/lacortedimarga.com\/de\/wp-json\/wp\/v2\/media\/2667"}],"wp:attachment":[{"href":"https:\/\/lacortedimarga.com\/de\/wp-json\/wp\/v2\/media?parent=2666"}],"wp:term":[{"taxonomy":"category","embeddable":true,"href":"https:\/\/lacortedimarga.com\/de\/wp-json\/wp\/v2\/categories?post=2666"},{"taxonomy":"post_tag","embeddable":true,"href":"https:\/\/lacortedimarga.com\/de\/wp-json\/wp\/v2\/tags?post=2666"}],"curies":[{"name":"wp","href":"https:\/\/api.w.org\/{rel}","templated":true}]}}