{"id":2669,"date":"2026-06-13T09:39:51","date_gmt":"2026-06-13T09:39:51","guid":{"rendered":"https:\/\/lacortedimarga.com\/?p=2669"},"modified":"2026-09-03T10:15:46","modified_gmt":"2026-09-03T10:15:46","slug":"trekking-vittorio-veneto-wege","status":"publish","type":"post","link":"https:\/\/lacortedimarga.com\/de\/trekking-vittorio-veneto-sentieri\/","title":{"rendered":"Trekking in Vittorio Veneto zwischen alten Mythen und voralpinen Gipfeln"},"content":{"rendered":"<p>Wenn du Vittorio Veneto von unten betrachtest, besonders wenn du dich im mittelalterlichen Herzen von Serravalle befindest, \u00fcberkommt dich ein seltsames Gef\u00fchl von Bedr\u00fcckung und Staunen. Die Stadt ist in einer tiefen Schlucht eingeengt, gesch\u00fctzt von senkrechten Felsw\u00e4nden, die sie fast zu verstecken scheinen. Doch wenn du deinen Blick \u00fcber die D\u00e4cher und Kircht\u00fcrme erhebst, erkennst du, dass dieser Fels kein Gef\u00e4ngnis ist: Er ist eine Einladung zum Aufstieg.<\/p>\n\n\n\n<p>F\u00fcr die G\u00e4ste von <strong>Der Hof von Marga<\/strong> die gerne wandern, gibt es ein Erlebnis von <strong>Trekking in Vittorio Veneto<\/strong> was ein wahrer \u00dcbergangsritus ist. Es handelt sich nicht um einen einfachen Spaziergang im Wald, sondern um einen vertikalen Aufstieg, der dich dazu bringt, deine Haut zu wechseln: Er beginnt mit der jahrtausendealten Geschichte der Ebene, durchquert Orte heidnischer Opfer und christlicher Legenden und st\u00fcrzt sich auf die grasbewachsenen Grate, wo der Wind bereits nach Hochgebirge duftet.<\/p>\n\n\n\n<h2 class=\"wp-block-heading\">Der Beginn der Reise: Die abgenutzten Steine und das Blut von Augusta<\/h2>\n\n\n\n<p>Die Wanderung beginnt auf die eindrucksvollste Weise: Man l\u00e4sst den Asphalt hinter sich und nimmt die monumentale Treppe aus istrischem Stein in Angriff, die hinter dem Dom von Serravalle aufsteigt. Schon bei den ersten Schritten hat man das Gef\u00fchl, auf Geschichte zu treten. Die Kieselsteine des Aufstiegs sind glatt, gl\u00e4nzend und \u00fcber Jahrhunderte von den Knien der Pilger und den Hufen der Wanderer abgenutzt.<\/p>\n\n\n\n<h3 class=\"wp-block-heading\">Die Legende des Castrum und das Martyrium<\/h3>\n\n\n\n<p>Dieser erste Teil des Weges ist die Via Sacra aus dem 17. Jahrhundert, die von sieben Votivkapellen unterbrochen wird, die als Rastpl\u00e4tze und Aussichtspunkte dienen. Doch die architektonische Sch\u00f6nheit trifft hier auf eine Liebes- und Blutsgeschichte aus dem Fr\u00fchmittelalter.<\/p>\n\n\n\n<p>Die Legende erz\u00e4hlt von <strong>Augusta<\/strong>, Tochter von Madrucco, dem r\u00fccksichtslosen Heidenk\u00f6nig, der von seinem Castrum in Serravalle aus herrschte. Die junge Frau konvertierte heimlich zum Christentum und widmete sich den Armen und Kranken, die sie auf wundersame Weise heilte. Als ihr Vater von ihrem Glauben erfuhr, lie\u00df er sie in seinem von protomedievalischem Stolz geblendeten Zorn foltern und bei\u00df schlie\u00dflich mit eigenen H\u00e4nden enthaupten.<\/p>\n\n\n\n<p>Aufstieg, der nach etwa 40 Minuten stetigen Aufstiegs im Schatten der Zypressen sein Ende findet, bedeutet, den <strong>Heiligtum der Heiligen Augusta<\/strong>, auf dem Monte Marcantone thronend. Auf dem von B\u00e4umen ges\u00e4umten Platz, aufgeh\u00e4ngt in der Stille, \u00f6ffnet sich zum ersten Mal der Blick: Serravalle wirkt wie ein winziges mittelalterliches Modell, eingebettet zwischen den Bergen, und der Blick schweift frei \u00fcber die gesamte Trevisaner Ebene.<\/p>\n\n\n\n<h2 class=\"wp-block-heading\">Der Altarberg: Wo Arch\u00e4ologie auf wilden Wald trifft<\/h2>\n\n\n\n<p>F\u00fcr viele Touristen endet die Reise am Heiligtum. F\u00fcr diejenigen, die echtes Outdoor lieben, beginnt hier jedoch die Wildnis des Berges. Jenseits der heiligen Bauten wandelt sich der Weg in einen Trampelpfad, der sich in die Schatten des Voralpenwaldes schl\u00e4ngelt.<\/p>\n\n\n\n<p>Man steuert auf das <strong>Monte Altare<\/strong>, ein Ort, der eine magnetische und archaische Energie ausstrahlt. Dieser H\u00fcgel ist nicht nur ein geografisches Ziel, sondern ein offener Schrein, der seit Urzeiten von Menschen besucht wird. Arch\u00e4ologische Ausgrabungen haben dort Spuren heidnischer Kulte gefunden, die bis ins <strong>Veneti<\/strong> (fast 3.000 Jahre zur\u00fcck) und sp\u00e4ter an die Kelten und R\u00f6mer.<\/p>\n\n\n\n<p>Zwischen diesen Eichen und Hainbuchen zu wandern und zu wissen, dass unter den Wurzeln die \u00dcberreste alter Opferalt\u00e4re ruhen, wo die V\u00f6lker des Voralpenlandes den G\u00f6ttern Gaben darbrachten, um gute Ernten zu erflehen oder Krieger zu besch\u00fctzen, verleiht dem Trekking eine tiefe Suggestion. Die Natur ist hier nicht nur Kulisse, sie ist H\u00fcterin des Heiligen.<\/p>\n\n\n\n<h2 class=\"wp-block-heading\">Trekking in Vittorio Veneto: Der Weg der Grate, auf dem schmalen Grat der Welt wandern<\/h2>\n\n\n\n<p>die Kette hinauf in Richtung des Hauptkamms, der zum <strong>Col Visentin<\/strong> o al <strong>Monte Pizzoc<\/strong>, il bosco pian piano si dirada. La vegetazione arborea lascia spazio alle praterie d\u2019alta quota, e ci si ritrova a camminare sul celebre <strong>Gratenweg<\/strong>.<\/p>\n\n\n\n<p>Dies ist der aufregendste Moment der gesamten Reiseroute. Du gehst auf einem Grat aus Gras und Felsen, der zwischen zwei gegens\u00e4tzlichen Welten schwebt:<\/p>\n\n\n\n<ul class=\"wp-block-list\">\n<li><strong>Links (Norden):<\/strong> Der Horizont wird pl\u00f6tzlich von den vertikalen, geometrischen und majest\u00e4tischen W\u00e4nden der <strong>Dolomiten UNESCO-Welterbe<\/strong>. Helle, raue Felsen, die nach alpinen Legenden duften.<\/li>\n\n\n\n<li><strong>Nach rechts (S\u00fcden):<\/strong> Der Blick gleitet ungehindert \u00fcber die unendliche Weite der venezianischen Ebene. An Tagen, an denen die Luft der Pedemontana sauber und klar ist, schweift der Blick \u00fcber Conegliano und Treviso hinaus, bis er das silberne Schimmern der <strong>Die Lagune von Venedig<\/strong> und das Profil des Markusdoms.<\/li>\n<\/ul>\n\n\n\n<p>Nur wenige Wanderrouten k\u00f6nnen diesen emotionalen Kontrast bieten: die F\u00fc\u00dfe in den Voralpen, die Augen auf den Dolomiten und der Blick, der im Adriatischen Meer versinkt. Der Wind, der \u00fcber diese Grate weht, reinigt die Gedanken und gibt dem Sinn der Reise zur\u00fcck.<\/p>\n\n\n\n<h2 class=\"wp-block-heading\">Tipps zum Wandern in Vittorio Veneto und auf dem Serravalle-Berg<\/h2>\n\n\n\n<p>Diese Reiseroute ist ein unvergessliches Erlebnis, erfordert aber den richtigen Respekt:<\/p>\n\n\n\n<ul class=\"wp-block-list\">\n<li><strong>Fester Schritt<\/strong> Der Aufstieg nach Sant\u2019Augusta ist f\u00fcr jedermann machbar, doch die Weiterf\u00fchrung entlang der Grate erfordert aufgrund exponierter und felsiger Abschnitte professionelle Wanderschuhe mit ausgezeichnetem Grip (Vibram-Sohle).<\/li>\n\n\n\n<li><strong>Die Jahreszeiten des Lichts<\/strong> Der Herbst schenkt das <em>Laub<\/em> feurig in den W\u00e4ldern des Monte Altare und die klarste Luft des Jahres, um Venedig zu sehen. Der Fr\u00fchling bedeckt die Gipfel mit seltenen voralpinen Bl\u00fcten.<\/li>\n\n\n\n<li><strong>Wasserspeicher:<\/strong> Nimm reichlich Wasser im Rucksack mit: Sobald du am Heiligtum vorbeigekommen bist, wird der Berg authentisch und du wirst bis zu den Gipfeln keine Brunnen mehr finden.<\/li>\n<\/ul>\n\n\n\n<h2 class=\"wp-block-heading\">\ud83d\uddfa\ufe0f N\u00fctzliche Informationen im \u00dcberblick<\/h2>\n\n\n\n<ul class=\"wp-block-list\">\n<li>\ud83d\udcd0 <strong>L\u00e4nge<\/strong> 10,5 km (Rundweg mit Start und Ziel im historischen Zentrum von Serravalle \u2013 Piazza Flaminio)<\/li>\n\n\n\n<li>\u23f1\ufe0f <strong>Tempo:<\/strong> 3h 45min (gleichm\u00e4\u00dfiges Tempo, ohne besinnliche Pausen oder den Stopp am Heiligtum)<\/li>\n\n\n\n<li>\ud83d\udcc8 <strong>H\u00f6henunterschied<\/strong> +480 Meter<\/li>\n\n\n\n<li>\ud83e\udd7e <strong>Schwierigkeit:<\/strong> E (Wanderweg). Der erste Teil bis Sant\u2019Augusta ist ein steiler, aber gut begehbarer Anstieg \u00fcber Steinstufen; die Weiterf\u00fchrung zum Monte Altare und dem H\u00f6henweg erfordert festes Schuhwerk und gute Trittsicherheit auf unbefestigtem Bergterrain.<\/li>\n\n\n\n<li>\ud83d\udeb6\u200d\u2642\ufe0f <strong>Nordic Walking:<\/strong> Ja, der Stockschub ist eine ausgezeichnete Hilfe entlang des Heiligen Weges und wird auf dem grasbewachsenen Grat f\u00fcr die Gleichgewichtskontrolle unerl\u00e4sslich.<\/li>\n\n\n\n<li>\ud83d\udc65 <strong>Familien:<\/strong> Ja, der Aufstieg zum Sanktuarium ist auch f\u00fcr Kinder ein sch\u00f6ner Ausflug; der zweite Teil der Route zu den Gipfeln und Graten ist nur f\u00fcr \u00e4ltere Kinder empfohlen, die bereits an das Wandern in den Bergen gew\u00f6hnt sind.<\/li>\n\n\n\n<li>\ud83d\uded2 <strong>Kinderwagen:<\/strong> Nein. Die monumentale Anfangstreppe hat breite Stufen aus istrischem Stein und die Fortsetzung schl\u00e4ngelt sich auf einem Waldweg und Graten, die f\u00fcr Kinderwagen ungeeignet sind.<\/li>\n<\/ul>\n\n\n\n<h3 class=\"wp-block-heading\">\ud83d\udca1 Die erholsame R\u00fcckkehr in La Corte di Marga<\/h3>\n\n\n\n<blockquote class=\"wp-block-quote is-layout-flow wp-block-quote-is-layout-flow\">\n<p><em>\u201cNachdem Sie die Steigung bezwungen, durch die heiligen W\u00e4lder der Paleovenetier gewandert und auf dem Grat der Voralpen balanciert sind, hat der Abstieg in die Zivilisation den Geschmack des Triumphs. Die R\u00fcckkehr nach Miane wird der s\u00fc\u00dfeste Moment des Tages sein. Wir erwarten Sie in unseren <a href=\"https:\/\/lacortedimarga.com\/de\/wohnungen-2\/\" target=\"_blank\" rel=\"noreferrer noopener\">Wohnungen von La Corte di Marga<\/a>, Oasen der Ruhe, wo Sie Ihren Rucksack ablegen, sich eine erholsame Dusche g\u00f6nnen und die Beine in der Stille unserer zum UNESCO-Weltkulturerbe geh\u00f6renden H\u00fcgel am Pool oder in unserem wundersch\u00f6nen Garten entspannen k\u00f6nnen.<\/em><\/p>\n<\/blockquote>\n\n\n\n<p><\/p>\n\n\n\n<div class=\"schema-faq wp-block-yoast-faq-block\"><div class=\"schema-faq-section\" id=\"faq-question-1788430519861\"> <strong class=\"schema-faq-question\">Quanto \u00e8 lungo e quanto dura il trekking a Vittorio Veneto?<\/strong> <p class=\"schema-faq-answer\">L&#8217;itinerario ad anello, con partenza e arrivo in Piazza Flaminio a Serravalle, \u00e8 lungo 10,5 km con un dislivello di +480 metri. Il tempo di percorrenza \u00e8 di circa 3 ore e 45 minuti ad andatura costante, escluse le soste.<\/p> <\/div> <div class=\"schema-faq-section\" id=\"faq-question-1788430519862\"> <strong class=\"schema-faq-question\">Il trekking \u00e8 adatto alle famiglie con bambini?<\/strong> <p class=\"schema-faq-answer\">S\u00ec, ma solo in parte: la salita fino al Santuario di Sant&#8217;Augusta (circa 40 minuti su gradoni in pietra) \u00e8 adatta anche ai bambini. La prosecuzione verso il Monte Altare e il Sentiero delle Creste, con tratti esposti e rocciosi, \u00e8 consigliata solo a ragazzi gi\u00e0 abituati a camminare in montagna.<\/p> <\/div> <div class=\"schema-faq-section\" id=\"faq-question-1788430519863\"> <strong class=\"schema-faq-question\">Cosa rende speciale questo percorso rispetto ad altri trekking della zona?<\/strong> <p class=\"schema-faq-answer\">Il contrasto: si parte dalla Via Sacra secentesca e dalla leggenda di Sant&#8217;Augusta, si attraversa il Monte Altare \u2014 un sito archeologico con tracce di culti pagani risalenti ai Paleoveneti \u2014 e si arriva sul Sentiero delle Creste, da cui lo sguardo spazia dalle Dolomiti UNESCO fino alla Laguna di Venezia nelle giornate pi\u00f9 terse.<\/p> <\/div><\/div>","protected":false},"excerpt":{"rendered":"<p>Se guardi Vittorio Veneto dal basso, specialmente stando nel cuore medievale di Serravalle, provi una strana sensazione di oppressione e meraviglia. La citt\u00e0 \u00e8 stretta in una gola profonda, protetta da pareti di roccia verticali che sembrano quasi volerla nascondere. Ma se alzi lo sguardo oltre i tetti e i campanili, capisci che quella roccia [&hellip;]<\/p>\n","protected":false},"author":3,"featured_media":2670,"comment_status":"closed","ping_status":"open","sticky":false,"template":"","format":"standard","meta":{"_breakdance_hide_in_design_set":false,"_breakdance_tags":"","footnotes":""},"categories":[9,114],"tags":[21,42,65,205,43,135,20,195,22,28,23,53,142,30,180,36],"class_list":["post-2669","post","type-post","status-publish","format-standard","has-post-thumbnail","hentry","category-anima-cultura-slow-travel-e-storia","category-escursioni-a-piedi","tag-collineprosecco","tag-cortedimargamiane","tag-escursioniapiedi","tag-escursioniprealpitrevigiane","tag-esperienzaincorte","tag-hostlacortedimarga","tag-lacortedimarga","tag-lacortedimargablog","tag-miane","tag-naturaeapprendimento","tag-proseccohills","tag-proseccohillsholidays-2","tag-robertolarosahost","tag-robertolarosasommelier","tag-silviarobertohost","tag-unescoheritage"],"yoast_head":"<!-- This site is optimized with the Yoast SEO plugin v28.2 - https:\/\/yoast.com\/product\/yoast-seo-wordpress\/ -->\n<title>Trekking a Vittorio Veneto: itinerari creste e Sant&#039;Augusta<\/title>\n<meta name=\"description\" content=\"Trekking a Vittorio Veneto; da Serravalle al Santuario di Sant&#039;Augusta, fino alle creste panoramiche aperte tra Venezia e le Dolomiti.\" \/>\n<meta name=\"robots\" content=\"index, follow, max-snippet:-1, max-image-preview:large, max-video-preview:-1\" \/>\n<link rel=\"canonical\" href=\"https:\/\/lacortedimarga.com\/de\/trekking-vittorio-veneto-wege\/\" \/>\n<meta property=\"og:locale\" content=\"de_DE\" \/>\n<meta property=\"og:type\" content=\"article\" \/>\n<meta property=\"og:title\" content=\"Trekking a Vittorio Veneto: itinerari creste e Sant&#039;Augusta\" \/>\n<meta property=\"og:description\" content=\"Trekking a Vittorio Veneto; da Serravalle al Santuario di Sant&#039;Augusta, fino alle creste panoramiche aperte tra Venezia e le Dolomiti.\" \/>\n<meta property=\"og:url\" content=\"https:\/\/lacortedimarga.com\/de\/trekking-vittorio-veneto-wege\/\" \/>\n<meta property=\"og:site_name\" content=\"La Corte di Marga\" \/>\n<meta property=\"article:publisher\" content=\"https:\/\/www.facebook.com\/lacortedimarga\" \/>\n<meta property=\"article:published_time\" content=\"2026-06-13T09:39:51+00:00\" \/>\n<meta property=\"article:modified_time\" content=\"2026-09-03T10:15:46+00:00\" \/>\n<meta property=\"og:image\" content=\"https:\/\/lacortedimarga.com\/wp-content\/uploads\/2026\/06\/La_Corte_di_Marga_cosa_fare_Santuario_Santa_Augusta.webp\" \/>\n\t<meta property=\"og:image:width\" content=\"1500\" \/>\n\t<meta property=\"og:image:height\" content=\"789\" \/>\n\t<meta property=\"og:image:type\" content=\"image\/webp\" \/>\n<meta name=\"author\" content=\"Roberto\" \/>\n<meta name=\"twitter:card\" content=\"summary_large_image\" \/>\n<meta name=\"twitter:label1\" content=\"Verfasst von\" \/>\n\t<meta name=\"twitter:data1\" content=\"Roberto\" \/>\n\t<meta name=\"twitter:label2\" content=\"Gesch\u00e4tzte Lesezeit\" \/>\n\t<meta name=\"twitter:data2\" content=\"6\u00a0Minuten\" \/>\n<script type=\"application\/ld+json\" class=\"yoast-schema-graph\">{\"@context\":\"https:\\\/\\\/schema.org\",\"@graph\":[{\"@type\":\"Article\",\"@id\":\"https:\\\/\\\/lacortedimarga.com\\\/trekking-vittorio-veneto-sentieri\\\/#article\",\"isPartOf\":{\"@id\":\"https:\\\/\\\/lacortedimarga.com\\\/trekking-vittorio-veneto-sentieri\\\/\"},\"author\":{\"name\":\"Roberto\",\"@id\":\"https:\\\/\\\/lacortedimarga.com\\\/#\\\/schema\\\/person\\\/35b8aa132ce672c39a5ece2e9b43b967\"},\"headline\":\"Trekking a Vittorio Veneto tra miti antichi e creste prealpine\",\"datePublished\":\"2026-06-13T09:39:51+00:00\",\"dateModified\":\"2026-09-03T10:15:46+00:00\",\"mainEntityOfPage\":{\"@id\":\"https:\\\/\\\/lacortedimarga.com\\\/trekking-vittorio-veneto-sentieri\\\/\"},\"wordCount\":1289,\"publisher\":{\"@id\":\"https:\\\/\\\/lacortedimarga.com\\\/#organization\"},\"image\":{\"@id\":\"https:\\\/\\\/lacortedimarga.com\\\/trekking-vittorio-veneto-sentieri\\\/#primaryimage\"},\"thumbnailUrl\":\"https:\\\/\\\/lacortedimarga.com\\\/wp-content\\\/uploads\\\/2026\\\/06\\\/La_Corte_di_Marga_cosa_fare_Santuario_Santa_Augusta.webp\",\"keywords\":[\"#CollineProsecco\",\"#CorteDiMargaMiane\",\"#EscursioniAPiedi\",\"#EscursioniPrealpiTrevigiane\",\"#EsperienzaInCorte\",\"#HostLaCorteDiMarga\",\"#LaCortediMarga\",\"#LaCorteDiMargaBlog\",\"#Miane\",\"#NaturaEApprendimento\",\"#ProseccoHills\",\"#ProseccoHillsHolidays\",\"#RobertoLaRosaHost\",\"#RobertoLaRosaSommelier\",\"#SilviaRobertohost\",\"#UNESCOHeritage\"],\"articleSection\":[\"Anima &amp; Cultura: Slow Travel e Storia\",\"Escursioni a piedi\"],\"inLanguage\":\"de\"},{\"@type\":[\"WebPage\",\"FAQPage\"],\"@id\":\"https:\\\/\\\/lacortedimarga.com\\\/trekking-vittorio-veneto-sentieri\\\/\",\"url\":\"https:\\\/\\\/lacortedimarga.com\\\/trekking-vittorio-veneto-sentieri\\\/\",\"name\":\"Trekking a Vittorio Veneto: itinerari creste e Sant'Augusta\",\"isPartOf\":{\"@id\":\"https:\\\/\\\/lacortedimarga.com\\\/#website\"},\"primaryImageOfPage\":{\"@id\":\"https:\\\/\\\/lacortedimarga.com\\\/trekking-vittorio-veneto-sentieri\\\/#primaryimage\"},\"image\":{\"@id\":\"https:\\\/\\\/lacortedimarga.com\\\/trekking-vittorio-veneto-sentieri\\\/#primaryimage\"},\"thumbnailUrl\":\"https:\\\/\\\/lacortedimarga.com\\\/wp-content\\\/uploads\\\/2026\\\/06\\\/La_Corte_di_Marga_cosa_fare_Santuario_Santa_Augusta.webp\",\"datePublished\":\"2026-06-13T09:39:51+00:00\",\"dateModified\":\"2026-09-03T10:15:46+00:00\",\"description\":\"Trekking a Vittorio Veneto; da Serravalle al Santuario di Sant'Augusta, fino alle creste panoramiche aperte tra Venezia e le Dolomiti.\",\"breadcrumb\":{\"@id\":\"https:\\\/\\\/lacortedimarga.com\\\/trekking-vittorio-veneto-sentieri\\\/#breadcrumb\"},\"inLanguage\":\"de\",\"potentialAction\":[{\"@type\":\"ReadAction\",\"target\":[\"https:\\\/\\\/lacortedimarga.com\\\/trekking-vittorio-veneto-sentieri\\\/\"]}]},{\"@type\":\"ImageObject\",\"inLanguage\":\"de\",\"@id\":\"https:\\\/\\\/lacortedimarga.com\\\/trekking-vittorio-veneto-sentieri\\\/#primaryimage\",\"url\":\"https:\\\/\\\/lacortedimarga.com\\\/wp-content\\\/uploads\\\/2026\\\/06\\\/La_Corte_di_Marga_cosa_fare_Santuario_Santa_Augusta.webp\",\"contentUrl\":\"https:\\\/\\\/lacortedimarga.com\\\/wp-content\\\/uploads\\\/2026\\\/06\\\/La_Corte_di_Marga_cosa_fare_Santuario_Santa_Augusta.webp\",\"width\":1500,\"height\":789,\"caption\":\"Il Santuario di Sant'Augusta a Vittorio Veneto, sospeso tra il bosco e le montagne: la meta panoramica del nostro trekking.\"},{\"@type\":\"BreadcrumbList\",\"@id\":\"https:\\\/\\\/lacortedimarga.com\\\/trekking-vittorio-veneto-sentieri\\\/#breadcrumb\",\"itemListElement\":[{\"@type\":\"ListItem\",\"position\":1,\"name\":\"Home\",\"item\":\"https:\\\/\\\/lacortedimarga.com\\\/\"},{\"@type\":\"ListItem\",\"position\":2,\"name\":\"Trekking a Vittorio Veneto tra miti antichi e creste prealpine\"}]},{\"@type\":\"WebSite\",\"@id\":\"https:\\\/\\\/lacortedimarga.com\\\/#website\",\"url\":\"https:\\\/\\\/lacortedimarga.com\\\/\",\"name\":\"La Corte di Marga\",\"description\":\"Prosecco Hills Holidays\",\"publisher\":{\"@id\":\"https:\\\/\\\/lacortedimarga.com\\\/#organization\"},\"potentialAction\":[{\"@type\":\"SearchAction\",\"target\":{\"@type\":\"EntryPoint\",\"urlTemplate\":\"https:\\\/\\\/lacortedimarga.com\\\/?s={search_term_string}\"},\"query-input\":{\"@type\":\"PropertyValueSpecification\",\"valueRequired\":true,\"valueName\":\"search_term_string\"}}],\"inLanguage\":\"de\"},{\"@type\":\"Organization\",\"@id\":\"https:\\\/\\\/lacortedimarga.com\\\/#organization\",\"name\":\"La Corte di Marga\",\"url\":\"https:\\\/\\\/lacortedimarga.com\\\/\",\"logo\":{\"@type\":\"ImageObject\",\"inLanguage\":\"de\",\"@id\":\"https:\\\/\\\/lacortedimarga.com\\\/#\\\/schema\\\/logo\\\/image\\\/\",\"url\":\"https:\\\/\\\/lacortedimarga.com\\\/wp-content\\\/uploads\\\/2025\\\/06\\\/logo-corti-di-marga.webp\",\"contentUrl\":\"https:\\\/\\\/lacortedimarga.com\\\/wp-content\\\/uploads\\\/2025\\\/06\\\/logo-corti-di-marga.webp\",\"width\":955,\"height\":529,\"caption\":\"La Corte di Marga\"},\"image\":{\"@id\":\"https:\\\/\\\/lacortedimarga.com\\\/#\\\/schema\\\/logo\\\/image\\\/\"},\"sameAs\":[\"https:\\\/\\\/www.facebook.com\\\/lacortedimarga\",\"https:\\\/\\\/www.instagram.com\\\/la_corte_di_marga\\\/\",\"https:\\\/\\\/www.tiktok.com\\\/@lacortedimarga\",\"https:\\\/\\\/www.youtube.com\\\/@lacortedimargaofficial\",\"https:\\\/\\\/www.linkedin.com\\\/company\\\/la-corte-di-marga-prosecco-hills-holiday\"]},{\"@type\":\"Person\",\"@id\":\"https:\\\/\\\/lacortedimarga.com\\\/#\\\/schema\\\/person\\\/35b8aa132ce672c39a5ece2e9b43b967\",\"name\":\"Roberto\",\"image\":{\"@type\":\"ImageObject\",\"inLanguage\":\"de\",\"@id\":\"https:\\\/\\\/secure.gravatar.com\\\/avatar\\\/e3f271e90e735cdc34557ef9b92be1ad6f15d5bac04b51fa3cd10b4c11dac25e?s=96&d=mm&r=g\",\"url\":\"https:\\\/\\\/secure.gravatar.com\\\/avatar\\\/e3f271e90e735cdc34557ef9b92be1ad6f15d5bac04b51fa3cd10b4c11dac25e?s=96&d=mm&r=g\",\"contentUrl\":\"https:\\\/\\\/secure.gravatar.com\\\/avatar\\\/e3f271e90e735cdc34557ef9b92be1ad6f15d5bac04b51fa3cd10b4c11dac25e?s=96&d=mm&r=g\",\"caption\":\"Roberto\"},\"url\":\"https:\\\/\\\/lacortedimarga.com\\\/de\\\/author\\\/roberto\\\/\"}]}<\/script>\n<!-- \/ Yoast SEO plugin. -->","yoast_head_json":{"title":"Trekking in Vittorio Veneto: Routen, Grate und Sant'Augusta","description":"Trekking in Vittorio Veneto; von Serravalle zur Wallfahrtskirche Sant'Augusta bis zu den Panoramah\u00f6henz\u00fcgen mit Blick auf Venedig und die Dolomiten.","robots":{"index":"index","follow":"follow","max-snippet":"max-snippet:-1","max-image-preview":"max-image-preview:large","max-video-preview":"max-video-preview:-1"},"canonical":"https:\/\/lacortedimarga.com\/de\/trekking-vittorio-veneto-wege\/","og_locale":"de_DE","og_type":"article","og_title":"Trekking a Vittorio Veneto: itinerari creste e Sant'Augusta","og_description":"Trekking a Vittorio Veneto; da Serravalle al Santuario di Sant'Augusta, fino alle creste panoramiche aperte tra Venezia e le Dolomiti.","og_url":"https:\/\/lacortedimarga.com\/de\/trekking-vittorio-veneto-wege\/","og_site_name":"La Corte di Marga","article_publisher":"https:\/\/www.facebook.com\/lacortedimarga","article_published_time":"2026-06-13T09:39:51+00:00","article_modified_time":"2026-09-03T10:15:46+00:00","og_image":[{"width":1500,"height":789,"url":"https:\/\/lacortedimarga.com\/wp-content\/uploads\/2026\/06\/La_Corte_di_Marga_cosa_fare_Santuario_Santa_Augusta.webp","type":"image\/webp"}],"author":"Roberto","twitter_card":"summary_large_image","twitter_misc":{"Verfasst von":"Roberto","Gesch\u00e4tzte Lesezeit":"6\u00a0Minuten"},"schema":{"@context":"https:\/\/schema.org","@graph":[{"@type":"Article","@id":"https:\/\/lacortedimarga.com\/trekking-vittorio-veneto-sentieri\/#article","isPartOf":{"@id":"https:\/\/lacortedimarga.com\/trekking-vittorio-veneto-sentieri\/"},"author":{"name":"Roberto","@id":"https:\/\/lacortedimarga.com\/#\/schema\/person\/35b8aa132ce672c39a5ece2e9b43b967"},"headline":"Trekking a Vittorio Veneto tra miti antichi e creste prealpine","datePublished":"2026-06-13T09:39:51+00:00","dateModified":"2026-09-03T10:15:46+00:00","mainEntityOfPage":{"@id":"https:\/\/lacortedimarga.com\/trekking-vittorio-veneto-sentieri\/"},"wordCount":1289,"publisher":{"@id":"https:\/\/lacortedimarga.com\/#organization"},"image":{"@id":"https:\/\/lacortedimarga.com\/trekking-vittorio-veneto-sentieri\/#primaryimage"},"thumbnailUrl":"https:\/\/lacortedimarga.com\/wp-content\/uploads\/2026\/06\/La_Corte_di_Marga_cosa_fare_Santuario_Santa_Augusta.webp","keywords":["#CollineProsecco","#CorteDiMargaMiane","#EscursioniAPiedi","#EscursioniPrealpiTrevigiane","#EsperienzaInCorte","#HostLaCorteDiMarga","#LaCortediMarga","#LaCorteDiMargaBlog","#Miane","#NaturaEApprendimento","#ProseccoHills","#ProseccoHillsHolidays","#RobertoLaRosaHost","#RobertoLaRosaSommelier","#SilviaRobertohost","#UNESCOHeritage"],"articleSection":["Anima &amp; Cultura: Slow Travel e Storia","Escursioni a piedi"],"inLanguage":"de"},{"@type":["WebPage","FAQPage"],"@id":"https:\/\/lacortedimarga.com\/trekking-vittorio-veneto-sentieri\/","url":"https:\/\/lacortedimarga.com\/trekking-vittorio-veneto-sentieri\/","name":"Trekking in Vittorio Veneto: Routen, Grate und Sant'Augusta","isPartOf":{"@id":"https:\/\/lacortedimarga.com\/#website"},"primaryImageOfPage":{"@id":"https:\/\/lacortedimarga.com\/trekking-vittorio-veneto-sentieri\/#primaryimage"},"image":{"@id":"https:\/\/lacortedimarga.com\/trekking-vittorio-veneto-sentieri\/#primaryimage"},"thumbnailUrl":"https:\/\/lacortedimarga.com\/wp-content\/uploads\/2026\/06\/La_Corte_di_Marga_cosa_fare_Santuario_Santa_Augusta.webp","datePublished":"2026-06-13T09:39:51+00:00","dateModified":"2026-09-03T10:15:46+00:00","description":"Trekking in Vittorio Veneto; von Serravalle zur Wallfahrtskirche Sant'Augusta bis zu den Panoramah\u00f6henz\u00fcgen mit Blick auf Venedig und die Dolomiten.","breadcrumb":{"@id":"https:\/\/lacortedimarga.com\/trekking-vittorio-veneto-sentieri\/#breadcrumb"},"inLanguage":"de","potentialAction":[{"@type":"ReadAction","target":["https:\/\/lacortedimarga.com\/trekking-vittorio-veneto-sentieri\/"]}]},{"@type":"ImageObject","inLanguage":"de","@id":"https:\/\/lacortedimarga.com\/trekking-vittorio-veneto-sentieri\/#primaryimage","url":"https:\/\/lacortedimarga.com\/wp-content\/uploads\/2026\/06\/La_Corte_di_Marga_cosa_fare_Santuario_Santa_Augusta.webp","contentUrl":"https:\/\/lacortedimarga.com\/wp-content\/uploads\/2026\/06\/La_Corte_di_Marga_cosa_fare_Santuario_Santa_Augusta.webp","width":1500,"height":789,"caption":"Il Santuario di Sant'Augusta a Vittorio Veneto, sospeso tra il bosco e le montagne: la meta panoramica del nostro trekking."},{"@type":"BreadcrumbList","@id":"https:\/\/lacortedimarga.com\/trekking-vittorio-veneto-sentieri\/#breadcrumb","itemListElement":[{"@type":"ListItem","position":1,"name":"Home","item":"https:\/\/lacortedimarga.com\/"},{"@type":"ListItem","position":2,"name":"Trekking a Vittorio Veneto tra miti antichi e creste prealpine"}]},{"@type":"WebSite","@id":"https:\/\/lacortedimarga.com\/#website","url":"https:\/\/lacortedimarga.com\/","name":"Der Hof von Marga","description":"Prosecco Hills Ferien","publisher":{"@id":"https:\/\/lacortedimarga.com\/#organization"},"potentialAction":[{"@type":"SearchAction","target":{"@type":"EntryPoint","urlTemplate":"https:\/\/lacortedimarga.com\/?s={search_term_string}"},"query-input":{"@type":"PropertyValueSpecification","valueRequired":true,"valueName":"search_term_string"}}],"inLanguage":"de"},{"@type":"Organization","@id":"https:\/\/lacortedimarga.com\/#organization","name":"Der Hof von Marga","url":"https:\/\/lacortedimarga.com\/","logo":{"@type":"ImageObject","inLanguage":"de","@id":"https:\/\/lacortedimarga.com\/#\/schema\/logo\/image\/","url":"https:\/\/lacortedimarga.com\/wp-content\/uploads\/2025\/06\/logo-corti-di-marga.webp","contentUrl":"https:\/\/lacortedimarga.com\/wp-content\/uploads\/2025\/06\/logo-corti-di-marga.webp","width":955,"height":529,"caption":"La Corte di Marga"},"image":{"@id":"https:\/\/lacortedimarga.com\/#\/schema\/logo\/image\/"},"sameAs":["https:\/\/www.facebook.com\/lacortedimarga","https:\/\/www.instagram.com\/la_corte_di_marga\/","https:\/\/www.tiktok.com\/@lacortedimarga","https:\/\/www.youtube.com\/@lacortedimargaofficial","https:\/\/www.linkedin.com\/company\/la-corte-di-marga-prosecco-hills-holiday"]},{"@type":"Person","@id":"https:\/\/lacortedimarga.com\/#\/schema\/person\/35b8aa132ce672c39a5ece2e9b43b967","name":"Roberto","image":{"@type":"ImageObject","inLanguage":"de","@id":"https:\/\/secure.gravatar.com\/avatar\/e3f271e90e735cdc34557ef9b92be1ad6f15d5bac04b51fa3cd10b4c11dac25e?s=96&d=mm&r=g","url":"https:\/\/secure.gravatar.com\/avatar\/e3f271e90e735cdc34557ef9b92be1ad6f15d5bac04b51fa3cd10b4c11dac25e?s=96&d=mm&r=g","contentUrl":"https:\/\/secure.gravatar.com\/avatar\/e3f271e90e735cdc34557ef9b92be1ad6f15d5bac04b51fa3cd10b4c11dac25e?s=96&d=mm&r=g","caption":"Roberto"},"url":"https:\/\/lacortedimarga.com\/de\/author\/roberto\/"}]}},"_links":{"self":[{"href":"https:\/\/lacortedimarga.com\/de\/wp-json\/wp\/v2\/posts\/2669","targetHints":{"allow":["GET"]}}],"collection":[{"href":"https:\/\/lacortedimarga.com\/de\/wp-json\/wp\/v2\/posts"}],"about":[{"href":"https:\/\/lacortedimarga.com\/de\/wp-json\/wp\/v2\/types\/post"}],"author":[{"embeddable":true,"href":"https:\/\/lacortedimarga.com\/de\/wp-json\/wp\/v2\/users\/3"}],"replies":[{"embeddable":true,"href":"https:\/\/lacortedimarga.com\/de\/wp-json\/wp\/v2\/comments?post=2669"}],"version-history":[{"count":3,"href":"https:\/\/lacortedimarga.com\/de\/wp-json\/wp\/v2\/posts\/2669\/revisions"}],"predecessor-version":[{"id":3065,"href":"https:\/\/lacortedimarga.com\/de\/wp-json\/wp\/v2\/posts\/2669\/revisions\/3065"}],"wp:featuredmedia":[{"embeddable":true,"href":"https:\/\/lacortedimarga.com\/de\/wp-json\/wp\/v2\/media\/2670"}],"wp:attachment":[{"href":"https:\/\/lacortedimarga.com\/de\/wp-json\/wp\/v2\/media?parent=2669"}],"wp:term":[{"taxonomy":"category","embeddable":true,"href":"https:\/\/lacortedimarga.com\/de\/wp-json\/wp\/v2\/categories?post=2669"},{"taxonomy":"post_tag","embeddable":true,"href":"https:\/\/lacortedimarga.com\/de\/wp-json\/wp\/v2\/tags?post=2669"}],"curies":[{"name":"wp","href":"https:\/\/api.w.org\/{rel}","templated":true}]}}