{"id":2673,"date":"2026-06-17T08:20:52","date_gmt":"2026-06-17T08:20:52","guid":{"rendered":"https:\/\/lacortedimarga.com\/?p=2673"},"modified":"2026-08-28T15:21:37","modified_gmt":"2026-08-28T15:21:37","slug":"altpiano-del-cansiglio-was-tun","status":"publish","type":"post","link":"https:\/\/lacortedimarga.com\/de\/altopiano-del-cansiglio-cosa-fare\/","title":{"rendered":"Hochebene von Cansiglio: Ein Leitfaden zur Erkundung"},"content":{"rendered":"<p>sind die Prosecco-H\u00fcgel das schlagende Herz unseres Territoriums, das\u2019<strong>Cansiglio-Hochebene<\/strong> Sie ist die wilde, tiefe und regenerierende Seele.<\/p>\n\n\n\n<p>Der Cansiglio, an der Grenze zwischen den Provinzen Treviso, Belluno und Pordenone gelegen, ist ein weitl\u00e4ufiges Karstplateau auf \u00fcber 1.000 Metern H\u00f6he. Aber nennen Sie ihn nicht nur \u201cWald\u201d: Er ist einer der \u00e4ltesten und wertvollsten W\u00e4lder Italiens.<\/p>\n\n\n\n<p>Historisch gesehen geh\u00f6rte dieser Wald zur Serenissima Republik Venedig, die ihn jahrhundertelang eifers\u00fcchtig sch\u00fctzte. Das Holz seiner geraden und robusten Buchen wurde zum Bau der Ruder venezianischer Galeeren verwendet. Heute bedeutet ein Spaziergang hier ein Flanieren in einem lebendigen Naturdenkmal, wo die Geschichte einen stillen, aber m\u00e4chtigen Fu\u00dfabdruck hinterlassen hat.<\/p>\n\n\n\n<p>Il Cansiglio\u201cdei Dogi\u201d wird oft als \u201eWald der Dogen\u201c bezeichnet, aber f\u00fcr die Bewohner von Miane ist diese Beschreibung eine Untertreibung. Es ist ein <strong>Hochgelegene Karsthochfl\u00e4che<\/strong> der wie eine riesige gr\u00fcne Lunge wirkt, die die gef\u00fchlte Temperatur um 10 Grad senken und den Rhythmus eines jeden, der von der t\u00e4glichen Anstrengung kommt, komplett zur\u00fccksetzen kann.<\/p>\n\n\n\n<h2 class=\"wp-block-heading\">3 Gr\u00fcnde, dorthin zu fahren (und warum Sie sich verlieben werden)<\/h2>\n\n\n\n<h3 class=\"wp-block-heading\">1. Die regenerierende Stille<\/h3>\n\n\n\n<p>Nach dem dynamischen H\u00fcgelspiel und dem Prosecco-Kelch zum Ausklang des Tages bietet der Cansiglio den perfekten Kontrast. Hier verschwindet das Autoger\u00e4usch. Sie werden sich inmitten eines riesigen Buchenwaldes wiederfinden, in dem das einzige Ger\u00e4usch der Wind in den Bl\u00e4ttern ist und mit etwas Gl\u00fcck der Ruf der Hirsche. Es ist der ideale Ort f\u00fcr diejenigen, die wirklich abschalten m\u00fcssen.<\/p>\n\n\n\n<h3 class=\"wp-block-heading\">Ein gedeckter Tisch auf 1.000 Metern H\u00f6he<\/h3>\n\n\n\n<p>Nach Cansiglio zu fahren bedeutet auch, eine einzigartige gastronomische Kultur zu entdecken, die von der historischen Pr\u00e4senz der Cimbri-Gemeinschaft (einer Bev\u00f6lkerung germanischer Herkunft, die sich hier im Mittelalter niederlie\u00df) beeinflusst ist. Sie k\u00f6nnen nicht abreisen, ohne die Almk\u00e4se probiert zu haben, die auf den Almen hergestellt werden, die die Hochebene s\u00e4umen, und das Polenta, das nach lokaler Tradition zubereitet wird.<\/p>\n\n\n\n<h3 class=\"wp-block-heading\">3. Aktivit\u00e4ten f\u00fcr jeden Rhythmus<\/h3>\n\n\n\n<p>Ob Sie nun erfahrene Wanderer oder Liebhaber eines entspannten Spaziergangs sind, der Cansiglio hei\u00dft Sie willkommen:<\/p>\n\n\n\n<ul class=\"wp-block-list\">\n<li><strong>F\u00fcr alle, die wandern wollen:<\/strong> Zehn gut markierte Wanderwege f\u00fchren zu den umliegenden Gipfeln (wie dem Monte Pizzoc) mit Panoramablicken bis zur Lagune von Venedig.<\/li>\n\n\n\n<li><strong>F\u00fcr Ruhesuchende:<\/strong> Gro\u00dfe Wiesen, auf denen man mit einem Buch in der Hand liegen oder ein Picknick machen kann, umgeben von Hirschen, die man in der D\u00e4mmerung nicht selten auf den Wiesen beobachten kann.<\/li>\n\n\n\n<li><strong>F\u00fcr Naturliebhaber:<\/strong> Die <em>Alpiner Botanischer Garten \u201cG. Lorenzoni\u201d<\/em> ist ein Muss f\u00fcr alle, die die einzigartige Artenvielfalt dieses Hochebenenplateaus entdecken m\u00f6chten.<\/li>\n<\/ul>\n\n\n\n<h2 class=\"wp-block-heading\">Warum die Hochebene von Cansiglio ein Muss f\u00fcr unsere G\u00e4ste ist<\/h2>\n\n\n\n<p>Es geht nicht darum, \u201ceinen Wald zu sehen\u201d. Es geht darum, ein einzigartiges geografisches Erlebnis zu erleben. Im Gegensatz zu den Prosecco-H\u00fcgeln wird die Landschaft hier von jahrhundertealten Buchenw\u00e4ldern, Hochgebirgsweiden und einer Stille dominiert, die an Heiligkeit grenzt.<\/p>\n\n\n\n<h2 class=\"wp-block-heading\">Das Erbe der Serenissima: Der Wald als offenes Arsenal<\/h2>\n\n\n\n<p>Viele sehen den Cansiglio als einen gr\u00fcnen Spielplatz. Wer aber genau hinsieht, liest im Wald eine <strong>vorindustrielle Planung<\/strong>.<\/p>\n\n\n\n<ul class=\"wp-block-list\">\n<li><strong>Der Ruderwald<\/strong> Als der Rat der Zehn der Serene Republik den Cansiglio als \u201cWald f\u00fcr Ruder\u201d (1548) definierte, gab er ihm keinen poetischen Namen, sondern legte eine Schutzbindung fest. Die Republik Venedig ben\u00f6tigte Buchen mit regelm\u00e4\u00dfigem Wachstum, ohne Knoten und mit einer perfekten strukturellen Flexibilit\u00e4t f\u00fcr die Ruder der Galeeren.<\/li>\n\n\n\n<li><strong>Gelenkte nat\u00fcrliche Selektion:<\/strong> Jahrhundertelang waren Kahlschl\u00e4ge chirurgisch. Dies beg\u00fcnstigte die Entwicklung von hohen, geraden und tiefastfreien Buchen, wodurch jener \u201cs\u00e4ulenartige\u201d Effekt entstand, den wir auch heute noch sehen. Das ist kein zuf\u00e4lliger Wald, er ist <strong>die nat\u00fcrliche Architektur einer Seemacht<\/strong>.<\/li>\n\n\n\n<li><strong>Warum es heute einzigartig ist:<\/strong> Zwischen diesen Giganten zu wandeln bedeutet, in einer Kathedrale zu wandeln, die vom venezianischen Handel entworfen wurde. Die heutige \u00dcppigkeit ist das Ergebnis jahrhundertelanger Bewirtschaftung, die unkontrollierte Beweidung (die die jungen Buchen get\u00f6tet h\u00e4tte) und wilde Abholzung verhinderte und den Cansiglio zu einem f\u00fcr Europa einzigartigen Labor der Wald-Biodiversit\u00e4t machte.<\/li>\n<\/ul>\n\n\n\n<h2 class=\"wp-block-heading\">Das stille Volk: Die Zimbrische Gemeinschaft<\/h2>\n\n\n\n<p>Man kann den Cansiglio nicht verstehen, ohne die zu verstehen, die im Symbiose mit seinen H\u00e4rten gelebt haben. Die Zimbern sind keine Touristenattraktion, sie sind ein St\u00fcck europ\u00e4ischer Geschichte, das auf 1.000 Metern H\u00f6he transplantiert wurde.<\/p>\n\n\n\n<ul class=\"wp-block-list\">\n<li><strong>Ursprung und Besiedlung:<\/strong> Die Cimbri, wahrscheinlich im Mittelalter aus Mitteleuropa gekommen, um Holz zu bearbeiten, haben ein auf der \u201cWaldtranshumanz\u201d basierendes Lebensmodell entwickelt. Sie lebten nicht im Wald, <em>trotz<\/em> seine H\u00e4rte, aber <em>Danke<\/em> Ach ja.<\/li>\n\n\n\n<li><strong>Die \u201cCasoni\u201d:<\/strong> Die Architektur der <em>Casoni<\/em> (ihre typischen Behausungen) ist der materielle Beweis dieser Symbiose. Aus armseligen, aus dem Wald selbst gewonnenen Materialien gebaut, waren sie so konzipiert, dass sie den strengen Wintern standhielten und teilweise abgebaut oder umgebaut werden konnten. Den Besuch der Zimbri-D\u00f6rfer (wie Vallorch) bedeutet zu sehen, wie eine Kultur ihre sprachliche und soziale Identit\u00e4t bewahren kann, w\u00e4hrend sie auf einem isolierten Karstplateau verharrt.<\/li>\n\n\n\n<li><strong>Die Lektion der Nachhaltigkeit:<\/strong> Ihre ist eine Geschichte der \u201cethischen Gewinnung\u201d. Sie sammelten nur, was sie zum \u00dcberleben und f\u00fcr den Holzhandel ben\u00f6tigten, in einem Pakt gegenseitiger Hilfe mit dem Wald, der heute Gegenstand universit\u00e4rer Studien zur nachhaltigen Landverwaltung ist. F\u00fcr unsere G\u00e4ste bedeutet dies zu verstehen, dass <strong>Jedes St\u00fcck K\u00e4se oder jeder Holzgegenstand, der in der Gegend gekauft wird, hat eine Geschichte von jahrtausendalter Widerstandsf\u00e4higkeit hinter sich.<\/strong><\/li>\n<\/ul>\n\n\n\n<h2 class=\"wp-block-heading\">Die Alchemie des Geschmacks: Warum K\u00e4se aus dem Cansiglio einzigartig ist<\/h2>\n\n\n\n<p>Viele Leute denken, dass Alm-K\u00e4se \u201cgut ist, weil er handgemacht ist\u201d. In Wirklichkeit ist der Cansiglio-K\u00e4se eine <strong>Naturwissenschaft<\/strong> basato su tre precisi fattori tecnici che lo distinguono nettamente dai prodotti di fondovalle.<\/p>\n\n\n\n<ul class=\"wp-block-list\">\n<li><strong>Die Botanische Flora (Artenvielfalt):<\/strong> Im Gegensatz zu intensiv ged\u00fcngten Wiesen in den T\u00e4lern zeichnen sich die Almen des Cansiglio durch eine unber\u00fchrte floristische Artenvielfalt aus. Die K\u00fche ern\u00e4hren sich von Heilkr\u00e4utern, Alpenblumen und Essenzen, die in tieferen Lagen nicht vorkommen. Dieser \u201cbotanische Garten\u201d \u00fcbertr\u00e4gt sich direkt auf das Aromaprofil der Milch und damit auf den K\u00e4se.<\/li>\n\n\n\n<li><strong>Der Einfluss der H\u00f6he auf die Reifung:<\/strong> Der t\u00e4gliche thermische Schwankung und die spezifische Feuchtigkeit der Karsthochfl\u00e4che beeinflussen die nat\u00fcrliche Reifung. Der K\u00e4se vom Cansiglio hat eine Teigstruktur und eine Geruchskomplexit\u00e4t, die sich je nach Monat des Alpeggio \u00e4ndern: Der im Juni produzierte K\u00e4se (frisches Gras) unterscheidet sich radikal von dem im September (Gras vom Saisonende). Das ist kein Unterschied, das ist <strong>R\u00fcckverfolgbarkeit des \u00d6kosystems<\/strong>.<\/li>\n\n\n\n<li><strong>Die Verarbeitungsmethode (Die Alm):<\/strong> Die Umwandlung erfolgt oft mit \u201cRohmilch\u201d, wodurch die nat\u00fcrlichen Milchs\u00e4urebakterien der Region erhalten bleiben. Wenn unsere G\u00e4ste diesen K\u00e4se probieren, essen sie nicht nur ein lokales Produkt, sondern schmecken <strong>die destillierte Essenz des Hochebenen<\/strong>. F\u00fcr unsere G\u00e4ste ist dies der direkteste Weg, die Berge zu \u201cgenie\u00dfen\u201d, nachdem sie sie erwandert haben.<\/li>\n<\/ul>\n\n\n\n<h3 class=\"wp-block-heading\">\ud83d\udca1 Insider-Tipps f\u00fcr Ihren Tag<\/h3>\n\n\n\n<ul class=\"wp-block-list\">\n<li><strong>Tragen Sie immer eine zus\u00e4tzliche Schicht:<\/strong> Auf 1.000 Metern ist die Temperatur immer frisch, selbst im Hochsommer. Einen Pullover im Rucksack zu haben, schadet nie!<\/li>\n\n\n\n<li><strong>Der magische Moment<\/strong> Wenn m\u00f6glich, kommen Sie am sp\u00e4ten Nachmittag in Cansiglio an. Das Licht der untergehenden Sonne, das zwischen den Buchenst\u00e4mmen hindurchscheint, schafft eine Atmosph\u00e4re, die einer l\u00e4ngst vergangenen M\u00e4rchenwelt zu entstammen scheint.<\/li>\n\n\n\n<li><strong>Anfahrtsbeschreibung<\/strong> Von Miane aus ist die Autofahrt eine wundersch\u00f6ne Fahrt von etwa 50-60 Minuten. Dies ist der klassische Ausflug, den wir Ihnen empfehlen, um Ihren Aufenthalt zu unterbrechen und mit voller gr\u00fcner Augen in die Corte di Marga zur\u00fcckzukehren.<\/li>\n<\/ul>\n\n\n\n<h2 class=\"wp-block-heading\">N\u00fctzliche Informationen f\u00fcr den Besuch der Cansiglio-Hochebene<\/h2>\n\n\n\n<p>Als Gastgeber von La Corte di Marga erhalte ich immer wieder dieselben Fragen von unseren G\u00e4sten, die ich mir \u00fcberlegt habe, in eine spezielle FAQ-Sektion aufzunehmen:<\/p>\n\n\n\n<div class=\"schema-faq wp-block-yoast-faq-block\"><div class=\"schema-faq-section\" id=\"faq-question-1782830584123\"><strong class=\"schema-faq-question\"><strong>Was ist der Unterschied zwischen einem Besuch des Cansiglio im Sommer oder im Herbst?<\/strong><\/strong> <p class=\"schema-faq-answer\">Im Sommer ist der Cansiglio der perfekte Zufluchtsort vor der Hitze, ideal f\u00fcr Trekking und Spazierg\u00e4nge. Im Herbst wird er zu einem multisensorischen Erlebnis: Das \u201cR\u00f6hren\u201d der Hirsche und das Laub der Buchen bieten ein Naturschauspiel, das zu den intensivsten des gesamten Alpenbogens geh\u00f6rt.<\/p> <\/div> <div class=\"schema-faq-section\" id=\"faq-question-1782830613606\"><strong class=\"schema-faq-question\"><strong>Kann man Hirsche in freier Wildbahn beobachten?<\/strong><\/strong> <p class=\"schema-faq-answer\">Ja, es ist eine der besten Gegenden Italiens. Das Geheimnis ist Geduld: in \u00dcbergangszonen zwischen Wald und Wiese in der D\u00e4mmerung anpirschen, dabei leise und im ablandigen Wind bleiben.<\/p> <\/div> <div class=\"schema-faq-section\" id=\"faq-question-1782830658158\"><strong class=\"schema-faq-question\"><strong>Wie lange dauert eine vollst\u00e4ndige Besichtigung?<\/strong><\/strong> <p class=\"schema-faq-answer\">Mindestens 4-5 Stunden sollte man f\u00fcr eine Wanderung und eine Mahlzeit auf der Alm einplanen. Wer jedoch die Wege zum Monte Pizzoc hinaufwandern oder die Themenwege erkunden m\u00f6chte, sollte den ganzen Tag daf\u00fcr einplanen.<\/p> <\/div> <div class=\"schema-faq-section\" id=\"faq-question-1782830684465\"><strong class=\"schema-faq-question\"><strong>Die beste Zeit f\u00fcr<\/strong><\/strong> <p class=\"schema-faq-answer\">Um das eindrucksvollste Erlebnis zu haben, empfehlen wir Ihnen, am fr\u00fchen Morgen anzureisen oder bis zur D\u00e4mmerung zu bleiben. Zu diesen Tageszeiten bewegt sich die Tierwelt, wie Hirsche und Rehe, an die Waldr\u00e4nder und bietet einzigartige Beobachtungsm\u00f6glichkeiten.<\/p> <\/div> <div class=\"schema-faq-section\" id=\"faq-question-1782830711221\"><strong class=\"schema-faq-question\"><strong>Welche Art von Kleidung sollte ich f\u00fcr den Cansiglio einpacken?<\/strong> <\/strong> <p class=\"schema-faq-answer\">Auch wenn die Temperaturen im Tal hoch sein k\u00f6nnen, ist das Wetter im Cansiglio extrem wechselhaft. Es ist wichtig, sich im Zwiebellook zu kleiden und immer eine wind- oder wasserdichte Jacke dabei zu haben. Au\u00dferdem ist festes Schuhwerk mit Profil vorgeschrieben, da selbst k\u00fcrzere Wege nasse und rutschige Abschnitte aufweisen k\u00f6nnen.<\/p> <\/div> <div class=\"schema-faq-section\" id=\"faq-question-1782830742319\"><strong class=\"schema-faq-question\"><strong>Ist es sicher, abseits der ausgetretenen Pfade zu gehen?<\/strong><\/strong> <p class=\"schema-faq-answer\">Das Hochplateau zeichnet sich durch ein komplexes Karstgel\u00e4nde aus, das reich an Dolinen und Senken ist und selbst diejenigen mit guter Orientierung leicht in die Irre f\u00fchren kann. Wenn Sie kein erfahrener Wanderer mit entsprechender Ausr\u00fcstung sind, empfehlen wir Ihnen f\u00fcr Ihre Sicherheit dringend, immer auf den markierten Wegen zu bleiben.<\/p> <\/div> <div class=\"schema-faq-section\" id=\"faq-question-1782830766002\"><strong class=\"schema-faq-question\"><strong>Ist das cimbriche Dorf Vallorch besuchbar? Wie kann ich es erreichen?<\/strong><\/strong> <p class=\"schema-faq-answer\">Sicher. Das Dorf Vallorch, eine der \u00e4ltesten und eindrucksvollsten cimbrichen Siedlungen, ist das ganze Jahr \u00fcber frei zug\u00e4nglich. Es liegt im Herzen des Cansiglio-Waldes und ist mit dem Auto leicht zu erreichen, wenn Sie der Beschilderung auf der Hochebene folgen. Um Sie direkt zum Ausgangspunkt des Weges zu f\u00fchren, der zu den typischen H\u00e4usern f\u00fchrt (die <em>Casoni<\/em>), klicken Sie hier: <strong><a href=\"https:\/\/www.google.com\/maps\/place\/Villaggio+Cimbro+Vallorch\/@46.0344582,12.0906378,11z\/data=!4m23!1m16!4m15!1m6!1m2!1s0x47791967fd8a7e81:0xf3481e37263fad78!2sLa+Corte+di+Marga,+Via+IV+Novembre,+10,+31050+Miane+TV,+Italia!2m2!1d12.0929066!2d45.9446388!1m6!1m2!1s0x47790c91ba93aa19:0x963bfbc06bdd1ddc!2sVillaggio+Cimbro+Vallorch,+Via+dei+Cimbri,+6,+31010+Fregona+TV!2m2!1d12.3822221!2d46.0616541!3e0!3m5!1s0x47790c91ba93aa19:0x963bfbc06bdd1ddc!8m2!3d46.0616541!4d12.3822221!16s%2Fg%2F11gbp9d8yf?entry=ttu&amp;g_ep=EgoyMDI2MDYxMy4wIKXMDSoASAFQAw%3D%3D\" target=\"_blank\" rel=\"noreferrer noopener\">\u00d6ffne die Route von La Corte di Marga nach Villaggio Vallorch auf Google Maps<\/a><\/strong>.<\/p> <\/div> <\/div>\n\n\n\n<h2 class=\"wp-block-heading\">Entdecken Sie mehr und organisieren Sie Ihre Reiseroute<\/h2>\n\n\n\n<p>Nun, da du die wilde Seele des Cansiglio entdeckt hast, setze deine Reise zwischen den lokalen Traditionen fort:<\/p>\n\n\n\n<ul class=\"wp-block-list\">\n<li>M\u00f6chten Sie den \u00f6nologischen Aspekt vertiefen? Lesen Sie unseren Leitfaden \u00fcber <a href=\"https:\/\/lacortedimarga.com\/de\/verdiso-technische-beschreibung-verkostung\/\" target=\"_blank\" rel=\"noreferrer noopener\">wie man Prosecco DOCG vom seltenen Verdiso unterscheidet<\/a>.<\/li>\n\n\n\n<li>Suchen Sie den perfekten Komfort nach einem Wandertag? <a href=\"https:\/\/lacortedimarga.com\/de\/wohnungen-2\/\" target=\"_blank\" rel=\"noreferrer noopener\">Entdecken Sie unsere Apartments in La Corte di Marga<\/a> und finde die ideale L\u00f6sung f\u00fcr deinen Schlaf.<\/li>\n<\/ul>\n\n\n\n<p><\/p>","protected":false},"excerpt":{"rendered":"<p>Se le colline del Prosecco sono il cuore pulsante del nostro territorio, l&#8217;Altopiano del Cansiglio ne \u00e8 l&#8217;anima selvaggia, profonda e rigenerante. Situato al confine tra le province di Treviso, Belluno e Pordenone, il Cansiglio \u00e8 un vasto altopiano carsico a oltre 1.000 metri di altitudine. Ma non chiamatelo solo &#8220;bosco&#8221;: \u00e8 una delle foreste [&hellip;]<\/p>\n","protected":false},"author":3,"featured_media":2675,"comment_status":"closed","ping_status":"open","sticky":false,"template":"","format":"standard","meta":{"_breakdance_hide_in_design_set":false,"_breakdance_tags":"","footnotes":""},"categories":[7,114],"tags":[207,206,21,42,65,205,43,20,22,28,86,23,53,142,30,150,208,36,24],"class_list":["post-2673","post","type-post","status-publish","format-standard","has-post-thumbnail","hentry","category-adrenalina-panorama-outdoor-e-sport","category-escursioni-a-piedi","tag-altopianodelcansiglio","tag-cansiglio","tag-collineprosecco","tag-cortedimargamiane","tag-escursioniapiedi","tag-escursioniprealpitrevigiane","tag-esperienzaincorte","tag-lacortedimarga","tag-miane","tag-naturaeapprendimento","tag-prealpitrevigiane","tag-proseccohills","tag-proseccohillsholidays-2","tag-robertolarosahost","tag-robertolarosasommelier","tag-turismoattivo","tag-turismosostenibile","tag-unescoheritage","tag-visitveneto"],"yoast_head":"<!-- This site is optimized with the Yoast SEO plugin v28.2 - https:\/\/yoast.com\/product\/yoast-seo-wordpress\/ -->\n<title>Altopiano del Cansiglio: Guida all&#039;Esplorazione | La Corte di Marga<\/title>\n<meta name=\"description\" content=\"Altopiano del Cansiglio: dal bosco dei Dogi ai suggestivi villaggi Cimbri. Guida pratica per escursionisti, consigli gastronomici e come arrivare.\" \/>\n<meta name=\"robots\" content=\"index, follow, max-snippet:-1, max-image-preview:large, max-video-preview:-1\" \/>\n<link rel=\"canonical\" href=\"https:\/\/lacortedimarga.com\/de\/altpiano-del-cansiglio-was-tun\/\" \/>\n<meta property=\"og:locale\" content=\"de_DE\" \/>\n<meta property=\"og:type\" content=\"article\" \/>\n<meta property=\"og:title\" content=\"Altopiano del Cansiglio: Guida all&#039;Esplorazione | La Corte di Marga\" \/>\n<meta property=\"og:description\" content=\"Altopiano del Cansiglio: dal bosco dei Dogi ai suggestivi villaggi Cimbri. Guida pratica per escursionisti, consigli gastronomici e come arrivare.\" \/>\n<meta property=\"og:url\" content=\"https:\/\/lacortedimarga.com\/de\/altpiano-del-cansiglio-was-tun\/\" \/>\n<meta property=\"og:site_name\" content=\"La Corte di Marga\" \/>\n<meta property=\"article:publisher\" content=\"https:\/\/www.facebook.com\/lacortedimarga\" \/>\n<meta property=\"article:published_time\" content=\"2026-06-17T08:20:52+00:00\" \/>\n<meta property=\"article:modified_time\" content=\"2026-08-28T15:21:37+00:00\" \/>\n<meta property=\"og:image\" content=\"https:\/\/lacortedimarga.com\/wp-content\/uploads\/2026\/06\/La_Corte_di_Marga_cosa_fare_Altopiano_del_Cansiglio.webp\" \/>\n\t<meta property=\"og:image:width\" content=\"1500\" \/>\n\t<meta property=\"og:image:height\" content=\"998\" \/>\n\t<meta property=\"og:image:type\" content=\"image\/webp\" \/>\n<meta name=\"author\" content=\"Roberto\" \/>\n<meta name=\"twitter:card\" content=\"summary_large_image\" \/>\n<meta name=\"twitter:label1\" content=\"Verfasst von\" \/>\n\t<meta name=\"twitter:data1\" content=\"Roberto\" \/>\n\t<meta name=\"twitter:label2\" content=\"Gesch\u00e4tzte Lesezeit\" \/>\n\t<meta name=\"twitter:data2\" content=\"10\u00a0Minuten\" \/>\n<script type=\"application\/ld+json\" class=\"yoast-schema-graph\">{\"@context\":\"https:\\\/\\\/schema.org\",\"@graph\":[{\"@type\":\"Article\",\"@id\":\"https:\\\/\\\/lacortedimarga.com\\\/altopiano-del-cansiglio-cosa-fare\\\/#article\",\"isPartOf\":{\"@id\":\"https:\\\/\\\/lacortedimarga.com\\\/altopiano-del-cansiglio-cosa-fare\\\/\"},\"author\":{\"name\":\"Roberto\",\"@id\":\"https:\\\/\\\/lacortedimarga.com\\\/#\\\/schema\\\/person\\\/35b8aa132ce672c39a5ece2e9b43b967\"},\"headline\":\"Altopiano del Cansiglio: Guida all&#8217;esplorazione\",\"datePublished\":\"2026-06-17T08:20:52+00:00\",\"dateModified\":\"2026-08-28T15:21:37+00:00\",\"mainEntityOfPage\":{\"@id\":\"https:\\\/\\\/lacortedimarga.com\\\/altopiano-del-cansiglio-cosa-fare\\\/\"},\"wordCount\":1657,\"publisher\":{\"@id\":\"https:\\\/\\\/lacortedimarga.com\\\/#organization\"},\"image\":{\"@id\":\"https:\\\/\\\/lacortedimarga.com\\\/altopiano-del-cansiglio-cosa-fare\\\/#primaryimage\"},\"thumbnailUrl\":\"https:\\\/\\\/lacortedimarga.com\\\/wp-content\\\/uploads\\\/2026\\\/06\\\/La_Corte_di_Marga_cosa_fare_Altopiano_del_Cansiglio.webp\",\"keywords\":[\"#AltopianoDelCansiglio\",\"#Cansiglio\",\"#CollineProsecco\",\"#CorteDiMargaMiane\",\"#EscursioniAPiedi\",\"#EscursioniPrealpiTrevigiane\",\"#EsperienzaInCorte\",\"#LaCortediMarga\",\"#Miane\",\"#NaturaEApprendimento\",\"#PrealpiTrevigiane\",\"#ProseccoHills\",\"#ProseccoHillsHolidays\",\"#RobertoLaRosaHost\",\"#RobertoLaRosaSommelier\",\"#TurismoAttivo\",\"#TurismoSostenibile\",\"#UNESCOHeritage\",\"#VisitVeneto\"],\"articleSection\":[\"Adrenalina &amp; Panorama: Outdoor e Sport\",\"Escursioni a piedi\"],\"inLanguage\":\"de\"},{\"@type\":[\"WebPage\",\"FAQPage\"],\"@id\":\"https:\\\/\\\/lacortedimarga.com\\\/altopiano-del-cansiglio-cosa-fare\\\/\",\"url\":\"https:\\\/\\\/lacortedimarga.com\\\/altopiano-del-cansiglio-cosa-fare\\\/\",\"name\":\"Altopiano del Cansiglio: Guida all'Esplorazione | La Corte di Marga\",\"isPartOf\":{\"@id\":\"https:\\\/\\\/lacortedimarga.com\\\/#website\"},\"primaryImageOfPage\":{\"@id\":\"https:\\\/\\\/lacortedimarga.com\\\/altopiano-del-cansiglio-cosa-fare\\\/#primaryimage\"},\"image\":{\"@id\":\"https:\\\/\\\/lacortedimarga.com\\\/altopiano-del-cansiglio-cosa-fare\\\/#primaryimage\"},\"thumbnailUrl\":\"https:\\\/\\\/lacortedimarga.com\\\/wp-content\\\/uploads\\\/2026\\\/06\\\/La_Corte_di_Marga_cosa_fare_Altopiano_del_Cansiglio.webp\",\"datePublished\":\"2026-06-17T08:20:52+00:00\",\"dateModified\":\"2026-08-28T15:21:37+00:00\",\"description\":\"Altopiano del Cansiglio: dal bosco dei Dogi ai suggestivi villaggi Cimbri. Guida pratica per escursionisti, consigli gastronomici e come arrivare.\",\"breadcrumb\":{\"@id\":\"https:\\\/\\\/lacortedimarga.com\\\/altopiano-del-cansiglio-cosa-fare\\\/#breadcrumb\"},\"mainEntity\":[{\"@id\":\"https:\\\/\\\/lacortedimarga.com\\\/altopiano-del-cansiglio-cosa-fare\\\/#faq-question-1782830584123\"},{\"@id\":\"https:\\\/\\\/lacortedimarga.com\\\/altopiano-del-cansiglio-cosa-fare\\\/#faq-question-1782830613606\"},{\"@id\":\"https:\\\/\\\/lacortedimarga.com\\\/altopiano-del-cansiglio-cosa-fare\\\/#faq-question-1782830658158\"},{\"@id\":\"https:\\\/\\\/lacortedimarga.com\\\/altopiano-del-cansiglio-cosa-fare\\\/#faq-question-1782830684465\"},{\"@id\":\"https:\\\/\\\/lacortedimarga.com\\\/altopiano-del-cansiglio-cosa-fare\\\/#faq-question-1782830711221\"},{\"@id\":\"https:\\\/\\\/lacortedimarga.com\\\/altopiano-del-cansiglio-cosa-fare\\\/#faq-question-1782830742319\"},{\"@id\":\"https:\\\/\\\/lacortedimarga.com\\\/altopiano-del-cansiglio-cosa-fare\\\/#faq-question-1782830766002\"}],\"inLanguage\":\"de\",\"potentialAction\":[{\"@type\":\"ReadAction\",\"target\":[\"https:\\\/\\\/lacortedimarga.com\\\/altopiano-del-cansiglio-cosa-fare\\\/\"]}]},{\"@type\":\"ImageObject\",\"inLanguage\":\"de\",\"@id\":\"https:\\\/\\\/lacortedimarga.com\\\/altopiano-del-cansiglio-cosa-fare\\\/#primaryimage\",\"url\":\"https:\\\/\\\/lacortedimarga.com\\\/wp-content\\\/uploads\\\/2026\\\/06\\\/La_Corte_di_Marga_cosa_fare_Altopiano_del_Cansiglio.webp\",\"contentUrl\":\"https:\\\/\\\/lacortedimarga.com\\\/wp-content\\\/uploads\\\/2026\\\/06\\\/La_Corte_di_Marga_cosa_fare_Altopiano_del_Cansiglio.webp\",\"width\":1500,\"height\":998,\"caption\":\"L'Altopiano del Cansiglio in autunno: il punto di incontro tra le verdi praterie e le faggete secolari.\"},{\"@type\":\"BreadcrumbList\",\"@id\":\"https:\\\/\\\/lacortedimarga.com\\\/altopiano-del-cansiglio-cosa-fare\\\/#breadcrumb\",\"itemListElement\":[{\"@type\":\"ListItem\",\"position\":1,\"name\":\"Home\",\"item\":\"https:\\\/\\\/lacortedimarga.com\\\/\"},{\"@type\":\"ListItem\",\"position\":2,\"name\":\"Altopiano del Cansiglio: Guida all&#8217;esplorazione\"}]},{\"@type\":\"WebSite\",\"@id\":\"https:\\\/\\\/lacortedimarga.com\\\/#website\",\"url\":\"https:\\\/\\\/lacortedimarga.com\\\/\",\"name\":\"La Corte di Marga\",\"description\":\"Prosecco Hills Holidays\",\"publisher\":{\"@id\":\"https:\\\/\\\/lacortedimarga.com\\\/#organization\"},\"potentialAction\":[{\"@type\":\"SearchAction\",\"target\":{\"@type\":\"EntryPoint\",\"urlTemplate\":\"https:\\\/\\\/lacortedimarga.com\\\/?s={search_term_string}\"},\"query-input\":{\"@type\":\"PropertyValueSpecification\",\"valueRequired\":true,\"valueName\":\"search_term_string\"}}],\"inLanguage\":\"de\"},{\"@type\":\"Organization\",\"@id\":\"https:\\\/\\\/lacortedimarga.com\\\/#organization\",\"name\":\"La Corte di Marga\",\"url\":\"https:\\\/\\\/lacortedimarga.com\\\/\",\"logo\":{\"@type\":\"ImageObject\",\"inLanguage\":\"de\",\"@id\":\"https:\\\/\\\/lacortedimarga.com\\\/#\\\/schema\\\/logo\\\/image\\\/\",\"url\":\"https:\\\/\\\/lacortedimarga.com\\\/wp-content\\\/uploads\\\/2025\\\/06\\\/logo-corti-di-marga.webp\",\"contentUrl\":\"https:\\\/\\\/lacortedimarga.com\\\/wp-content\\\/uploads\\\/2025\\\/06\\\/logo-corti-di-marga.webp\",\"width\":955,\"height\":529,\"caption\":\"La Corte di Marga\"},\"image\":{\"@id\":\"https:\\\/\\\/lacortedimarga.com\\\/#\\\/schema\\\/logo\\\/image\\\/\"},\"sameAs\":[\"https:\\\/\\\/www.facebook.com\\\/lacortedimarga\",\"https:\\\/\\\/www.instagram.com\\\/la_corte_di_marga\\\/\",\"https:\\\/\\\/www.tiktok.com\\\/@lacortedimarga\",\"https:\\\/\\\/www.youtube.com\\\/@lacortedimargaofficial\",\"https:\\\/\\\/www.linkedin.com\\\/company\\\/la-corte-di-marga-prosecco-hills-holiday\"]},{\"@type\":\"Person\",\"@id\":\"https:\\\/\\\/lacortedimarga.com\\\/#\\\/schema\\\/person\\\/35b8aa132ce672c39a5ece2e9b43b967\",\"name\":\"Roberto\",\"image\":{\"@type\":\"ImageObject\",\"inLanguage\":\"de\",\"@id\":\"https:\\\/\\\/secure.gravatar.com\\\/avatar\\\/e3f271e90e735cdc34557ef9b92be1ad6f15d5bac04b51fa3cd10b4c11dac25e?s=96&d=mm&r=g\",\"url\":\"https:\\\/\\\/secure.gravatar.com\\\/avatar\\\/e3f271e90e735cdc34557ef9b92be1ad6f15d5bac04b51fa3cd10b4c11dac25e?s=96&d=mm&r=g\",\"contentUrl\":\"https:\\\/\\\/secure.gravatar.com\\\/avatar\\\/e3f271e90e735cdc34557ef9b92be1ad6f15d5bac04b51fa3cd10b4c11dac25e?s=96&d=mm&r=g\",\"caption\":\"Roberto\"},\"url\":\"https:\\\/\\\/lacortedimarga.com\\\/de\\\/author\\\/roberto\\\/\"},{\"@type\":\"Question\",\"@id\":\"https:\\\/\\\/lacortedimarga.com\\\/altopiano-del-cansiglio-cosa-fare\\\/#faq-question-1782830584123\",\"position\":1,\"url\":\"https:\\\/\\\/lacortedimarga.com\\\/altopiano-del-cansiglio-cosa-fare\\\/#faq-question-1782830584123\",\"name\":\"Qual \u00e8 la differenza tra visitare il Cansiglio in estate o in autunno?\",\"answerCount\":1,\"acceptedAnswer\":{\"@type\":\"Answer\",\"text\":\"In estate il Cansiglio \u00e8 il rifugio perfetto dalla calura, ideale per trekking e passeggiate. In autunno diventa un'esperienza multisensoriale: il \\\"bramito\\\" del cervo e il foliage dei faggi offrono uno spettacolo naturale tra i pi\u00f9 intensi dell'intero arco alpino.\",\"inLanguage\":\"de\"},\"inLanguage\":\"de\"},{\"@type\":\"Question\",\"@id\":\"https:\\\/\\\/lacortedimarga.com\\\/altopiano-del-cansiglio-cosa-fare\\\/#faq-question-1782830613606\",\"position\":2,\"url\":\"https:\\\/\\\/lacortedimarga.com\\\/altopiano-del-cansiglio-cosa-fare\\\/#faq-question-1782830613606\",\"name\":\"\u00c8 possibile osservare i cervi in libert\u00e0?\",\"answerCount\":1,\"acceptedAnswer\":{\"@type\":\"Answer\",\"text\":\"S\u00ec, \u00e8 una delle zone pi\u00f9 vocate d'Italia. Il segreto \u00e8 la pazienza: appostarsi nelle zone di transizione tra bosco e prato al crepuscolo, rimanendo in silenzio e sottovento.\",\"inLanguage\":\"de\"},\"inLanguage\":\"de\"},{\"@type\":\"Question\",\"@id\":\"https:\\\/\\\/lacortedimarga.com\\\/altopiano-del-cansiglio-cosa-fare\\\/#faq-question-1782830658158\",\"position\":3,\"url\":\"https:\\\/\\\/lacortedimarga.com\\\/altopiano-del-cansiglio-cosa-fare\\\/#faq-question-1782830658158\",\"name\":\"Quanto tempo serve per una visita completa?\",\"answerCount\":1,\"acceptedAnswer\":{\"@type\":\"Answer\",\"text\":\"Un minimo di 4-5 ore per godersi una camminata e un pasto in malga. Tuttavia, per chi vuole percorrere i sentieri verso il Monte Pizzoc o esplorare i sentieri tematici, \u00e8 consigliabile dedicare l'intera giornata.\",\"inLanguage\":\"de\"},\"inLanguage\":\"de\"},{\"@type\":\"Question\",\"@id\":\"https:\\\/\\\/lacortedimarga.com\\\/altopiano-del-cansiglio-cosa-fare\\\/#faq-question-1782830684465\",\"position\":4,\"url\":\"https:\\\/\\\/lacortedimarga.com\\\/altopiano-del-cansiglio-cosa-fare\\\/#faq-question-1782830684465\",\"name\":\"Qual \u00e8 l'orario migliore per visitare l'Altopiano del Cansiglio?\",\"answerCount\":1,\"acceptedAnswer\":{\"@type\":\"Answer\",\"text\":\"Per vivere l'esperienza pi\u00f9 suggestiva, ti consigliamo di arrivare al mattino presto o di trattenerti fino al crepuscolo. In questi momenti della giornata, la fauna selvatica, come cervi e caprioli, si sposta ai margini della foresta, offrendo possibilit\u00e0 di osservazione uniche.\",\"inLanguage\":\"de\"},\"inLanguage\":\"de\"},{\"@type\":\"Question\",\"@id\":\"https:\\\/\\\/lacortedimarga.com\\\/altopiano-del-cansiglio-cosa-fare\\\/#faq-question-1782830711221\",\"position\":5,\"url\":\"https:\\\/\\\/lacortedimarga.com\\\/altopiano-del-cansiglio-cosa-fare\\\/#faq-question-1782830711221\",\"name\":\"Che tipo di abbigliamento devo mettere in valigia per il Cansiglio?\",\"answerCount\":1,\"acceptedAnswer\":{\"@type\":\"Answer\",\"text\":\"Anche se a valle le temperature possono essere elevate, in Cansiglio il meteo \u00e8 estremamente variabile. \u00c8 fondamentale vestirsi a strati e avere sempre con s\u00e9 un guscio antivento o impermeabile. Inoltre, sono obbligatorie calzature con suola scolpita, poich\u00e9 anche i percorsi pi\u00f9 brevi possono presentare fondi umidi e scivolosi.\",\"inLanguage\":\"de\"},\"inLanguage\":\"de\"},{\"@type\":\"Question\",\"@id\":\"https:\\\/\\\/lacortedimarga.com\\\/altopiano-del-cansiglio-cosa-fare\\\/#faq-question-1782830742319\",\"position\":6,\"url\":\"https:\\\/\\\/lacortedimarga.com\\\/altopiano-del-cansiglio-cosa-fare\\\/#faq-question-1782830742319\",\"name\":\"\u00c8 sicuro avventurarsi fuori dai sentieri segnati?\",\"answerCount\":1,\"acceptedAnswer\":{\"@type\":\"Answer\",\"text\":\"L'altopiano \u00e8 caratterizzato da un terreno carsico complesso, ricco di doline e avvallamenti che possono trarre facilmente in inganno anche chi ha un buon senso dell'orientamento. Se non sei un escursionista esperto dotato di attrezzatura adeguata, ti raccomandiamo vivamente di rimanere sempre sui percorsi segnalati per la tua sicurezza.\",\"inLanguage\":\"de\"},\"inLanguage\":\"de\"},{\"@type\":\"Question\",\"@id\":\"https:\\\/\\\/lacortedimarga.com\\\/altopiano-del-cansiglio-cosa-fare\\\/#faq-question-1782830766002\",\"position\":7,\"url\":\"https:\\\/\\\/lacortedimarga.com\\\/altopiano-del-cansiglio-cosa-fare\\\/#faq-question-1782830766002\",\"name\":\"Il Villaggio Cimbro di Vallorch \u00e8 visitabile? Come posso raggiungerlo?\",\"answerCount\":1,\"acceptedAnswer\":{\"@type\":\"Answer\",\"text\":\"Certamente. Il villaggio di Vallorch, uno dei pi\u00f9 antichi e suggestivi insediamenti cimbri, \u00e8 visitabile liberamente tutto l'anno. Si trova nel cuore della Foresta del Cansiglio ed \u00e8 facilmente raggiungibile in auto seguendo la segnaletica interna all'altopiano. Per farti guidare direttamente al punto di partenza del sentiero che conduce alle tipiche case (i <em>casoni<\\\/em>), clicca qui: <strong><a href=\\\"https:\\\/\\\/www.google.com\\\/maps\\\/place\\\/Villaggio+Cimbro+Vallorch\\\/@46.0344582,12.0906378,11z\\\/data=!4m23!1m16!4m15!1m6!1m2!1s0x47791967fd8a7e81:0xf3481e37263fad78!2sLa+Corte+di+Marga,+Via+IV+Novembre,+10,+31050+Miane+TV,+Italia!2m2!1d12.0929066!2d45.9446388!1m6!1m2!1s0x47790c91ba93aa19:0x963bfbc06bdd1ddc!2sVillaggio+Cimbro+Vallorch,+Via+dei+Cimbri,+6,+31010+Fregona+TV!2m2!1d12.3822221!2d46.0616541!3e0!3m5!1s0x47790c91ba93aa19:0x963bfbc06bdd1ddc!8m2!3d46.0616541!4d12.3822221!16s%2Fg%2F11gbp9d8yf?entry=ttu&amp;g_ep=EgoyMDI2MDYxMy4wIKXMDSoASAFQAw%3D%3D\\\" target=\\\"_blank\\\" rel=\\\"noreferrer noopener\\\">Apri il percorso da La Corte di Marga per il Villaggio Vallorch su Google Maps<\\\/a><\\\/strong>.\",\"inLanguage\":\"de\"},\"inLanguage\":\"de\"}]}<\/script>\n<!-- \/ Yoast SEO plugin. -->","yoast_head_json":{"title":"Altopiano del Cansiglio: Leitfaden zur Erkundung | La Corte di Marga","description":"Altopiano del Cansiglio: Vom Wald der Dogen zu den eindrucksvollen Zimbern-D\u00f6rfern. Praktischer Reisef\u00fchrer f\u00fcr Wanderer, kulinarische Tipps und Anreisem\u00f6glichkeiten.","robots":{"index":"index","follow":"follow","max-snippet":"max-snippet:-1","max-image-preview":"max-image-preview:large","max-video-preview":"max-video-preview:-1"},"canonical":"https:\/\/lacortedimarga.com\/de\/altpiano-del-cansiglio-was-tun\/","og_locale":"de_DE","og_type":"article","og_title":"Altopiano del Cansiglio: Guida all'Esplorazione | La Corte di Marga","og_description":"Altopiano del Cansiglio: dal bosco dei Dogi ai suggestivi villaggi Cimbri. Guida pratica per escursionisti, consigli gastronomici e come arrivare.","og_url":"https:\/\/lacortedimarga.com\/de\/altpiano-del-cansiglio-was-tun\/","og_site_name":"La Corte di Marga","article_publisher":"https:\/\/www.facebook.com\/lacortedimarga","article_published_time":"2026-06-17T08:20:52+00:00","article_modified_time":"2026-08-28T15:21:37+00:00","og_image":[{"width":1500,"height":998,"url":"https:\/\/lacortedimarga.com\/wp-content\/uploads\/2026\/06\/La_Corte_di_Marga_cosa_fare_Altopiano_del_Cansiglio.webp","type":"image\/webp"}],"author":"Roberto","twitter_card":"summary_large_image","twitter_misc":{"Verfasst von":"Roberto","Gesch\u00e4tzte Lesezeit":"10\u00a0Minuten"},"schema":{"@context":"https:\/\/schema.org","@graph":[{"@type":"Article","@id":"https:\/\/lacortedimarga.com\/altopiano-del-cansiglio-cosa-fare\/#article","isPartOf":{"@id":"https:\/\/lacortedimarga.com\/altopiano-del-cansiglio-cosa-fare\/"},"author":{"name":"Roberto","@id":"https:\/\/lacortedimarga.com\/#\/schema\/person\/35b8aa132ce672c39a5ece2e9b43b967"},"headline":"Altopiano del Cansiglio: Guida all&#8217;esplorazione","datePublished":"2026-06-17T08:20:52+00:00","dateModified":"2026-08-28T15:21:37+00:00","mainEntityOfPage":{"@id":"https:\/\/lacortedimarga.com\/altopiano-del-cansiglio-cosa-fare\/"},"wordCount":1657,"publisher":{"@id":"https:\/\/lacortedimarga.com\/#organization"},"image":{"@id":"https:\/\/lacortedimarga.com\/altopiano-del-cansiglio-cosa-fare\/#primaryimage"},"thumbnailUrl":"https:\/\/lacortedimarga.com\/wp-content\/uploads\/2026\/06\/La_Corte_di_Marga_cosa_fare_Altopiano_del_Cansiglio.webp","keywords":["#AltopianoDelCansiglio","#Cansiglio","#CollineProsecco","#CorteDiMargaMiane","#EscursioniAPiedi","#EscursioniPrealpiTrevigiane","#EsperienzaInCorte","#LaCortediMarga","#Miane","#NaturaEApprendimento","#PrealpiTrevigiane","#ProseccoHills","#ProseccoHillsHolidays","#RobertoLaRosaHost","#RobertoLaRosaSommelier","#TurismoAttivo","#TurismoSostenibile","#UNESCOHeritage","#VisitVeneto"],"articleSection":["Adrenalina &amp; Panorama: Outdoor e Sport","Escursioni a piedi"],"inLanguage":"de"},{"@type":["WebPage","FAQPage"],"@id":"https:\/\/lacortedimarga.com\/altopiano-del-cansiglio-cosa-fare\/","url":"https:\/\/lacortedimarga.com\/altopiano-del-cansiglio-cosa-fare\/","name":"Altopiano del Cansiglio: Leitfaden zur Erkundung | La Corte di Marga","isPartOf":{"@id":"https:\/\/lacortedimarga.com\/#website"},"primaryImageOfPage":{"@id":"https:\/\/lacortedimarga.com\/altopiano-del-cansiglio-cosa-fare\/#primaryimage"},"image":{"@id":"https:\/\/lacortedimarga.com\/altopiano-del-cansiglio-cosa-fare\/#primaryimage"},"thumbnailUrl":"https:\/\/lacortedimarga.com\/wp-content\/uploads\/2026\/06\/La_Corte_di_Marga_cosa_fare_Altopiano_del_Cansiglio.webp","datePublished":"2026-06-17T08:20:52+00:00","dateModified":"2026-08-28T15:21:37+00:00","description":"Altopiano del Cansiglio: Vom Wald der Dogen zu den eindrucksvollen Zimbern-D\u00f6rfern. Praktischer Reisef\u00fchrer f\u00fcr Wanderer, kulinarische Tipps und Anreisem\u00f6glichkeiten.","breadcrumb":{"@id":"https:\/\/lacortedimarga.com\/altopiano-del-cansiglio-cosa-fare\/#breadcrumb"},"mainEntity":[{"@id":"https:\/\/lacortedimarga.com\/altopiano-del-cansiglio-cosa-fare\/#faq-question-1782830584123"},{"@id":"https:\/\/lacortedimarga.com\/altopiano-del-cansiglio-cosa-fare\/#faq-question-1782830613606"},{"@id":"https:\/\/lacortedimarga.com\/altopiano-del-cansiglio-cosa-fare\/#faq-question-1782830658158"},{"@id":"https:\/\/lacortedimarga.com\/altopiano-del-cansiglio-cosa-fare\/#faq-question-1782830684465"},{"@id":"https:\/\/lacortedimarga.com\/altopiano-del-cansiglio-cosa-fare\/#faq-question-1782830711221"},{"@id":"https:\/\/lacortedimarga.com\/altopiano-del-cansiglio-cosa-fare\/#faq-question-1782830742319"},{"@id":"https:\/\/lacortedimarga.com\/altopiano-del-cansiglio-cosa-fare\/#faq-question-1782830766002"}],"inLanguage":"de","potentialAction":[{"@type":"ReadAction","target":["https:\/\/lacortedimarga.com\/altopiano-del-cansiglio-cosa-fare\/"]}]},{"@type":"ImageObject","inLanguage":"de","@id":"https:\/\/lacortedimarga.com\/altopiano-del-cansiglio-cosa-fare\/#primaryimage","url":"https:\/\/lacortedimarga.com\/wp-content\/uploads\/2026\/06\/La_Corte_di_Marga_cosa_fare_Altopiano_del_Cansiglio.webp","contentUrl":"https:\/\/lacortedimarga.com\/wp-content\/uploads\/2026\/06\/La_Corte_di_Marga_cosa_fare_Altopiano_del_Cansiglio.webp","width":1500,"height":998,"caption":"L'Altopiano del Cansiglio in autunno: il punto di incontro tra le verdi praterie e le faggete secolari."},{"@type":"BreadcrumbList","@id":"https:\/\/lacortedimarga.com\/altopiano-del-cansiglio-cosa-fare\/#breadcrumb","itemListElement":[{"@type":"ListItem","position":1,"name":"Home","item":"https:\/\/lacortedimarga.com\/"},{"@type":"ListItem","position":2,"name":"Altopiano del Cansiglio: Guida all&#8217;esplorazione"}]},{"@type":"WebSite","@id":"https:\/\/lacortedimarga.com\/#website","url":"https:\/\/lacortedimarga.com\/","name":"Der Hof von Marga","description":"Prosecco Hills Ferien","publisher":{"@id":"https:\/\/lacortedimarga.com\/#organization"},"potentialAction":[{"@type":"SearchAction","target":{"@type":"EntryPoint","urlTemplate":"https:\/\/lacortedimarga.com\/?s={search_term_string}"},"query-input":{"@type":"PropertyValueSpecification","valueRequired":true,"valueName":"search_term_string"}}],"inLanguage":"de"},{"@type":"Organization","@id":"https:\/\/lacortedimarga.com\/#organization","name":"Der Hof von Marga","url":"https:\/\/lacortedimarga.com\/","logo":{"@type":"ImageObject","inLanguage":"de","@id":"https:\/\/lacortedimarga.com\/#\/schema\/logo\/image\/","url":"https:\/\/lacortedimarga.com\/wp-content\/uploads\/2025\/06\/logo-corti-di-marga.webp","contentUrl":"https:\/\/lacortedimarga.com\/wp-content\/uploads\/2025\/06\/logo-corti-di-marga.webp","width":955,"height":529,"caption":"La Corte di Marga"},"image":{"@id":"https:\/\/lacortedimarga.com\/#\/schema\/logo\/image\/"},"sameAs":["https:\/\/www.facebook.com\/lacortedimarga","https:\/\/www.instagram.com\/la_corte_di_marga\/","https:\/\/www.tiktok.com\/@lacortedimarga","https:\/\/www.youtube.com\/@lacortedimargaofficial","https:\/\/www.linkedin.com\/company\/la-corte-di-marga-prosecco-hills-holiday"]},{"@type":"Person","@id":"https:\/\/lacortedimarga.com\/#\/schema\/person\/35b8aa132ce672c39a5ece2e9b43b967","name":"Roberto","image":{"@type":"ImageObject","inLanguage":"de","@id":"https:\/\/secure.gravatar.com\/avatar\/e3f271e90e735cdc34557ef9b92be1ad6f15d5bac04b51fa3cd10b4c11dac25e?s=96&d=mm&r=g","url":"https:\/\/secure.gravatar.com\/avatar\/e3f271e90e735cdc34557ef9b92be1ad6f15d5bac04b51fa3cd10b4c11dac25e?s=96&d=mm&r=g","contentUrl":"https:\/\/secure.gravatar.com\/avatar\/e3f271e90e735cdc34557ef9b92be1ad6f15d5bac04b51fa3cd10b4c11dac25e?s=96&d=mm&r=g","caption":"Roberto"},"url":"https:\/\/lacortedimarga.com\/de\/author\/roberto\/"},{"@type":"Question","@id":"https:\/\/lacortedimarga.com\/altopiano-del-cansiglio-cosa-fare\/#faq-question-1782830584123","position":1,"url":"https:\/\/lacortedimarga.com\/altopiano-del-cansiglio-cosa-fare\/#faq-question-1782830584123","name":"Was ist der Unterschied zwischen einem Besuch des Cansiglio im Sommer oder im Herbst?","answerCount":1,"acceptedAnswer":{"@type":"Answer","text":"In estate il Cansiglio \u00e8 il rifugio perfetto dalla calura, ideale per trekking e passeggiate. In autunno diventa un'esperienza multisensoriale: il \"bramito\" del cervo e il foliage dei faggi offrono uno spettacolo naturale tra i pi\u00f9 intensi dell'intero arco alpino.","inLanguage":"de"},"inLanguage":"de"},{"@type":"Question","@id":"https:\/\/lacortedimarga.com\/altopiano-del-cansiglio-cosa-fare\/#faq-question-1782830613606","position":2,"url":"https:\/\/lacortedimarga.com\/altopiano-del-cansiglio-cosa-fare\/#faq-question-1782830613606","name":"Kann man Hirsche in freier Wildbahn beobachten?","answerCount":1,"acceptedAnswer":{"@type":"Answer","text":"S\u00ec, \u00e8 una delle zone pi\u00f9 vocate d'Italia. Il segreto \u00e8 la pazienza: appostarsi nelle zone di transizione tra bosco e prato al crepuscolo, rimanendo in silenzio e sottovento.","inLanguage":"de"},"inLanguage":"de"},{"@type":"Question","@id":"https:\/\/lacortedimarga.com\/altopiano-del-cansiglio-cosa-fare\/#faq-question-1782830658158","position":3,"url":"https:\/\/lacortedimarga.com\/altopiano-del-cansiglio-cosa-fare\/#faq-question-1782830658158","name":"Wie lange dauert eine vollst\u00e4ndige Besichtigung?","answerCount":1,"acceptedAnswer":{"@type":"Answer","text":"Un minimo di 4-5 ore per godersi una camminata e un pasto in malga. Tuttavia, per chi vuole percorrere i sentieri verso il Monte Pizzoc o esplorare i sentieri tematici, \u00e8 consigliabile dedicare l'intera giornata.","inLanguage":"de"},"inLanguage":"de"},{"@type":"Question","@id":"https:\/\/lacortedimarga.com\/altopiano-del-cansiglio-cosa-fare\/#faq-question-1782830684465","position":4,"url":"https:\/\/lacortedimarga.com\/altopiano-del-cansiglio-cosa-fare\/#faq-question-1782830684465","name":"Wann ist die beste Zeit, um die Hochebene von Cansiglio zu besuchen?","answerCount":1,"acceptedAnswer":{"@type":"Answer","text":"Per vivere l'esperienza pi\u00f9 suggestiva, ti consigliamo di arrivare al mattino presto o di trattenerti fino al crepuscolo. In questi momenti della giornata, la fauna selvatica, come cervi e caprioli, si sposta ai margini della foresta, offrendo possibilit\u00e0 di osservazione uniche.","inLanguage":"de"},"inLanguage":"de"},{"@type":"Question","@id":"https:\/\/lacortedimarga.com\/altopiano-del-cansiglio-cosa-fare\/#faq-question-1782830711221","position":5,"url":"https:\/\/lacortedimarga.com\/altopiano-del-cansiglio-cosa-fare\/#faq-question-1782830711221","name":"Welche Art von Kleidung sollte ich f\u00fcr den Cansiglio einpacken?","answerCount":1,"acceptedAnswer":{"@type":"Answer","text":"Anche se a valle le temperature possono essere elevate, in Cansiglio il meteo \u00e8 estremamente variabile. \u00c8 fondamentale vestirsi a strati e avere sempre con s\u00e9 un guscio antivento o impermeabile. Inoltre, sono obbligatorie calzature con suola scolpita, poich\u00e9 anche i percorsi pi\u00f9 brevi possono presentare fondi umidi e scivolosi.","inLanguage":"de"},"inLanguage":"de"},{"@type":"Question","@id":"https:\/\/lacortedimarga.com\/altopiano-del-cansiglio-cosa-fare\/#faq-question-1782830742319","position":6,"url":"https:\/\/lacortedimarga.com\/altopiano-del-cansiglio-cosa-fare\/#faq-question-1782830742319","name":"Ist es sicher, abseits der ausgetretenen Pfade zu gehen?","answerCount":1,"acceptedAnswer":{"@type":"Answer","text":"L'altopiano \u00e8 caratterizzato da un terreno carsico complesso, ricco di doline e avvallamenti che possono trarre facilmente in inganno anche chi ha un buon senso dell'orientamento. Se non sei un escursionista esperto dotato di attrezzatura adeguata, ti raccomandiamo vivamente di rimanere sempre sui percorsi segnalati per la tua sicurezza.","inLanguage":"de"},"inLanguage":"de"},{"@type":"Question","@id":"https:\/\/lacortedimarga.com\/altopiano-del-cansiglio-cosa-fare\/#faq-question-1782830766002","position":7,"url":"https:\/\/lacortedimarga.com\/altopiano-del-cansiglio-cosa-fare\/#faq-question-1782830766002","name":"Ist das cimbriche Dorf Vallorch besuchbar? Wie kann ich es erreichen?","answerCount":1,"acceptedAnswer":{"@type":"Answer","text":"Certamente. Il villaggio di Vallorch, uno dei pi\u00f9 antichi e suggestivi insediamenti cimbri, \u00e8 visitabile liberamente tutto l'anno. Si trova nel cuore della Foresta del Cansiglio ed \u00e8 facilmente raggiungibile in auto seguendo la segnaletica interna all'altopiano. Per farti guidare direttamente al punto di partenza del sentiero che conduce alle tipiche case (i <em>casoni<\/em>), clicca qui: <strong><a href=\"https:\/\/www.google.com\/maps\/place\/Villaggio+Cimbro+Vallorch\/@46.0344582,12.0906378,11z\/data=!4m23!1m16!4m15!1m6!1m2!1s0x47791967fd8a7e81:0xf3481e37263fad78!2sLa+Corte+di+Marga,+Via+IV+Novembre,+10,+31050+Miane+TV,+Italia!2m2!1d12.0929066!2d45.9446388!1m6!1m2!1s0x47790c91ba93aa19:0x963bfbc06bdd1ddc!2sVillaggio+Cimbro+Vallorch,+Via+dei+Cimbri,+6,+31010+Fregona+TV!2m2!1d12.3822221!2d46.0616541!3e0!3m5!1s0x47790c91ba93aa19:0x963bfbc06bdd1ddc!8m2!3d46.0616541!4d12.3822221!16s%2Fg%2F11gbp9d8yf?entry=ttu&amp;g_ep=EgoyMDI2MDYxMy4wIKXMDSoASAFQAw%3D%3D\" target=\"_blank\" rel=\"noreferrer noopener\">Apri il percorso da La Corte di Marga per il Villaggio Vallorch su Google Maps<\/a><\/strong>.","inLanguage":"de"},"inLanguage":"de"}]}},"_links":{"self":[{"href":"https:\/\/lacortedimarga.com\/de\/wp-json\/wp\/v2\/posts\/2673","targetHints":{"allow":["GET"]}}],"collection":[{"href":"https:\/\/lacortedimarga.com\/de\/wp-json\/wp\/v2\/posts"}],"about":[{"href":"https:\/\/lacortedimarga.com\/de\/wp-json\/wp\/v2\/types\/post"}],"author":[{"embeddable":true,"href":"https:\/\/lacortedimarga.com\/de\/wp-json\/wp\/v2\/users\/3"}],"replies":[{"embeddable":true,"href":"https:\/\/lacortedimarga.com\/de\/wp-json\/wp\/v2\/comments?post=2673"}],"version-history":[{"count":5,"href":"https:\/\/lacortedimarga.com\/de\/wp-json\/wp\/v2\/posts\/2673\/revisions"}],"predecessor-version":[{"id":3041,"href":"https:\/\/lacortedimarga.com\/de\/wp-json\/wp\/v2\/posts\/2673\/revisions\/3041"}],"wp:featuredmedia":[{"embeddable":true,"href":"https:\/\/lacortedimarga.com\/de\/wp-json\/wp\/v2\/media\/2675"}],"wp:attachment":[{"href":"https:\/\/lacortedimarga.com\/de\/wp-json\/wp\/v2\/media?parent=2673"}],"wp:term":[{"taxonomy":"category","embeddable":true,"href":"https:\/\/lacortedimarga.com\/de\/wp-json\/wp\/v2\/categories?post=2673"},{"taxonomy":"post_tag","embeddable":true,"href":"https:\/\/lacortedimarga.com\/de\/wp-json\/wp\/v2\/tags?post=2673"}],"curies":[{"name":"wp","href":"https:\/\/api.w.org\/{rel}","templated":true}]}}