{"id":2678,"date":"2026-06-19T08:26:30","date_gmt":"2026-06-19T08:26:30","guid":{"rendered":"https:\/\/lacortedimarga.com\/?p=2678"},"modified":"2026-08-29T17:58:15","modified_gmt":"2026-08-29T17:58:15","slug":"wanderungen-in-den-trevisaner-voralpen","status":"publish","type":"post","link":"https:\/\/lacortedimarga.com\/de\/escursioni-a-piedi-prealpi-trevigiane\/","title":{"rendered":"Die Kunst, in den Bergen zu leben: eine Frage des Gleichgewichts und des Respekts"},"content":{"rendered":"<p>Wenn meine G\u00e4ste mich nach Tipps f\u00fcr die <strong>Wanderungen in den Trevisaner Voralpen<\/strong>, meine erste Antwort betrifft nie den sch\u00f6nsten Wanderweg oder das atemberaubendste Panorama. Meine Antwort betrifft immer den Ansatz. Sich aufzuhalten in <em><strong>Der Hof von Marga<\/strong><\/em> bedeutet, in ein Gebiet einzutauchen, die Trevigianischen Voralpen, das gro\u00dfz\u00fcgig, aber anspruchsvoll ist. Um es wirklich zu genie\u00dfen, muss man lernen, mit ihm zu sprechen.<\/p>\n\n\n\n<p>Ich habe f\u00fcr Sie einige \u201cgoldene Regeln\u201d des gesunden Menschenverstands gesammelt, S\u00e4ulen eines Spiels der Ausgewogenheit, die das Erlebnis in den Bergen unvergesslich und vor allem sicher machen.<\/p>\n\n\n\n<h2 class=\"wp-block-heading\">1. Wanderungen in den Trevisaner Voralpen: Lerne die Berge kennen, lerne dich selbst kennen<\/h2>\n\n\n\n<p>Viele denken, dass eine Wanderung immer eine Wanderung ist. Das ist nicht so. Die Berge haben eine pr\u00e4zise Sprache, kodifiziert vom CAI (Club Alpino Italiano). Bevor wir aufbrechen, bitte ich meine G\u00e4ste immer, die Kennzeichnung des Weges zu \u00fcberpr\u00fcfen, den sie angehen wollen:<\/p>\n\n\n\n<ul class=\"wp-block-list\">\n<li><strong>T (Touristenroute)<\/strong> Der ideale Weg f\u00fcr Ruhesuchende. Gut ausgebaute, gut sichtbare Wege und Pfade ohne jegliche Schwierigkeiten.<\/li>\n\n\n\n<li><strong>E (Wanderweg):<\/strong> Hier verlangt der Berg mehr als nur einen Spaziergang. Man bewegt sich auf abwechslungsreichem Gel\u00e4nde (Wiesen, Ger\u00f6ll). Erfordert ein Minimum an Kondition, gutes Schuhwerk und Beobachtungsgabe.<\/li>\n\n\n\n<li><strong>EE (Erfahrene Wanderer):<\/strong> Die Musik ver\u00e4ndert sich. Sie erfordert die F\u00e4higkeit, sich auf unwegsamem Gel\u00e4nde zu bewegen, das manchmal ausgesetzt ist. Es braucht einen sicheren Schritt und eine solide k\u00f6rperliche Vorbereitung.<\/li>\n\n\n\n<li><strong>EEA (Erfahrene Bergsteiger mit Ausr\u00fcstung):<\/strong> Die ultimative Herausforderung. Erfordert die Verwendung von Selbstsicherungsger\u00e4ten (Gurt, Klettersteigset, Helm). Wenn Sie kein Experte f\u00fcr diese Technik sind, ist es besser, aus der Ferne zu bestaunen.<\/li>\n<\/ul>\n\n\n\n<p><em>Anmerkung der Gastgeberin:<\/em> Lasst euch nicht von der Eile, anzukommen, \u00fcberw\u00e4ltigen. Der Berg ist ein Ort, an dem \u201cZeit zu verlieren\u201d, um ein Foto zu machen oder eine Aussicht zu bewundern, keine verlorene Zeit ist, sondern Zeit, die in eure Erfahrung investiert wird.<\/p>\n\n\n\n<h2 class=\"wp-block-heading\">2. Das Dekalog: 12 Ratschl\u00e4ge f\u00fcr ein perfektes Abenteuer<\/h2>\n\n\n\n<p>Um die au\u00dfergew\u00f6hnliche Umgebung zu bew\u00e4ltigen, die uns umgibt, habe ich die <strong>12 grundlegende Schritte<\/strong> was jeder Wanderer im Hinterkopf behalten sollte:<\/p>\n\n\n\n<ol start=\"1\" class=\"wp-block-list\">\n<li><strong>Das Fr\u00fchst\u00fcck:<\/strong> Es ist der Treibstoff des Tages, lassen Sie ihn niemals aus.<\/li>\n\n\n\n<li><strong>Leichter Rucksack<\/strong> Bringen Sie das N\u00f6tigste mit (Trinkflasche, Snack, Windjacke).<\/li>\n\n\n\n<li><strong>Ausr\u00fcstung<\/strong> Brille, Sonnencreme und topografische Karte sind Ihre Verb\u00fcndeten.<\/li>\n\n\n\n<li><strong>Zwiebelprinzip:<\/strong> Das Wetter in den Bergen \u00e4ndert sich in 10 Minuten; lernen Sie, sich an- und auszuziehen.<\/li>\n\n\n\n<li><strong>Meteo:<\/strong> Konsultieren Sie immer die Vorhersagen. Im Winter achten Sie auf die Lawinenberichte.<\/li>\n\n\n\n<li><strong>W\u00e4hlen Sie mit Bedacht:<\/strong> Suchen Sie keine Wege, die Ihre F\u00e4higkeiten \u00fcbersteigen, und sagen Sie immer jemandem, wohin Sie gehen.<\/li>\n\n\n\n<li><strong>Expertenrat:<\/strong> Sprechen Sie mit den H\u00fcttenwarten oder Bergf\u00fchrern, sie sind Ihre Stimme der Wahrheit.<\/li>\n\n\n\n<li><strong>Respekt vor der Tierwelt<\/strong> Wir sind G\u00e4ste bei ihnen zu Hause. Beobachten Sie die Tiere aus der Ferne, ohne zu st\u00f6ren.<\/li>\n\n\n\n<li><strong>Beobachtung<\/strong> Genie\u00dfen Sie die Stille und den Frieden, es ist nicht n\u00f6tig, Steine zu werfen oder zu schreien.<\/li>\n\n\n\n<li><strong>Vorsicht<\/strong> Bleiben Sie auf den markierten Wegen. Wenn Kinder Sie begleiten, behalten Sie sie in Ihrer N\u00e4he.<\/li>\n\n\n\n<li><strong>Der Abfall:<\/strong> Verlassen Sie sie niemals. Bringen Sie sie ins Tal, zu Ihnen nach Hause.<\/li>\n\n\n\n<li><strong>Bewahren Sie die Emotion:<\/strong> F\u00fchren Sie ein kleines Notizbuch, in dem Sie Ihre Empfindungen festhalten k\u00f6nnen. Es wird Ihnen helfen, die Berge auch nach Ihrer R\u00fcckkehr nach Hause wiederzuerleben.<\/li>\n<\/ol>\n\n\n\n<p><strong><em>Notrufnummer:<\/em> <\/strong>Se succede qualcosa, il <strong>118<\/strong> Er ist der Bezugspunkt. Antworten Sie ruhig und beschreiben Sie den Ort und die Dynamik pr\u00e4zise.<\/p>\n\n\n\n<h2 class=\"wp-block-heading\">3. Das Recht zu bewundern, die Pflicht zu sch\u00fctzen<\/h2>\n\n\n\n<p>Schlie\u00dflich gibt es einen Aspekt, der mir besonders am Herzen liegt, gut dargestellt durch die Arbeit unserer H\u00fcttenwirte. Die Sch\u00f6nheit, die wir bewundern, ist ein <strong>Recht<\/strong>, aber sie sauber zu halten ist ein <strong>m\u00fcssen<\/strong>.<\/p>\n\n\n\n<p>Wir als Wanderer verpflichten uns, keine Spuren zu hinterlassen: <strong>Jeder bringt seinen M\u00fcll ins Tal.<\/strong>, benutzt die eigene Trinkflasche und <strong>Vermeiden Sie Einwegplastik<\/strong>. Die H\u00fcttenwirte wiederum vollbringen Wunder bei der Bew\u00e4ltigung der Logistik (oft komplex mit Seilbahnen und Hubschraubern), indem sie Verpackungsmaterial minimieren und Sonderm\u00fcll entsorgen.<\/p>\n\n\n\n<p>Der Berg ist ein fragiles \u00d6kosystem. Wenn jeder seinen Teil dazu beitr\u00e4gt, wird er uns auch f\u00fcr kommende Generationen sein Schauspiel bescheren.<\/p>\n\n\n\n<h3 class=\"wp-block-heading\">Ein letzter Tipp f\u00fcr Ihre Wanderungen in den Trevisaner Voralpen<\/h3>\n\n\n\n<p>Bevor Sie aufbrechen, beachten Sie immer die Informationstafeln an den Ausgangspunkten. Sie sind eine Fundgrube an Informationen und, wie Sie auf den Abbildungen in diesem Beitrag sehen k\u00f6nnen, auch wahre kleine Meisterwerke der alpinen Zivilcourage.<\/p>\n\n\n\n<p>Der Berg ist eine Erfahrung, die mit der R\u00fcckkehr ins Tal nicht endet. Es ist ein Gep\u00e4ck voller Emotionen, das jeden Aufenthalt bereichert <strong>Der Hof von Marga<\/strong>. Wenn Sie Ihr n\u00e4chstes Abenteuer planen, beschr\u00e4nken Sie sich nicht nur auf das Reiseziel: Erkunden Sie auch unsere anderen Reisef\u00fchrer in <a href=\"https:\/\/lacortedimarga.com\/de\/blog\/\" target=\"_blank\" rel=\"noreferrer noopener\">Unser Blog<\/a>, wo Sie Routenvorschl\u00e4ge f\u00fcr jedes Niveau und jede Leidenschaft finden. Von Spazierg\u00e4ngen durch die Prosecco-Weinberge bis hin zu Hochgebirgstouren \u2013 jeder Weg beginnt hier. <strong><a href=\"https:\/\/lacortedimarga.com\/de\/\" target=\"_blank\" rel=\"noreferrer noopener\">Buchen Sie jetzt Ihren Aufenthalt in Miane<\/a><\/strong> und machen Sie Ihr Verlangen nach Natur zu einem unvergesslichen Urlaub.<\/p>\n\n\n\n<p>Guten Spaziergang, und denkt daran: <strong>La Corte di Marga erwartet Sie bei Ihrer R\u00fcckkehr zu einem wohlverdienten Ausruhen am Pool mit einem guten Glas Wein.<\/strong><\/p>\n\n\n\n<div class=\"schema-faq wp-block-yoast-faq-block\"><div class=\"schema-faq-section\" id=\"faq-question-17880262934430\"><strong class=\"schema-faq-question\">Muss man ein trainierter Athlet sein, um in den Trevisaner Voralpen zu wandern?<\/strong> <p class=\"schema-faq-answer\">Auf keinen Fall. Das Gebiet bietet eine unglaublich gro\u00dfe Auswahl an Routen, von f\u00fcr jeden geeigneten \u201cT\u201d-Wegen (f\u00fcr Touristen) bis hin zu solchen f\u00fcr Experten. Das Geheimnis liegt darin, die Route nach der aktuellen Verfassung auszuw\u00e4hlen und sich nicht zu \u00fcbernehmen.<\/p> <\/div> <div class=\"schema-faq-section\" id=\"faq-question-17880262934431\"><strong class=\"schema-faq-question\">Was ist die beste Jahreszeit f\u00fcr Wanderungen in der Gegend?<\/strong> <p class=\"schema-faq-answer\">Jede Jahreszeit hat ihren Reiz. Der Fr\u00fchling und der Herbst bieten ideale Temperaturen und spektakul\u00e4re Farben, w\u00e4hrend der Sommer perfekt ist, um in die H\u00f6he zu steigen und in den Buchenw\u00e4ldern Abk\u00fchlung zu suchen. Im Winter erfordern die h\u00f6chsten Gipfel spezielle Ausr\u00fcstung und Aufmerksamkeit f\u00fcr die Schneedecke.<\/p> <\/div> <div class=\"schema-faq-section\" id=\"faq-question-17880262934432\"><strong class=\"schema-faq-question\">Was muss ich tun, wenn ich auf dem Wanderweg einem Wildtier begegne?<\/strong> <p class=\"schema-faq-answer\">Die goldene Regel ist die stille Beobachtung. Versuche nicht, dich zu n\u00e4hern, f\u00fcttere sie nicht und mache keine pl\u00f6tzlichen Ger\u00e4usche. Bewahre Ruhe und gehe deines Weges: Das Tier wird sich von selbst entfernen.<\/p> <\/div> <div class=\"schema-faq-section\" id=\"faq-question-17880262934433\"><strong class=\"schema-faq-question\">Kann ich meinen Hund mit auf die Wanderung nehmen?<\/strong> <p class=\"schema-faq-answer\">Gewiss, viele Wege sind perfekt f\u00fcr Hunde, aber bedenke, dass <strong>Leine ist Pflicht<\/strong> Aus Respekt vor der Tierwelt, anderen Wanderern und dem Weidevieh. Sorge immer daf\u00fcr, dass du auch f\u00fcr ihn ausreichend Wasser dabeihast.<\/p> <\/div> <div class=\"schema-faq-section\" id=\"faq-question-17880262934434\"><strong class=\"schema-faq-question\">Wie finde ich heraus, ob das Wetter f\u00fcr mein Vorhaben geeignet ist?<\/strong> <p class=\"schema-faq-answer\">Vertraue nicht nur auf die Sonne, die du morgens am Fenster siehst. Konsultiere immer die offiziellen Wetterberichte (wie die von ARPA Veneto) und frage im Zweifelsfall uns von La Corte di Marga oder die H\u00fcttenwirte um Rat: Wir kennen die lokalen Bedingungen besser als jeder andere.<\/p> <\/div> <\/div>","protected":false},"excerpt":{"rendered":"<p>Quando i miei ospiti mi chiedono consigli per le escursioni a piedi nelle Prealpi Trevigiane, la mia prima risposta non riguarda mai il sentiero pi\u00f9 bello o il panorama pi\u00f9 mozzafiato. La mia risposta riguarda sempre l&#8217;approccio. Soggiornare a La Corte di Marga significa immergersi in un territorio, le Prealpi Trevigiane, che \u00e8 generoso ma [&hellip;]<\/p>\n","protected":false},"author":3,"featured_media":2680,"comment_status":"closed","ping_status":"open","sticky":false,"template":"","format":"standard","meta":{"_breakdance_hide_in_design_set":false,"_breakdance_tags":"","footnotes":""},"categories":[7,114],"tags":[21,42,65,205,43,20,22,28,23,53,209,36,145,24],"class_list":["post-2678","post","type-post","status-publish","format-standard","has-post-thumbnail","hentry","category-adrenalina-panorama-outdoor-e-sport","category-escursioni-a-piedi","tag-collineprosecco","tag-cortedimargamiane","tag-escursioniapiedi","tag-escursioniprealpitrevigiane","tag-esperienzaincorte","tag-lacortedimarga","tag-miane","tag-naturaeapprendimento","tag-proseccohills","tag-proseccohillsholidays-2","tag-sicurezzainmontagna","tag-unescoheritage","tag-visitcollineprosecco","tag-visitveneto"],"yoast_head":"<!-- This site is optimized with the Yoast SEO plugin v28.2 - https:\/\/yoast.com\/product\/yoast-seo-wordpress\/ -->\n<title>Escursioni a Piedi nelle Prealpi Trevigiane: Guida Sicurezza<\/title>\n<meta name=\"description\" content=\"Escursioni a piedi nelle Prealpi Trevigiane: il decalogo dell&#039;escursionista per leggere la difficolt\u00e0 dei sentieri e goderti la montagna in sicurezza.\" \/>\n<meta name=\"robots\" content=\"index, follow, max-snippet:-1, max-image-preview:large, max-video-preview:-1\" \/>\n<link rel=\"canonical\" href=\"https:\/\/lacortedimarga.com\/de\/wanderungen-in-den-trevisaner-voralpen\/\" \/>\n<meta property=\"og:locale\" content=\"de_DE\" \/>\n<meta property=\"og:type\" content=\"article\" \/>\n<meta property=\"og:title\" content=\"Escursioni a Piedi nelle Prealpi Trevigiane: Guida Sicurezza\" \/>\n<meta property=\"og:description\" content=\"Escursioni a piedi nelle Prealpi Trevigiane: il decalogo dell&#039;escursionista per leggere la difficolt\u00e0 dei sentieri e goderti la montagna in sicurezza.\" \/>\n<meta property=\"og:url\" content=\"https:\/\/lacortedimarga.com\/de\/wanderungen-in-den-trevisaner-voralpen\/\" \/>\n<meta property=\"og:site_name\" content=\"La Corte di Marga\" \/>\n<meta property=\"article:publisher\" content=\"https:\/\/www.facebook.com\/lacortedimarga\" \/>\n<meta property=\"article:published_time\" content=\"2026-06-19T08:26:30+00:00\" \/>\n<meta property=\"article:modified_time\" content=\"2026-08-29T17:58:15+00:00\" \/>\n<meta property=\"og:image\" content=\"https:\/\/lacortedimarga.com\/wp-content\/uploads\/2026\/06\/La_Corte_di_Marga_cosa_fare_guida_ai_sentieri-2.webp\" \/>\n\t<meta property=\"og:image:width\" content=\"1500\" \/>\n\t<meta property=\"og:image:height\" content=\"818\" \/>\n\t<meta property=\"og:image:type\" content=\"image\/webp\" \/>\n<meta name=\"author\" content=\"Roberto\" \/>\n<meta name=\"twitter:card\" content=\"summary_large_image\" \/>\n<meta name=\"twitter:label1\" content=\"Verfasst von\" \/>\n\t<meta name=\"twitter:data1\" content=\"Roberto\" \/>\n\t<meta name=\"twitter:label2\" content=\"Gesch\u00e4tzte Lesezeit\" \/>\n\t<meta name=\"twitter:data2\" content=\"6\u00a0Minuten\" \/>\n<script type=\"application\/ld+json\" class=\"yoast-schema-graph\">{\"@context\":\"https:\\\/\\\/schema.org\",\"@graph\":[{\"@type\":\"Article\",\"@id\":\"https:\\\/\\\/lacortedimarga.com\\\/escursioni-a-piedi-prealpi-trevigiane\\\/#article\",\"isPartOf\":{\"@id\":\"https:\\\/\\\/lacortedimarga.com\\\/escursioni-a-piedi-prealpi-trevigiane\\\/\"},\"author\":{\"name\":\"Roberto\",\"@id\":\"https:\\\/\\\/lacortedimarga.com\\\/#\\\/schema\\\/person\\\/35b8aa132ce672c39a5ece2e9b43b967\"},\"headline\":\"L&#8217;arte di vivere la montagna: una questione di equilibrio e rispetto\",\"datePublished\":\"2026-06-19T08:26:30+00:00\",\"dateModified\":\"2026-08-29T17:58:15+00:00\",\"mainEntityOfPage\":{\"@id\":\"https:\\\/\\\/lacortedimarga.com\\\/escursioni-a-piedi-prealpi-trevigiane\\\/\"},\"wordCount\":1035,\"publisher\":{\"@id\":\"https:\\\/\\\/lacortedimarga.com\\\/#organization\"},\"image\":{\"@id\":\"https:\\\/\\\/lacortedimarga.com\\\/escursioni-a-piedi-prealpi-trevigiane\\\/#primaryimage\"},\"thumbnailUrl\":\"https:\\\/\\\/lacortedimarga.com\\\/wp-content\\\/uploads\\\/2026\\\/06\\\/La_Corte_di_Marga_cosa_fare_guida_ai_sentieri-2.webp\",\"keywords\":[\"#CollineProsecco\",\"#CorteDiMargaMiane\",\"#EscursioniAPiedi\",\"#EscursioniPrealpiTrevigiane\",\"#EsperienzaInCorte\",\"#LaCortediMarga\",\"#Miane\",\"#NaturaEApprendimento\",\"#ProseccoHills\",\"#ProseccoHillsHolidays\",\"#SicurezzaInMontagna\",\"#UNESCOHeritage\",\"#VisitCollineProsecco\",\"#VisitVeneto\"],\"articleSection\":[\"Adrenalina &amp; Panorama: Outdoor e Sport\",\"Escursioni a piedi\"],\"inLanguage\":\"de\"},{\"@type\":[\"WebPage\",\"FAQPage\"],\"@id\":\"https:\\\/\\\/lacortedimarga.com\\\/escursioni-a-piedi-prealpi-trevigiane\\\/\",\"url\":\"https:\\\/\\\/lacortedimarga.com\\\/escursioni-a-piedi-prealpi-trevigiane\\\/\",\"name\":\"Escursioni a Piedi nelle Prealpi Trevigiane: Guida Sicurezza\",\"isPartOf\":{\"@id\":\"https:\\\/\\\/lacortedimarga.com\\\/#website\"},\"primaryImageOfPage\":{\"@id\":\"https:\\\/\\\/lacortedimarga.com\\\/escursioni-a-piedi-prealpi-trevigiane\\\/#primaryimage\"},\"image\":{\"@id\":\"https:\\\/\\\/lacortedimarga.com\\\/escursioni-a-piedi-prealpi-trevigiane\\\/#primaryimage\"},\"thumbnailUrl\":\"https:\\\/\\\/lacortedimarga.com\\\/wp-content\\\/uploads\\\/2026\\\/06\\\/La_Corte_di_Marga_cosa_fare_guida_ai_sentieri-2.webp\",\"datePublished\":\"2026-06-19T08:26:30+00:00\",\"dateModified\":\"2026-08-29T17:58:15+00:00\",\"description\":\"Escursioni a piedi nelle Prealpi Trevigiane: il decalogo dell'escursionista per leggere la difficolt\u00e0 dei sentieri e goderti la montagna in sicurezza.\",\"breadcrumb\":{\"@id\":\"https:\\\/\\\/lacortedimarga.com\\\/escursioni-a-piedi-prealpi-trevigiane\\\/#breadcrumb\"},\"mainEntity\":[{\"@id\":\"https:\\\/\\\/lacortedimarga.com\\\/escursioni-a-piedi-prealpi-trevigiane\\\/#faq-question-17880262934430\"},{\"@id\":\"https:\\\/\\\/lacortedimarga.com\\\/escursioni-a-piedi-prealpi-trevigiane\\\/#faq-question-17880262934431\"},{\"@id\":\"https:\\\/\\\/lacortedimarga.com\\\/escursioni-a-piedi-prealpi-trevigiane\\\/#faq-question-17880262934432\"},{\"@id\":\"https:\\\/\\\/lacortedimarga.com\\\/escursioni-a-piedi-prealpi-trevigiane\\\/#faq-question-17880262934433\"},{\"@id\":\"https:\\\/\\\/lacortedimarga.com\\\/escursioni-a-piedi-prealpi-trevigiane\\\/#faq-question-17880262934434\"}],\"inLanguage\":\"de\",\"potentialAction\":[{\"@type\":\"ReadAction\",\"target\":[\"https:\\\/\\\/lacortedimarga.com\\\/escursioni-a-piedi-prealpi-trevigiane\\\/\"]}]},{\"@type\":\"ImageObject\",\"inLanguage\":\"de\",\"@id\":\"https:\\\/\\\/lacortedimarga.com\\\/escursioni-a-piedi-prealpi-trevigiane\\\/#primaryimage\",\"url\":\"https:\\\/\\\/lacortedimarga.com\\\/wp-content\\\/uploads\\\/2026\\\/06\\\/La_Corte_di_Marga_cosa_fare_guida_ai_sentieri-2.webp\",\"contentUrl\":\"https:\\\/\\\/lacortedimarga.com\\\/wp-content\\\/uploads\\\/2026\\\/06\\\/La_Corte_di_Marga_cosa_fare_guida_ai_sentieri-2.webp\",\"width\":1500,\"height\":818,\"caption\":\"La sicurezza in montagna inizia dalla consapevolezza: impara a leggere i gradi di difficolt\u00e0 e a rispettare il territorio con il nostro decalogo illustrato.\"},{\"@type\":\"BreadcrumbList\",\"@id\":\"https:\\\/\\\/lacortedimarga.com\\\/escursioni-a-piedi-prealpi-trevigiane\\\/#breadcrumb\",\"itemListElement\":[{\"@type\":\"ListItem\",\"position\":1,\"name\":\"Home\",\"item\":\"https:\\\/\\\/lacortedimarga.com\\\/\"},{\"@type\":\"ListItem\",\"position\":2,\"name\":\"L&#8217;arte di vivere la montagna: una questione di equilibrio e rispetto\"}]},{\"@type\":\"WebSite\",\"@id\":\"https:\\\/\\\/lacortedimarga.com\\\/#website\",\"url\":\"https:\\\/\\\/lacortedimarga.com\\\/\",\"name\":\"La Corte di Marga\",\"description\":\"Prosecco Hills Holidays\",\"publisher\":{\"@id\":\"https:\\\/\\\/lacortedimarga.com\\\/#organization\"},\"potentialAction\":[{\"@type\":\"SearchAction\",\"target\":{\"@type\":\"EntryPoint\",\"urlTemplate\":\"https:\\\/\\\/lacortedimarga.com\\\/?s={search_term_string}\"},\"query-input\":{\"@type\":\"PropertyValueSpecification\",\"valueRequired\":true,\"valueName\":\"search_term_string\"}}],\"inLanguage\":\"de\"},{\"@type\":\"Organization\",\"@id\":\"https:\\\/\\\/lacortedimarga.com\\\/#organization\",\"name\":\"La Corte di Marga\",\"url\":\"https:\\\/\\\/lacortedimarga.com\\\/\",\"logo\":{\"@type\":\"ImageObject\",\"inLanguage\":\"de\",\"@id\":\"https:\\\/\\\/lacortedimarga.com\\\/#\\\/schema\\\/logo\\\/image\\\/\",\"url\":\"https:\\\/\\\/lacortedimarga.com\\\/wp-content\\\/uploads\\\/2025\\\/06\\\/logo-corti-di-marga.webp\",\"contentUrl\":\"https:\\\/\\\/lacortedimarga.com\\\/wp-content\\\/uploads\\\/2025\\\/06\\\/logo-corti-di-marga.webp\",\"width\":955,\"height\":529,\"caption\":\"La Corte di Marga\"},\"image\":{\"@id\":\"https:\\\/\\\/lacortedimarga.com\\\/#\\\/schema\\\/logo\\\/image\\\/\"},\"sameAs\":[\"https:\\\/\\\/www.facebook.com\\\/lacortedimarga\",\"https:\\\/\\\/www.instagram.com\\\/la_corte_di_marga\\\/\",\"https:\\\/\\\/www.tiktok.com\\\/@lacortedimarga\",\"https:\\\/\\\/www.youtube.com\\\/@lacortedimargaofficial\",\"https:\\\/\\\/www.linkedin.com\\\/company\\\/la-corte-di-marga-prosecco-hills-holiday\"]},{\"@type\":\"Person\",\"@id\":\"https:\\\/\\\/lacortedimarga.com\\\/#\\\/schema\\\/person\\\/35b8aa132ce672c39a5ece2e9b43b967\",\"name\":\"Roberto\",\"image\":{\"@type\":\"ImageObject\",\"inLanguage\":\"de\",\"@id\":\"https:\\\/\\\/secure.gravatar.com\\\/avatar\\\/e3f271e90e735cdc34557ef9b92be1ad6f15d5bac04b51fa3cd10b4c11dac25e?s=96&d=mm&r=g\",\"url\":\"https:\\\/\\\/secure.gravatar.com\\\/avatar\\\/e3f271e90e735cdc34557ef9b92be1ad6f15d5bac04b51fa3cd10b4c11dac25e?s=96&d=mm&r=g\",\"contentUrl\":\"https:\\\/\\\/secure.gravatar.com\\\/avatar\\\/e3f271e90e735cdc34557ef9b92be1ad6f15d5bac04b51fa3cd10b4c11dac25e?s=96&d=mm&r=g\",\"caption\":\"Roberto\"},\"url\":\"https:\\\/\\\/lacortedimarga.com\\\/de\\\/author\\\/roberto\\\/\"},{\"@type\":\"Question\",\"@id\":\"https:\\\/\\\/lacortedimarga.com\\\/escursioni-a-piedi-prealpi-trevigiane\\\/#faq-question-17880262934430\",\"position\":1,\"url\":\"https:\\\/\\\/lacortedimarga.com\\\/escursioni-a-piedi-prealpi-trevigiane\\\/#faq-question-17880262934430\",\"name\":\"\u00c8 necessario essere atleti allenati per camminare nelle Prealpi Trevigiane?\",\"answerCount\":1,\"acceptedAnswer\":{\"@type\":\"Answer\",\"text\":\"Assolutamente no. Il territorio offre una variet\u00e0 incredibile di percorsi, dai sentieri \\\"T\\\" (turistici) adatti a tutti, fino a quelli per esperti. Il segreto \u00e8 scegliere l'itinerario in base alla propria preparazione attuale e non voler strafare.\",\"inLanguage\":\"de\"},\"inLanguage\":\"de\"},{\"@type\":\"Question\",\"@id\":\"https:\\\/\\\/lacortedimarga.com\\\/escursioni-a-piedi-prealpi-trevigiane\\\/#faq-question-17880262934431\",\"position\":2,\"url\":\"https:\\\/\\\/lacortedimarga.com\\\/escursioni-a-piedi-prealpi-trevigiane\\\/#faq-question-17880262934431\",\"name\":\"Qual \u00e8 il periodo migliore dell'anno per fare escursioni in zona?\",\"answerCount\":1,\"acceptedAnswer\":{\"@type\":\"Answer\",\"text\":\"Ogni stagione ha il suo fascino. La primavera e l'autunno offrono temperature ideali e colori spettacolari, mentre l'estate \u00e8 perfetta per salire in quota e cercare refrigerio nelle faggete. In inverno, le cime pi\u00f9 alte richiedono attrezzatura specifica e attenzione al manto nevoso.\",\"inLanguage\":\"de\"},\"inLanguage\":\"de\"},{\"@type\":\"Question\",\"@id\":\"https:\\\/\\\/lacortedimarga.com\\\/escursioni-a-piedi-prealpi-trevigiane\\\/#faq-question-17880262934432\",\"position\":3,\"url\":\"https:\\\/\\\/lacortedimarga.com\\\/escursioni-a-piedi-prealpi-trevigiane\\\/#faq-question-17880262934432\",\"name\":\"Cosa devo fare se incontro un animale selvatico sul sentiero?\",\"answerCount\":1,\"acceptedAnswer\":{\"@type\":\"Answer\",\"text\":\"La regola d'oro \u00e8 l'osservazione silenziosa. Non tentare di avvicinarti, non dare cibo e non fare rumori improvvisi. Mantieni la calma e continua il tuo cammino: l'animale si allontaner\u00e0 spontaneamente.\",\"inLanguage\":\"de\"},\"inLanguage\":\"de\"},{\"@type\":\"Question\",\"@id\":\"https:\\\/\\\/lacortedimarga.com\\\/escursioni-a-piedi-prealpi-trevigiane\\\/#faq-question-17880262934433\",\"position\":4,\"url\":\"https:\\\/\\\/lacortedimarga.com\\\/escursioni-a-piedi-prealpi-trevigiane\\\/#faq-question-17880262934433\",\"name\":\"Posso portare il mio cane in escursione?\",\"answerCount\":1,\"acceptedAnswer\":{\"@type\":\"Answer\",\"text\":\"Certamente, molti sentieri sono perfetti per i cani, ma ricorda che <strong>il guinzaglio \u00e8 obbligatorio<\\\/strong> per rispetto verso la fauna selvatica, gli altri escursionisti e gli animali al pascolo. Assicurati sempre di avere con te acqua sufficiente anche per lui.\",\"inLanguage\":\"de\"},\"inLanguage\":\"de\"},{\"@type\":\"Question\",\"@id\":\"https:\\\/\\\/lacortedimarga.com\\\/escursioni-a-piedi-prealpi-trevigiane\\\/#faq-question-17880262934434\",\"position\":5,\"url\":\"https:\\\/\\\/lacortedimarga.com\\\/escursioni-a-piedi-prealpi-trevigiane\\\/#faq-question-17880262934434\",\"name\":\"Come faccio a capire se il meteo \u00e8 adatto alla mia uscita?\",\"answerCount\":1,\"acceptedAnswer\":{\"@type\":\"Answer\",\"text\":\"Non fidarti solo del sole che vedi alla finestra la mattina. Consulta sempre i bollettini meteo ufficiali (come quelli di ARPA Veneto) e, se sei in dubbio, chiedi consiglio a noi de La Corte di Marga o ai gestori dei rifugi: conosciamo le dinamiche locali meglio di chiunque altro.\",\"inLanguage\":\"de\"},\"inLanguage\":\"de\"}]}<\/script>\n<!-- \/ Yoast SEO plugin. -->","yoast_head_json":{"title":"Wandern in den Trevisaner Voralpen: Sicherheitsratgeber","description":"Wandern in den Trevisaner Voralpen: Der Wander-Leitfaden zum Einsch\u00e4tzen der Wegschwierigkeiten und um die Berge sicher zu genie\u00dfen.","robots":{"index":"index","follow":"follow","max-snippet":"max-snippet:-1","max-image-preview":"max-image-preview:large","max-video-preview":"max-video-preview:-1"},"canonical":"https:\/\/lacortedimarga.com\/de\/wanderungen-in-den-trevisaner-voralpen\/","og_locale":"de_DE","og_type":"article","og_title":"Escursioni a Piedi nelle Prealpi Trevigiane: Guida Sicurezza","og_description":"Escursioni a piedi nelle Prealpi Trevigiane: il decalogo dell'escursionista per leggere la difficolt\u00e0 dei sentieri e goderti la montagna in sicurezza.","og_url":"https:\/\/lacortedimarga.com\/de\/wanderungen-in-den-trevisaner-voralpen\/","og_site_name":"La Corte di Marga","article_publisher":"https:\/\/www.facebook.com\/lacortedimarga","article_published_time":"2026-06-19T08:26:30+00:00","article_modified_time":"2026-08-29T17:58:15+00:00","og_image":[{"width":1500,"height":818,"url":"https:\/\/lacortedimarga.com\/wp-content\/uploads\/2026\/06\/La_Corte_di_Marga_cosa_fare_guida_ai_sentieri-2.webp","type":"image\/webp"}],"author":"Roberto","twitter_card":"summary_large_image","twitter_misc":{"Verfasst von":"Roberto","Gesch\u00e4tzte Lesezeit":"6\u00a0Minuten"},"schema":{"@context":"https:\/\/schema.org","@graph":[{"@type":"Article","@id":"https:\/\/lacortedimarga.com\/escursioni-a-piedi-prealpi-trevigiane\/#article","isPartOf":{"@id":"https:\/\/lacortedimarga.com\/escursioni-a-piedi-prealpi-trevigiane\/"},"author":{"name":"Roberto","@id":"https:\/\/lacortedimarga.com\/#\/schema\/person\/35b8aa132ce672c39a5ece2e9b43b967"},"headline":"L&#8217;arte di vivere la montagna: una questione di equilibrio e rispetto","datePublished":"2026-06-19T08:26:30+00:00","dateModified":"2026-08-29T17:58:15+00:00","mainEntityOfPage":{"@id":"https:\/\/lacortedimarga.com\/escursioni-a-piedi-prealpi-trevigiane\/"},"wordCount":1035,"publisher":{"@id":"https:\/\/lacortedimarga.com\/#organization"},"image":{"@id":"https:\/\/lacortedimarga.com\/escursioni-a-piedi-prealpi-trevigiane\/#primaryimage"},"thumbnailUrl":"https:\/\/lacortedimarga.com\/wp-content\/uploads\/2026\/06\/La_Corte_di_Marga_cosa_fare_guida_ai_sentieri-2.webp","keywords":["#CollineProsecco","#CorteDiMargaMiane","#EscursioniAPiedi","#EscursioniPrealpiTrevigiane","#EsperienzaInCorte","#LaCortediMarga","#Miane","#NaturaEApprendimento","#ProseccoHills","#ProseccoHillsHolidays","#SicurezzaInMontagna","#UNESCOHeritage","#VisitCollineProsecco","#VisitVeneto"],"articleSection":["Adrenalina &amp; Panorama: Outdoor e Sport","Escursioni a piedi"],"inLanguage":"de"},{"@type":["WebPage","FAQPage"],"@id":"https:\/\/lacortedimarga.com\/escursioni-a-piedi-prealpi-trevigiane\/","url":"https:\/\/lacortedimarga.com\/escursioni-a-piedi-prealpi-trevigiane\/","name":"Wandern in den Trevisaner Voralpen: Sicherheitsratgeber","isPartOf":{"@id":"https:\/\/lacortedimarga.com\/#website"},"primaryImageOfPage":{"@id":"https:\/\/lacortedimarga.com\/escursioni-a-piedi-prealpi-trevigiane\/#primaryimage"},"image":{"@id":"https:\/\/lacortedimarga.com\/escursioni-a-piedi-prealpi-trevigiane\/#primaryimage"},"thumbnailUrl":"https:\/\/lacortedimarga.com\/wp-content\/uploads\/2026\/06\/La_Corte_di_Marga_cosa_fare_guida_ai_sentieri-2.webp","datePublished":"2026-06-19T08:26:30+00:00","dateModified":"2026-08-29T17:58:15+00:00","description":"Wandern in den Trevisaner Voralpen: Der Wander-Leitfaden zum Einsch\u00e4tzen der Wegschwierigkeiten und um die Berge sicher zu genie\u00dfen.","breadcrumb":{"@id":"https:\/\/lacortedimarga.com\/escursioni-a-piedi-prealpi-trevigiane\/#breadcrumb"},"mainEntity":[{"@id":"https:\/\/lacortedimarga.com\/escursioni-a-piedi-prealpi-trevigiane\/#faq-question-17880262934430"},{"@id":"https:\/\/lacortedimarga.com\/escursioni-a-piedi-prealpi-trevigiane\/#faq-question-17880262934431"},{"@id":"https:\/\/lacortedimarga.com\/escursioni-a-piedi-prealpi-trevigiane\/#faq-question-17880262934432"},{"@id":"https:\/\/lacortedimarga.com\/escursioni-a-piedi-prealpi-trevigiane\/#faq-question-17880262934433"},{"@id":"https:\/\/lacortedimarga.com\/escursioni-a-piedi-prealpi-trevigiane\/#faq-question-17880262934434"}],"inLanguage":"de","potentialAction":[{"@type":"ReadAction","target":["https:\/\/lacortedimarga.com\/escursioni-a-piedi-prealpi-trevigiane\/"]}]},{"@type":"ImageObject","inLanguage":"de","@id":"https:\/\/lacortedimarga.com\/escursioni-a-piedi-prealpi-trevigiane\/#primaryimage","url":"https:\/\/lacortedimarga.com\/wp-content\/uploads\/2026\/06\/La_Corte_di_Marga_cosa_fare_guida_ai_sentieri-2.webp","contentUrl":"https:\/\/lacortedimarga.com\/wp-content\/uploads\/2026\/06\/La_Corte_di_Marga_cosa_fare_guida_ai_sentieri-2.webp","width":1500,"height":818,"caption":"La sicurezza in montagna inizia dalla consapevolezza: impara a leggere i gradi di difficolt\u00e0 e a rispettare il territorio con il nostro decalogo illustrato."},{"@type":"BreadcrumbList","@id":"https:\/\/lacortedimarga.com\/escursioni-a-piedi-prealpi-trevigiane\/#breadcrumb","itemListElement":[{"@type":"ListItem","position":1,"name":"Home","item":"https:\/\/lacortedimarga.com\/"},{"@type":"ListItem","position":2,"name":"L&#8217;arte di vivere la montagna: una questione di equilibrio e rispetto"}]},{"@type":"WebSite","@id":"https:\/\/lacortedimarga.com\/#website","url":"https:\/\/lacortedimarga.com\/","name":"Der Hof von Marga","description":"Prosecco Hills Ferien","publisher":{"@id":"https:\/\/lacortedimarga.com\/#organization"},"potentialAction":[{"@type":"SearchAction","target":{"@type":"EntryPoint","urlTemplate":"https:\/\/lacortedimarga.com\/?s={search_term_string}"},"query-input":{"@type":"PropertyValueSpecification","valueRequired":true,"valueName":"search_term_string"}}],"inLanguage":"de"},{"@type":"Organization","@id":"https:\/\/lacortedimarga.com\/#organization","name":"Der Hof von Marga","url":"https:\/\/lacortedimarga.com\/","logo":{"@type":"ImageObject","inLanguage":"de","@id":"https:\/\/lacortedimarga.com\/#\/schema\/logo\/image\/","url":"https:\/\/lacortedimarga.com\/wp-content\/uploads\/2025\/06\/logo-corti-di-marga.webp","contentUrl":"https:\/\/lacortedimarga.com\/wp-content\/uploads\/2025\/06\/logo-corti-di-marga.webp","width":955,"height":529,"caption":"La Corte di Marga"},"image":{"@id":"https:\/\/lacortedimarga.com\/#\/schema\/logo\/image\/"},"sameAs":["https:\/\/www.facebook.com\/lacortedimarga","https:\/\/www.instagram.com\/la_corte_di_marga\/","https:\/\/www.tiktok.com\/@lacortedimarga","https:\/\/www.youtube.com\/@lacortedimargaofficial","https:\/\/www.linkedin.com\/company\/la-corte-di-marga-prosecco-hills-holiday"]},{"@type":"Person","@id":"https:\/\/lacortedimarga.com\/#\/schema\/person\/35b8aa132ce672c39a5ece2e9b43b967","name":"Roberto","image":{"@type":"ImageObject","inLanguage":"de","@id":"https:\/\/secure.gravatar.com\/avatar\/e3f271e90e735cdc34557ef9b92be1ad6f15d5bac04b51fa3cd10b4c11dac25e?s=96&d=mm&r=g","url":"https:\/\/secure.gravatar.com\/avatar\/e3f271e90e735cdc34557ef9b92be1ad6f15d5bac04b51fa3cd10b4c11dac25e?s=96&d=mm&r=g","contentUrl":"https:\/\/secure.gravatar.com\/avatar\/e3f271e90e735cdc34557ef9b92be1ad6f15d5bac04b51fa3cd10b4c11dac25e?s=96&d=mm&r=g","caption":"Roberto"},"url":"https:\/\/lacortedimarga.com\/de\/author\/roberto\/"},{"@type":"Question","@id":"https:\/\/lacortedimarga.com\/escursioni-a-piedi-prealpi-trevigiane\/#faq-question-17880262934430","position":1,"url":"https:\/\/lacortedimarga.com\/escursioni-a-piedi-prealpi-trevigiane\/#faq-question-17880262934430","name":"Muss man ein trainierter Athlet sein, um in den Trevisaner Voralpen zu wandern?","answerCount":1,"acceptedAnswer":{"@type":"Answer","text":"Assolutamente no. Il territorio offre una variet\u00e0 incredibile di percorsi, dai sentieri \"T\" (turistici) adatti a tutti, fino a quelli per esperti. Il segreto \u00e8 scegliere l'itinerario in base alla propria preparazione attuale e non voler strafare.","inLanguage":"de"},"inLanguage":"de"},{"@type":"Question","@id":"https:\/\/lacortedimarga.com\/escursioni-a-piedi-prealpi-trevigiane\/#faq-question-17880262934431","position":2,"url":"https:\/\/lacortedimarga.com\/escursioni-a-piedi-prealpi-trevigiane\/#faq-question-17880262934431","name":"Was ist die beste Jahreszeit f\u00fcr Wanderungen in der Gegend?","answerCount":1,"acceptedAnswer":{"@type":"Answer","text":"Ogni stagione ha il suo fascino. La primavera e l'autunno offrono temperature ideali e colori spettacolari, mentre l'estate \u00e8 perfetta per salire in quota e cercare refrigerio nelle faggete. In inverno, le cime pi\u00f9 alte richiedono attrezzatura specifica e attenzione al manto nevoso.","inLanguage":"de"},"inLanguage":"de"},{"@type":"Question","@id":"https:\/\/lacortedimarga.com\/escursioni-a-piedi-prealpi-trevigiane\/#faq-question-17880262934432","position":3,"url":"https:\/\/lacortedimarga.com\/escursioni-a-piedi-prealpi-trevigiane\/#faq-question-17880262934432","name":"Was muss ich tun, wenn ich auf dem Wanderweg einem Wildtier begegne?","answerCount":1,"acceptedAnswer":{"@type":"Answer","text":"La regola d'oro \u00e8 l'osservazione silenziosa. Non tentare di avvicinarti, non dare cibo e non fare rumori improvvisi. Mantieni la calma e continua il tuo cammino: l'animale si allontaner\u00e0 spontaneamente.","inLanguage":"de"},"inLanguage":"de"},{"@type":"Question","@id":"https:\/\/lacortedimarga.com\/escursioni-a-piedi-prealpi-trevigiane\/#faq-question-17880262934433","position":4,"url":"https:\/\/lacortedimarga.com\/escursioni-a-piedi-prealpi-trevigiane\/#faq-question-17880262934433","name":"Kann ich meinen Hund mit auf die Wanderung nehmen?","answerCount":1,"acceptedAnswer":{"@type":"Answer","text":"Certamente, molti sentieri sono perfetti per i cani, ma ricorda che <strong>il guinzaglio \u00e8 obbligatorio<\/strong> per rispetto verso la fauna selvatica, gli altri escursionisti e gli animali al pascolo. Assicurati sempre di avere con te acqua sufficiente anche per lui.","inLanguage":"de"},"inLanguage":"de"},{"@type":"Question","@id":"https:\/\/lacortedimarga.com\/escursioni-a-piedi-prealpi-trevigiane\/#faq-question-17880262934434","position":5,"url":"https:\/\/lacortedimarga.com\/escursioni-a-piedi-prealpi-trevigiane\/#faq-question-17880262934434","name":"Wie finde ich heraus, ob das Wetter f\u00fcr mein Vorhaben geeignet ist?","answerCount":1,"acceptedAnswer":{"@type":"Answer","text":"Non fidarti solo del sole che vedi alla finestra la mattina. Consulta sempre i bollettini meteo ufficiali (come quelli di ARPA Veneto) e, se sei in dubbio, chiedi consiglio a noi de La Corte di Marga o ai gestori dei rifugi: conosciamo le dinamiche locali meglio di chiunque altro.","inLanguage":"de"},"inLanguage":"de"}]}},"_links":{"self":[{"href":"https:\/\/lacortedimarga.com\/de\/wp-json\/wp\/v2\/posts\/2678","targetHints":{"allow":["GET"]}}],"collection":[{"href":"https:\/\/lacortedimarga.com\/de\/wp-json\/wp\/v2\/posts"}],"about":[{"href":"https:\/\/lacortedimarga.com\/de\/wp-json\/wp\/v2\/types\/post"}],"author":[{"embeddable":true,"href":"https:\/\/lacortedimarga.com\/de\/wp-json\/wp\/v2\/users\/3"}],"replies":[{"embeddable":true,"href":"https:\/\/lacortedimarga.com\/de\/wp-json\/wp\/v2\/comments?post=2678"}],"version-history":[{"count":3,"href":"https:\/\/lacortedimarga.com\/de\/wp-json\/wp\/v2\/posts\/2678\/revisions"}],"predecessor-version":[{"id":3051,"href":"https:\/\/lacortedimarga.com\/de\/wp-json\/wp\/v2\/posts\/2678\/revisions\/3051"}],"wp:featuredmedia":[{"embeddable":true,"href":"https:\/\/lacortedimarga.com\/de\/wp-json\/wp\/v2\/media\/2680"}],"wp:attachment":[{"href":"https:\/\/lacortedimarga.com\/de\/wp-json\/wp\/v2\/media?parent=2678"}],"wp:term":[{"taxonomy":"category","embeddable":true,"href":"https:\/\/lacortedimarga.com\/de\/wp-json\/wp\/v2\/categories?post=2678"},{"taxonomy":"post_tag","embeddable":true,"href":"https:\/\/lacortedimarga.com\/de\/wp-json\/wp\/v2\/tags?post=2678"}],"curies":[{"name":"wp","href":"https:\/\/api.w.org\/{rel}","templated":true}]}}