{"id":2681,"date":"2026-06-19T20:10:13","date_gmt":"2026-06-19T20:10:13","guid":{"rendered":"https:\/\/lacortedimarga.com\/?p=2681"},"modified":"2026-08-29T17:58:46","modified_gmt":"2026-08-29T17:58:46","slug":"wanderweg-pagnoca-cansiglio-trekking","status":"publish","type":"post","link":"https:\/\/lacortedimarga.com\/de\/sentiero-pagnoca-cansiglio-trekking\/","title":{"rendered":"Der Sentiero Pagnoca: historisches Trekking und geometr\u00eda von Buchen am S\u00fcdhang des Cansiglio"},"content":{"rendered":"<p>Die Trevigianischen Voralpen bieten abwechslungsreiche Landschaften und vielf\u00e4ltige Erlebnisse, und wenn mich unsere G\u00e4ste nach einer Wanderung fragen, die \u00fcber einfache Postkarten-Sch\u00f6nheit hinausgeht, empfehle ich immer eine Route, die eine tiefe Seele birgt, geteilt zwischen der Feierlichkeit gro\u00dfer Buchenw\u00e4lder und den noch offenen Wunden unserer Geschichte: die <strong>Pagnoca-Pfad<\/strong> im Cansiglio-Plateau.<\/p>\n\n\n\n<p>Auf der S\u00fcdseite des\u2019<a href=\"https:\/\/lacortedimarga.com\/de\/lacortedimarga-com-wastun-im-kanaltal\/\">Cansiglio-Hochebene<\/a>, Mit dem Borgo di Montaner als Ausgangspunkt ist diese Rundwanderung kein einfacher Spaziergang. Es ist eine echte Zeitreise. Hier, wo heute eine fast heilige Stille herrscht, die nur vom Rascheln der Bl\u00e4tter unterbrochen wird, bewegten sich einst M\u00e4nner, die von einem Ideal der Freiheit geleitet wurden. Auf ihren Spuren zu wandeln bedeutet zu verstehen, wie der Berg gleichzeitig eine Festung, ein Zufluchtsort und ein stiller Zeuge sein kann.<\/p>\n\n\n\n<h2 class=\"wp-block-heading\">Ein Weg in die Erinnerung: Wer war Kommandant \u201cPagnoca\u201d?<\/h2>\n\n\n\n<p>Um den Geist dieses Ortes zu verstehen, muss man einen Sprung zur\u00fcck ins Herbst 1943 machen. Nach dem 8. September, als Italien in einen seiner dunkelsten Momente versank, entz\u00fcndete sich in diesen Bergen der Funke des Widerstands. Giovanbattista Bitto, ein junger Offizier, der urspr\u00fcnglich aus Montaner stammte, entschied, dass es nicht die Zeit war, zuzusehen. Mit dem Kampfnamen <strong>\u201cPagnocca\u201d<\/strong>, und mit der grundlegenden und heimlichen Unterst\u00fctzung des Dorfpfarrers, Monsignore Giuseppe Fa\u00e8, organisierte er die ersten Rebellenkeime.<\/p>\n\n\n\n<p>Der Weg, den wir Ihnen heute vorschlagen, folgt exakt der Route ihres ersten, historischen Aufstiegs auf die Hochebene von Cansiglio. Hier oben, zwischen Karsth\u00f6hlen und dem Schutz dichter Vegetation, wurde die Brigade \u201cVittorio Veneto\u201d gegr\u00fcndet. Wenn Sie den Sentiero Pagnoca entlangwandern, betreten Sie denselben Boden, atmen dieselbe prickelnde Luft ein, die diese jungen Leute atmeten, und blicken auf dieselben B\u00e4ume, die ihnen Schutz boten. Es ist ein multisensorisches Erlebnis, das das Wandern in einen Akt lebendiger Erinnerung verwandelt.<\/p>\n\n\n\n<h2 class=\"wp-block-heading\">Der Schritt-f\u00fcr-Schritt-Reiseplan: die Buchenkathedrale und die kleinen Steinkirchen<\/h2>\n\n\n\n<h3 class=\"wp-block-heading\">Der Aufbruch von Montaner und die kleine Kirche des Heiligen<\/h3>\n\n\n\n<p>Unsere Reise beginnt mit dem Abstellen des Autos auf dem gro\u00dfen Parkplatz in Montaner (330 m), einem Ortsteil der Gemeinde Sarmede. Die Luft hier ist bereits anders als im Tal, dichter und duftend nach Wald. Vorbei an der majest\u00e4tischen Pfarrkirche und ihrem hohen Glockenturm biegt man in eine enge Gasse nach Norden ein, die durch ein lebhaftes Wandgem\u00e4lde und eine didaktische Tafel, die den Weg offiziell einleitet, erkennbar ist. Von diesem Moment an m\u00fcssen Ihre Augen nur noch einem einzigen Orientierungspunkt folgen: dem Wegweiser <strong>CAI Nr. 1061<\/strong>.<\/p>\n\n\n\n<p>Der Aufstieg beginnt beherzt entlang eines alten steinernen Maultierpfades, ges\u00e4umt von bemoosten Trockenmauern, die die Erde zur\u00fcckzuhalten scheinen. Der Weg schl\u00e4ngelt sich zun\u00e4chst durch Kastanien- und Haselnussb\u00e4ume, um dann den ersten Buchen Platz zu machen. Nach etwa einer Stunde stetigen Wanderns l\u00e4sst die Steigung nach und der Wald \u00f6ffnet sich pl\u00f6tzlich auf eine helle Lichtung: Sie sind im <strong>Kleine Kirche des Heiligen<\/strong> (520 m). Dieses kleine, abgelegene und von Gr\u00fcn umgebene Steingeb\u00e4ude ist der ideale Ort, um eine Pause einzulegen, dem Gesang der V\u00f6gel zu lauschen und die Ruhe der Berge tief einzuatmen.<\/p>\n\n\n\n<h3 class=\"wp-block-heading\">Der Atem des Karsts: Die \u201cLame\u201d und der Kohlenmeilerpark<\/h3>\n\n\n\n<p>Auf dem Weg nach Norden trifft die Route auf eine bequeme Forststra\u00dfe. Die Vegetation wird immer imposanter, typisch f\u00fcr das Plateau. In kurzer Zeit erreicht man die <strong>Lama am Fa\u00e8-Pass<\/strong> (720 m). Die \u201cLame\u201d geh\u00f6ren zu den faszinierendsten Elementen des Cansiglio: Da es sich um ein Karstgebiet ohne oberirdische Fl\u00fcsse handelt, wurden diese Bodensenken von den Hirten der Vergangenheit k\u00fcnstlich mit Lehm abgedichtet, um Regenwasser aufzufangen, das f\u00fcr die Tr\u00e4nkung des Viehs unerl\u00e4sslich war. Heute erscheinen sie wie stille Wasserlachen, dunkle Spiegel, in denen sich die Baumkronen widerspiegeln.<\/p>\n\n\n\n<p>Der Weg f\u00fchrt weiter, fast als schwebe er in einer feuchten, urzeitlichen Atmosph\u00e4re, bis zur n\u00e4chsten <strong>Lama dell\u2019Erbin<\/strong> (890 m). Hier zeigt sich die Natur in ihrer ganzen Pracht: Sie wandern durch einen weitl\u00e4ufigen nat\u00fcrlichen Halbkreis, der von einem Buchenwald mit schlanken, silberfarbenen St\u00e4mmen gepr\u00e4gt ist \u2013 eine wahre gr\u00fcne Kathedrale, die zu jeder Jahreszeit ihre Farbe wechselt, vom leuchtenden Gr\u00fcn des Fr\u00fchlings bis zum flammenden Gold des Herbstes.<\/p>\n\n\n\n<p>Wenn man das Gemeindegebiet von Cordignano betritt, st\u00f6\u00dft man auf den <strong>Park der K\u00f6hler<\/strong>. Diese Website enth\u00e4lt die originalgetreue Nachbildung eines <em>Potiat<\/em> (die typische K\u00f6hlerei mit ihrer Holzh\u00fctte). Es ist eine Hommage an eine Gruppe au\u00dfergew\u00f6hnlicher Arbeiter, die jahrhundertelang unter extrem harten Bedingungen in diesen W\u00e4ldern gelebt und das Holz aus dem Cansiglio in Holzkohle f\u00fcr die M\u00e4rkte der Ebene verwandelt haben.<\/p>\n\n\n\n<h3 class=\"wp-block-heading\">Der Gipfel des Col Alt und der R\u00fcckweg durch die Geschichte<\/h3>\n\n\n\n<p>Wenn Sie den Parco dei Carbonai hinter sich lassen, f\u00fchrt Sie ein kurzer, sanfter Abstecher auf den Gipfel des <strong>Col Alt<\/strong> (866 m). Hier, wo ein schlichtes und bewegendes Denkmal zu Ehren der Partisanen steht, schenkt euch der Berg seine gr\u00f6\u00dfte Belohnung: einen 360-Grad-Ausblick, der an besonders klaren Tagen den Blick \u00fcber die H\u00fcgel schweifen l\u00e4sst, bis man das Profil der Lagune von Venedig und der friaulischen Ebene erahnen kann. Es ist der perfekte Ort, um ein Picknick zu genie\u00dfen.<\/p>\n\n\n\n<p>Der R\u00fcckweg beginnt mit dem Abstieg auf einem Waldweg in westlicher Richtung. W\u00e4hrend des Abstiegs kommen Sie kurz an der <strong>Casera Gnesina<\/strong>, ein rustikales Geb\u00e4ude, das w\u00e4hrend der Kriegsjahre als regelrechte Operationsbasis f\u00fcr die Partisanen von Pagnoca diente. Etwas weiter vorne, eingebettet in eine wundersch\u00f6ne, sanft geschwungene Wiesenmulde, sto\u00dfen Sie auf die restaurierten Almen von <strong>Domenico-H\u00fctte<\/strong> (800 m), erkennbar an einem gro\u00dfen Holzschild.<\/p>\n\n\n\n<p>Weiter nach S\u00fcden f\u00fchrt der Weg um den Monte Castelir herum und bringt Sie zu einem Panoramablick <strong>Kleine Alpini-Kirche<\/strong>, ein kleiner Tempel, der die darunter liegende Ebene zu bewachen scheint. Von hier aus, wenn man den Weg einschl\u00e4gt <strong>CAI Nr. 1040<\/strong>, geht es z\u00fcgig hinunter nach Borgo Val. Bevor Sie die Rundwanderung beenden und zum Parkplatz zur\u00fcckkehren, g\u00f6nnen Sie sich einen letzten Moment der Besinnung und besuchen Sie die <strong>Kleine Kirche Santa Cecilia<\/strong>: Es ist das \u00e4lteste Sakralgeb\u00e4ude von Montaner (13.\u201314. Jahrhundert), ein Juwel aus Stein, das einen schweren Brand im Jahr 2013 \u00fcberstanden hat und heute f\u00fcr die gesamte Gemeinde ein Symbol der Wiedergeburt ist.<\/p>\n\n\n\n<h2 class=\"wp-block-heading\">\ud83d\uddfa\ufe0f N\u00fctzliche Informationen im \u00dcberblick<\/h2>\n\n\n\n<p><strong>Basierend auf der Tabacco-Karte Nr. 012<\/strong><\/p>\n\n\n\n<ul class=\"wp-block-list\">\n<li>\ud83d\udccf <strong>L\u00e4nge<\/strong> 12 km (ab Montaner)<\/li>\n\n\n\n<li>\u23f1\ufe0f <strong>Tempo:<\/strong> 5h 30\u2032 (gleichm\u00e4\u00dfiges Tempo)<\/li>\n\n\n\n<li>\ud83d\udcc8 <strong>H\u00f6henunterschied<\/strong> +600 Meter<\/li>\n\n\n\n<li>\ud83e\udd7e <strong>Schwierigkeit:<\/strong> E (Wanderroute). Gut ausgeschilderter Aufstieg (Wegweiser 1061), Abstieg mit weniger Wegweisern, aber intuitiv zu bew\u00e4ltigen<\/li>\n\n\n\n<li>\ud83e\uddaf <strong>Nordic Walking:<\/strong> Ja, auf den Forststra\u00dfen und den wichtigsten Saumwegen durchgehend begehbar<\/li>\n\n\n\n<li>\ud83d\udc65 <strong>Familien:<\/strong> Ja, f\u00fcr Jungs, die bereits an Wandern gew\u00f6hnt sind. Der \"Parco dei Carbonai\" und die historischen Kirchen sind stimulierende Ziele.<\/li>\n\n\n\n<li>\ud83d\uded2 <strong>Kinderwagen:<\/strong> Nein, Neigung und nat\u00fcrlicher Untergrund lassen dies nicht zu<\/li>\n<\/ul>\n\n\n\n<h2 class=\"wp-block-heading\">Der Wert der R\u00fcckkehr: Regeneration in La Corte di Marga<\/h2>\n\n\n\n<p>Eine mehr als f\u00fcnfst\u00fcndige Wanderung, reich an Schritten, Anstiegen und zu verarbeitenden Geschichten, erfordert den richtigen Abschluss. Das wahre Geheimnis des <em>Langsam reisen<\/em> Es liegt nicht nur im Gehen, sondern auch darin, den Wert der Ruhe nach der Anstrengung zu sch\u00e4tzen.<\/p>\n\n\n\n<p>Bei Ihrer R\u00fcckkehr nach <strong>Der Hof von Marga<\/strong>, Die prickelnde Luft des Cansiglio wird der herzlichen und entspannenden Umarmung unserer Apartments weichen. Nachdem Sie Ihre Wanderschuhe ausgezogen haben, gibt es nichts Besseres, als sich in v\u00f6lliger Entspannung niederzulassen, vielleicht eine gute Flasche lokalen Weins zu \u00f6ffnen, um die Ausblicke auf den Col Alt und den sch\u00fctzenden Schatten der Buchenw\u00e4lder im Geiste noch einmal Revue passieren zu lassen.<\/p>\n\n\n\n<p>Unsere Erde hat noch viel zu erz\u00e4hlen: Wenn Sie sich f\u00fcr Ihre n\u00e4chsten Reiseziele inspirieren lassen m\u00f6chten, schauen Sie sich die Ratschl\u00e4ge und Routen in an <a href=\"https:\/\/lacortedimarga.com\/de\/blog\/\" target=\"_blank\" rel=\"noreferrer noopener\">Unser Blog<\/a>. Wenn Sie stattdessen anfangen m\u00f6chten, Ihr n\u00e4chstes Abenteuer voller Natur, Komfort und authentischer Gastfreundschaft zu planen, <strong><a href=\"https:\/\/lacortedimarga.com\/de\/\" target=\"_blank\" rel=\"noreferrer noopener\">buchen Sie jetzt Ihren Aufenthalt in Miane<\/a><\/strong>. Die sch\u00f6nsten Wanderwege starten alle von hier. Um in derselben Gegend zu bleiben, k\u00f6nnen Sie es damit verbinden <a href=\"https:\/\/lacortedimarga.com\/de\/wanderweg-nino-lot-cansiglio-trekking\/\">Nino-Lot-Weg <\/a>zum\u2019<a href=\"https:\/\/lacortedimarga.com\/de\/anello-di-cansiglio-fur-kinder\/\">Anello del Cansiglio<\/a> speziell f\u00fcr Familien gedacht.<\/p>\n\n\n\n<div class=\"schema-faq wp-block-yoast-faq-block\"><div class=\"schema-faq-section\" id=\"faq-question-17880263243290\"><strong class=\"schema-faq-question\">Weist der Sentiero Pagnoca exponierte oder gef\u00e4hrliche Abschnitte auf?<\/strong> <p class=\"schema-faq-answer\">Nein, aus technischer Sicht ist der Weg als \u201cE\u201d (Wanderweg) eingestuft und sicher. Er verl\u00e4uft haupts\u00e4chlich auf Maultierpfaden, Forststra\u00dfen und gut ausgetretenen Wegen. Es gibt keine ausgesetzten Passagen oder Klettersteige, aber der Abstieg erfordert Aufmerksamkeit bei der Beschilderung.<\/p> <\/div> <div class=\"schema-faq-section\" id=\"faq-question-17880263243291\"><strong class=\"schema-faq-question\">Gibt es entlang der Strecke Trinkwasser?<\/strong> <p class=\"schema-faq-answer\">Entlang der Strecke trifft man auf verschiedene \u201cLame\u201d und alte Brunnen, aber das Wasser ist nicht als trinkbar einzustufen. Au\u00dferdem gibt es entlang des Rundwegs keine bewirtschafteten H\u00fctten oder Bars. Wir empfehlen Ihnen dringend, Ihre Trinkflaschen vor dem Start in Montaner aufzuf\u00fcllen.<\/p> <\/div> <div class=\"schema-faq-section\" id=\"faq-question-17880263243292\"><strong class=\"schema-faq-question\">Was ist die ideale Kleidung f\u00fcr diese Wanderung?<\/strong> <p class=\"schema-faq-answer\">Wie wir uns immer in unserer <a href=\"https:\/\/lacortedimarga.com\/de\/wanderungen-in-den-trevisaner-voralpen\/\">Sicherheitsleitfaden<\/a>, sind feste Wanderschuhe mit profilierter Sohle unerl\u00e4sslich (der Boden im Buchenwald kann auch im Sommer feucht und rutschig sein). Kleiden Sie sich im Zwiebellook und tragen Sie immer eine Windjacke oder eine wasserdichte Hardshelljacke im Rucksack.<\/p> <\/div> <div class=\"schema-faq-section\" id=\"faq-question-17880263243293\"><strong class=\"schema-faq-question\">Wie erreicht man Montaner von Miane aus?<\/strong> <p class=\"schema-faq-answer\">Die Fahrt mit dem Auto ist sehr einfach und dauert etwa 35-40 Minuten. Von Miane f\u00e4hrt man hinunter nach Vittorio Veneto, weiter in Richtung Fregona und folgt der gut sichtbaren Beschilderung nach Montaner (Sarmede). Das Parken im Ortszentrum ist kostenlos.<\/p> <\/div> <\/div>","protected":false},"excerpt":{"rendered":"<p>Le Prealpi Trevigiane sanno offrire paesaggi variegati ed esperienze diversificati e quando i nostri ospiti mi chiedono di consigliare un\u2019escursione capace di andare oltre la semplice bellezza da cartolina, c\u2019\u00e8 un tracciato che consiglio sempre e che custodisce un&#8217;anima profonda, divisa a met\u00e0 tra la solennit\u00e0 delle grandi faggete e le ferite ancora aperte della [&hellip;]<\/p>\n","protected":false},"author":3,"featured_media":2683,"comment_status":"closed","ping_status":"open","sticky":false,"template":"","format":"standard","meta":{"_breakdance_hide_in_design_set":false,"_breakdance_tags":"","footnotes":""},"categories":[7,114],"tags":[206,21,42,210,65,205,43,20,22,28,23,53,142,30,36,24],"class_list":["post-2681","post","type-post","status-publish","format-standard","has-post-thumbnail","hentry","category-adrenalina-panorama-outdoor-e-sport","category-escursioni-a-piedi","tag-cansiglio","tag-collineprosecco","tag-cortedimargamiane","tag-escursionialtopianocansiglio","tag-escursioniapiedi","tag-escursioniprealpitrevigiane","tag-esperienzaincorte","tag-lacortedimarga","tag-miane","tag-naturaeapprendimento","tag-proseccohills","tag-proseccohillsholidays-2","tag-robertolarosahost","tag-robertolarosasommelier","tag-unescoheritage","tag-visitveneto"],"yoast_head":"<!-- This site is optimized with the Yoast SEO plugin v28.2 - https:\/\/yoast.com\/product\/yoast-seo-wordpress\/ -->\n<title>Il Sentiero Pagnoca sul Cansiglio: Trekking tra Storia e Natura<\/title>\n<meta name=\"description\" content=\"Scopri il Sentiero Pagnoca sul versante meridionale del Cansiglio. Una splendida escursione a piedi tra faggeti e luoghi della Resistenza.\" \/>\n<meta name=\"robots\" content=\"index, follow, max-snippet:-1, max-image-preview:large, max-video-preview:-1\" \/>\n<link rel=\"canonical\" href=\"https:\/\/lacortedimarga.com\/de\/wanderweg-pagnoca-cansiglio-trekking\/\" \/>\n<meta property=\"og:locale\" content=\"de_DE\" \/>\n<meta property=\"og:type\" content=\"article\" \/>\n<meta property=\"og:title\" content=\"Il Sentiero Pagnoca sul Cansiglio: Trekking tra Storia e Natura\" \/>\n<meta property=\"og:description\" content=\"Scopri il Sentiero Pagnoca sul versante meridionale del Cansiglio. Una splendida escursione a piedi tra faggeti e luoghi della Resistenza.\" \/>\n<meta property=\"og:url\" content=\"https:\/\/lacortedimarga.com\/de\/wanderweg-pagnoca-cansiglio-trekking\/\" \/>\n<meta property=\"og:site_name\" content=\"La Corte di Marga\" \/>\n<meta property=\"article:publisher\" content=\"https:\/\/www.facebook.com\/lacortedimarga\" \/>\n<meta property=\"article:published_time\" content=\"2026-06-19T20:10:13+00:00\" \/>\n<meta property=\"article:modified_time\" content=\"2026-08-29T17:58:46+00:00\" \/>\n<meta property=\"og:image\" content=\"https:\/\/lacortedimarga.com\/wp-content\/uploads\/2026\/06\/La_Corte_di_Marga_cosa_fare_sentiero_Pagnoca.webp\" \/>\n\t<meta property=\"og:image:width\" content=\"1500\" \/>\n\t<meta property=\"og:image:height\" content=\"818\" \/>\n\t<meta property=\"og:image:type\" content=\"image\/webp\" \/>\n<meta name=\"author\" content=\"Roberto\" \/>\n<meta name=\"twitter:card\" content=\"summary_large_image\" \/>\n<meta name=\"twitter:label1\" content=\"Verfasst von\" \/>\n\t<meta name=\"twitter:data1\" content=\"Roberto\" \/>\n\t<meta name=\"twitter:label2\" content=\"Gesch\u00e4tzte Lesezeit\" \/>\n\t<meta name=\"twitter:data2\" content=\"9\u00a0Minuten\" \/>\n<script type=\"application\/ld+json\" class=\"yoast-schema-graph\">{\"@context\":\"https:\\\/\\\/schema.org\",\"@graph\":[{\"@type\":\"Article\",\"@id\":\"https:\\\/\\\/lacortedimarga.com\\\/sentiero-pagnoca-cansiglio-trekking\\\/#article\",\"isPartOf\":{\"@id\":\"https:\\\/\\\/lacortedimarga.com\\\/sentiero-pagnoca-cansiglio-trekking\\\/\"},\"author\":{\"name\":\"Roberto\",\"@id\":\"https:\\\/\\\/lacortedimarga.com\\\/#\\\/schema\\\/person\\\/35b8aa132ce672c39a5ece2e9b43b967\"},\"headline\":\"Il Sentiero Pagnoca: trekking storico e geometrie di faggi sul versante meridionale del Cansiglio\",\"datePublished\":\"2026-06-19T20:10:13+00:00\",\"dateModified\":\"2026-08-29T17:58:46+00:00\",\"mainEntityOfPage\":{\"@id\":\"https:\\\/\\\/lacortedimarga.com\\\/sentiero-pagnoca-cansiglio-trekking\\\/\"},\"wordCount\":1471,\"publisher\":{\"@id\":\"https:\\\/\\\/lacortedimarga.com\\\/#organization\"},\"image\":{\"@id\":\"https:\\\/\\\/lacortedimarga.com\\\/sentiero-pagnoca-cansiglio-trekking\\\/#primaryimage\"},\"thumbnailUrl\":\"https:\\\/\\\/lacortedimarga.com\\\/wp-content\\\/uploads\\\/2026\\\/06\\\/La_Corte_di_Marga_cosa_fare_sentiero_Pagnoca.webp\",\"keywords\":[\"#Cansiglio\",\"#CollineProsecco\",\"#CorteDiMargaMiane\",\"#EscursioniAltopianoCansiglio\",\"#EscursioniAPiedi\",\"#EscursioniPrealpiTrevigiane\",\"#EsperienzaInCorte\",\"#LaCortediMarga\",\"#Miane\",\"#NaturaEApprendimento\",\"#ProseccoHills\",\"#ProseccoHillsHolidays\",\"#RobertoLaRosaHost\",\"#RobertoLaRosaSommelier\",\"#UNESCOHeritage\",\"#VisitVeneto\"],\"articleSection\":[\"Adrenalina &amp; Panorama: Outdoor e Sport\",\"Escursioni a piedi\"],\"inLanguage\":\"de\"},{\"@type\":[\"WebPage\",\"FAQPage\"],\"@id\":\"https:\\\/\\\/lacortedimarga.com\\\/sentiero-pagnoca-cansiglio-trekking\\\/\",\"url\":\"https:\\\/\\\/lacortedimarga.com\\\/sentiero-pagnoca-cansiglio-trekking\\\/\",\"name\":\"Il Sentiero Pagnoca sul Cansiglio: Trekking tra Storia e Natura\",\"isPartOf\":{\"@id\":\"https:\\\/\\\/lacortedimarga.com\\\/#website\"},\"primaryImageOfPage\":{\"@id\":\"https:\\\/\\\/lacortedimarga.com\\\/sentiero-pagnoca-cansiglio-trekking\\\/#primaryimage\"},\"image\":{\"@id\":\"https:\\\/\\\/lacortedimarga.com\\\/sentiero-pagnoca-cansiglio-trekking\\\/#primaryimage\"},\"thumbnailUrl\":\"https:\\\/\\\/lacortedimarga.com\\\/wp-content\\\/uploads\\\/2026\\\/06\\\/La_Corte_di_Marga_cosa_fare_sentiero_Pagnoca.webp\",\"datePublished\":\"2026-06-19T20:10:13+00:00\",\"dateModified\":\"2026-08-29T17:58:46+00:00\",\"description\":\"Scopri il Sentiero Pagnoca sul versante meridionale del Cansiglio. Una splendida escursione a piedi tra faggeti e luoghi della Resistenza.\",\"breadcrumb\":{\"@id\":\"https:\\\/\\\/lacortedimarga.com\\\/sentiero-pagnoca-cansiglio-trekking\\\/#breadcrumb\"},\"mainEntity\":[{\"@id\":\"https:\\\/\\\/lacortedimarga.com\\\/sentiero-pagnoca-cansiglio-trekking\\\/#faq-question-17880263243290\"},{\"@id\":\"https:\\\/\\\/lacortedimarga.com\\\/sentiero-pagnoca-cansiglio-trekking\\\/#faq-question-17880263243291\"},{\"@id\":\"https:\\\/\\\/lacortedimarga.com\\\/sentiero-pagnoca-cansiglio-trekking\\\/#faq-question-17880263243292\"},{\"@id\":\"https:\\\/\\\/lacortedimarga.com\\\/sentiero-pagnoca-cansiglio-trekking\\\/#faq-question-17880263243293\"}],\"inLanguage\":\"de\",\"potentialAction\":[{\"@type\":\"ReadAction\",\"target\":[\"https:\\\/\\\/lacortedimarga.com\\\/sentiero-pagnoca-cansiglio-trekking\\\/\"]}]},{\"@type\":\"ImageObject\",\"inLanguage\":\"de\",\"@id\":\"https:\\\/\\\/lacortedimarga.com\\\/sentiero-pagnoca-cansiglio-trekking\\\/#primaryimage\",\"url\":\"https:\\\/\\\/lacortedimarga.com\\\/wp-content\\\/uploads\\\/2026\\\/06\\\/La_Corte_di_Marga_cosa_fare_sentiero_Pagnoca.webp\",\"contentUrl\":\"https:\\\/\\\/lacortedimarga.com\\\/wp-content\\\/uploads\\\/2026\\\/06\\\/La_Corte_di_Marga_cosa_fare_sentiero_Pagnoca.webp\",\"width\":1500,\"height\":818,\"caption\":\"L'imbocco autunnale del Sentiero Pagnoca (CAI n. 1061) sul Cansiglio.\"},{\"@type\":\"BreadcrumbList\",\"@id\":\"https:\\\/\\\/lacortedimarga.com\\\/sentiero-pagnoca-cansiglio-trekking\\\/#breadcrumb\",\"itemListElement\":[{\"@type\":\"ListItem\",\"position\":1,\"name\":\"Home\",\"item\":\"https:\\\/\\\/lacortedimarga.com\\\/\"},{\"@type\":\"ListItem\",\"position\":2,\"name\":\"Il Sentiero Pagnoca: trekking storico e geometrie di faggi sul versante meridionale del Cansiglio\"}]},{\"@type\":\"WebSite\",\"@id\":\"https:\\\/\\\/lacortedimarga.com\\\/#website\",\"url\":\"https:\\\/\\\/lacortedimarga.com\\\/\",\"name\":\"La Corte di Marga\",\"description\":\"Prosecco Hills Holidays\",\"publisher\":{\"@id\":\"https:\\\/\\\/lacortedimarga.com\\\/#organization\"},\"potentialAction\":[{\"@type\":\"SearchAction\",\"target\":{\"@type\":\"EntryPoint\",\"urlTemplate\":\"https:\\\/\\\/lacortedimarga.com\\\/?s={search_term_string}\"},\"query-input\":{\"@type\":\"PropertyValueSpecification\",\"valueRequired\":true,\"valueName\":\"search_term_string\"}}],\"inLanguage\":\"de\"},{\"@type\":\"Organization\",\"@id\":\"https:\\\/\\\/lacortedimarga.com\\\/#organization\",\"name\":\"La Corte di Marga\",\"url\":\"https:\\\/\\\/lacortedimarga.com\\\/\",\"logo\":{\"@type\":\"ImageObject\",\"inLanguage\":\"de\",\"@id\":\"https:\\\/\\\/lacortedimarga.com\\\/#\\\/schema\\\/logo\\\/image\\\/\",\"url\":\"https:\\\/\\\/lacortedimarga.com\\\/wp-content\\\/uploads\\\/2025\\\/06\\\/logo-corti-di-marga.webp\",\"contentUrl\":\"https:\\\/\\\/lacortedimarga.com\\\/wp-content\\\/uploads\\\/2025\\\/06\\\/logo-corti-di-marga.webp\",\"width\":955,\"height\":529,\"caption\":\"La Corte di Marga\"},\"image\":{\"@id\":\"https:\\\/\\\/lacortedimarga.com\\\/#\\\/schema\\\/logo\\\/image\\\/\"},\"sameAs\":[\"https:\\\/\\\/www.facebook.com\\\/lacortedimarga\",\"https:\\\/\\\/www.instagram.com\\\/la_corte_di_marga\\\/\",\"https:\\\/\\\/www.tiktok.com\\\/@lacortedimarga\",\"https:\\\/\\\/www.youtube.com\\\/@lacortedimargaofficial\",\"https:\\\/\\\/www.linkedin.com\\\/company\\\/la-corte-di-marga-prosecco-hills-holiday\"]},{\"@type\":\"Person\",\"@id\":\"https:\\\/\\\/lacortedimarga.com\\\/#\\\/schema\\\/person\\\/35b8aa132ce672c39a5ece2e9b43b967\",\"name\":\"Roberto\",\"image\":{\"@type\":\"ImageObject\",\"inLanguage\":\"de\",\"@id\":\"https:\\\/\\\/secure.gravatar.com\\\/avatar\\\/e3f271e90e735cdc34557ef9b92be1ad6f15d5bac04b51fa3cd10b4c11dac25e?s=96&d=mm&r=g\",\"url\":\"https:\\\/\\\/secure.gravatar.com\\\/avatar\\\/e3f271e90e735cdc34557ef9b92be1ad6f15d5bac04b51fa3cd10b4c11dac25e?s=96&d=mm&r=g\",\"contentUrl\":\"https:\\\/\\\/secure.gravatar.com\\\/avatar\\\/e3f271e90e735cdc34557ef9b92be1ad6f15d5bac04b51fa3cd10b4c11dac25e?s=96&d=mm&r=g\",\"caption\":\"Roberto\"},\"url\":\"https:\\\/\\\/lacortedimarga.com\\\/de\\\/author\\\/roberto\\\/\"},{\"@type\":\"Question\",\"@id\":\"https:\\\/\\\/lacortedimarga.com\\\/sentiero-pagnoca-cansiglio-trekking\\\/#faq-question-17880263243290\",\"position\":1,\"url\":\"https:\\\/\\\/lacortedimarga.com\\\/sentiero-pagnoca-cansiglio-trekking\\\/#faq-question-17880263243290\",\"name\":\"Il Sentiero Pagnoca presenta tratti esposti o pericolosi?\",\"answerCount\":1,\"acceptedAnswer\":{\"@type\":\"Answer\",\"text\":\"No, dal punto di vista tecnico il sentiero \u00e8 classificato come \\\"E\\\" (Escursionistico) ed \u00e8 sicuro. Si sviluppa principalmente su mulattiere, strade forestali e sentieri ben battuti. Non ci sono tratti esposti o ferrate, ma la discesa richiede attenzione alla segnaletica.\",\"inLanguage\":\"de\"},\"inLanguage\":\"de\"},{\"@type\":\"Question\",\"@id\":\"https:\\\/\\\/lacortedimarga.com\\\/sentiero-pagnoca-cansiglio-trekking\\\/#faq-question-17880263243291\",\"position\":2,\"url\":\"https:\\\/\\\/lacortedimarga.com\\\/sentiero-pagnoca-cansiglio-trekking\\\/#faq-question-17880263243291\",\"name\":\"\u00c8 possibile trovare acqua potabile lungo il percorso?\",\"answerCount\":1,\"acceptedAnswer\":{\"@type\":\"Answer\",\"text\":\"Lungo il tracciato si incontrano diverse \\\"lame\\\" e vecchie fontane, ma l'acqua non \u00e8 da considerarsi potabile. Inoltre, non ci sono rifugi gestiti o bar lungo l'anello. Vi consigliamo caldamente di riempire le borracce alla partenza a Montaner.\",\"inLanguage\":\"de\"},\"inLanguage\":\"de\"},{\"@type\":\"Question\",\"@id\":\"https:\\\/\\\/lacortedimarga.com\\\/sentiero-pagnoca-cansiglio-trekking\\\/#faq-question-17880263243292\",\"position\":3,\"url\":\"https:\\\/\\\/lacortedimarga.com\\\/sentiero-pagnoca-cansiglio-trekking\\\/#faq-question-17880263243292\",\"name\":\"Qual \u00e8 l'abbigliamento ideale per questa escursione?\",\"answerCount\":1,\"acceptedAnswer\":{\"@type\":\"Answer\",\"text\":\"Come ricordiamo sempre nella nostra <a href=\\\"https:\\\/\\\/lacortedimarga.com\\\/escursioni-a-piedi-prealpi-trevigiane\\\/\\\">guida alla sicurezza<\\\/a>, sono indispensabili scarponi da trekking con suola scolpita (il fondo nella faggeta pu\u00f2 essere umido e scivoloso anche in estate). Vestitevi a strati e portate sempre nello zaino una giacca antivento o un guscio impermeabile.\",\"inLanguage\":\"de\"},\"inLanguage\":\"de\"},{\"@type\":\"Question\",\"@id\":\"https:\\\/\\\/lacortedimarga.com\\\/sentiero-pagnoca-cansiglio-trekking\\\/#faq-question-17880263243293\",\"position\":4,\"url\":\"https:\\\/\\\/lacortedimarga.com\\\/sentiero-pagnoca-cansiglio-trekking\\\/#faq-question-17880263243293\",\"name\":\"Come si raggiunge Montaner partendo da Miane?\",\"answerCount\":1,\"acceptedAnswer\":{\"@type\":\"Answer\",\"text\":\"Il tragitto in auto \u00e8 molto semplice e richiede circa 35-40 minuti. Da Miane si scende verso Vittorio Veneto, si prosegue in direzione di Fregona e si seguono le indicazioni stradali ben visibili per Montaner (Sarmede). Il parcheggio in centro al paese \u00e8 gratuito.\",\"inLanguage\":\"de\"},\"inLanguage\":\"de\"}]}<\/script>\n<!-- \/ Yoast SEO plugin. -->","yoast_head_json":{"title":"Der Sentiero Pagnoca im Cansiglio: Trekking zwischen Geschichte und Natur","description":"Entdecken Sie den Sentiero Pagnoca am S\u00fcdwesthang des Cansiglio. Eine herrliche Wanderung durch Buchenw\u00e4lder und Orte des Widerstands.","robots":{"index":"index","follow":"follow","max-snippet":"max-snippet:-1","max-image-preview":"max-image-preview:large","max-video-preview":"max-video-preview:-1"},"canonical":"https:\/\/lacortedimarga.com\/de\/wanderweg-pagnoca-cansiglio-trekking\/","og_locale":"de_DE","og_type":"article","og_title":"Il Sentiero Pagnoca sul Cansiglio: Trekking tra Storia e Natura","og_description":"Scopri il Sentiero Pagnoca sul versante meridionale del Cansiglio. Una splendida escursione a piedi tra faggeti e luoghi della Resistenza.","og_url":"https:\/\/lacortedimarga.com\/de\/wanderweg-pagnoca-cansiglio-trekking\/","og_site_name":"La Corte di Marga","article_publisher":"https:\/\/www.facebook.com\/lacortedimarga","article_published_time":"2026-06-19T20:10:13+00:00","article_modified_time":"2026-08-29T17:58:46+00:00","og_image":[{"width":1500,"height":818,"url":"https:\/\/lacortedimarga.com\/wp-content\/uploads\/2026\/06\/La_Corte_di_Marga_cosa_fare_sentiero_Pagnoca.webp","type":"image\/webp"}],"author":"Roberto","twitter_card":"summary_large_image","twitter_misc":{"Verfasst von":"Roberto","Gesch\u00e4tzte Lesezeit":"9\u00a0Minuten"},"schema":{"@context":"https:\/\/schema.org","@graph":[{"@type":"Article","@id":"https:\/\/lacortedimarga.com\/sentiero-pagnoca-cansiglio-trekking\/#article","isPartOf":{"@id":"https:\/\/lacortedimarga.com\/sentiero-pagnoca-cansiglio-trekking\/"},"author":{"name":"Roberto","@id":"https:\/\/lacortedimarga.com\/#\/schema\/person\/35b8aa132ce672c39a5ece2e9b43b967"},"headline":"Il Sentiero Pagnoca: trekking storico e geometrie di faggi sul versante meridionale del Cansiglio","datePublished":"2026-06-19T20:10:13+00:00","dateModified":"2026-08-29T17:58:46+00:00","mainEntityOfPage":{"@id":"https:\/\/lacortedimarga.com\/sentiero-pagnoca-cansiglio-trekking\/"},"wordCount":1471,"publisher":{"@id":"https:\/\/lacortedimarga.com\/#organization"},"image":{"@id":"https:\/\/lacortedimarga.com\/sentiero-pagnoca-cansiglio-trekking\/#primaryimage"},"thumbnailUrl":"https:\/\/lacortedimarga.com\/wp-content\/uploads\/2026\/06\/La_Corte_di_Marga_cosa_fare_sentiero_Pagnoca.webp","keywords":["#Cansiglio","#CollineProsecco","#CorteDiMargaMiane","#EscursioniAltopianoCansiglio","#EscursioniAPiedi","#EscursioniPrealpiTrevigiane","#EsperienzaInCorte","#LaCortediMarga","#Miane","#NaturaEApprendimento","#ProseccoHills","#ProseccoHillsHolidays","#RobertoLaRosaHost","#RobertoLaRosaSommelier","#UNESCOHeritage","#VisitVeneto"],"articleSection":["Adrenalina &amp; Panorama: Outdoor e Sport","Escursioni a piedi"],"inLanguage":"de"},{"@type":["WebPage","FAQPage"],"@id":"https:\/\/lacortedimarga.com\/sentiero-pagnoca-cansiglio-trekking\/","url":"https:\/\/lacortedimarga.com\/sentiero-pagnoca-cansiglio-trekking\/","name":"Der Sentiero Pagnoca im Cansiglio: Trekking zwischen Geschichte und Natur","isPartOf":{"@id":"https:\/\/lacortedimarga.com\/#website"},"primaryImageOfPage":{"@id":"https:\/\/lacortedimarga.com\/sentiero-pagnoca-cansiglio-trekking\/#primaryimage"},"image":{"@id":"https:\/\/lacortedimarga.com\/sentiero-pagnoca-cansiglio-trekking\/#primaryimage"},"thumbnailUrl":"https:\/\/lacortedimarga.com\/wp-content\/uploads\/2026\/06\/La_Corte_di_Marga_cosa_fare_sentiero_Pagnoca.webp","datePublished":"2026-06-19T20:10:13+00:00","dateModified":"2026-08-29T17:58:46+00:00","description":"Entdecken Sie den Sentiero Pagnoca am S\u00fcdwesthang des Cansiglio. Eine herrliche Wanderung durch Buchenw\u00e4lder und Orte des Widerstands.","breadcrumb":{"@id":"https:\/\/lacortedimarga.com\/sentiero-pagnoca-cansiglio-trekking\/#breadcrumb"},"mainEntity":[{"@id":"https:\/\/lacortedimarga.com\/sentiero-pagnoca-cansiglio-trekking\/#faq-question-17880263243290"},{"@id":"https:\/\/lacortedimarga.com\/sentiero-pagnoca-cansiglio-trekking\/#faq-question-17880263243291"},{"@id":"https:\/\/lacortedimarga.com\/sentiero-pagnoca-cansiglio-trekking\/#faq-question-17880263243292"},{"@id":"https:\/\/lacortedimarga.com\/sentiero-pagnoca-cansiglio-trekking\/#faq-question-17880263243293"}],"inLanguage":"de","potentialAction":[{"@type":"ReadAction","target":["https:\/\/lacortedimarga.com\/sentiero-pagnoca-cansiglio-trekking\/"]}]},{"@type":"ImageObject","inLanguage":"de","@id":"https:\/\/lacortedimarga.com\/sentiero-pagnoca-cansiglio-trekking\/#primaryimage","url":"https:\/\/lacortedimarga.com\/wp-content\/uploads\/2026\/06\/La_Corte_di_Marga_cosa_fare_sentiero_Pagnoca.webp","contentUrl":"https:\/\/lacortedimarga.com\/wp-content\/uploads\/2026\/06\/La_Corte_di_Marga_cosa_fare_sentiero_Pagnoca.webp","width":1500,"height":818,"caption":"L'imbocco autunnale del Sentiero Pagnoca (CAI n. 1061) sul Cansiglio."},{"@type":"BreadcrumbList","@id":"https:\/\/lacortedimarga.com\/sentiero-pagnoca-cansiglio-trekking\/#breadcrumb","itemListElement":[{"@type":"ListItem","position":1,"name":"Home","item":"https:\/\/lacortedimarga.com\/"},{"@type":"ListItem","position":2,"name":"Il Sentiero Pagnoca: trekking storico e geometrie di faggi sul versante meridionale del Cansiglio"}]},{"@type":"WebSite","@id":"https:\/\/lacortedimarga.com\/#website","url":"https:\/\/lacortedimarga.com\/","name":"Der Hof von Marga","description":"Prosecco Hills Ferien","publisher":{"@id":"https:\/\/lacortedimarga.com\/#organization"},"potentialAction":[{"@type":"SearchAction","target":{"@type":"EntryPoint","urlTemplate":"https:\/\/lacortedimarga.com\/?s={search_term_string}"},"query-input":{"@type":"PropertyValueSpecification","valueRequired":true,"valueName":"search_term_string"}}],"inLanguage":"de"},{"@type":"Organization","@id":"https:\/\/lacortedimarga.com\/#organization","name":"Der Hof von Marga","url":"https:\/\/lacortedimarga.com\/","logo":{"@type":"ImageObject","inLanguage":"de","@id":"https:\/\/lacortedimarga.com\/#\/schema\/logo\/image\/","url":"https:\/\/lacortedimarga.com\/wp-content\/uploads\/2025\/06\/logo-corti-di-marga.webp","contentUrl":"https:\/\/lacortedimarga.com\/wp-content\/uploads\/2025\/06\/logo-corti-di-marga.webp","width":955,"height":529,"caption":"La Corte di Marga"},"image":{"@id":"https:\/\/lacortedimarga.com\/#\/schema\/logo\/image\/"},"sameAs":["https:\/\/www.facebook.com\/lacortedimarga","https:\/\/www.instagram.com\/la_corte_di_marga\/","https:\/\/www.tiktok.com\/@lacortedimarga","https:\/\/www.youtube.com\/@lacortedimargaofficial","https:\/\/www.linkedin.com\/company\/la-corte-di-marga-prosecco-hills-holiday"]},{"@type":"Person","@id":"https:\/\/lacortedimarga.com\/#\/schema\/person\/35b8aa132ce672c39a5ece2e9b43b967","name":"Roberto","image":{"@type":"ImageObject","inLanguage":"de","@id":"https:\/\/secure.gravatar.com\/avatar\/e3f271e90e735cdc34557ef9b92be1ad6f15d5bac04b51fa3cd10b4c11dac25e?s=96&d=mm&r=g","url":"https:\/\/secure.gravatar.com\/avatar\/e3f271e90e735cdc34557ef9b92be1ad6f15d5bac04b51fa3cd10b4c11dac25e?s=96&d=mm&r=g","contentUrl":"https:\/\/secure.gravatar.com\/avatar\/e3f271e90e735cdc34557ef9b92be1ad6f15d5bac04b51fa3cd10b4c11dac25e?s=96&d=mm&r=g","caption":"Roberto"},"url":"https:\/\/lacortedimarga.com\/de\/author\/roberto\/"},{"@type":"Question","@id":"https:\/\/lacortedimarga.com\/sentiero-pagnoca-cansiglio-trekking\/#faq-question-17880263243290","position":1,"url":"https:\/\/lacortedimarga.com\/sentiero-pagnoca-cansiglio-trekking\/#faq-question-17880263243290","name":"Weist der Sentiero Pagnoca exponierte oder gef\u00e4hrliche Abschnitte auf?","answerCount":1,"acceptedAnswer":{"@type":"Answer","text":"No, dal punto di vista tecnico il sentiero \u00e8 classificato come \"E\" (Escursionistico) ed \u00e8 sicuro. Si sviluppa principalmente su mulattiere, strade forestali e sentieri ben battuti. Non ci sono tratti esposti o ferrate, ma la discesa richiede attenzione alla segnaletica.","inLanguage":"de"},"inLanguage":"de"},{"@type":"Question","@id":"https:\/\/lacortedimarga.com\/sentiero-pagnoca-cansiglio-trekking\/#faq-question-17880263243291","position":2,"url":"https:\/\/lacortedimarga.com\/sentiero-pagnoca-cansiglio-trekking\/#faq-question-17880263243291","name":"Gibt es entlang der Strecke Trinkwasser?","answerCount":1,"acceptedAnswer":{"@type":"Answer","text":"Lungo il tracciato si incontrano diverse \"lame\" e vecchie fontane, ma l'acqua non \u00e8 da considerarsi potabile. Inoltre, non ci sono rifugi gestiti o bar lungo l'anello. Vi consigliamo caldamente di riempire le borracce alla partenza a Montaner.","inLanguage":"de"},"inLanguage":"de"},{"@type":"Question","@id":"https:\/\/lacortedimarga.com\/sentiero-pagnoca-cansiglio-trekking\/#faq-question-17880263243292","position":3,"url":"https:\/\/lacortedimarga.com\/sentiero-pagnoca-cansiglio-trekking\/#faq-question-17880263243292","name":"Welche Kleidung ist ideal f\u00fcr diese Wanderung?","answerCount":1,"acceptedAnswer":{"@type":"Answer","text":"Come ricordiamo sempre nella nostra <a href=\"https:\/\/lacortedimarga.com\/escursioni-a-piedi-prealpi-trevigiane\/\">guida alla sicurezza<\/a>, sono indispensabili scarponi da trekking con suola scolpita (il fondo nella faggeta pu\u00f2 essere umido e scivoloso anche in estate). Vestitevi a strati e portate sempre nello zaino una giacca antivento o un guscio impermeabile.","inLanguage":"de"},"inLanguage":"de"},{"@type":"Question","@id":"https:\/\/lacortedimarga.com\/sentiero-pagnoca-cansiglio-trekking\/#faq-question-17880263243293","position":4,"url":"https:\/\/lacortedimarga.com\/sentiero-pagnoca-cansiglio-trekking\/#faq-question-17880263243293","name":"Wie erreicht man Montaner von Miane aus?","answerCount":1,"acceptedAnswer":{"@type":"Answer","text":"Il tragitto in auto \u00e8 molto semplice e richiede circa 35-40 minuti. Da Miane si scende verso Vittorio Veneto, si prosegue in direzione di Fregona e si seguono le indicazioni stradali ben visibili per Montaner (Sarmede). Il parcheggio in centro al paese \u00e8 gratuito.","inLanguage":"de"},"inLanguage":"de"}]}},"_links":{"self":[{"href":"https:\/\/lacortedimarga.com\/de\/wp-json\/wp\/v2\/posts\/2681","targetHints":{"allow":["GET"]}}],"collection":[{"href":"https:\/\/lacortedimarga.com\/de\/wp-json\/wp\/v2\/posts"}],"about":[{"href":"https:\/\/lacortedimarga.com\/de\/wp-json\/wp\/v2\/types\/post"}],"author":[{"embeddable":true,"href":"https:\/\/lacortedimarga.com\/de\/wp-json\/wp\/v2\/users\/3"}],"replies":[{"embeddable":true,"href":"https:\/\/lacortedimarga.com\/de\/wp-json\/wp\/v2\/comments?post=2681"}],"version-history":[{"count":3,"href":"https:\/\/lacortedimarga.com\/de\/wp-json\/wp\/v2\/posts\/2681\/revisions"}],"predecessor-version":[{"id":3052,"href":"https:\/\/lacortedimarga.com\/de\/wp-json\/wp\/v2\/posts\/2681\/revisions\/3052"}],"wp:featuredmedia":[{"embeddable":true,"href":"https:\/\/lacortedimarga.com\/de\/wp-json\/wp\/v2\/media\/2683"}],"wp:attachment":[{"href":"https:\/\/lacortedimarga.com\/de\/wp-json\/wp\/v2\/media?parent=2681"}],"wp:term":[{"taxonomy":"category","embeddable":true,"href":"https:\/\/lacortedimarga.com\/de\/wp-json\/wp\/v2\/categories?post=2681"},{"taxonomy":"post_tag","embeddable":true,"href":"https:\/\/lacortedimarga.com\/de\/wp-json\/wp\/v2\/tags?post=2681"}],"curies":[{"name":"wp","href":"https:\/\/api.w.org\/{rel}","templated":true}]}}