{"id":2684,"date":"2026-06-20T04:49:55","date_gmt":"2026-06-20T04:49:55","guid":{"rendered":"https:\/\/lacortedimarga.com\/?p=2684"},"modified":"2026-08-29T17:59:16","modified_gmt":"2026-08-29T17:59:16","slug":"montello-reisefuhrer-ausfluge-geschichte-bergketten","status":"publish","type":"post","link":"https:\/\/lacortedimarga.com\/de\/guida-montello-escursioni-storia-prese\/","title":{"rendered":"Der geheime Charme des Montello: die Insel aus W\u00e4ldern, Felsen und Erinnerung"},"content":{"rendered":"<p>Se vi affacciate dalle finestre de <strong>Der Hof von Marga<\/strong> und lassen Sie den Blick nach S\u00fcden schweifen, \u00fcber die perfekte, geometrische Stickerei der Prosecco-H\u00fcgel. Sie werden eine dunkle Welle bemerken, die sich pl\u00f6tzlich aus der Ebene erhebt. Sie hat ein seltsames, fast flaches Profil, das sich \u00fcber dreizehn Kilometer erstreckt und im Norden den heiligen Lauf des Flusses Piave einengt.<\/p>\n\n\n\n<p>Jeder gr\u00fcne Schatten ist der <strong>Montello<\/strong>.<\/p>\n\n\n\n<p>Auf den ersten Blick mag er wie ein bescheidener H\u00fcgel wirken (er gipfelt in gerade einmal 371 Metern H\u00f6he), aber lassen Sie sich von seiner Gr\u00f6\u00dfe nicht t\u00e4uschen. Der Montello ist eine biologische und historische Insel, ein lebendiger Organismus aus roter Erde, riesigen B\u00e4umen, verborgenen Schluchten und Kriegswunden. Die Zeit hat all dies mit Moos bedeckt, aber es nicht ausgel\u00f6scht. F\u00fcr diejenigen, die bei uns zu Gast sind, bedeutet es nicht einfach nur einen Spaziergang, diesem H\u00f6henzug einen Tag zu widmen: Es bedeutet, in ein Labyrinth von Geschichten einzutreten, in dem jeder Meter Boden eine Stimme hat und etwas zu erz\u00e4hlen hat.<\/p>\n\n\n\n<h2 class=\"wp-block-heading\">Der H\u00fcgel, der Regen trinkt: Das Ballett der Karstbildung<\/h2>\n\n\n\n<p>Das Erste, was beim Betreten der W\u00e4lder des Montello \u00fcberrascht, ist eine gro\u00dfe, geheimnisvolle Stille des Wassers. Auf dem H\u00fcgel werden Sie keine Fl\u00fcsse finden, Sie werden nicht das Glucksen eines oberfl\u00e4chlichen Baches h\u00f6ren. Der Montello besteht aus Kalkkonglomeraten und verh\u00e4lt sich wie ein gigantischer Schwamm. Regenwasser flie\u00dft in einem jahrtausendealten Tanz chemischer Aufl\u00f6sung nicht an der Oberfl\u00e4che, sondern versickert fast augenblicklich im Inneren des Gesteins.<\/p>\n\n\n\n<p>Diese unsichtbare Arbeit hat eine weltweit einzigartige Oberfl\u00e4chenlandschaft geschaffen, die durch \u00fcber <strong>2.000 Dolinen<\/strong>. Stellen Sie sich gro\u00dfe nat\u00fcrliche Trichter vor, Mulden aus gr\u00fcner, tiefgr\u00fcndiger Erde, die den gesamten H\u00fcgel \u00fcbers\u00e4en. \u00dcber den Montello zu gehen bedeutet, sich auf diesen st\u00e4ndigen Wellenbewegungen zu bewegen, wo sich das Mikroklima mit jedem Schritt \u00e4ndert. Auf dem Grund der Dolinen ist die luft frisch, feucht, fast urspr\u00fcnglich, und die vegetation wird so dicht, dass sie die Sonne verdeckt.<\/p>\n\n\n\n<p>Unter den F\u00fc\u00dfen der Wanderer zweigt dann eine Parallelwelt ab: jenseits <strong>neunzig bekannte H\u00f6hlen<\/strong> unterirdische Schluchten, ausgewaschen vom best\u00e4ndigen Fluss unsichtbaren Wassers, die diesen H\u00fcgel zu einer Schatzkammer reiner Geologie machen, schwebend zwischen dem Licht von Lichtungen und der Dunkelheit tiefen Gesteins.<\/p>\n\n\n\n<h2 class=\"wp-block-heading\">Der Wald der Dogen und das Geheimnis der \u201cPrese\u201d<\/h2>\n\n\n\n<p>Wenn der Montello heute dieses so besondere Gesicht hat, ist dies einer alten und unzertrennlichen Verbindung mit der Republik Venedig zu verdanken. Fast vier Jahrhunderte lang betrachtete die Serenissima diesen H\u00fcgel als ihr Freiluft-Arsenal. Aus diesen dichten und wilden W\u00e4ldern stammte das \u00e4u\u00dferst wertvolle Eichenholz, das einzige, das stark und widerstandsf\u00e4hig genug war, um im Schlamm der Lagune als Fundament f\u00fcr die venezianischen Pal\u00e4ste eingerammt zu werden. Dasselbe Holz diente auch dazu, die Flanken der Kriegsgaleeren zu biegen, die das Mittelmeer beherrschten.<\/p>\n\n\n\n<p>Die Gesetze Venedigs waren gnadenlos: Der Montello war ein \u201cverbotener Wald\u201d. Die Einheimischen durften keinen einzigen Ast anfassen, und wer beim illegalen Holzhacken erwischt wurde, riskierte h\u00e4rteste Strafen.<\/p>\n\n\n\n<p>Die eigentliche stra\u00dfenm\u00e4\u00dfige Umgestaltung des H\u00fcgels erfolgte jedoch Ende des 19. Jahrhunderts. Als das Eigentum des Waldes aufgeteilt und privatisiert wurde, wurde das Gebiet chirurgisch durchschnitten von <strong>21 kleinere Nebenstra\u00dfen<\/strong>. Diese Stra\u00dfen f\u00fchren von S\u00fcden nach oben und fallen dann nach Norden zum Piave hin ab, wobei sie die einzige gro\u00dfe L\u00e4ngsstra\u00dfe (die Dorsale) kreuzen.<\/p>\n\n\n\n<p>Diese Stra\u00dfen hei\u00dfen immer noch <strong>\u201cVorg\u00e4nge\u201d<\/strong>. Der Name ruft genau jene Erde in Erinnerung, die \u201cin Besitz genommen\u201d und den Siedlern zugeteilt wurde. Er bezeichnete auch die Schneisen, die von den Holzf\u00e4llern genutzt wurden, um tief in das Herz des Waldes vorzudringen und die St\u00e4mme abzutransportieren. Die Prese \u2013 gekennzeichnet durch r\u00f6mische Zahlen von I bis XXI \u2013 zu begehen, bedeutet heute, sich entlang der historischen Meridiane eines Waldes zu bewegen, der Venedig erbaut hat.<\/p>\n\n\n\n<h2 class=\"wp-block-heading\">Die Geister von 1918: Ein Freilichtmuseum unter Bl\u00e4ttern<\/h2>\n\n\n\n<p>Doch der Montello hat auch eine dramatische Seele, verbunden mit Blut und Mut. An diesen H\u00e4ngen, im Juni des <strong>1918<\/strong>, . <strong>Gro\u00dfer Krieg<\/strong> an der italienischen Front. Die \u00f6sterreichisch-ungarische Armee entfesselte die H\u00f6lle jenseits des Piave und versuchte, die Linien genau am H\u00fcgel zu durchbrechen, um sich den Weg nach Treviso und Venedig zu bahnen.<\/p>\n\n\n\n<p>Die K\u00e4mpfe waren schrecklich, im Nahkampf, zwischen den B\u00e4umen und den Dolinen. Wenn Sie beim Gehen auf den Feldwegen aufmerksam sind, werden Sie feststellen, dass die Bodenwellen nicht immer das Werk der Natur sind. Viele sind alte Sch\u00fctzengr\u00e4ben, milit\u00e4rische Laufgr\u00e4ben und Granatkrater, die die Erde wieder in sich aufgenommen und mit Efeu und trockenem Laub bedeckt hat.<\/p>\n\n\n\n<p>Die gleichen Tafeln der 21 Prese, die in Nervesa della Battaglia beginnen, tragen oft Namen, die Helden, Bataillonen und Gefallenen jener Tage gewidmet sind. Den Montello zu erkunden bedeutet, eine \u00dcbung in stillem Gedenken zu vollziehen, eine Einladung, \u00fcber die Zerbrechlichkeit des Friedens nachzudenken. Man wandert eingetaucht in eine Natur, die es verstanden hat, ihre Wunden zu heilen, und ein Schlachtfeld in einen Tempel der Ruhe und Biodiversit\u00e4t verwandelt hat.<\/p>\n\n\n\n<h2 class=\"wp-block-heading\">Vorbereitung auf die Reise: Vom Mythos zur Karte<\/h2>\n\n\n\n<p>Der Montello gibt sich nicht denen hin, die es eilig haben. Er ist ein Ziel, das verstanden werden m\u00f6chte, bevor man es betritt. Gerade wegen seiner fragmentierten Natur, geteilt zwischen dichten W\u00e4ldern und historischen Panoramastra\u00dfen, wird jede Wanderung hier zu einem reinen Entdeckungserlebnis, bei dem sich hinter jeder Biegung ein Kapitel venezianischer Geschichte oder ein versteckter H\u00fcgelsee in der Vegetation verbergen kann.<\/p>\n\n\n\n<p>suche in <a href=\"https:\/\/lacortedimarga.com\/de\/blog\/\">Blog <strong>Der Hof von Marga<\/strong><\/a> die Artikel mit den Ausfl\u00fcgen zu diesem herrlichen Ort, wir entf\u00fchren Sie Schritt f\u00fcr Schritt in die einzelnen Routen. Wenn Sie eine andere Wanderung zwischen Geschichte und Natur suchen, sollten Sie nicht verpassen <a href=\"https:\/\/lacortedimarga.com\/de\/trekking-schutzengraben-montagnola-valdobbiadene-prosecco-erster-weltkrieg\/\">Der Ringweg der Montagnola <\/a>in der N\u00e4he von Valdobbiadene, zwischen Sch\u00fctzengr\u00e4ben des Ersten Weltkriegs und Prosecco-Weinbergen. Lassen Sie sich in der Zwischenzeit vom Umriss dieser seltsamen gr\u00fcnen Insel am Horizont faszinieren: Der Montello erwartet Sie, und wir werden hier sein, um Ihnen den Weg zu bereiten.<\/p>\n\n\n\n<h2 class=\"wp-block-heading\">Der Wert der R\u00fcckkehr: Regeneration in La Corte di Marga<\/h2>\n\n\n\n<p>Nach einem Tag, den man damit verbracht hat, die versteckten Dolinen und die historischen \u201cPrese\u201d des Montello zu erkunden, bekommt die R\u00fcckkehr nach Miane einen ganz besonderen Beigeschmack. Das Sch\u00f6ne an unserer Gegend ist gerade die Vielfalt der Landschaften auf kurzen Strecken. In weniger als einer halben Stunde Autofahrt befinden Sie sich vom eindrucksvollen Karstwald des H\u00fcgels in der intimen und raffinierten Umarmung unserer Apartments.<\/p>\n\n\n\n<p>Bei Ihrer Ankunft in <strong>Der Hof von Marga<\/strong>, k\u00f6nnen Sie sich die wohlverdiente Ruhe g\u00f6nnen, vielleicht bei einem Glas Prosecco Superiore DOCG und beim Durchbl\u00e4ttern Ihrer Tageserlebnisse. Wenn Sie Inspiration f\u00fcr zuk\u00fcnftige Ausfl\u00fcge suchen, laden wir Sie ein, die Reisef\u00fchrer und Geheimtipps der Region zu entdecken, die im <a target=\"_blank\" rel=\"noreferrer noopener\" href=\"https:\/\/lacortedimarga.com\/de\/blog\/\">Unser Blog<\/a>. Wenn Sie stattdessen mit der Planung Ihrer n\u00e4chsten erholsamen Auszeit zwischen Geschichte und Natur im Voralpenland beginnen m\u00f6chten, <strong><a target=\"_blank\" rel=\"noreferrer noopener\" href=\"https:\/\/lacortedimarga.com\/de\/\">buchen Sie jetzt Ihren Aufenthalt in Miane<\/a><\/strong>. Ihr Abenteuer zu den Wundern der Marca Trevigiana beginnt hier.<\/p>\n\n\n\n<div class=\"schema-faq wp-block-yoast-faq-block\"><div class=\"schema-faq-section\" id=\"faq-question-17880263554660\"><strong class=\"schema-faq-question\">Wie viele Wanderungen kann man auf dem Montello machen?<\/strong> <p class=\"schema-faq-answer\">Il Montello ist von einem offiziellen Netz durchzogen von <strong>15 Hauptwanderrouten<\/strong>, ..., alle als Rundwege (zirkul\u00e4r) angelegt. Das bedeutet, Sie k\u00f6nnen Ihr Auto am Ausgangspunkt stehen lassen und genau dorthin zur\u00fcckkehren, ohne denselben Weg zur\u00fcckgehen zu m\u00fcssen.<\/p> <\/div> <div class=\"schema-faq-section\" id=\"faq-question-17880263554661\"><strong class=\"schema-faq-question\">Welches sind die durchschnittlichen Gehzeiten und Entfernungen der Wanderwege?<\/strong> <p class=\"schema-faq-answer\">Die Routen sind sehr vielf\u00e4ltig: von kurzen Spazierg\u00e4ngen von etwa 5 Kilometern, perfekt f\u00fcr einen halben Tag v\u00f6lliger Entspannung, bis hin zu anspruchsvolleren Trekkingtouren, die 12-14 Kilometer erreichen. Die Gehzeiten variieren durchschnittlich <strong>von 1,5 Stunden bis zu maximal 4,5 Stunden<\/strong> mit gleichm\u00e4\u00dfigem Tempo.<\/p> <\/div> <div class=\"schema-faq-section\" id=\"faq-question-17880263554662\"><strong class=\"schema-faq-question\">Wie schwierig sind die Wanderwege auf dem Montello?<\/strong> <p class=\"schema-faq-answer\">Die Wege auf dem H\u00fcgel werden im Allgemeinen klassifiziert als <strong>T (Touristen) oder E (leichte Wanderwege)<\/strong>. Es werden keine exponierten Grate, Klettersteige oder Felsw\u00e4nde zu finden sein. Die H\u00f6henunterschiede sind stets sehr gering und moderat (selten werden mehr als 200 oder 300 Meter Gesamth\u00f6henunterschied \u00fcberwunden), was den Montello auch f\u00fcr Liebhaber des <em>Nordic Walking<\/em> und f\u00fcr Familien.<\/p> <\/div> <div class=\"schema-faq-section\" id=\"faq-question-17880263554663\"><strong class=\"schema-faq-question\">Ist es einfach, sich im Wald des H\u00fcgels zurechtzufinden?<\/strong> <p class=\"schema-faq-answer\">Dies ist der wichtigste Punkt. Aufgrund der dichten Vegetation und des Labyrinths, das durch die Dolinen geschaffen wird, kann die traditionelle Wegweiser-Beschilderung auf den inneren Wegen manchmal sp\u00e4rlich oder irref\u00fchrend sein. Aus diesem Grund wurden an den Ausg\u00e4ngen der Hauptwege Tafeln mit einem <strong>QR-Code<\/strong>Durch Scannen mit dem Smartphone vor der Abfahrt k\u00f6nnen Sie die GPX-Track-Route herunterladen, um sich sicher mit Google Maps oder Ihren eigenen Wander-Apps zu navigieren.<\/p> <\/div> <div class=\"schema-faq-section\" id=\"faq-question-17880263554664\"><strong class=\"schema-faq-question\">Wie kann ich den Besuch von Montello w\u00e4hrend meines Aufenthalts in La Corte di Marga einplanen?<\/strong> <p class=\"schema-faq-answer\">Der Montello liegt etwa 30 Autominuten von Miane entfernt. Er ist das ideale Ziel f\u00fcr einen Halbtages- oder Tagesausflug, der die Weinbergslandschaft mit der Atmosph\u00e4re eines alten Waldes durchbricht. Bei Ihrer R\u00fcckkehr in die Unterkunft erwartet Sie der Komfort unserer Apartments, um die Emotionen und Geschichten, die Sie auf dem H\u00fcgel entdeckt haben, bei einem guten Glas lokalen Weins zu verarbeiten. Wenn Sie sich Ihren idealen Ausgangspunkt f\u00fcr diese und andere Abenteuer in den Voralpen sichern m\u00f6chten, brauchen Sie nur <strong><a href=\"https:\/\/lacortedimarga.com\/de\/\" target=\"_blank\" rel=\"noreferrer noopener\">Buchen Sie jetzt Ihren Aufenthalt in La Corte di Marga<\/a><\/strong>.<\/p> <\/div> <\/div>","protected":false},"excerpt":{"rendered":"<p>Se vi affacciate dalle finestre de La Corte di Marga e lasciate correre lo sguardo verso sud, oltre il ricamo perfetto e geometrico delle colline del Prosecco. Noterete un&#8217;onda scura che si solleva improvvisamente dalla pianura. Ha un profilo strano, quasi piatto, che si allunga per tredici chilometri stringendo a nord il corso sacro del [&hellip;]<\/p>\n","protected":false},"author":3,"featured_media":2686,"comment_status":"closed","ping_status":"open","sticky":false,"template":"","format":"standard","meta":{"_breakdance_hide_in_design_set":false,"_breakdance_tags":"","footnotes":""},"categories":[7,114],"tags":[212,21,42,43,20,195,214,22,211,28,213,23,53,142,30,180,36,24],"class_list":["post-2684","post","type-post","status-publish","format-standard","has-post-thumbnail","hentry","category-adrenalina-panorama-outdoor-e-sport","category-escursioni-a-piedi","tag-carsismoveneto","tag-collineprosecco","tag-cortedimargamiane","tag-esperienzaincorte","tag-lacortedimarga","tag-lacortedimargablog","tag-lacortedimargacosafare","tag-miane","tag-montello","tag-naturaeapprendimento","tag-presedelmontello","tag-proseccohills","tag-proseccohillsholidays-2","tag-robertolarosahost","tag-robertolarosasommelier","tag-silviarobertohost","tag-unescoheritage","tag-visitveneto"],"yoast_head":"<!-- This site is optimized with the Yoast SEO plugin v28.2 - https:\/\/yoast.com\/product\/yoast-seo-wordpress\/ -->\n<title>Guida al Montello: Escursioni tra Carsismo, Storia e Prese<\/title>\n<meta name=\"description\" content=\"Scopri la nostra guida sul Montello: geologia carsica, flora, il significato delle prese e la storia della Grande Guerra.\" \/>\n<meta name=\"robots\" content=\"index, follow, max-snippet:-1, max-image-preview:large, max-video-preview:-1\" \/>\n<link rel=\"canonical\" href=\"https:\/\/lacortedimarga.com\/de\/montello-reisefuhrer-ausfluge-geschichte-bergketten\/\" \/>\n<meta property=\"og:locale\" content=\"de_DE\" \/>\n<meta property=\"og:type\" content=\"article\" \/>\n<meta property=\"og:title\" content=\"Guida al Montello: Escursioni tra Carsismo, Storia e Prese\" \/>\n<meta property=\"og:description\" content=\"Scopri la nostra guida sul Montello: geologia carsica, flora, il significato delle prese e la storia della Grande Guerra.\" \/>\n<meta property=\"og:url\" content=\"https:\/\/lacortedimarga.com\/de\/montello-reisefuhrer-ausfluge-geschichte-bergketten\/\" \/>\n<meta property=\"og:site_name\" content=\"La Corte di Marga\" \/>\n<meta property=\"article:publisher\" content=\"https:\/\/www.facebook.com\/lacortedimarga\" \/>\n<meta property=\"article:published_time\" content=\"2026-06-20T04:49:55+00:00\" \/>\n<meta property=\"article:modified_time\" content=\"2026-08-29T17:59:16+00:00\" \/>\n<meta property=\"og:image\" content=\"https:\/\/lacortedimarga.com\/wp-content\/uploads\/2026\/06\/La_Corte_di_Marga_cosa_fare_Montello.webp\" \/>\n\t<meta property=\"og:image:width\" content=\"1500\" \/>\n\t<meta property=\"og:image:height\" content=\"1125\" \/>\n\t<meta property=\"og:image:type\" content=\"image\/webp\" \/>\n<meta name=\"author\" content=\"Roberto\" \/>\n<meta name=\"twitter:card\" content=\"summary_large_image\" \/>\n<meta name=\"twitter:label1\" content=\"Verfasst von\" \/>\n\t<meta name=\"twitter:data1\" content=\"Roberto\" \/>\n\t<meta name=\"twitter:label2\" content=\"Gesch\u00e4tzte Lesezeit\" \/>\n\t<meta name=\"twitter:data2\" content=\"9\u00a0Minuten\" \/>\n<script type=\"application\/ld+json\" class=\"yoast-schema-graph\">{\"@context\":\"https:\\\/\\\/schema.org\",\"@graph\":[{\"@type\":\"Article\",\"@id\":\"https:\\\/\\\/lacortedimarga.com\\\/guida-montello-escursioni-storia-prese\\\/#article\",\"isPartOf\":{\"@id\":\"https:\\\/\\\/lacortedimarga.com\\\/guida-montello-escursioni-storia-prese\\\/\"},\"author\":{\"name\":\"Roberto\",\"@id\":\"https:\\\/\\\/lacortedimarga.com\\\/#\\\/schema\\\/person\\\/35b8aa132ce672c39a5ece2e9b43b967\"},\"headline\":\"Il fascino segreto del Montello: l&#8217;isola di boschi, rocce e memoria\",\"datePublished\":\"2026-06-20T04:49:55+00:00\",\"dateModified\":\"2026-08-29T17:59:16+00:00\",\"mainEntityOfPage\":{\"@id\":\"https:\\\/\\\/lacortedimarga.com\\\/guida-montello-escursioni-storia-prese\\\/\"},\"wordCount\":1474,\"publisher\":{\"@id\":\"https:\\\/\\\/lacortedimarga.com\\\/#organization\"},\"image\":{\"@id\":\"https:\\\/\\\/lacortedimarga.com\\\/guida-montello-escursioni-storia-prese\\\/#primaryimage\"},\"thumbnailUrl\":\"https:\\\/\\\/lacortedimarga.com\\\/wp-content\\\/uploads\\\/2026\\\/06\\\/La_Corte_di_Marga_cosa_fare_Montello.webp\",\"keywords\":[\"#CarsismoVeneto\",\"#CollineProsecco\",\"#CorteDiMargaMiane\",\"#EsperienzaInCorte\",\"#LaCortediMarga\",\"#LaCorteDiMargaBlog\",\"#LaCorteDiMargaCosaFare\",\"#Miane\",\"#Montello\",\"#NaturaEApprendimento\",\"#PreseDelMontello\",\"#ProseccoHills\",\"#ProseccoHillsHolidays\",\"#RobertoLaRosaHost\",\"#RobertoLaRosaSommelier\",\"#SilviaRobertohost\",\"#UNESCOHeritage\",\"#VisitVeneto\"],\"articleSection\":[\"Adrenalina &amp; Panorama: Outdoor e Sport\",\"Escursioni a piedi\"],\"inLanguage\":\"de\"},{\"@type\":[\"WebPage\",\"FAQPage\"],\"@id\":\"https:\\\/\\\/lacortedimarga.com\\\/guida-montello-escursioni-storia-prese\\\/\",\"url\":\"https:\\\/\\\/lacortedimarga.com\\\/guida-montello-escursioni-storia-prese\\\/\",\"name\":\"Guida al Montello: Escursioni tra Carsismo, Storia e Prese\",\"isPartOf\":{\"@id\":\"https:\\\/\\\/lacortedimarga.com\\\/#website\"},\"primaryImageOfPage\":{\"@id\":\"https:\\\/\\\/lacortedimarga.com\\\/guida-montello-escursioni-storia-prese\\\/#primaryimage\"},\"image\":{\"@id\":\"https:\\\/\\\/lacortedimarga.com\\\/guida-montello-escursioni-storia-prese\\\/#primaryimage\"},\"thumbnailUrl\":\"https:\\\/\\\/lacortedimarga.com\\\/wp-content\\\/uploads\\\/2026\\\/06\\\/La_Corte_di_Marga_cosa_fare_Montello.webp\",\"datePublished\":\"2026-06-20T04:49:55+00:00\",\"dateModified\":\"2026-08-29T17:59:16+00:00\",\"description\":\"Scopri la nostra guida sul Montello: geologia carsica, flora, il significato delle prese e la storia della Grande Guerra.\",\"breadcrumb\":{\"@id\":\"https:\\\/\\\/lacortedimarga.com\\\/guida-montello-escursioni-storia-prese\\\/#breadcrumb\"},\"mainEntity\":[{\"@id\":\"https:\\\/\\\/lacortedimarga.com\\\/guida-montello-escursioni-storia-prese\\\/#faq-question-17880263554660\"},{\"@id\":\"https:\\\/\\\/lacortedimarga.com\\\/guida-montello-escursioni-storia-prese\\\/#faq-question-17880263554661\"},{\"@id\":\"https:\\\/\\\/lacortedimarga.com\\\/guida-montello-escursioni-storia-prese\\\/#faq-question-17880263554662\"},{\"@id\":\"https:\\\/\\\/lacortedimarga.com\\\/guida-montello-escursioni-storia-prese\\\/#faq-question-17880263554663\"},{\"@id\":\"https:\\\/\\\/lacortedimarga.com\\\/guida-montello-escursioni-storia-prese\\\/#faq-question-17880263554664\"}],\"inLanguage\":\"de\",\"potentialAction\":[{\"@type\":\"ReadAction\",\"target\":[\"https:\\\/\\\/lacortedimarga.com\\\/guida-montello-escursioni-storia-prese\\\/\"]}]},{\"@type\":\"ImageObject\",\"inLanguage\":\"de\",\"@id\":\"https:\\\/\\\/lacortedimarga.com\\\/guida-montello-escursioni-storia-prese\\\/#primaryimage\",\"url\":\"https:\\\/\\\/lacortedimarga.com\\\/wp-content\\\/uploads\\\/2026\\\/06\\\/La_Corte_di_Marga_cosa_fare_Montello.webp\",\"contentUrl\":\"https:\\\/\\\/lacortedimarga.com\\\/wp-content\\\/uploads\\\/2026\\\/06\\\/La_Corte_di_Marga_cosa_fare_Montello.webp\",\"width\":1500,\"height\":1125,\"caption\":\"L'inconfondibile profilo scuro del Montello che emerge dalla pianura, visto dalle colline di fronte.\"},{\"@type\":\"BreadcrumbList\",\"@id\":\"https:\\\/\\\/lacortedimarga.com\\\/guida-montello-escursioni-storia-prese\\\/#breadcrumb\",\"itemListElement\":[{\"@type\":\"ListItem\",\"position\":1,\"name\":\"Home\",\"item\":\"https:\\\/\\\/lacortedimarga.com\\\/\"},{\"@type\":\"ListItem\",\"position\":2,\"name\":\"Il fascino segreto del Montello: l&#8217;isola di boschi, rocce e memoria\"}]},{\"@type\":\"WebSite\",\"@id\":\"https:\\\/\\\/lacortedimarga.com\\\/#website\",\"url\":\"https:\\\/\\\/lacortedimarga.com\\\/\",\"name\":\"La Corte di Marga\",\"description\":\"Prosecco Hills Holidays\",\"publisher\":{\"@id\":\"https:\\\/\\\/lacortedimarga.com\\\/#organization\"},\"potentialAction\":[{\"@type\":\"SearchAction\",\"target\":{\"@type\":\"EntryPoint\",\"urlTemplate\":\"https:\\\/\\\/lacortedimarga.com\\\/?s={search_term_string}\"},\"query-input\":{\"@type\":\"PropertyValueSpecification\",\"valueRequired\":true,\"valueName\":\"search_term_string\"}}],\"inLanguage\":\"de\"},{\"@type\":\"Organization\",\"@id\":\"https:\\\/\\\/lacortedimarga.com\\\/#organization\",\"name\":\"La Corte di Marga\",\"url\":\"https:\\\/\\\/lacortedimarga.com\\\/\",\"logo\":{\"@type\":\"ImageObject\",\"inLanguage\":\"de\",\"@id\":\"https:\\\/\\\/lacortedimarga.com\\\/#\\\/schema\\\/logo\\\/image\\\/\",\"url\":\"https:\\\/\\\/lacortedimarga.com\\\/wp-content\\\/uploads\\\/2025\\\/06\\\/logo-corti-di-marga.webp\",\"contentUrl\":\"https:\\\/\\\/lacortedimarga.com\\\/wp-content\\\/uploads\\\/2025\\\/06\\\/logo-corti-di-marga.webp\",\"width\":955,\"height\":529,\"caption\":\"La Corte di Marga\"},\"image\":{\"@id\":\"https:\\\/\\\/lacortedimarga.com\\\/#\\\/schema\\\/logo\\\/image\\\/\"},\"sameAs\":[\"https:\\\/\\\/www.facebook.com\\\/lacortedimarga\",\"https:\\\/\\\/www.instagram.com\\\/la_corte_di_marga\\\/\",\"https:\\\/\\\/www.tiktok.com\\\/@lacortedimarga\",\"https:\\\/\\\/www.youtube.com\\\/@lacortedimargaofficial\",\"https:\\\/\\\/www.linkedin.com\\\/company\\\/la-corte-di-marga-prosecco-hills-holiday\"]},{\"@type\":\"Person\",\"@id\":\"https:\\\/\\\/lacortedimarga.com\\\/#\\\/schema\\\/person\\\/35b8aa132ce672c39a5ece2e9b43b967\",\"name\":\"Roberto\",\"image\":{\"@type\":\"ImageObject\",\"inLanguage\":\"de\",\"@id\":\"https:\\\/\\\/secure.gravatar.com\\\/avatar\\\/e3f271e90e735cdc34557ef9b92be1ad6f15d5bac04b51fa3cd10b4c11dac25e?s=96&d=mm&r=g\",\"url\":\"https:\\\/\\\/secure.gravatar.com\\\/avatar\\\/e3f271e90e735cdc34557ef9b92be1ad6f15d5bac04b51fa3cd10b4c11dac25e?s=96&d=mm&r=g\",\"contentUrl\":\"https:\\\/\\\/secure.gravatar.com\\\/avatar\\\/e3f271e90e735cdc34557ef9b92be1ad6f15d5bac04b51fa3cd10b4c11dac25e?s=96&d=mm&r=g\",\"caption\":\"Roberto\"},\"url\":\"https:\\\/\\\/lacortedimarga.com\\\/de\\\/author\\\/roberto\\\/\"},{\"@type\":\"Question\",\"@id\":\"https:\\\/\\\/lacortedimarga.com\\\/guida-montello-escursioni-storia-prese\\\/#faq-question-17880263554660\",\"position\":1,\"url\":\"https:\\\/\\\/lacortedimarga.com\\\/guida-montello-escursioni-storia-prese\\\/#faq-question-17880263554660\",\"name\":\"Quante escursioni a piedi si possono fare sul Montello?\",\"answerCount\":1,\"acceptedAnswer\":{\"@type\":\"Answer\",\"text\":\"Il Montello \u00e8 attraversato da una rete ufficiale di <strong>15 itinerari escursionistici principali<\\\/strong>, tutti strutturati come percorsi ad anello (circolari). Questo significa che potrete lasciare l'auto nel punto di partenza e ritornare esattamente nello stesso posto senza dover ripercorrere la stessa strada.\",\"inLanguage\":\"de\"},\"inLanguage\":\"de\"},{\"@type\":\"Question\",\"@id\":\"https:\\\/\\\/lacortedimarga.com\\\/guida-montello-escursioni-storia-prese\\\/#faq-question-17880263554661\",\"position\":2,\"url\":\"https:\\\/\\\/lacortedimarga.com\\\/guida-montello-escursioni-storia-prese\\\/#faq-question-17880263554661\",\"name\":\"Quali sono i tempi medi di percorrenza e le distanze dei sentieri?\",\"answerCount\":1,\"acceptedAnswer\":{\"@type\":\"Answer\",\"text\":\"Gli itinerari sono molto vari: si va dalle passeggiate brevi di circa 5 chilometri, perfette per una mezza giornata di totale relax, fino a trekking pi\u00f9 articolati che raggiungono i 12-14 chilometri. I tempi di cammino variano mediamente <strong>da 1 ora e mezza fino a un massimo di 4 ore e mezza<\\\/strong> di andatura costante.\",\"inLanguage\":\"de\"},\"inLanguage\":\"de\"},{\"@type\":\"Question\",\"@id\":\"https:\\\/\\\/lacortedimarga.com\\\/guida-montello-escursioni-storia-prese\\\/#faq-question-17880263554662\",\"position\":3,\"url\":\"https:\\\/\\\/lacortedimarga.com\\\/guida-montello-escursioni-storia-prese\\\/#faq-question-17880263554662\",\"name\":\"Qual \u00e8 il grado di difficolt\u00e0 dei percorsi sul Montello?\",\"answerCount\":1,\"acceptedAnswer\":{\"@type\":\"Answer\",\"text\":\"I sentieri del colle sono generalmente classificati come <strong>T (Turistici) o E (Escursionistici facili)<\\\/strong>. Non troverete tratti esposti, ferrate o pareti rocciose. I dislivelli sono sempre molto contenuti e moderati (raramente si superano i 200 o 300 metri di dislivello totale), il che rende il Montello una meta perfetta anche per gli amanti del <em>Nordic Walking<\\\/em> e per le famiglie.\",\"inLanguage\":\"de\"},\"inLanguage\":\"de\"},{\"@type\":\"Question\",\"@id\":\"https:\\\/\\\/lacortedimarga.com\\\/guida-montello-escursioni-storia-prese\\\/#faq-question-17880263554663\",\"position\":4,\"url\":\"https:\\\/\\\/lacortedimarga.com\\\/guida-montello-escursioni-storia-prese\\\/#faq-question-17880263554663\",\"name\":\"\u00c8 facile orientarsi all'interno dei boschi del colle?\",\"answerCount\":1,\"acceptedAnswer\":{\"@type\":\"Answer\",\"text\":\"Questo \u00e8 il punto pi\u00f9 importante. A causa della fitta vegetazione e del labirinto creato dalle doline, la segnaletica tradizionale cartacea sui sentieri interni pu\u00f2 risultare talvolta scarsa o ingannevole. Per questo motivo, all'inizio dei sentieri principali sono stati installati dei tabelloni con un <strong>QR-code<\\\/strong>: scansionandolo con lo smartphone prima di partire, potrete scaricare la traccia GPX del percorso per navigare in totale sicurezza con Google Maps o con le vostre app di trekking.\",\"inLanguage\":\"de\"},\"inLanguage\":\"de\"},{\"@type\":\"Question\",\"@id\":\"https:\\\/\\\/lacortedimarga.com\\\/guida-montello-escursioni-storia-prese\\\/#faq-question-17880263554664\",\"position\":5,\"url\":\"https:\\\/\\\/lacortedimarga.com\\\/guida-montello-escursioni-storia-prese\\\/#faq-question-17880263554664\",\"name\":\"Come posso inserire la visita al Montello durante il mio soggiorno a La Corte di Marga?\",\"answerCount\":1,\"acceptedAnswer\":{\"@type\":\"Answer\",\"text\":\"Il Montello si trova a circa 30 minuti di auto da Miane. \u00c8 la meta ideale per una gita di mezza giornata o di un giorno intero, capace di spezzare il paesaggio delle vigne con l'atmosfera di una foresta antica. Al vostro ritorno in struttura, il comfort dei nostri appartamenti vi aspetta per farvi elaborare le emozioni e le storie scoperte sul colle davanti a un ottimo calice di vino locale. Se volete assicurarvi il vostro punto di partenza ideale per questa e altre avventure nelle Prealpi, vi basta <strong><a href=\\\"https:\\\/\\\/lacortedimarga.com\\\/\\\" target=\\\"_blank\\\" rel=\\\"noreferrer noopener\\\">prenotare ora il vostro soggiorno a La Corte di Marga<\\\/a><\\\/strong>.\",\"inLanguage\":\"de\"},\"inLanguage\":\"de\"}]}<\/script>\n<!-- \/ Yoast SEO plugin. -->","yoast_head_json":{"title":"Anleitung zum Montello: Ausfl\u00fcge zwischen Karst, Geschichte und Wasserfassungen","description":"Entdecke unseren F\u00fchrer durch den Montello: Karstgeologie, Flora, die Bedeutung der Kavernen (Gr\u00e4ber) und die Geschichte des Ersten Weltkriegs.","robots":{"index":"index","follow":"follow","max-snippet":"max-snippet:-1","max-image-preview":"max-image-preview:large","max-video-preview":"max-video-preview:-1"},"canonical":"https:\/\/lacortedimarga.com\/de\/montello-reisefuhrer-ausfluge-geschichte-bergketten\/","og_locale":"de_DE","og_type":"article","og_title":"Guida al Montello: Escursioni tra Carsismo, Storia e Prese","og_description":"Scopri la nostra guida sul Montello: geologia carsica, flora, il significato delle prese e la storia della Grande Guerra.","og_url":"https:\/\/lacortedimarga.com\/de\/montello-reisefuhrer-ausfluge-geschichte-bergketten\/","og_site_name":"La Corte di Marga","article_publisher":"https:\/\/www.facebook.com\/lacortedimarga","article_published_time":"2026-06-20T04:49:55+00:00","article_modified_time":"2026-08-29T17:59:16+00:00","og_image":[{"width":1500,"height":1125,"url":"https:\/\/lacortedimarga.com\/wp-content\/uploads\/2026\/06\/La_Corte_di_Marga_cosa_fare_Montello.webp","type":"image\/webp"}],"author":"Roberto","twitter_card":"summary_large_image","twitter_misc":{"Verfasst von":"Roberto","Gesch\u00e4tzte Lesezeit":"9\u00a0Minuten"},"schema":{"@context":"https:\/\/schema.org","@graph":[{"@type":"Article","@id":"https:\/\/lacortedimarga.com\/guida-montello-escursioni-storia-prese\/#article","isPartOf":{"@id":"https:\/\/lacortedimarga.com\/guida-montello-escursioni-storia-prese\/"},"author":{"name":"Roberto","@id":"https:\/\/lacortedimarga.com\/#\/schema\/person\/35b8aa132ce672c39a5ece2e9b43b967"},"headline":"Il fascino segreto del Montello: l&#8217;isola di boschi, rocce e memoria","datePublished":"2026-06-20T04:49:55+00:00","dateModified":"2026-08-29T17:59:16+00:00","mainEntityOfPage":{"@id":"https:\/\/lacortedimarga.com\/guida-montello-escursioni-storia-prese\/"},"wordCount":1474,"publisher":{"@id":"https:\/\/lacortedimarga.com\/#organization"},"image":{"@id":"https:\/\/lacortedimarga.com\/guida-montello-escursioni-storia-prese\/#primaryimage"},"thumbnailUrl":"https:\/\/lacortedimarga.com\/wp-content\/uploads\/2026\/06\/La_Corte_di_Marga_cosa_fare_Montello.webp","keywords":["#CarsismoVeneto","#CollineProsecco","#CorteDiMargaMiane","#EsperienzaInCorte","#LaCortediMarga","#LaCorteDiMargaBlog","#LaCorteDiMargaCosaFare","#Miane","#Montello","#NaturaEApprendimento","#PreseDelMontello","#ProseccoHills","#ProseccoHillsHolidays","#RobertoLaRosaHost","#RobertoLaRosaSommelier","#SilviaRobertohost","#UNESCOHeritage","#VisitVeneto"],"articleSection":["Adrenalina &amp; Panorama: Outdoor e Sport","Escursioni a piedi"],"inLanguage":"de"},{"@type":["WebPage","FAQPage"],"@id":"https:\/\/lacortedimarga.com\/guida-montello-escursioni-storia-prese\/","url":"https:\/\/lacortedimarga.com\/guida-montello-escursioni-storia-prese\/","name":"Anleitung zum Montello: Ausfl\u00fcge zwischen Karst, Geschichte und Wasserfassungen","isPartOf":{"@id":"https:\/\/lacortedimarga.com\/#website"},"primaryImageOfPage":{"@id":"https:\/\/lacortedimarga.com\/guida-montello-escursioni-storia-prese\/#primaryimage"},"image":{"@id":"https:\/\/lacortedimarga.com\/guida-montello-escursioni-storia-prese\/#primaryimage"},"thumbnailUrl":"https:\/\/lacortedimarga.com\/wp-content\/uploads\/2026\/06\/La_Corte_di_Marga_cosa_fare_Montello.webp","datePublished":"2026-06-20T04:49:55+00:00","dateModified":"2026-08-29T17:59:16+00:00","description":"Entdecke unseren F\u00fchrer durch den Montello: Karstgeologie, Flora, die Bedeutung der Kavernen (Gr\u00e4ber) und die Geschichte des Ersten Weltkriegs.","breadcrumb":{"@id":"https:\/\/lacortedimarga.com\/guida-montello-escursioni-storia-prese\/#breadcrumb"},"mainEntity":[{"@id":"https:\/\/lacortedimarga.com\/guida-montello-escursioni-storia-prese\/#faq-question-17880263554660"},{"@id":"https:\/\/lacortedimarga.com\/guida-montello-escursioni-storia-prese\/#faq-question-17880263554661"},{"@id":"https:\/\/lacortedimarga.com\/guida-montello-escursioni-storia-prese\/#faq-question-17880263554662"},{"@id":"https:\/\/lacortedimarga.com\/guida-montello-escursioni-storia-prese\/#faq-question-17880263554663"},{"@id":"https:\/\/lacortedimarga.com\/guida-montello-escursioni-storia-prese\/#faq-question-17880263554664"}],"inLanguage":"de","potentialAction":[{"@type":"ReadAction","target":["https:\/\/lacortedimarga.com\/guida-montello-escursioni-storia-prese\/"]}]},{"@type":"ImageObject","inLanguage":"de","@id":"https:\/\/lacortedimarga.com\/guida-montello-escursioni-storia-prese\/#primaryimage","url":"https:\/\/lacortedimarga.com\/wp-content\/uploads\/2026\/06\/La_Corte_di_Marga_cosa_fare_Montello.webp","contentUrl":"https:\/\/lacortedimarga.com\/wp-content\/uploads\/2026\/06\/La_Corte_di_Marga_cosa_fare_Montello.webp","width":1500,"height":1125,"caption":"L'inconfondibile profilo scuro del Montello che emerge dalla pianura, visto dalle colline di fronte."},{"@type":"BreadcrumbList","@id":"https:\/\/lacortedimarga.com\/guida-montello-escursioni-storia-prese\/#breadcrumb","itemListElement":[{"@type":"ListItem","position":1,"name":"Home","item":"https:\/\/lacortedimarga.com\/"},{"@type":"ListItem","position":2,"name":"Il fascino segreto del Montello: l&#8217;isola di boschi, rocce e memoria"}]},{"@type":"WebSite","@id":"https:\/\/lacortedimarga.com\/#website","url":"https:\/\/lacortedimarga.com\/","name":"Der Hof von Marga","description":"Prosecco Hills Ferien","publisher":{"@id":"https:\/\/lacortedimarga.com\/#organization"},"potentialAction":[{"@type":"SearchAction","target":{"@type":"EntryPoint","urlTemplate":"https:\/\/lacortedimarga.com\/?s={search_term_string}"},"query-input":{"@type":"PropertyValueSpecification","valueRequired":true,"valueName":"search_term_string"}}],"inLanguage":"de"},{"@type":"Organization","@id":"https:\/\/lacortedimarga.com\/#organization","name":"Der Hof von Marga","url":"https:\/\/lacortedimarga.com\/","logo":{"@type":"ImageObject","inLanguage":"de","@id":"https:\/\/lacortedimarga.com\/#\/schema\/logo\/image\/","url":"https:\/\/lacortedimarga.com\/wp-content\/uploads\/2025\/06\/logo-corti-di-marga.webp","contentUrl":"https:\/\/lacortedimarga.com\/wp-content\/uploads\/2025\/06\/logo-corti-di-marga.webp","width":955,"height":529,"caption":"La Corte di Marga"},"image":{"@id":"https:\/\/lacortedimarga.com\/#\/schema\/logo\/image\/"},"sameAs":["https:\/\/www.facebook.com\/lacortedimarga","https:\/\/www.instagram.com\/la_corte_di_marga\/","https:\/\/www.tiktok.com\/@lacortedimarga","https:\/\/www.youtube.com\/@lacortedimargaofficial","https:\/\/www.linkedin.com\/company\/la-corte-di-marga-prosecco-hills-holiday"]},{"@type":"Person","@id":"https:\/\/lacortedimarga.com\/#\/schema\/person\/35b8aa132ce672c39a5ece2e9b43b967","name":"Roberto","image":{"@type":"ImageObject","inLanguage":"de","@id":"https:\/\/secure.gravatar.com\/avatar\/e3f271e90e735cdc34557ef9b92be1ad6f15d5bac04b51fa3cd10b4c11dac25e?s=96&d=mm&r=g","url":"https:\/\/secure.gravatar.com\/avatar\/e3f271e90e735cdc34557ef9b92be1ad6f15d5bac04b51fa3cd10b4c11dac25e?s=96&d=mm&r=g","contentUrl":"https:\/\/secure.gravatar.com\/avatar\/e3f271e90e735cdc34557ef9b92be1ad6f15d5bac04b51fa3cd10b4c11dac25e?s=96&d=mm&r=g","caption":"Roberto"},"url":"https:\/\/lacortedimarga.com\/de\/author\/roberto\/"},{"@type":"Question","@id":"https:\/\/lacortedimarga.com\/guida-montello-escursioni-storia-prese\/#faq-question-17880263554660","position":1,"url":"https:\/\/lacortedimarga.com\/guida-montello-escursioni-storia-prese\/#faq-question-17880263554660","name":"Wie viele Wanderungen kann man auf dem Montello machen?","answerCount":1,"acceptedAnswer":{"@type":"Answer","text":"Il Montello \u00e8 attraversato da una rete ufficiale di <strong>15 itinerari escursionistici principali<\/strong>, tutti strutturati come percorsi ad anello (circolari). Questo significa che potrete lasciare l'auto nel punto di partenza e ritornare esattamente nello stesso posto senza dover ripercorrere la stessa strada.","inLanguage":"de"},"inLanguage":"de"},{"@type":"Question","@id":"https:\/\/lacortedimarga.com\/guida-montello-escursioni-storia-prese\/#faq-question-17880263554661","position":2,"url":"https:\/\/lacortedimarga.com\/guida-montello-escursioni-storia-prese\/#faq-question-17880263554661","name":"Welches sind die durchschnittlichen Gehzeiten und Entfernungen der Wanderwege?","answerCount":1,"acceptedAnswer":{"@type":"Answer","text":"Gli itinerari sono molto vari: si va dalle passeggiate brevi di circa 5 chilometri, perfette per una mezza giornata di totale relax, fino a trekking pi\u00f9 articolati che raggiungono i 12-14 chilometri. I tempi di cammino variano mediamente <strong>da 1 ora e mezza fino a un massimo di 4 ore e mezza<\/strong> di andatura costante.","inLanguage":"de"},"inLanguage":"de"},{"@type":"Question","@id":"https:\/\/lacortedimarga.com\/guida-montello-escursioni-storia-prese\/#faq-question-17880263554662","position":3,"url":"https:\/\/lacortedimarga.com\/guida-montello-escursioni-storia-prese\/#faq-question-17880263554662","name":"Wie schwierig sind die Wanderwege auf dem Montello?","answerCount":1,"acceptedAnswer":{"@type":"Answer","text":"I sentieri del colle sono generalmente classificati come <strong>T (Turistici) o E (Escursionistici facili)<\/strong>. Non troverete tratti esposti, ferrate o pareti rocciose. I dislivelli sono sempre molto contenuti e moderati (raramente si superano i 200 o 300 metri di dislivello totale), il che rende il Montello una meta perfetta anche per gli amanti del <em>Nordic Walking<\/em> e per le famiglie.","inLanguage":"de"},"inLanguage":"de"},{"@type":"Question","@id":"https:\/\/lacortedimarga.com\/guida-montello-escursioni-storia-prese\/#faq-question-17880263554663","position":4,"url":"https:\/\/lacortedimarga.com\/guida-montello-escursioni-storia-prese\/#faq-question-17880263554663","name":"Ist es einfach, sich in den W\u00e4ldern des H\u00fcgels zu orientieren?","answerCount":1,"acceptedAnswer":{"@type":"Answer","text":"Questo \u00e8 il punto pi\u00f9 importante. A causa della fitta vegetazione e del labirinto creato dalle doline, la segnaletica tradizionale cartacea sui sentieri interni pu\u00f2 risultare talvolta scarsa o ingannevole. Per questo motivo, all'inizio dei sentieri principali sono stati installati dei tabelloni con un <strong>QR-code<\/strong>: scansionandolo con lo smartphone prima di partire, potrete scaricare la traccia GPX del percorso per navigare in totale sicurezza con Google Maps o con le vostre app di trekking.","inLanguage":"de"},"inLanguage":"de"},{"@type":"Question","@id":"https:\/\/lacortedimarga.com\/guida-montello-escursioni-storia-prese\/#faq-question-17880263554664","position":5,"url":"https:\/\/lacortedimarga.com\/guida-montello-escursioni-storia-prese\/#faq-question-17880263554664","name":"Wie kann ich den Besuch von Montello w\u00e4hrend meines Aufenthalts in La Corte di Marga einplanen?","answerCount":1,"acceptedAnswer":{"@type":"Answer","text":"Il Montello si trova a circa 30 minuti di auto da Miane. \u00c8 la meta ideale per una gita di mezza giornata o di un giorno intero, capace di spezzare il paesaggio delle vigne con l'atmosfera di una foresta antica. Al vostro ritorno in struttura, il comfort dei nostri appartamenti vi aspetta per farvi elaborare le emozioni e le storie scoperte sul colle davanti a un ottimo calice di vino locale. Se volete assicurarvi il vostro punto di partenza ideale per questa e altre avventure nelle Prealpi, vi basta <strong><a href=\"https:\/\/lacortedimarga.com\/\" target=\"_blank\" rel=\"noreferrer noopener\">prenotare ora il vostro soggiorno a La Corte di Marga<\/a><\/strong>.","inLanguage":"de"},"inLanguage":"de"}]}},"_links":{"self":[{"href":"https:\/\/lacortedimarga.com\/de\/wp-json\/wp\/v2\/posts\/2684","targetHints":{"allow":["GET"]}}],"collection":[{"href":"https:\/\/lacortedimarga.com\/de\/wp-json\/wp\/v2\/posts"}],"about":[{"href":"https:\/\/lacortedimarga.com\/de\/wp-json\/wp\/v2\/types\/post"}],"author":[{"embeddable":true,"href":"https:\/\/lacortedimarga.com\/de\/wp-json\/wp\/v2\/users\/3"}],"replies":[{"embeddable":true,"href":"https:\/\/lacortedimarga.com\/de\/wp-json\/wp\/v2\/comments?post=2684"}],"version-history":[{"count":3,"href":"https:\/\/lacortedimarga.com\/de\/wp-json\/wp\/v2\/posts\/2684\/revisions"}],"predecessor-version":[{"id":3053,"href":"https:\/\/lacortedimarga.com\/de\/wp-json\/wp\/v2\/posts\/2684\/revisions\/3053"}],"wp:featuredmedia":[{"embeddable":true,"href":"https:\/\/lacortedimarga.com\/de\/wp-json\/wp\/v2\/media\/2686"}],"wp:attachment":[{"href":"https:\/\/lacortedimarga.com\/de\/wp-json\/wp\/v2\/media?parent=2684"}],"wp:term":[{"taxonomy":"category","embeddable":true,"href":"https:\/\/lacortedimarga.com\/de\/wp-json\/wp\/v2\/categories?post=2684"},{"taxonomy":"post_tag","embeddable":true,"href":"https:\/\/lacortedimarga.com\/de\/wp-json\/wp\/v2\/tags?post=2684"}],"curies":[{"name":"wp","href":"https:\/\/api.w.org\/{rel}","templated":true}]}}