{"id":2760,"date":"2026-08-06T07:43:12","date_gmt":"2026-08-06T07:43:12","guid":{"rendered":"https:\/\/lacortedimarga.com\/?p=2760"},"modified":"2026-08-28T15:27:08","modified_gmt":"2026-08-28T15:27:08","slug":"artigianato-vivo-2026-cison-di-valmarino","status":"publish","type":"post","link":"https:\/\/lacortedimarga.com\/de\/artigianato-vivo-2026-cison-di-valmarino\/","title":{"rendered":"Artigianato Vivo 2026 in Cison di Valmarino: Der Leitfaden f\u00fcr G\u00e4ste in Miane"},"content":{"rendered":"<p><a href=\"https:\/\/artigianatovivo.it\/\">Lebendiges Handwerk<\/a>, 45. Ausgabe, findet statt in <strong>Cison di Valmarino vom 8. bis 16. August 2026<\/strong>\u00dcber 180 Kunsthandwerker aus ganz Italien entlang der Stra\u00dfen und Innenh\u00f6fe des historischen Zentrums, Ausstellungen, jeden Abend Live-Musik, der traditionelle Spie\u00df-Tag und n\u00e4chtliche F\u00fchrungen durch die Geheimnisse von Castelbrando. Artigianato Vivo in Cison di Valmarino hautnah zu erleben, ist ein unvergessliches Erlebnis: La Corte di Marga befindet sich in <strong>Miane, etwa 10 Autominuten (5,4 km) entfernt<\/strong>der ideale Ausgangspunkt, um es zu erleben, ohne auf die Ruhe eines Aufenthalts inmitten von Weinbergen zu verzichten.<\/p>\n<h2>Was Artigianato Vivo in Cison di Valmarino ist und warum es ein besonderes Ereignis ist<\/h2>\n<p>Vor \u00fcber vierzig Jahren ins Leben gerufen und von der Pro Loco von Cison di Valmarino organisiert, ist Artigianato Vivo eine der traditionsreichsten Handwerksausstellungen Venetiens: kein einfacher Markt, sondern eine Veranstaltung, die das gesamte Dorf neun Tage lang belebt \u2013 mit Ausstellungsr\u00e4umen, tempor\u00e4ren Museen, Kulturveranstaltungen und einem dichten abendlichen Musikprogramm, das sich \u00fcber Pl\u00e4tze, Innenh\u00f6fe und Gassen erstreckt.<\/p>\n<p><strong>\u00d6ffnungszeiten 2026:<\/strong><br \/>Wochentags: 17:00 \u2013 23:30 Uhr<br \/>Feiertage (9., 15., 16. August): 10:00 \u2013 23:30 Uhr<\/p>\n<h2>Das Programm: Die H\u00f6hepunkte Tag f\u00fcr Tag<\/h2>\n<table>\n<thead>\n<tr>\n<th>Daten<\/th>\n<th>Was man nicht verpassen sollte<\/th>\n<\/tr>\n<\/thead>\n<tbody>\n<tr>\n<td><strong>Sa. 8. August<\/strong><\/td>\n<td>Offizielle Er\u00f6ffnung (17:00 Uhr, Rathaussaal), Er\u00f6ffnung der Messest\u00e4nde und Ausstellungen (Antiche Cantine Brandolini, Museum f\u00fcr historische Radios, Fotoausstellung \u201cDie Seele aus Stein\u201d)<\/td>\n<\/tr>\n<tr>\n<td><strong>So., 9. Aug.<\/strong><\/td>\n<td>Tag des Spiedos (ab 9:00 Uhr), Heilige Messe, Mosaik-Workshop, Puppentheater, ethnischer Gesang am Abend<\/td>\n<\/tr>\n<tr>\n<td><strong>Di., 11. Aug.<\/strong><\/td>\n<td>Buchvorstellung von \u201cDas Schweigen der Hochebene\u201d (Rizzoli)<\/td>\n<\/tr>\n<tr>\n<td><strong>Mi., 12. August<\/strong><\/td>\n<td>Tag des Spiedos (ab 14.00 Uhr), Preisverleihung des Wettbewerbs Artigianato Vivo 2026, Live-Graffiti-Art<\/td>\n<\/tr>\n<tr>\n<td><strong>Sa-So 14-15<\/strong><\/td>\n<td>Gebetswache, 49. Alpenveilchen-Marsch (6 und 10 km, Samstagmorgen)<\/td>\n<\/tr>\n<tr>\n<td><strong>Sa., 15. Aug.<\/strong><\/td>\n<td>Spiedo-Tag, feierliches Hochamt zu Maria Himmelfahrt, Kinderanimation<\/td>\n<\/tr>\n<tr>\n<td><strong>So. 16. August<\/strong><\/td>\n<td>Tag des Spiedos, Er\u00f6ffnung des Food-Truck-Dorfes, Abschluss der Veranstaltung mit Musikabend<\/td>\n<\/tr>\n<\/tbody>\n<\/table>\n<p>Jeden Abend, ab ca. 20:30 Uhr, erwacht der Weg durch gleichzeitig stattfindende Live-Konzerte an mehreren Orten des Dorfes (Case Marian, Cortivo Coch, Piazza Roma, Piazzetta Filanda, Borgo Capretta Mugnai) zum Leben \u2013 jeden Abend andere Musikrichtungen, von Blues bis Akustik-Pop, von Folk bis Rock.<\/p>\n<p>Zu erw\u00e4hnen sind auch die <strong>N\u00e4chtliche Geisterf\u00fchrungen in Castelbrando<\/strong>, auf Reservierung (visite@castelbrando.it), und das <strong>Museum Ruralia<\/strong> zu Case Marian, mit F\u00fchrungen nach Voranmeldung (Tel. 335 7896949).<\/p>\n<h2>Anreise und Fortbewegung: Route, Parkpl\u00e4tze und Gastronomieangebote<\/h2>\n<p>Der Ausstellungsweg f\u00fchrt durch das historische Zentrum von Cison di Valmarino, vorbei an H\u00f6fen und Stra\u00dfen (Cortivo Buffon, Cortivo Coch, Piazzetta Filanda, Piazza Roma, Borgo Capretta Mugnai und anderen), mit mehreren ausgewiesenen Parkpl\u00e4tzen (auf der offiziellen Karte als P1-P9 gekennzeichnet) entlang des Ortsrandes. Die gastronomischen Angebote (Case Marian, Cortivo Coch, Al Fil\u00f2, die Osteria in Borgo Capretta Mugnai) sind jeden Abend sowie an Sonn- und Feiertagen auch zum Mittagessen ge\u00f6ffnet.<\/p>\n<h2>\u00dcbernachtungsm\u00f6glichkeiten in der N\u00e4he von Artigianato Vivo in Cison di Valmarino<\/h2>\n<p><strong>Der Hof von Marga<\/strong>, in Miane, liegt etwa 10 Autominuten von Cison di Valmarino entfernt: praktisch, um die Veranstaltung am Abend in wenigen Minuten zu erreichen und in der Ruhe der Prosecco-H\u00fcgel zu schlafen, fernab vom Trubel des historischen Zentrums w\u00e4hrend der Veranstaltungstage. Die f\u00fcnf unabh\u00e4ngigen Unterk\u00fcnfte, die aus einem alten l\u00e4ndlichen Weiler hervorgegangen sind, eignen sich sowohl f\u00fcr ein Paar auf Kulturwochenende (Ginetta 2) als auch f\u00fcr eine Familie oder eine Gruppe von Freunden, die mehrere Abende des Festivals erleben m\u00f6chte, ohne an die abendlichen Fahrten denken zu m\u00fcssen (Villa Marga, f\u00fcr bis zu 10 Personen).<\/p>\n<p>Die Ausgabe 2026 von Artigianato Vivo ging am 16. August zu Ende: Der Termin mit der Pro Loco von Cison di Valmarino ist nun f\u00fcr die n\u00e4chste Ausgabe im August 2027 angesetzt. In der Zwischenzeit<a href=\"https:\/\/lacortedimarga.com\/de\/\">, La Corte di Mar<\/a>ga ist das ganze Jahr \u00fcber der ideale Ausgangspunkt, um Cison di Valmarino und die UNESCO-Prosecco-H\u00fcgel zu entdecken: Pr\u00fcfen Sie die Verf\u00fcgbarkeit und buchen Sie direkt auf der offiziellen Website f\u00fcr die garantiert beste Rate.<\/p>\n<p><em>Quellen: Offizielles Programm Artigianato Vivo 2026 (Pro Loco Cison di Valmarino); <a href=\"https:\/\/artigianatovivo.it\/\" target=\"_blank\" rel=\"noopener\">artigianatovivo.it<\/a>; <a href=\"https:\/\/artigianatovivo.it\/programma\/\" target=\"_blank\" rel=\"noopener\">artigianatovivo.it\/programma<\/a>; <a href=\"https:\/\/www.eventivenetando.it\/blog\/artigianato-vivo-cison-di-valmarino\/\" target=\"_blank\" rel=\"noopener\">Veranstaltungen Venetando<\/a>.<\/em><\/p>\n\n\n<div class=\"schema-faq wp-block-yoast-faq-block\"><div class=\"schema-faq-section\" id=\"faq-question-1786001021170\"><strong class=\"schema-faq-question\">Wann findet Artigianato Vivo 2026 statt?<\/strong> <p class=\"schema-faq-answer\">Vom 8. bis zum 16. August 2026 in Cison di Valmarino, mit den \u00d6ffnungszeiten von 17:00 bis 23:30 Uhr an Werktagen und von 10:00 bis 23:30 Uhr an Sonn- und Feiertagen (9., 15. und 16. August).<\/p> <\/div> <div class=\"schema-faq-section\" id=\"faq-question-1786001112852\"><strong class=\"schema-faq-question\">Wie weit ist Cison di Valmarino von La Corte di Marga entfernt?<\/strong> <p class=\"schema-faq-answer\">Etwa 10 Autominuten, 5,4 km: Die Unterkunft befindet sich in Miane, im Herzen der Prosecco-H\u00fcgel.<\/p> <\/div> <div class=\"schema-faq-section\" id=\"faq-question-1786001210147\"><strong class=\"schema-faq-question\">Ist der Eintritt zur Veranstaltung kostenlos?<\/strong> <p class=\"schema-faq-answer\">In den letzten Jahren war der Zugang zum Ausstellungsparcours im Allgemeinen frei, obwohl bei einigen Ausgaben ein kleiner symbolischer Beitrag (3 \u20ac im Jahr 2025) verlangt wurde. F\u00fcr die n\u00e4chste Ausgabe empfehlen wir Ihnen, die aktualisierten Bedingungen vor dem Besuch auf der offiziellen Website artigianatovivo.it zu \u00fcberpr\u00fcfen.<\/p> <\/div> <div class=\"schema-faq-section\" id=\"faq-question-1786001313631\"><strong class=\"schema-faq-question\">Gibt es eine kulinarische Veranstaltung, die man nicht verpassen sollte?<\/strong> <p class=\"schema-faq-answer\">Ja, der traditionelle Tag des Spie\u00dfbratens: An den Tagen 9., 12., 15. und 16. August bereiten die Meister des Spie\u00dfbratens aus Cison diesen live zu, der an den gastronomischen St\u00e4nden der Veranstaltung verkostet werden kann.<\/p> <\/div> <\/div>","protected":false},"excerpt":{"rendered":"<p>Artigianato Vivo, 45\u00aa edizione, si svolge a Cison di Valmarino dall&#8217;8 al 16 agosto 2026: oltre 180 artigiani da tutta Italia lungo le vie e i cortili del centro storico, mostre, musica dal vivo ogni sera, la tradizionale Giornata dello Spiedo e le visite notturne dei misteri a Castelbrando. Vivere Artigianato Vivo a Cison di [&hellip;]<\/p>\n","protected":false},"author":3,"featured_media":2761,"comment_status":"closed","ping_status":"open","sticky":false,"template":"","format":"standard","meta":{"_breakdance_hide_in_design_set":false,"_breakdance_tags":"","footnotes":""},"categories":[9,6],"tags":[21,43,228,20,195,53,142,36],"class_list":["post-2760","post","type-post","status-publish","format-standard","has-post-thumbnail","hentry","category-anima-cultura-slow-travel-e-storia","category-gusto-tradizione-leccellenza-enogastronomica","tag-collineprosecco","tag-esperienzaincorte","tag-fieraartigianatocison-blog","tag-lacortedimarga","tag-lacortedimargablog","tag-proseccohillsholidays-2","tag-robertolarosahost","tag-unescoheritage"],"yoast_head":"<!-- This site is optimized with the Yoast SEO plugin v28.2 - https:\/\/yoast.com\/product\/yoast-seo-wordpress\/ -->\n<title>Artigianato Vivo 2026 a Cison: guida e dove dormire<\/title>\n<meta name=\"description\" content=\"Artigianato Vivo 2026 a Cison di Valmarino, 8-16 agosto: programma, spazi ed eventi clou. Dove dormire a 10 minuti, a La Corte di Marga a Miane.\" \/>\n<meta name=\"robots\" content=\"index, follow, max-snippet:-1, max-image-preview:large, max-video-preview:-1\" \/>\n<link rel=\"canonical\" href=\"https:\/\/lacortedimarga.com\/de\/artigianato-vivo-2026-cison-di-valmarino\/\" \/>\n<meta property=\"og:locale\" content=\"de_DE\" \/>\n<meta property=\"og:type\" content=\"article\" \/>\n<meta property=\"og:title\" content=\"Artigianato Vivo 2026 a Cison: guida e dove dormire\" \/>\n<meta property=\"og:description\" content=\"Artigianato Vivo 2026 a Cison di Valmarino, 8-16 agosto: programma, spazi ed eventi clou. Dove dormire a 10 minuti, a La Corte di Marga a Miane.\" \/>\n<meta property=\"og:url\" content=\"https:\/\/lacortedimarga.com\/de\/artigianato-vivo-2026-cison-di-valmarino\/\" \/>\n<meta property=\"og:site_name\" content=\"La Corte di Marga\" \/>\n<meta property=\"article:publisher\" content=\"https:\/\/www.facebook.com\/lacortedimarga\" \/>\n<meta property=\"article:published_time\" content=\"2026-08-06T07:43:12+00:00\" \/>\n<meta property=\"article:modified_time\" content=\"2026-08-28T15:27:08+00:00\" \/>\n<meta property=\"og:image\" content=\"https:\/\/lacortedimarga.com\/wp-content\/uploads\/2026\/08\/foto_1_locandina_artigianato_vivo.jpg\" \/>\n\t<meta property=\"og:image:width\" content=\"1200\" \/>\n\t<meta property=\"og:image:height\" content=\"628\" \/>\n\t<meta property=\"og:image:type\" content=\"image\/jpeg\" \/>\n<meta name=\"author\" content=\"Roberto\" \/>\n<meta name=\"twitter:card\" content=\"summary_large_image\" \/>\n<meta name=\"twitter:label1\" content=\"Verfasst von\" \/>\n\t<meta name=\"twitter:data1\" content=\"Roberto\" \/>\n\t<meta name=\"twitter:label2\" content=\"Gesch\u00e4tzte Lesezeit\" \/>\n\t<meta name=\"twitter:data2\" content=\"5\u00a0Minuten\" \/>\n<script type=\"application\/ld+json\" class=\"yoast-schema-graph\">{\"@context\":\"https:\\\/\\\/schema.org\",\"@graph\":[{\"@type\":\"Article\",\"@id\":\"https:\\\/\\\/lacortedimarga.com\\\/artigianato-vivo-2026-cison-di-valmarino\\\/#article\",\"isPartOf\":{\"@id\":\"https:\\\/\\\/lacortedimarga.com\\\/artigianato-vivo-2026-cison-di-valmarino\\\/\"},\"author\":{\"name\":\"Roberto\",\"@id\":\"https:\\\/\\\/lacortedimarga.com\\\/#\\\/schema\\\/person\\\/35b8aa132ce672c39a5ece2e9b43b967\"},\"headline\":\"Artigianato Vivo 2026 a Cison di Valmarino: la guida per chi soggiorna a Miane\",\"datePublished\":\"2026-08-06T07:43:12+00:00\",\"dateModified\":\"2026-08-28T15:27:08+00:00\",\"mainEntityOfPage\":{\"@id\":\"https:\\\/\\\/lacortedimarga.com\\\/artigianato-vivo-2026-cison-di-valmarino\\\/\"},\"wordCount\":766,\"publisher\":{\"@id\":\"https:\\\/\\\/lacortedimarga.com\\\/#organization\"},\"image\":{\"@id\":\"https:\\\/\\\/lacortedimarga.com\\\/artigianato-vivo-2026-cison-di-valmarino\\\/#primaryimage\"},\"thumbnailUrl\":\"https:\\\/\\\/lacortedimarga.com\\\/wp-content\\\/uploads\\\/2026\\\/08\\\/foto_1_locandina_artigianato_vivo.jpg\",\"keywords\":[\"#CollineProsecco\",\"#EsperienzaInCorte\",\"#FieraArtigianatoCison #blog\",\"#LaCortediMarga\",\"#LaCorteDiMargaBlog\",\"#ProseccoHillsHolidays\",\"#RobertoLaRosaHost\",\"#UNESCOHeritage\"],\"articleSection\":[\"Anima &amp; Cultura: Slow Travel e Storia\",\"Gusto &amp; Tradizione: L'Eccellenza Enogastronomica\"],\"inLanguage\":\"de\"},{\"@type\":[\"WebPage\",\"FAQPage\"],\"@id\":\"https:\\\/\\\/lacortedimarga.com\\\/artigianato-vivo-2026-cison-di-valmarino\\\/\",\"url\":\"https:\\\/\\\/lacortedimarga.com\\\/artigianato-vivo-2026-cison-di-valmarino\\\/\",\"name\":\"Artigianato Vivo 2026 a Cison: guida e dove dormire\",\"isPartOf\":{\"@id\":\"https:\\\/\\\/lacortedimarga.com\\\/#website\"},\"primaryImageOfPage\":{\"@id\":\"https:\\\/\\\/lacortedimarga.com\\\/artigianato-vivo-2026-cison-di-valmarino\\\/#primaryimage\"},\"image\":{\"@id\":\"https:\\\/\\\/lacortedimarga.com\\\/artigianato-vivo-2026-cison-di-valmarino\\\/#primaryimage\"},\"thumbnailUrl\":\"https:\\\/\\\/lacortedimarga.com\\\/wp-content\\\/uploads\\\/2026\\\/08\\\/foto_1_locandina_artigianato_vivo.jpg\",\"datePublished\":\"2026-08-06T07:43:12+00:00\",\"dateModified\":\"2026-08-28T15:27:08+00:00\",\"description\":\"Artigianato Vivo 2026 a Cison di Valmarino, 8-16 agosto: programma, spazi ed eventi clou. Dove dormire a 10 minuti, a La Corte di Marga a Miane.\",\"breadcrumb\":{\"@id\":\"https:\\\/\\\/lacortedimarga.com\\\/artigianato-vivo-2026-cison-di-valmarino\\\/#breadcrumb\"},\"mainEntity\":[{\"@id\":\"https:\\\/\\\/lacortedimarga.com\\\/artigianato-vivo-2026-cison-di-valmarino\\\/#faq-question-1786001021170\"},{\"@id\":\"https:\\\/\\\/lacortedimarga.com\\\/artigianato-vivo-2026-cison-di-valmarino\\\/#faq-question-1786001112852\"},{\"@id\":\"https:\\\/\\\/lacortedimarga.com\\\/artigianato-vivo-2026-cison-di-valmarino\\\/#faq-question-1786001210147\"},{\"@id\":\"https:\\\/\\\/lacortedimarga.com\\\/artigianato-vivo-2026-cison-di-valmarino\\\/#faq-question-1786001313631\"}],\"inLanguage\":\"de\",\"potentialAction\":[{\"@type\":\"ReadAction\",\"target\":[\"https:\\\/\\\/lacortedimarga.com\\\/artigianato-vivo-2026-cison-di-valmarino\\\/\"]}]},{\"@type\":\"ImageObject\",\"inLanguage\":\"de\",\"@id\":\"https:\\\/\\\/lacortedimarga.com\\\/artigianato-vivo-2026-cison-di-valmarino\\\/#primaryimage\",\"url\":\"https:\\\/\\\/lacortedimarga.com\\\/wp-content\\\/uploads\\\/2026\\\/08\\\/foto_1_locandina_artigianato_vivo.jpg\",\"contentUrl\":\"https:\\\/\\\/lacortedimarga.com\\\/wp-content\\\/uploads\\\/2026\\\/08\\\/foto_1_locandina_artigianato_vivo.jpg\",\"width\":1200,\"height\":628,\"caption\":\"La locandina ufficiale di Artigianato Vivo 2026, 45\u00aa rassegna a Cison di Valmarino (8-16 agosto)\"},{\"@type\":\"BreadcrumbList\",\"@id\":\"https:\\\/\\\/lacortedimarga.com\\\/artigianato-vivo-2026-cison-di-valmarino\\\/#breadcrumb\",\"itemListElement\":[{\"@type\":\"ListItem\",\"position\":1,\"name\":\"Home\",\"item\":\"https:\\\/\\\/lacortedimarga.com\\\/\"},{\"@type\":\"ListItem\",\"position\":2,\"name\":\"Artigianato Vivo 2026 a Cison di Valmarino: la guida per chi soggiorna a Miane\"}]},{\"@type\":\"WebSite\",\"@id\":\"https:\\\/\\\/lacortedimarga.com\\\/#website\",\"url\":\"https:\\\/\\\/lacortedimarga.com\\\/\",\"name\":\"La Corte di Marga\",\"description\":\"Prosecco Hills Holidays\",\"publisher\":{\"@id\":\"https:\\\/\\\/lacortedimarga.com\\\/#organization\"},\"potentialAction\":[{\"@type\":\"SearchAction\",\"target\":{\"@type\":\"EntryPoint\",\"urlTemplate\":\"https:\\\/\\\/lacortedimarga.com\\\/?s={search_term_string}\"},\"query-input\":{\"@type\":\"PropertyValueSpecification\",\"valueRequired\":true,\"valueName\":\"search_term_string\"}}],\"inLanguage\":\"de\"},{\"@type\":\"Organization\",\"@id\":\"https:\\\/\\\/lacortedimarga.com\\\/#organization\",\"name\":\"La Corte di Marga\",\"url\":\"https:\\\/\\\/lacortedimarga.com\\\/\",\"logo\":{\"@type\":\"ImageObject\",\"inLanguage\":\"de\",\"@id\":\"https:\\\/\\\/lacortedimarga.com\\\/#\\\/schema\\\/logo\\\/image\\\/\",\"url\":\"https:\\\/\\\/lacortedimarga.com\\\/wp-content\\\/uploads\\\/2025\\\/06\\\/logo-corti-di-marga.webp\",\"contentUrl\":\"https:\\\/\\\/lacortedimarga.com\\\/wp-content\\\/uploads\\\/2025\\\/06\\\/logo-corti-di-marga.webp\",\"width\":955,\"height\":529,\"caption\":\"La Corte di Marga\"},\"image\":{\"@id\":\"https:\\\/\\\/lacortedimarga.com\\\/#\\\/schema\\\/logo\\\/image\\\/\"},\"sameAs\":[\"https:\\\/\\\/www.facebook.com\\\/lacortedimarga\",\"https:\\\/\\\/www.instagram.com\\\/la_corte_di_marga\\\/\",\"https:\\\/\\\/www.tiktok.com\\\/@lacortedimarga\",\"https:\\\/\\\/www.youtube.com\\\/@lacortedimargaofficial\",\"https:\\\/\\\/www.linkedin.com\\\/company\\\/la-corte-di-marga-prosecco-hills-holiday\"]},{\"@type\":\"Person\",\"@id\":\"https:\\\/\\\/lacortedimarga.com\\\/#\\\/schema\\\/person\\\/35b8aa132ce672c39a5ece2e9b43b967\",\"name\":\"Roberto\",\"image\":{\"@type\":\"ImageObject\",\"inLanguage\":\"de\",\"@id\":\"https:\\\/\\\/secure.gravatar.com\\\/avatar\\\/e3f271e90e735cdc34557ef9b92be1ad6f15d5bac04b51fa3cd10b4c11dac25e?s=96&d=mm&r=g\",\"url\":\"https:\\\/\\\/secure.gravatar.com\\\/avatar\\\/e3f271e90e735cdc34557ef9b92be1ad6f15d5bac04b51fa3cd10b4c11dac25e?s=96&d=mm&r=g\",\"contentUrl\":\"https:\\\/\\\/secure.gravatar.com\\\/avatar\\\/e3f271e90e735cdc34557ef9b92be1ad6f15d5bac04b51fa3cd10b4c11dac25e?s=96&d=mm&r=g\",\"caption\":\"Roberto\"},\"url\":\"https:\\\/\\\/lacortedimarga.com\\\/de\\\/author\\\/roberto\\\/\"},{\"@type\":\"Question\",\"@id\":\"https:\\\/\\\/lacortedimarga.com\\\/artigianato-vivo-2026-cison-di-valmarino\\\/#faq-question-1786001021170\",\"position\":1,\"url\":\"https:\\\/\\\/lacortedimarga.com\\\/artigianato-vivo-2026-cison-di-valmarino\\\/#faq-question-1786001021170\",\"name\":\"Quando si svolge Artigianato Vivo 2026?\",\"answerCount\":1,\"acceptedAnswer\":{\"@type\":\"Answer\",\"text\":\"Dall'8 al 16 agosto 2026 a Cison di Valmarino, con orari 17.00-23.30 nei giorni feriali e 10.00-23.30 nei giorni festivi (9, 15 e 16 agosto).\",\"inLanguage\":\"de\"},\"inLanguage\":\"de\"},{\"@type\":\"Question\",\"@id\":\"https:\\\/\\\/lacortedimarga.com\\\/artigianato-vivo-2026-cison-di-valmarino\\\/#faq-question-1786001112852\",\"position\":2,\"url\":\"https:\\\/\\\/lacortedimarga.com\\\/artigianato-vivo-2026-cison-di-valmarino\\\/#faq-question-1786001112852\",\"name\":\"Quanto dista Cison di Valmarino da La Corte di Marga?\",\"answerCount\":1,\"acceptedAnswer\":{\"@type\":\"Answer\",\"text\":\"Circa 10 minuti d'auto, 5,4 km: la struttura si trova a Miane, nel cuore delle Colline del Prosecco.\",\"inLanguage\":\"de\"},\"inLanguage\":\"de\"},{\"@type\":\"Question\",\"@id\":\"https:\\\/\\\/lacortedimarga.com\\\/artigianato-vivo-2026-cison-di-valmarino\\\/#faq-question-1786001210147\",\"position\":3,\"url\":\"https:\\\/\\\/lacortedimarga.com\\\/artigianato-vivo-2026-cison-di-valmarino\\\/#faq-question-1786001210147\",\"name\":\"L'ingresso alla manifestazione \u00e8 gratuito?\",\"answerCount\":1,\"acceptedAnswer\":{\"@type\":\"Answer\",\"text\":\"Negli ultimi anni l'accesso al percorso espositivo \u00e8 stato generalmente libero, anche se in alcune edizioni \u00e8 stato richiesto un piccolo contributo simbolico (3\u20ac nel 2025) Per la prossima edizione ti consigliamo di verificare le condizioni aggiornate sul sito ufficiale artigianatovivo.it prima della visita.\",\"inLanguage\":\"de\"},\"inLanguage\":\"de\"},{\"@type\":\"Question\",\"@id\":\"https:\\\/\\\/lacortedimarga.com\\\/artigianato-vivo-2026-cison-di-valmarino\\\/#faq-question-1786001313631\",\"position\":4,\"url\":\"https:\\\/\\\/lacortedimarga.com\\\/artigianato-vivo-2026-cison-di-valmarino\\\/#faq-question-1786001313631\",\"name\":\"C'\u00e8 un evento enogastronomico da non perdere?\",\"answerCount\":1,\"acceptedAnswer\":{\"@type\":\"Answer\",\"text\":\"S\u00ec, la tradizionale Giornata dello Spiedo: nei giorni 9, 12, 15 e 16 agosto i Maestri Cisonesi dello spiedo lo preparano dal vivo, degustabile presso i punti di ristoro della manifestazione.\",\"inLanguage\":\"de\"},\"inLanguage\":\"de\"}]}<\/script>\n<!-- \/ Yoast SEO plugin. -->","yoast_head_json":{"title":"Artigianato Vivo 2026 in Cison: Leitfaden und Unterk\u00fcnfte","description":"Artigianato Vivo 2026 in Cison di Valmarino, 8.\u201316. August: Programm, Bereiche und H\u00f6hepunkte. Wo man in 10 Minuten schl\u00e4ft, im La Corte di Marga in Miane.","robots":{"index":"index","follow":"follow","max-snippet":"max-snippet:-1","max-image-preview":"max-image-preview:large","max-video-preview":"max-video-preview:-1"},"canonical":"https:\/\/lacortedimarga.com\/de\/artigianato-vivo-2026-cison-di-valmarino\/","og_locale":"de_DE","og_type":"article","og_title":"Artigianato Vivo 2026 a Cison: guida e dove dormire","og_description":"Artigianato Vivo 2026 a Cison di Valmarino, 8-16 agosto: programma, spazi ed eventi clou. Dove dormire a 10 minuti, a La Corte di Marga a Miane.","og_url":"https:\/\/lacortedimarga.com\/de\/artigianato-vivo-2026-cison-di-valmarino\/","og_site_name":"La Corte di Marga","article_publisher":"https:\/\/www.facebook.com\/lacortedimarga","article_published_time":"2026-08-06T07:43:12+00:00","article_modified_time":"2026-08-28T15:27:08+00:00","og_image":[{"width":1200,"height":628,"url":"https:\/\/lacortedimarga.com\/wp-content\/uploads\/2026\/08\/foto_1_locandina_artigianato_vivo.jpg","type":"image\/jpeg"}],"author":"Roberto","twitter_card":"summary_large_image","twitter_misc":{"Verfasst von":"Roberto","Gesch\u00e4tzte Lesezeit":"5\u00a0Minuten"},"schema":{"@context":"https:\/\/schema.org","@graph":[{"@type":"Article","@id":"https:\/\/lacortedimarga.com\/artigianato-vivo-2026-cison-di-valmarino\/#article","isPartOf":{"@id":"https:\/\/lacortedimarga.com\/artigianato-vivo-2026-cison-di-valmarino\/"},"author":{"name":"Roberto","@id":"https:\/\/lacortedimarga.com\/#\/schema\/person\/35b8aa132ce672c39a5ece2e9b43b967"},"headline":"Artigianato Vivo 2026 a Cison di Valmarino: la guida per chi soggiorna a Miane","datePublished":"2026-08-06T07:43:12+00:00","dateModified":"2026-08-28T15:27:08+00:00","mainEntityOfPage":{"@id":"https:\/\/lacortedimarga.com\/artigianato-vivo-2026-cison-di-valmarino\/"},"wordCount":766,"publisher":{"@id":"https:\/\/lacortedimarga.com\/#organization"},"image":{"@id":"https:\/\/lacortedimarga.com\/artigianato-vivo-2026-cison-di-valmarino\/#primaryimage"},"thumbnailUrl":"https:\/\/lacortedimarga.com\/wp-content\/uploads\/2026\/08\/foto_1_locandina_artigianato_vivo.jpg","keywords":["#CollineProsecco","#EsperienzaInCorte","#FieraArtigianatoCison #blog","#LaCortediMarga","#LaCorteDiMargaBlog","#ProseccoHillsHolidays","#RobertoLaRosaHost","#UNESCOHeritage"],"articleSection":["Anima &amp; Cultura: Slow Travel e Storia","Gusto &amp; Tradizione: L'Eccellenza Enogastronomica"],"inLanguage":"de"},{"@type":["WebPage","FAQPage"],"@id":"https:\/\/lacortedimarga.com\/artigianato-vivo-2026-cison-di-valmarino\/","url":"https:\/\/lacortedimarga.com\/artigianato-vivo-2026-cison-di-valmarino\/","name":"Artigianato Vivo 2026 in Cison: Leitfaden und Unterk\u00fcnfte","isPartOf":{"@id":"https:\/\/lacortedimarga.com\/#website"},"primaryImageOfPage":{"@id":"https:\/\/lacortedimarga.com\/artigianato-vivo-2026-cison-di-valmarino\/#primaryimage"},"image":{"@id":"https:\/\/lacortedimarga.com\/artigianato-vivo-2026-cison-di-valmarino\/#primaryimage"},"thumbnailUrl":"https:\/\/lacortedimarga.com\/wp-content\/uploads\/2026\/08\/foto_1_locandina_artigianato_vivo.jpg","datePublished":"2026-08-06T07:43:12+00:00","dateModified":"2026-08-28T15:27:08+00:00","description":"Artigianato Vivo 2026 in Cison di Valmarino, 8.\u201316. August: Programm, Bereiche und H\u00f6hepunkte. Wo man in 10 Minuten schl\u00e4ft, im La Corte di Marga in Miane.","breadcrumb":{"@id":"https:\/\/lacortedimarga.com\/artigianato-vivo-2026-cison-di-valmarino\/#breadcrumb"},"mainEntity":[{"@id":"https:\/\/lacortedimarga.com\/artigianato-vivo-2026-cison-di-valmarino\/#faq-question-1786001021170"},{"@id":"https:\/\/lacortedimarga.com\/artigianato-vivo-2026-cison-di-valmarino\/#faq-question-1786001112852"},{"@id":"https:\/\/lacortedimarga.com\/artigianato-vivo-2026-cison-di-valmarino\/#faq-question-1786001210147"},{"@id":"https:\/\/lacortedimarga.com\/artigianato-vivo-2026-cison-di-valmarino\/#faq-question-1786001313631"}],"inLanguage":"de","potentialAction":[{"@type":"ReadAction","target":["https:\/\/lacortedimarga.com\/artigianato-vivo-2026-cison-di-valmarino\/"]}]},{"@type":"ImageObject","inLanguage":"de","@id":"https:\/\/lacortedimarga.com\/artigianato-vivo-2026-cison-di-valmarino\/#primaryimage","url":"https:\/\/lacortedimarga.com\/wp-content\/uploads\/2026\/08\/foto_1_locandina_artigianato_vivo.jpg","contentUrl":"https:\/\/lacortedimarga.com\/wp-content\/uploads\/2026\/08\/foto_1_locandina_artigianato_vivo.jpg","width":1200,"height":628,"caption":"La locandina ufficiale di Artigianato Vivo 2026, 45\u00aa rassegna a Cison di Valmarino (8-16 agosto)"},{"@type":"BreadcrumbList","@id":"https:\/\/lacortedimarga.com\/artigianato-vivo-2026-cison-di-valmarino\/#breadcrumb","itemListElement":[{"@type":"ListItem","position":1,"name":"Home","item":"https:\/\/lacortedimarga.com\/"},{"@type":"ListItem","position":2,"name":"Artigianato Vivo 2026 a Cison di Valmarino: la guida per chi soggiorna a Miane"}]},{"@type":"WebSite","@id":"https:\/\/lacortedimarga.com\/#website","url":"https:\/\/lacortedimarga.com\/","name":"Der Hof von Marga","description":"Prosecco Hills Ferien","publisher":{"@id":"https:\/\/lacortedimarga.com\/#organization"},"potentialAction":[{"@type":"SearchAction","target":{"@type":"EntryPoint","urlTemplate":"https:\/\/lacortedimarga.com\/?s={search_term_string}"},"query-input":{"@type":"PropertyValueSpecification","valueRequired":true,"valueName":"search_term_string"}}],"inLanguage":"de"},{"@type":"Organization","@id":"https:\/\/lacortedimarga.com\/#organization","name":"Der Hof von Marga","url":"https:\/\/lacortedimarga.com\/","logo":{"@type":"ImageObject","inLanguage":"de","@id":"https:\/\/lacortedimarga.com\/#\/schema\/logo\/image\/","url":"https:\/\/lacortedimarga.com\/wp-content\/uploads\/2025\/06\/logo-corti-di-marga.webp","contentUrl":"https:\/\/lacortedimarga.com\/wp-content\/uploads\/2025\/06\/logo-corti-di-marga.webp","width":955,"height":529,"caption":"La Corte di Marga"},"image":{"@id":"https:\/\/lacortedimarga.com\/#\/schema\/logo\/image\/"},"sameAs":["https:\/\/www.facebook.com\/lacortedimarga","https:\/\/www.instagram.com\/la_corte_di_marga\/","https:\/\/www.tiktok.com\/@lacortedimarga","https:\/\/www.youtube.com\/@lacortedimargaofficial","https:\/\/www.linkedin.com\/company\/la-corte-di-marga-prosecco-hills-holiday"]},{"@type":"Person","@id":"https:\/\/lacortedimarga.com\/#\/schema\/person\/35b8aa132ce672c39a5ece2e9b43b967","name":"Roberto","image":{"@type":"ImageObject","inLanguage":"de","@id":"https:\/\/secure.gravatar.com\/avatar\/e3f271e90e735cdc34557ef9b92be1ad6f15d5bac04b51fa3cd10b4c11dac25e?s=96&d=mm&r=g","url":"https:\/\/secure.gravatar.com\/avatar\/e3f271e90e735cdc34557ef9b92be1ad6f15d5bac04b51fa3cd10b4c11dac25e?s=96&d=mm&r=g","contentUrl":"https:\/\/secure.gravatar.com\/avatar\/e3f271e90e735cdc34557ef9b92be1ad6f15d5bac04b51fa3cd10b4c11dac25e?s=96&d=mm&r=g","caption":"Roberto"},"url":"https:\/\/lacortedimarga.com\/de\/author\/roberto\/"},{"@type":"Question","@id":"https:\/\/lacortedimarga.com\/artigianato-vivo-2026-cison-di-valmarino\/#faq-question-1786001021170","position":1,"url":"https:\/\/lacortedimarga.com\/artigianato-vivo-2026-cison-di-valmarino\/#faq-question-1786001021170","name":"Wann findet Artigianato Vivo 2026 statt?","answerCount":1,"acceptedAnswer":{"@type":"Answer","text":"Dall'8 al 16 agosto 2026 a Cison di Valmarino, con orari 17.00-23.30 nei giorni feriali e 10.00-23.30 nei giorni festivi (9, 15 e 16 agosto).","inLanguage":"de"},"inLanguage":"de"},{"@type":"Question","@id":"https:\/\/lacortedimarga.com\/artigianato-vivo-2026-cison-di-valmarino\/#faq-question-1786001112852","position":2,"url":"https:\/\/lacortedimarga.com\/artigianato-vivo-2026-cison-di-valmarino\/#faq-question-1786001112852","name":"Wie weit ist Cison di Valmarino von La Corte di Marga entfernt?","answerCount":1,"acceptedAnswer":{"@type":"Answer","text":"Circa 10 minuti d'auto, 5,4 km: la struttura si trova a Miane, nel cuore delle Colline del Prosecco.","inLanguage":"de"},"inLanguage":"de"},{"@type":"Question","@id":"https:\/\/lacortedimarga.com\/artigianato-vivo-2026-cison-di-valmarino\/#faq-question-1786001210147","position":3,"url":"https:\/\/lacortedimarga.com\/artigianato-vivo-2026-cison-di-valmarino\/#faq-question-1786001210147","name":"Ist der Eintritt zur Veranstaltung frei?","answerCount":1,"acceptedAnswer":{"@type":"Answer","text":"Negli ultimi anni l'accesso al percorso espositivo \u00e8 stato generalmente libero, anche se in alcune edizioni \u00e8 stato richiesto un piccolo contributo simbolico (3\u20ac nel 2025) Per la prossima edizione ti consigliamo di verificare le condizioni aggiornate sul sito ufficiale artigianatovivo.it prima della visita.","inLanguage":"de"},"inLanguage":"de"},{"@type":"Question","@id":"https:\/\/lacortedimarga.com\/artigianato-vivo-2026-cison-di-valmarino\/#faq-question-1786001313631","position":4,"url":"https:\/\/lacortedimarga.com\/artigianato-vivo-2026-cison-di-valmarino\/#faq-question-1786001313631","name":"Gibt es eine kulinarische Veranstaltung, die man nicht verpassen sollte?","answerCount":1,"acceptedAnswer":{"@type":"Answer","text":"S\u00ec, la tradizionale Giornata dello Spiedo: nei giorni 9, 12, 15 e 16 agosto i Maestri Cisonesi dello spiedo lo preparano dal vivo, degustabile presso i punti di ristoro della manifestazione.","inLanguage":"de"},"inLanguage":"de"}]}},"_links":{"self":[{"href":"https:\/\/lacortedimarga.com\/de\/wp-json\/wp\/v2\/posts\/2760","targetHints":{"allow":["GET"]}}],"collection":[{"href":"https:\/\/lacortedimarga.com\/de\/wp-json\/wp\/v2\/posts"}],"about":[{"href":"https:\/\/lacortedimarga.com\/de\/wp-json\/wp\/v2\/types\/post"}],"author":[{"embeddable":true,"href":"https:\/\/lacortedimarga.com\/de\/wp-json\/wp\/v2\/users\/3"}],"replies":[{"embeddable":true,"href":"https:\/\/lacortedimarga.com\/de\/wp-json\/wp\/v2\/comments?post=2760"}],"version-history":[{"count":5,"href":"https:\/\/lacortedimarga.com\/de\/wp-json\/wp\/v2\/posts\/2760\/revisions"}],"predecessor-version":[{"id":3044,"href":"https:\/\/lacortedimarga.com\/de\/wp-json\/wp\/v2\/posts\/2760\/revisions\/3044"}],"wp:featuredmedia":[{"embeddable":true,"href":"https:\/\/lacortedimarga.com\/de\/wp-json\/wp\/v2\/media\/2761"}],"wp:attachment":[{"href":"https:\/\/lacortedimarga.com\/de\/wp-json\/wp\/v2\/media?parent=2760"}],"wp:term":[{"taxonomy":"category","embeddable":true,"href":"https:\/\/lacortedimarga.com\/de\/wp-json\/wp\/v2\/categories?post=2760"},{"taxonomy":"post_tag","embeddable":true,"href":"https:\/\/lacortedimarga.com\/de\/wp-json\/wp\/v2\/tags?post=2760"}],"curies":[{"name":"wp","href":"https:\/\/api.w.org\/{rel}","templated":true}]}}