{"id":2767,"date":"2026-08-07T13:53:19","date_gmt":"2026-08-07T13:53:19","guid":{"rendered":"https:\/\/lacortedimarga.com\/?p=2767"},"modified":"2026-08-29T17:59:46","modified_gmt":"2026-08-29T17:59:46","slug":"hohlen-von-caglieron-wanderung-familien-miane","status":"publish","type":"post","link":"https:\/\/lacortedimarga.com\/de\/grotte-del-caglieron-trekking-famiglie-miane\/","title":{"rendered":"Die Grotte del Caglieron: Die h\u00e4ngende Schlucht nur einen Katzensprung von La Corte di Marga entfernt"},"content":{"rendered":"<p>Die Grotte del Caglieron sind eine vom Wildbach Caglieron in das Gebiet von Fregona (Provinz Treviso) gegrabene Schlucht, die das ganze Jahr \u00fcber auf einem etwa 1 km langen Rundweg besucht werden kann, der \u00fcber H\u00e4ngebr\u00fccken aus Holz zwischen geschichteten Felsw\u00e4nden, kleinen Wasserf\u00e4llen und alten Steinbr\u00fcchen f\u00fchrt: Es gen\u00fcgen etwa eine Stunde Fu\u00dfmarsch, ein Ticket zu 4 \u20ac (unter 12 Jahren kostenlos) und ein Paar Schuhe mit einer ordentlichen Sohle. Von La Corte di Marga in Miane aus sind sie in etwa 20 bis 25 Autominuten \u00fcber Vittorio Veneto zu erreichen.<\/p>\n\n\n\n<h2 class=\"wp-block-heading\">Was die Caglieron-H\u00f6hlen wirklich sind<\/h2>\n\n\n\n<p>Trotz ihres Namens sind es keine Karsth\u00f6hlen im engeren Sinne: Sie sind eine vom Wildbach Caglieron in den Sandstein gegrabene Schlucht, die im Laufe der Jahrhunderte vom Menschen erweitert wurde, um den Stein abzubauen, der f\u00fcr den Bau eines Gro\u00dfteils der D\u00f6rfer in der Umgebung verwendet wurde. Das Ergebnis ist eine Landschaft, die das Halbnat\u00fcrliche mit dem K\u00fcnstlich Geschaffenen verbindet: geschichtete W\u00e4nde, die wie gezeichnet wirken, Holzstege, die dem Verlauf der Schlucht folgen, und am Ende des Weges die Caglieron-M\u00fchle und das Borgo dello Scalpellino (Steinmetzdorf), zwei Zeugnisse der lokalen Industriekultur.<\/p>\n\n\n\n<h2 class=\"wp-block-heading\">Zusammenfassung der Wanderung<\/h2>\n\n\n\n<ul class=\"wp-block-list\">\n<li>Routentyp: Rundweg, fast vollst\u00e4ndig auf Holzstegen<\/li>\n\n\n\n<li>L\u00e4nge: ca. 1 km<\/li>\n\n\n\n<li>Dauer: ca. 1 Stunde ohne Stopps, 1,5-2 Stunden mit Fotopausen<\/li>\n\n\n\n<li>Schwierigkeit: T \u2013 leicht, aber der Boden ist abschnittsweise feucht und rutschig; geschlossene Schuhe mit rutschfester Sohle empfohlen<\/li>\n\n\n\n<li>H\u00f6henunterschied: gering, aber mit Stufen und Auf- und Abstiegen<\/li>\n\n\n\n<li>F\u00fcr Familien\/Kinder geeignet: ja, aber nur Kinder, die bereits sicher auf Treppen und Stegen gehen \u2014 es ist kein Weg f\u00fcr Kinder, die noch getragen werden m\u00fcssen, es sei denn in einer Tragehilfe<\/li>\n\n\n\n<li>Empfohlenes Mindestalter: keine offizielle Altersgrenze durch den Park angegeben; freier Eintritt bis einschlie\u00dflich 12 Jahren in Begleitung; f\u00fcr die Kleinsten wird eine Kraxe\/Babytrage empfohlen<\/li>\n\n\n\n<li>Kinderwagen: nein \u2014 der Weg ist weder f\u00fcr Kinderwagen noch f\u00fcr Rollst\u00fchle zug\u00e4nglich (Treppen, Steigungen, unebener Boden)<\/li>\n\n\n\n<li>Sehensw\u00fcrdigkeiten f\u00fcr Kinder: Kleine Wasserf\u00e4lle direkt am Steg, in den Fels gegrabene H\u00f6hlen, die alte Wasserm\u00fchle, das Steinmetzdorf Borgo dello Scalpellino<\/li>\n\n\n\n<li>Eintritt: 4 \u20ac Vollpreis; kostenlos f\u00fcr Kinder bis 12 Jahre, Menschen mit Behinderung + 1 Begleitperson; Erm\u00e4\u00dfigung 20% f\u00fcr Mitglieder von Pro Loco\/FAI<\/li>\n\n\n\n<li>\u00d6ffnungszeiten (ab 1. Juni 2026): Werktage und Tage vor Feiertagen 9:30\u201317:00 Uhr (letzter Einlass); Sonn- und Feiertage 9:30\u201318:00 Uhr (letzter Einlass) \u2014 bitte \u00fcberpr\u00fcfen Sie eventuelle \u00c4nderungen auf der offiziellen Website der Gemeinde Fregona<\/li>\n\n\n\n<li>Reservierung: f\u00fcr Einzelpersonen\/Familien nicht erforderlich; nur f\u00fcr Gruppen ab 20 Personen obligatorisch<\/li>\n<\/ul>\n\n\n\n<h2 class=\"wp-block-heading\">Wie man von La Corte di Marga dorthin gelangt<\/h2>\n\n\n\n<p>Mit dem Auto f\u00fchrt der direkteste Weg \u00fcber Vittorio Veneto: Man verl\u00e4sst die Unterkunft in Richtung Follina\/Vittorio Veneto und f\u00e4hrt weiter in Richtung Fregona, wobei man der Beschilderung zum Parco Grotte del Caglieron folgt (kostenlose Parkpl\u00e4tze im Ortsteil Piai, etwa 700 Meter vom Eingang entfernt; geb\u00fchrenpflichtige Parkpl\u00e4tze ganz in der N\u00e4he in der Via Ronzon und der Via Grotte del Caglieron). In der Hauptsaison, an einigen Sonntagen im Sommer, ist zudem ein kostenloser Shuttlebus-Service ab dem Zentrum von Fregona in Betrieb: Der genaue Fahrplan muss von Jahr zu Jahr auf der Website der Gemeinde best\u00e4tigt werden, da er sich gegen\u00fcber den Vorjahren \u00e4ndert.<\/p>\n\n\n\n<h2 class=\"wp-block-heading\">Warum dieser Ausflug gut zu einem Aufenthalt auf der Corte di Marga passt<\/h2>\n\n\n\n<p>Wer in Miane inmitten der Prosecco-H\u00fcgel \u00fcbernachtet, denkt oft nur an Weinberge und Weinproben: Die Grotte del Caglieron sind die einfachste M\u00f6glichkeit, einem ansonsten aus Sonne und Rebzeilen bestehenden Reiserplan einen k\u00fchlen Vormittag hinzuzuf\u00fcgen \u2013 buchst\u00e4blich, denn in der Schlucht ist die Temperatur immer niedriger als drau\u00dfen. Es ist ein Ausflug, der sowohl f\u00fcr Familien mit Kindern, die bereits sicher zu Fu\u00df sind, gut funktioniert als auch f\u00fcr diejenigen, die einfach eine Stunde lang eine andere Aussicht suchen, vielleicht kombiniert mit einem Mittagessen auf dem R\u00fcckweg zur Abtei von Follina, die auf halber Strecke liegt. Bei der R\u00fcckkehr sind der gemeinsame Garten und der Pool von La Corte di Marga genau der richtige Ort, um bei allen das Adrenalin des Spaziergangs \u00fcber die H\u00e4ngebr\u00fccken abzubauen. Wenn du nach einem weiteren einfachen Spaziergang f\u00fcr Familien in der Gegend suchst, wirf auch einen Blick auf <a href=\"https:\/\/lacortedimarga.com\/de\/anello-di-cansiglio-fur-kinder\/\">zum Cansiglio-Ring<\/a>.<\/p>\n\n\n\n<div class=\"schema-faq wp-block-yoast-faq-block\"><div class=\"schema-faq-section\" id=\"faq-question-17880263846730\"><strong class=\"schema-faq-question\">Sind die Grotte del Caglieron f\u00fcr kleine Kinder geeignet?<\/strong> <p class=\"schema-faq-answer\">Ja, aber nur, wenn sie bereits selbstst\u00e4ndig gehen: Der Weg ist nicht f\u00fcr Kinderwagen geeignet und umfasst Treppen, H\u00f6henunterschiede und Stege. F\u00fcr die Kleinsten wird eine Babytrage oder ein Kindertragen-Rucksack empfohlen. Der Eintritt ist bis 12 Jahre in Begleitung eines Erwachsenen kostenlos.<\/p> <\/div> <div class=\"schema-faq-section\" id=\"faq-question-17880263846731\"><strong class=\"schema-faq-question\">Wie viel kostet das Ticket und muss man reservieren?<\/strong> <p class=\"schema-faq-answer\">Das Vorkriegsticket kostet 4\u20ac, frei bis 12 Jahre, f\u00fcr Menschen mit Behinderung und eine Begleitperson sowie f\u00fcr die Einwohner von Fregona. F\u00fcr Familien und kleine Gruppen ist keine Reservierung erforderlich: Eine Reservierung ist nur f\u00fcr Gruppen von mehr als 20 Personen obligatorisch.<\/p> <\/div> <div class=\"schema-faq-section\" id=\"faq-question-17880263846732\"><strong class=\"schema-faq-question\">Wie weit ist der Park von La Corte di Marga entfernt?<\/strong> <p class=\"schema-faq-answer\">Mit dem Auto, \u00fcber Vittorio Veneto, ca. 20-25 Minuten: Es empfiehlt sich dennoch, vor der Abfahrt die aktuellste Route mit einem Navigationsger\u00e4t zu \u00fcberpr\u00fcfen.<\/p> <\/div> <div class=\"schema-faq-section\" id=\"faq-question-17880263846733\"><strong class=\"schema-faq-question\">Wie lange dauert der Besuch?<\/strong> <p class=\"schema-faq-answer\">Der Rundweg ist etwa 1 km lang und dauert zu Fu\u00df durchschnittlich eine Stunde, aber mit Fotostopps und einem gem\u00fctlichen Besuch der M\u00fchle und des Steinmetzdorfes kommt man leicht auf 1,5 bis 2 Stunden.<\/p> <\/div> <\/div>\n\n\n\n<p><a href=\"https:\/\/lacortedimarga.bookpage.io\">Buchen Sie Ihren Aufenthalt <\/a>a <a href=\"https:\/\/lacortedimarga.com\/de\/\">Der Hof von Marga <\/a>und nutzen Sie Miane als Ausgangspunkt, um die H\u00f6hlen von Caglieron und den Rest der Prosecco-H\u00fcgel zu erreichen.<\/p>\n\n\n\n<p><\/p>","protected":false},"excerpt":{"rendered":"<p>Le Grotte del Caglieron sono una forra scavata dal torrente Caglieron nel territorio di Fregona (TV), visitabile tutto l&#8217;anno lungo un anello di circa 1 km attraversato da passerelle di legno sospese tra pareti di roccia stratificata, cascatelle e vecchie cave di pietra: bastano circa un&#8217;ora di cammino, un biglietto da 4\u20ac (gratis sotto i [&hellip;]<\/p>\n","protected":false},"author":3,"featured_media":2769,"comment_status":"closed","ping_status":"open","sticky":false,"template":"","format":"standard","meta":{"_breakdance_hide_in_design_set":false,"_breakdance_tags":"","footnotes":""},"categories":[114],"tags":[234,233,229,230,231,235,232],"class_list":["post-2767","post","type-post","status-publish","format-standard","has-post-thumbnail","hentry","category-escursioni-a-piedi","tag-fregona","tag-grottedelcaglieron","tag-lacortedimarga-2","tag-proseccohillsholidays-3","tag-robertolarosahost-2","tag-trekkingfamiglie","tag-unescoheritage-2"],"yoast_head":"<!-- This site is optimized with the Yoast SEO plugin v28.2 - https:\/\/yoast.com\/product\/yoast-seo-wordpress\/ -->\n<title>Le Grotte del Caglieron: trekking per famiglie vicino a Miane<\/title>\n<meta name=\"description\" content=\"Guida alle Grotte del Caglieron a Fregona: percorso, orari 2026, prezzi e consigli per famiglie. A pochi km da La Corte di Marga, Colline del Prosecco.\" \/>\n<meta name=\"robots\" content=\"index, follow, max-snippet:-1, max-image-preview:large, max-video-preview:-1\" \/>\n<link rel=\"canonical\" href=\"https:\/\/lacortedimarga.com\/de\/hohlen-von-caglieron-wanderung-familien-miane\/\" \/>\n<meta property=\"og:locale\" content=\"de_DE\" \/>\n<meta property=\"og:type\" content=\"article\" \/>\n<meta property=\"og:title\" content=\"Le Grotte del Caglieron: trekking per famiglie vicino a Miane\" \/>\n<meta property=\"og:description\" content=\"Guida alle Grotte del Caglieron a Fregona: percorso, orari 2026, prezzi e consigli per famiglie. A pochi km da La Corte di Marga, Colline del Prosecco.\" \/>\n<meta property=\"og:url\" content=\"https:\/\/lacortedimarga.com\/de\/hohlen-von-caglieron-wanderung-familien-miane\/\" \/>\n<meta property=\"og:site_name\" content=\"La Corte di Marga\" \/>\n<meta property=\"article:publisher\" content=\"https:\/\/www.facebook.com\/lacortedimarga\" \/>\n<meta property=\"article:published_time\" content=\"2026-08-07T13:53:19+00:00\" \/>\n<meta property=\"article:modified_time\" content=\"2026-08-29T17:59:46+00:00\" \/>\n<meta property=\"og:image\" content=\"https:\/\/lacortedimarga.com\/wp-content\/uploads\/2026\/08\/grotte-del-caglieron.webp\" \/>\n\t<meta property=\"og:image:width\" content=\"1500\" \/>\n\t<meta property=\"og:image:height\" content=\"848\" \/>\n\t<meta property=\"og:image:type\" content=\"image\/webp\" \/>\n<meta name=\"author\" content=\"Roberto\" \/>\n<meta name=\"twitter:card\" content=\"summary_large_image\" \/>\n<meta name=\"twitter:label1\" content=\"Verfasst von\" \/>\n\t<meta name=\"twitter:data1\" content=\"Roberto\" \/>\n\t<meta name=\"twitter:label2\" content=\"Gesch\u00e4tzte Lesezeit\" \/>\n\t<meta name=\"twitter:data2\" content=\"5\u00a0Minuten\" \/>\n<script type=\"application\/ld+json\" class=\"yoast-schema-graph\">{\"@context\":\"https:\\\/\\\/schema.org\",\"@graph\":[{\"@type\":\"Article\",\"@id\":\"https:\\\/\\\/lacortedimarga.com\\\/grotte-del-caglieron-trekking-famiglie-miane\\\/#article\",\"isPartOf\":{\"@id\":\"https:\\\/\\\/lacortedimarga.com\\\/grotte-del-caglieron-trekking-famiglie-miane\\\/\"},\"author\":{\"name\":\"Roberto\",\"@id\":\"https:\\\/\\\/lacortedimarga.com\\\/#\\\/schema\\\/person\\\/35b8aa132ce672c39a5ece2e9b43b967\"},\"headline\":\"Le Grotte del Caglieron: la forra sospesa a due passi da La Corte di Marga\",\"datePublished\":\"2026-08-07T13:53:19+00:00\",\"dateModified\":\"2026-08-29T17:59:46+00:00\",\"mainEntityOfPage\":{\"@id\":\"https:\\\/\\\/lacortedimarga.com\\\/grotte-del-caglieron-trekking-famiglie-miane\\\/\"},\"wordCount\":830,\"publisher\":{\"@id\":\"https:\\\/\\\/lacortedimarga.com\\\/#organization\"},\"image\":{\"@id\":\"https:\\\/\\\/lacortedimarga.com\\\/grotte-del-caglieron-trekking-famiglie-miane\\\/#primaryimage\"},\"thumbnailUrl\":\"https:\\\/\\\/lacortedimarga.com\\\/wp-content\\\/uploads\\\/2026\\\/08\\\/grotte-del-caglieron.webp\",\"keywords\":[\"Fregona\",\"GrotteDelCaglieron\",\"LaCorteDiMarga\",\"ProseccoHillsHolidays\",\"RobertoLaRosaHost\",\"TrekkingFamiglie\",\"UNESCOHeritage\"],\"articleSection\":[\"Escursioni a piedi\"],\"inLanguage\":\"de\"},{\"@type\":[\"WebPage\",\"FAQPage\"],\"@id\":\"https:\\\/\\\/lacortedimarga.com\\\/grotte-del-caglieron-trekking-famiglie-miane\\\/\",\"url\":\"https:\\\/\\\/lacortedimarga.com\\\/grotte-del-caglieron-trekking-famiglie-miane\\\/\",\"name\":\"Le Grotte del Caglieron: trekking per famiglie vicino a Miane\",\"isPartOf\":{\"@id\":\"https:\\\/\\\/lacortedimarga.com\\\/#website\"},\"primaryImageOfPage\":{\"@id\":\"https:\\\/\\\/lacortedimarga.com\\\/grotte-del-caglieron-trekking-famiglie-miane\\\/#primaryimage\"},\"image\":{\"@id\":\"https:\\\/\\\/lacortedimarga.com\\\/grotte-del-caglieron-trekking-famiglie-miane\\\/#primaryimage\"},\"thumbnailUrl\":\"https:\\\/\\\/lacortedimarga.com\\\/wp-content\\\/uploads\\\/2026\\\/08\\\/grotte-del-caglieron.webp\",\"datePublished\":\"2026-08-07T13:53:19+00:00\",\"dateModified\":\"2026-08-29T17:59:46+00:00\",\"description\":\"Guida alle Grotte del Caglieron a Fregona: percorso, orari 2026, prezzi e consigli per famiglie. A pochi km da La Corte di Marga, Colline del Prosecco.\",\"breadcrumb\":{\"@id\":\"https:\\\/\\\/lacortedimarga.com\\\/grotte-del-caglieron-trekking-famiglie-miane\\\/#breadcrumb\"},\"mainEntity\":[{\"@id\":\"https:\\\/\\\/lacortedimarga.com\\\/grotte-del-caglieron-trekking-famiglie-miane\\\/#faq-question-17880263846730\"},{\"@id\":\"https:\\\/\\\/lacortedimarga.com\\\/grotte-del-caglieron-trekking-famiglie-miane\\\/#faq-question-17880263846731\"},{\"@id\":\"https:\\\/\\\/lacortedimarga.com\\\/grotte-del-caglieron-trekking-famiglie-miane\\\/#faq-question-17880263846732\"},{\"@id\":\"https:\\\/\\\/lacortedimarga.com\\\/grotte-del-caglieron-trekking-famiglie-miane\\\/#faq-question-17880263846733\"}],\"inLanguage\":\"de\",\"potentialAction\":[{\"@type\":\"ReadAction\",\"target\":[\"https:\\\/\\\/lacortedimarga.com\\\/grotte-del-caglieron-trekking-famiglie-miane\\\/\"]}]},{\"@type\":\"ImageObject\",\"inLanguage\":\"de\",\"@id\":\"https:\\\/\\\/lacortedimarga.com\\\/grotte-del-caglieron-trekking-famiglie-miane\\\/#primaryimage\",\"url\":\"https:\\\/\\\/lacortedimarga.com\\\/wp-content\\\/uploads\\\/2026\\\/08\\\/grotte-del-caglieron.webp\",\"contentUrl\":\"https:\\\/\\\/lacortedimarga.com\\\/wp-content\\\/uploads\\\/2026\\\/08\\\/grotte-del-caglieron.webp\",\"width\":1500,\"height\":848,\"caption\":\"aLe passerelle sospese del Parco Grotte del Caglieron, a pochi minuti da La Corte di Marga\"},{\"@type\":\"BreadcrumbList\",\"@id\":\"https:\\\/\\\/lacortedimarga.com\\\/grotte-del-caglieron-trekking-famiglie-miane\\\/#breadcrumb\",\"itemListElement\":[{\"@type\":\"ListItem\",\"position\":1,\"name\":\"Home\",\"item\":\"https:\\\/\\\/lacortedimarga.com\\\/\"},{\"@type\":\"ListItem\",\"position\":2,\"name\":\"Le Grotte del Caglieron: la forra sospesa a due passi da La Corte di Marga\"}]},{\"@type\":\"WebSite\",\"@id\":\"https:\\\/\\\/lacortedimarga.com\\\/#website\",\"url\":\"https:\\\/\\\/lacortedimarga.com\\\/\",\"name\":\"La Corte di Marga\",\"description\":\"Prosecco Hills Holidays\",\"publisher\":{\"@id\":\"https:\\\/\\\/lacortedimarga.com\\\/#organization\"},\"potentialAction\":[{\"@type\":\"SearchAction\",\"target\":{\"@type\":\"EntryPoint\",\"urlTemplate\":\"https:\\\/\\\/lacortedimarga.com\\\/?s={search_term_string}\"},\"query-input\":{\"@type\":\"PropertyValueSpecification\",\"valueRequired\":true,\"valueName\":\"search_term_string\"}}],\"inLanguage\":\"de\"},{\"@type\":\"Organization\",\"@id\":\"https:\\\/\\\/lacortedimarga.com\\\/#organization\",\"name\":\"La Corte di Marga\",\"url\":\"https:\\\/\\\/lacortedimarga.com\\\/\",\"logo\":{\"@type\":\"ImageObject\",\"inLanguage\":\"de\",\"@id\":\"https:\\\/\\\/lacortedimarga.com\\\/#\\\/schema\\\/logo\\\/image\\\/\",\"url\":\"https:\\\/\\\/lacortedimarga.com\\\/wp-content\\\/uploads\\\/2025\\\/06\\\/logo-corti-di-marga.webp\",\"contentUrl\":\"https:\\\/\\\/lacortedimarga.com\\\/wp-content\\\/uploads\\\/2025\\\/06\\\/logo-corti-di-marga.webp\",\"width\":955,\"height\":529,\"caption\":\"La Corte di Marga\"},\"image\":{\"@id\":\"https:\\\/\\\/lacortedimarga.com\\\/#\\\/schema\\\/logo\\\/image\\\/\"},\"sameAs\":[\"https:\\\/\\\/www.facebook.com\\\/lacortedimarga\",\"https:\\\/\\\/www.instagram.com\\\/la_corte_di_marga\\\/\",\"https:\\\/\\\/www.tiktok.com\\\/@lacortedimarga\",\"https:\\\/\\\/www.youtube.com\\\/@lacortedimargaofficial\",\"https:\\\/\\\/www.linkedin.com\\\/company\\\/la-corte-di-marga-prosecco-hills-holiday\"]},{\"@type\":\"Person\",\"@id\":\"https:\\\/\\\/lacortedimarga.com\\\/#\\\/schema\\\/person\\\/35b8aa132ce672c39a5ece2e9b43b967\",\"name\":\"Roberto\",\"image\":{\"@type\":\"ImageObject\",\"inLanguage\":\"de\",\"@id\":\"https:\\\/\\\/secure.gravatar.com\\\/avatar\\\/e3f271e90e735cdc34557ef9b92be1ad6f15d5bac04b51fa3cd10b4c11dac25e?s=96&d=mm&r=g\",\"url\":\"https:\\\/\\\/secure.gravatar.com\\\/avatar\\\/e3f271e90e735cdc34557ef9b92be1ad6f15d5bac04b51fa3cd10b4c11dac25e?s=96&d=mm&r=g\",\"contentUrl\":\"https:\\\/\\\/secure.gravatar.com\\\/avatar\\\/e3f271e90e735cdc34557ef9b92be1ad6f15d5bac04b51fa3cd10b4c11dac25e?s=96&d=mm&r=g\",\"caption\":\"Roberto\"},\"url\":\"https:\\\/\\\/lacortedimarga.com\\\/de\\\/author\\\/roberto\\\/\"},{\"@type\":\"Question\",\"@id\":\"https:\\\/\\\/lacortedimarga.com\\\/grotte-del-caglieron-trekking-famiglie-miane\\\/#faq-question-17880263846730\",\"position\":1,\"url\":\"https:\\\/\\\/lacortedimarga.com\\\/grotte-del-caglieron-trekking-famiglie-miane\\\/#faq-question-17880263846730\",\"name\":\"Le Grotte del Caglieron sono adatte a bambini piccoli?\",\"answerCount\":1,\"acceptedAnswer\":{\"@type\":\"Answer\",\"text\":\"S\u00ec, ma solo se camminano gi\u00e0 in autonomia: il percorso non \u00e8 adatto a passeggini e prevede scale, dislivelli e passerelle. Per i pi\u00f9 piccoli si consiglia un marsupio o uno zaino porta-bimbi. L'ingresso \u00e8 gratuito fino ai 12 anni se accompagnati da un adulto.\",\"inLanguage\":\"de\"},\"inLanguage\":\"de\"},{\"@type\":\"Question\",\"@id\":\"https:\\\/\\\/lacortedimarga.com\\\/grotte-del-caglieron-trekking-famiglie-miane\\\/#faq-question-17880263846731\",\"position\":2,\"url\":\"https:\\\/\\\/lacortedimarga.com\\\/grotte-del-caglieron-trekking-famiglie-miane\\\/#faq-question-17880263846731\",\"name\":\"Quanto costa il biglietto e serve prenotare?\",\"answerCount\":1,\"acceptedAnswer\":{\"@type\":\"Answer\",\"text\":\"Il biglietto intero costa 4\u20ac, gratuito fino a 12 anni, per le persone con disabilit\u00e0 e un accompagnatore, e per i residenti di Fregona. Per famiglie e piccoli gruppi non serve prenotare: la prenotazione \u00e8 obbligatoria solo per gruppi superiori a 20 persone.\",\"inLanguage\":\"de\"},\"inLanguage\":\"de\"},{\"@type\":\"Question\",\"@id\":\"https:\\\/\\\/lacortedimarga.com\\\/grotte-del-caglieron-trekking-famiglie-miane\\\/#faq-question-17880263846732\",\"position\":3,\"url\":\"https:\\\/\\\/lacortedimarga.com\\\/grotte-del-caglieron-trekking-famiglie-miane\\\/#faq-question-17880263846732\",\"name\":\"Quanto dista il parco da La Corte di Marga?\",\"answerCount\":1,\"acceptedAnswer\":{\"@type\":\"Answer\",\"text\":\"In auto, passando per Vittorio Veneto, circa 20-25 minuti: conviene comunque verificare il percorso pi\u00f9 aggiornato con un navigatore prima di partire.\",\"inLanguage\":\"de\"},\"inLanguage\":\"de\"},{\"@type\":\"Question\",\"@id\":\"https:\\\/\\\/lacortedimarga.com\\\/grotte-del-caglieron-trekking-famiglie-miane\\\/#faq-question-17880263846733\",\"position\":4,\"url\":\"https:\\\/\\\/lacortedimarga.com\\\/grotte-del-caglieron-trekking-famiglie-miane\\\/#faq-question-17880263846733\",\"name\":\"Quanto tempo serve per la visita?\",\"answerCount\":1,\"acceptedAnswer\":{\"@type\":\"Answer\",\"text\":\"Il percorso ad anello \u00e8 lungo circa 1 km e richiede in media un'ora a piedi, ma con soste fotografiche e una visita con calma al mulino e al borgo dello scalpellino si arriva facilmente a 1,5-2 ore.\",\"inLanguage\":\"de\"},\"inLanguage\":\"de\"}]}<\/script>\n<!-- \/ Yoast SEO plugin. -->","yoast_head_json":{"title":"Die Grotte del Caglieron: Familienwanderung in der N\u00e4he von Miane","description":"F\u00fchrer zu den Grotte del Caglieron in Fregona: Route, \u00d6ffnungszeiten 2026, Preise und Tipps f\u00fcr Familien. Nur wenige Kilometer von La Corte di Marga, Prosecco-H\u00fcgel, entfernt.","robots":{"index":"index","follow":"follow","max-snippet":"max-snippet:-1","max-image-preview":"max-image-preview:large","max-video-preview":"max-video-preview:-1"},"canonical":"https:\/\/lacortedimarga.com\/de\/hohlen-von-caglieron-wanderung-familien-miane\/","og_locale":"de_DE","og_type":"article","og_title":"Le Grotte del Caglieron: trekking per famiglie vicino a Miane","og_description":"Guida alle Grotte del Caglieron a Fregona: percorso, orari 2026, prezzi e consigli per famiglie. A pochi km da La Corte di Marga, Colline del Prosecco.","og_url":"https:\/\/lacortedimarga.com\/de\/hohlen-von-caglieron-wanderung-familien-miane\/","og_site_name":"La Corte di Marga","article_publisher":"https:\/\/www.facebook.com\/lacortedimarga","article_published_time":"2026-08-07T13:53:19+00:00","article_modified_time":"2026-08-29T17:59:46+00:00","og_image":[{"width":1500,"height":848,"url":"https:\/\/lacortedimarga.com\/wp-content\/uploads\/2026\/08\/grotte-del-caglieron.webp","type":"image\/webp"}],"author":"Roberto","twitter_card":"summary_large_image","twitter_misc":{"Verfasst von":"Roberto","Gesch\u00e4tzte Lesezeit":"5\u00a0Minuten"},"schema":{"@context":"https:\/\/schema.org","@graph":[{"@type":"Article","@id":"https:\/\/lacortedimarga.com\/grotte-del-caglieron-trekking-famiglie-miane\/#article","isPartOf":{"@id":"https:\/\/lacortedimarga.com\/grotte-del-caglieron-trekking-famiglie-miane\/"},"author":{"name":"Roberto","@id":"https:\/\/lacortedimarga.com\/#\/schema\/person\/35b8aa132ce672c39a5ece2e9b43b967"},"headline":"Le Grotte del Caglieron: la forra sospesa a due passi da La Corte di Marga","datePublished":"2026-08-07T13:53:19+00:00","dateModified":"2026-08-29T17:59:46+00:00","mainEntityOfPage":{"@id":"https:\/\/lacortedimarga.com\/grotte-del-caglieron-trekking-famiglie-miane\/"},"wordCount":830,"publisher":{"@id":"https:\/\/lacortedimarga.com\/#organization"},"image":{"@id":"https:\/\/lacortedimarga.com\/grotte-del-caglieron-trekking-famiglie-miane\/#primaryimage"},"thumbnailUrl":"https:\/\/lacortedimarga.com\/wp-content\/uploads\/2026\/08\/grotte-del-caglieron.webp","keywords":["Fregona","GrotteDelCaglieron","LaCorteDiMarga","ProseccoHillsHolidays","RobertoLaRosaHost","TrekkingFamiglie","UNESCOHeritage"],"articleSection":["Escursioni a piedi"],"inLanguage":"de"},{"@type":["WebPage","FAQPage"],"@id":"https:\/\/lacortedimarga.com\/grotte-del-caglieron-trekking-famiglie-miane\/","url":"https:\/\/lacortedimarga.com\/grotte-del-caglieron-trekking-famiglie-miane\/","name":"Die Grotte del Caglieron: Familienwanderung in der N\u00e4he von Miane","isPartOf":{"@id":"https:\/\/lacortedimarga.com\/#website"},"primaryImageOfPage":{"@id":"https:\/\/lacortedimarga.com\/grotte-del-caglieron-trekking-famiglie-miane\/#primaryimage"},"image":{"@id":"https:\/\/lacortedimarga.com\/grotte-del-caglieron-trekking-famiglie-miane\/#primaryimage"},"thumbnailUrl":"https:\/\/lacortedimarga.com\/wp-content\/uploads\/2026\/08\/grotte-del-caglieron.webp","datePublished":"2026-08-07T13:53:19+00:00","dateModified":"2026-08-29T17:59:46+00:00","description":"F\u00fchrer zu den Grotte del Caglieron in Fregona: Route, \u00d6ffnungszeiten 2026, Preise und Tipps f\u00fcr Familien. Nur wenige Kilometer von La Corte di Marga, Prosecco-H\u00fcgel, entfernt.","breadcrumb":{"@id":"https:\/\/lacortedimarga.com\/grotte-del-caglieron-trekking-famiglie-miane\/#breadcrumb"},"mainEntity":[{"@id":"https:\/\/lacortedimarga.com\/grotte-del-caglieron-trekking-famiglie-miane\/#faq-question-17880263846730"},{"@id":"https:\/\/lacortedimarga.com\/grotte-del-caglieron-trekking-famiglie-miane\/#faq-question-17880263846731"},{"@id":"https:\/\/lacortedimarga.com\/grotte-del-caglieron-trekking-famiglie-miane\/#faq-question-17880263846732"},{"@id":"https:\/\/lacortedimarga.com\/grotte-del-caglieron-trekking-famiglie-miane\/#faq-question-17880263846733"}],"inLanguage":"de","potentialAction":[{"@type":"ReadAction","target":["https:\/\/lacortedimarga.com\/grotte-del-caglieron-trekking-famiglie-miane\/"]}]},{"@type":"ImageObject","inLanguage":"de","@id":"https:\/\/lacortedimarga.com\/grotte-del-caglieron-trekking-famiglie-miane\/#primaryimage","url":"https:\/\/lacortedimarga.com\/wp-content\/uploads\/2026\/08\/grotte-del-caglieron.webp","contentUrl":"https:\/\/lacortedimarga.com\/wp-content\/uploads\/2026\/08\/grotte-del-caglieron.webp","width":1500,"height":848,"caption":"aLe passerelle sospese del Parco Grotte del Caglieron, a pochi minuti da La Corte di Marga"},{"@type":"BreadcrumbList","@id":"https:\/\/lacortedimarga.com\/grotte-del-caglieron-trekking-famiglie-miane\/#breadcrumb","itemListElement":[{"@type":"ListItem","position":1,"name":"Home","item":"https:\/\/lacortedimarga.com\/"},{"@type":"ListItem","position":2,"name":"Le Grotte del Caglieron: la forra sospesa a due passi da La Corte di Marga"}]},{"@type":"WebSite","@id":"https:\/\/lacortedimarga.com\/#website","url":"https:\/\/lacortedimarga.com\/","name":"Der Hof von Marga","description":"Prosecco Hills Ferien","publisher":{"@id":"https:\/\/lacortedimarga.com\/#organization"},"potentialAction":[{"@type":"SearchAction","target":{"@type":"EntryPoint","urlTemplate":"https:\/\/lacortedimarga.com\/?s={search_term_string}"},"query-input":{"@type":"PropertyValueSpecification","valueRequired":true,"valueName":"search_term_string"}}],"inLanguage":"de"},{"@type":"Organization","@id":"https:\/\/lacortedimarga.com\/#organization","name":"Der Hof von Marga","url":"https:\/\/lacortedimarga.com\/","logo":{"@type":"ImageObject","inLanguage":"de","@id":"https:\/\/lacortedimarga.com\/#\/schema\/logo\/image\/","url":"https:\/\/lacortedimarga.com\/wp-content\/uploads\/2025\/06\/logo-corti-di-marga.webp","contentUrl":"https:\/\/lacortedimarga.com\/wp-content\/uploads\/2025\/06\/logo-corti-di-marga.webp","width":955,"height":529,"caption":"La Corte di Marga"},"image":{"@id":"https:\/\/lacortedimarga.com\/#\/schema\/logo\/image\/"},"sameAs":["https:\/\/www.facebook.com\/lacortedimarga","https:\/\/www.instagram.com\/la_corte_di_marga\/","https:\/\/www.tiktok.com\/@lacortedimarga","https:\/\/www.youtube.com\/@lacortedimargaofficial","https:\/\/www.linkedin.com\/company\/la-corte-di-marga-prosecco-hills-holiday"]},{"@type":"Person","@id":"https:\/\/lacortedimarga.com\/#\/schema\/person\/35b8aa132ce672c39a5ece2e9b43b967","name":"Roberto","image":{"@type":"ImageObject","inLanguage":"de","@id":"https:\/\/secure.gravatar.com\/avatar\/e3f271e90e735cdc34557ef9b92be1ad6f15d5bac04b51fa3cd10b4c11dac25e?s=96&d=mm&r=g","url":"https:\/\/secure.gravatar.com\/avatar\/e3f271e90e735cdc34557ef9b92be1ad6f15d5bac04b51fa3cd10b4c11dac25e?s=96&d=mm&r=g","contentUrl":"https:\/\/secure.gravatar.com\/avatar\/e3f271e90e735cdc34557ef9b92be1ad6f15d5bac04b51fa3cd10b4c11dac25e?s=96&d=mm&r=g","caption":"Roberto"},"url":"https:\/\/lacortedimarga.com\/de\/author\/roberto\/"},{"@type":"Question","@id":"https:\/\/lacortedimarga.com\/grotte-del-caglieron-trekking-famiglie-miane\/#faq-question-17880263846730","position":1,"url":"https:\/\/lacortedimarga.com\/grotte-del-caglieron-trekking-famiglie-miane\/#faq-question-17880263846730","name":"Sind die Grotte del Caglieron f\u00fcr kleine Kinder geeignet?","answerCount":1,"acceptedAnswer":{"@type":"Answer","text":"S\u00ec, ma solo se camminano gi\u00e0 in autonomia: il percorso non \u00e8 adatto a passeggini e prevede scale, dislivelli e passerelle. Per i pi\u00f9 piccoli si consiglia un marsupio o uno zaino porta-bimbi. L'ingresso \u00e8 gratuito fino ai 12 anni se accompagnati da un adulto.","inLanguage":"de"},"inLanguage":"de"},{"@type":"Question","@id":"https:\/\/lacortedimarga.com\/grotte-del-caglieron-trekking-famiglie-miane\/#faq-question-17880263846731","position":2,"url":"https:\/\/lacortedimarga.com\/grotte-del-caglieron-trekking-famiglie-miane\/#faq-question-17880263846731","name":"Wie viel kostet das Ticket und muss man reservieren?","answerCount":1,"acceptedAnswer":{"@type":"Answer","text":"Il biglietto intero costa 4\u20ac, gratuito fino a 12 anni, per le persone con disabilit\u00e0 e un accompagnatore, e per i residenti di Fregona. Per famiglie e piccoli gruppi non serve prenotare: la prenotazione \u00e8 obbligatoria solo per gruppi superiori a 20 persone.","inLanguage":"de"},"inLanguage":"de"},{"@type":"Question","@id":"https:\/\/lacortedimarga.com\/grotte-del-caglieron-trekking-famiglie-miane\/#faq-question-17880263846732","position":3,"url":"https:\/\/lacortedimarga.com\/grotte-del-caglieron-trekking-famiglie-miane\/#faq-question-17880263846732","name":"Wie weit ist der Park von La Corte di Marga entfernt?","answerCount":1,"acceptedAnswer":{"@type":"Answer","text":"In auto, passando per Vittorio Veneto, circa 20-25 minuti: conviene comunque verificare il percorso pi\u00f9 aggiornato con un navigatore prima di partire.","inLanguage":"de"},"inLanguage":"de"},{"@type":"Question","@id":"https:\/\/lacortedimarga.com\/grotte-del-caglieron-trekking-famiglie-miane\/#faq-question-17880263846733","position":4,"url":"https:\/\/lacortedimarga.com\/grotte-del-caglieron-trekking-famiglie-miane\/#faq-question-17880263846733","name":"Wie lange dauert der Besuch?","answerCount":1,"acceptedAnswer":{"@type":"Answer","text":"Il percorso ad anello \u00e8 lungo circa 1 km e richiede in media un'ora a piedi, ma con soste fotografiche e una visita con calma al mulino e al borgo dello scalpellino si arriva facilmente a 1,5-2 ore.","inLanguage":"de"},"inLanguage":"de"}]}},"_links":{"self":[{"href":"https:\/\/lacortedimarga.com\/de\/wp-json\/wp\/v2\/posts\/2767","targetHints":{"allow":["GET"]}}],"collection":[{"href":"https:\/\/lacortedimarga.com\/de\/wp-json\/wp\/v2\/posts"}],"about":[{"href":"https:\/\/lacortedimarga.com\/de\/wp-json\/wp\/v2\/types\/post"}],"author":[{"embeddable":true,"href":"https:\/\/lacortedimarga.com\/de\/wp-json\/wp\/v2\/users\/3"}],"replies":[{"embeddable":true,"href":"https:\/\/lacortedimarga.com\/de\/wp-json\/wp\/v2\/comments?post=2767"}],"version-history":[{"count":3,"href":"https:\/\/lacortedimarga.com\/de\/wp-json\/wp\/v2\/posts\/2767\/revisions"}],"predecessor-version":[{"id":3054,"href":"https:\/\/lacortedimarga.com\/de\/wp-json\/wp\/v2\/posts\/2767\/revisions\/3054"}],"wp:featuredmedia":[{"embeddable":true,"href":"https:\/\/lacortedimarga.com\/de\/wp-json\/wp\/v2\/media\/2769"}],"wp:attachment":[{"href":"https:\/\/lacortedimarga.com\/de\/wp-json\/wp\/v2\/media?parent=2767"}],"wp:term":[{"taxonomy":"category","embeddable":true,"href":"https:\/\/lacortedimarga.com\/de\/wp-json\/wp\/v2\/categories?post=2767"},{"taxonomy":"post_tag","embeddable":true,"href":"https:\/\/lacortedimarga.com\/de\/wp-json\/wp\/v2\/tags?post=2767"}],"curies":[{"name":"wp","href":"https:\/\/api.w.org\/{rel}","templated":true}]}}