{"id":2798,"date":"2026-08-12T07:56:34","date_gmt":"2026-08-12T07:56:34","guid":{"rendered":"https:\/\/lacortedimarga.com\/?p=2798"},"modified":"2026-08-17T07:30:18","modified_gmt":"2026-08-17T07:30:18","slug":"piscina-oasi-azzurra-relax-la-corte-di-marga","status":"publish","type":"post","link":"https:\/\/lacortedimarga.com\/de\/piscina-oasi-azzurra-relax-la-corte-di-marga\/","title":{"rendered":"Die blaue Oase zwischen den H\u00fcgeln: Die wahre Entspannung unseres Pools"},"content":{"rendered":"<p><strong>Wir sind Roberto und Silvia, Ihre Gastgeber im La Corte di Marga<\/strong>, in Miane, im Herzen der Prosecco-H\u00fcgel, einem UNESCO-Weltkulturerbe. Wenn Sie uns fragen, was einen Aufenthalt hier so besonders macht, beginnt die Antwort oft bei unserem Pool: ein privater Wasserr\u00fcckzugsort, der ausschlie\u00dflich den G\u00e4sten unserer f\u00fcnf Unterk\u00fcnfte vorbehalten ist und von morgens bis abends ge\u00f6ffnet ist, um jeden Urlaubsrhythmus zu begleiten \u2013 vom erfrischenden Sprung nach einer Wanderung bis zum Aperitif bei Sonnenuntergang am Beckenrand.<\/p>\n<p>Es gibt ein Detail, das einen sch\u00f6nen Urlaub in ein unvergessliches Erlebnis verwandelt: das Gef\u00fchl, genau dann langsamer werden zu k\u00f6nnen, wenn man es sich w\u00fcnscht. Nach einem Tag des Wanderns zwischen den goldenen Rebzeilen der H\u00fcgel, zwischen den Pfahlbauten der <a href=\"https:\/\/lacortedimarga.com\/de\/die-jahrtausende-alte-geschichte-zwischen-pfahlbauten-und-geflugelten-lowen-wieder-aufleben-lassen\/\">Seen von Revine<\/a> oder zwischen dem jahrhundertealten Charme der <a href=\"https:\/\/lacortedimarga.com\/de\/antiche-cantine-giol-bio-wein-vegan\/\">Antiche Cantine Giol<\/a>, speichert die Haut die W\u00e4rme der Sonne und die Beine verlangen nach Ruhe. Genau in diesem Moment kommt das schlagende Herz unseres Au\u00dfenbereichs ins Spiel: das <strong>Pool von La Corte di Marga<\/strong>.<\/p>\n<p>Wir haben es uns nicht als zus\u00e4tzlichen Service \u00fcberlegt, sondern als <strong>ein intimer und privater Zufluchtsort<\/strong>, eine Oase der Ruhe, die denen vorbehalten ist, die sich f\u00fcr einen Aufenthalt bei uns entscheiden.<\/p>\n<div id=\"attachment_2801\" style=\"width: 1034px\" class=\"wp-caption aligncenter\"><img loading=\"lazy\" decoding=\"async\" aria-describedby=\"caption-attachment-2801\" class=\"size-large wp-image-2801\" src=\"https:\/\/lacortedimarga.com\/wp-content\/uploads\/2026\/08\/Piscina-vista-angolare-1024x683.jpg\" alt=\"Swimmingpool von La Corte di Marga in Miane mit Blick auf die Prosecco-H\u00fcgel\" width=\"1024\" height=\"683\" srcset=\"https:\/\/lacortedimarga.com\/wp-content\/uploads\/2026\/08\/Piscina-vista-angolare-1024x683.jpg 1024w, https:\/\/lacortedimarga.com\/wp-content\/uploads\/2026\/08\/Piscina-vista-angolare-300x200.jpg 300w, https:\/\/lacortedimarga.com\/wp-content\/uploads\/2026\/08\/Piscina-vista-angolare-768x512.jpg 768w, https:\/\/lacortedimarga.com\/wp-content\/uploads\/2026\/08\/Piscina-vista-angolare-1536x1024.jpg 1536w, https:\/\/lacortedimarga.com\/wp-content\/uploads\/2026\/08\/Piscina-vista-angolare-2048x1365.jpg 2048w, https:\/\/lacortedimarga.com\/wp-content\/uploads\/2026\/08\/Piscina-vista-angolare-18x12.jpg 18w\" sizes=\"auto, (max-width: 1024px) 100vw, 1024px\" \/><p id=\"caption-attachment-2801\" class=\"wp-caption-text\">Das Solarium des Schwimmbads von La Corte di Marga mit den Prosecco-H\u00fcgeln im Hintergrund.<\/p><\/div>\n<h2>Das \u201cPlus\u201d von La Corte: Warum unser Pool den Unterschied macht<\/h2>\n<p>Ein Aufenthalt in einem charmanten Dorf in Miane bietet ohnehin das Privileg der Stille und der klaren Luft der Voralpen. Der Pool legt die Messlatte jedoch noch h\u00f6her:<\/p>\n<ul>\n<li><strong>Eine ma\u00dfgeschneiderte, erholsame Heimkehr.<\/strong> Es gibt w\u00e4hrend einer Sommerwanderung nichts Angenehmeres, als zu wissen, dass frisches, kristallines Wasser auf Sie wartet, das bereit ist, die M\u00fcdigkeit des Tages abzuwaschen.<\/li>\n<li><strong>Ein geschlossener Innenhof, ganz f\u00fcr Sie allein.<\/strong> Das ist vielleicht der wahre, verborgene Luxus von La Corte di Marga: Der Pool befindet sich in einem privaten und umz\u00e4unten Innenhof, der ausschlie\u00dflich unseren G\u00e4sten vorbehalten ist. Keine Stra\u00dfen zu \u00fcberqueren, keine fremden Blicke, kein Gedr\u00e4nge wie in einer gro\u00dfen Anlage \u2013 nur Sie, die anderen G\u00e4ste und die Stille der H\u00fcgel.<\/li>\n<li><strong>Das Solarium im Gr\u00fcnen.<\/strong> Der Bereich bekommt den Gro\u00dfteil des Tages Sonne: Ob Sie die morgendliche Br\u00e4une oder ein Buch im Schatten am fr\u00fchen Nachmittag lieben, hier finden Sie Ihre Dimension der Entspannung.<\/li>\n<li><strong>Der Aperitif am Poolrand.<\/strong> Der magische Moment kommt gegen 18:00 Uhr, wenn das Licht warm wird und die Brise von den Bergen herabweht. Kommen Sie einfach in unserem <strong>Weinhandlung<\/strong> \u2014 das regeln wir selbst, direkt mit Ihnen \u2014 eine Flasche ausw\u00e4hlen <a href=\"https:\/\/lacortedimarga.com\/de\/wein-bronner-piwi-rezension-sommelier\/\">Bronner PIWI Giol<\/a> oder ein Glas k\u00fchlen Prosecco zu trinken und ihn am Pool zu genie\u00dfen, w\u00e4hrend man nur dem Klang der Natur lauscht.<\/li>\n<li><strong>Nach dem Baden geht der Abend weiter.\u00a0<\/strong>Nur wenige Schritte vom Pool entfernt finden Sie auch unsere 4 Selbstbedienungs-Grills, die den G\u00e4sten frei zur Verf\u00fcgung stehen: Nutzen Sie sie ganz nach Belieben und veranstalten Sie zwischen den Spr\u00fcngen ins Wasser ein spontanes Barbecue, vielleicht mit den Wurstwaren aus dem Weinshop.<\/li>\n<\/ul>\n<div id=\"attachment_2802\" style=\"width: 1034px\" class=\"wp-caption aligncenter\"><img loading=\"lazy\" decoding=\"async\" aria-describedby=\"caption-attachment-2802\" class=\"size-large wp-image-2802\" src=\"https:\/\/lacortedimarga.com\/wp-content\/uploads\/2026\/08\/Piscina-vista-notturna-totale-1024x683.jpg\" alt=\"Swimmingpool von La Corte di Marga am Abend, Miane, Prosecco-H\u00fcgel (UNESCO-Weltkulturerbe)\" width=\"1024\" height=\"683\" srcset=\"https:\/\/lacortedimarga.com\/wp-content\/uploads\/2026\/08\/Piscina-vista-notturna-totale-1024x683.jpg 1024w, https:\/\/lacortedimarga.com\/wp-content\/uploads\/2026\/08\/Piscina-vista-notturna-totale-300x200.jpg 300w, https:\/\/lacortedimarga.com\/wp-content\/uploads\/2026\/08\/Piscina-vista-notturna-totale-768x512.jpg 768w, https:\/\/lacortedimarga.com\/wp-content\/uploads\/2026\/08\/Piscina-vista-notturna-totale-1536x1024.jpg 1536w, https:\/\/lacortedimarga.com\/wp-content\/uploads\/2026\/08\/Piscina-vista-notturna-totale-2048x1365.jpg 2048w, https:\/\/lacortedimarga.com\/wp-content\/uploads\/2026\/08\/Piscina-vista-notturna-totale-18x12.jpg 18w\" sizes=\"auto, (max-width: 1024px) 100vw, 1024px\" \/><p id=\"caption-attachment-2802\" class=\"wp-caption-text\">Der Pool von La Corte di Marga erstrahlt bei Sonnenuntergang: der ideale Moment f\u00fcr einen Aperitif am Beckenrand.<\/p><\/div>\n<h2>Ein Erlebnis f\u00fcr jeden Urlaubsrhythmus<\/h2>\n<p>Egal, ob Sie als Paar auf der Suche nach einem romantischen Wochenende abseits des Trubels der Stadt sind oder Urlaub mit der Familie machen, der Pool wird zum perfekten Treffpunkt. F\u00fcr diejenigen, die mit Kindern reisen, ist es eine sichere und unterhaltsame M\u00f6glichkeit, vor dem Abendessen gemeinsam zu spielen: Der geschlossene Innenhof \u2013 ganz f\u00fcr uns allein, ohne Stra\u00dfen zum \u00dcberqueren oder durchreisende Fremde \u2013 macht alles einfacher und unbeschwerter. F\u00fcr diejenigen, die einen Moment ganz f\u00fcr sich suchen, ist er der ideale Ort f\u00fcr eine Yoga-Session am fr\u00fchen Morgen oder zum Schwimmen an der Wasseroberfl\u00e4che, w\u00e4hrend das Dorf Miane erwacht.<\/p>\n<h2>H\u00e4ufig gestellte Fragen zum Pool von La Corte di Marga<\/h2>\n<p><strong>Ist das Schwimmbad den G\u00e4sten der Anlage vorbehalten?<\/strong><br \/>\nJa: Er steht ausschlie\u00dflich den G\u00e4sten unserer Apartments zur Verf\u00fcgung. Dies garantiert Privatsph\u00e4re, Ruhe und stets gepflegte, niemals \u00fcberf\u00fcllte Bereiche.<\/p>\n<p><strong>Kann man im Poolbereich einen Aperitif einnehmen?<\/strong><br \/>\nAuf jeden Fall \u2014 wir empfehlen es Ihnen sogar. Nehmen Sie sich eine Flasche aus unserem Weinshop, benutzen Sie die Gl\u00e4ser, die bereits in der K\u00fcche Ihres Apartments sind, und genie\u00dfen Sie einen privaten Aperitif auf den Sonnenliegen zum Sonnenuntergang.<\/p>\n<p><strong>Ist der Poolbereich mit Liegen und Sonnenschirmen ausgestattet?<\/strong><br \/>\nJa, das Solarium ist komplett mit Sonnenliegen, Liegest\u00fchlen und Schattenbereichen ausgestattet, um zu jeder Tageszeit maximalen Komfort zu bieten.<\/p>\n<p><strong>Gibt es einen Bademeister im Schwimmbad?<\/strong><br \/>\nNein, der Pool ist frei zug\u00e4nglich und wird nicht von einem Bademeister beaufsichtigt: Wer mit Kindern reist, bleibt zwar immer in der N\u00e4he, aber der geschlossene Innenhof und die \u00fcberschaubaren Bereiche machen alles unkompliziert.<\/p>\n<p>G\u00f6nnen Sie sich den Luxus eines Urlaubs, in dem jeder Tag mit dem Rauschen des Wassers und einem Ansto\u00dfen unter den Sternen endet. <a href=\"https:\/\/lacortedimarga.bookpage.io\">Buchen Sie jetzt Ihren Aufenthalt in <strong>Der Hof von Marga<\/strong><\/a> und macht euch bereit, in die Sch\u00f6nheit einzutauchen.<\/p>","protected":false},"excerpt":{"rendered":"<p>Siamo Roberto e Silvia, i vostri host a La Corte di Marga, a Miane, nel cuore delle Colline del Prosecco Patrimonio UNESCO. Se ci chiedete cosa rende speciale un soggiorno qui, la risposta comincia spesso dalla nostra piscina: un rifugio d&#8217;acqua privato, riservato solo a chi soggiorna nei nostri cinque alloggi, aperto dalla mattina fino [&hellip;]<\/p>\n","protected":false},"author":3,"featured_media":2801,"comment_status":"closed","ping_status":"open","sticky":false,"template":"","format":"standard","meta":{"_breakdance_hide_in_design_set":false,"_breakdance_tags":"","footnotes":""},"categories":[10],"tags":[142,180,239,240,238,237,241],"class_list":["post-2798","post","type-post","status-publish","format-standard","has-post-thumbnail","hentry","category-esperienza-in-struttura-guest-guide-news","tag-robertolarosahost","tag-silviarobertohost","tag-case-vacanza-con-piscina-prosecco","tag-la-corte-di-marga-piscina","tag-piscina-colline-del-prosecco","tag-piscina-miane","tag-relax-colline-del-prosecco-unesco"],"yoast_head":"<!-- This site is optimized with the Yoast SEO plugin v28.2 - https:\/\/yoast.com\/product\/yoast-seo-wordpress\/ -->\n<title>L&#039;Oasi Azzurra tra le Colline: il Relax Vero della Nostra Piscina - La Corte di Marga<\/title>\n<meta name=\"description\" content=\"La piscina de La Corte di Marga a Miane, tra le Colline del Prosecco: regole di sicurezza, parco di 1.500 mq e consigli pratici per famiglie con bambini.\" \/>\n<meta name=\"robots\" content=\"index, follow, max-snippet:-1, max-image-preview:large, max-video-preview:-1\" \/>\n<link rel=\"canonical\" href=\"https:\/\/lacortedimarga.com\/de\/piscina-oasi-azzurra-relax-la-corte-di-marga\/\" \/>\n<meta property=\"og:locale\" content=\"de_DE\" \/>\n<meta property=\"og:type\" content=\"article\" \/>\n<meta property=\"og:title\" content=\"L&#039;Oasi Azzurra tra le Colline: il Relax Vero della Nostra Piscina - La Corte di Marga\" \/>\n<meta property=\"og:description\" content=\"La piscina de La Corte di Marga a Miane, tra le Colline del Prosecco: regole di sicurezza, parco di 1.500 mq e consigli pratici per famiglie con bambini.\" \/>\n<meta property=\"og:url\" content=\"https:\/\/lacortedimarga.com\/de\/piscina-oasi-azzurra-relax-la-corte-di-marga\/\" \/>\n<meta property=\"og:site_name\" content=\"La Corte di Marga\" \/>\n<meta property=\"article:publisher\" content=\"https:\/\/www.facebook.com\/lacortedimarga\" \/>\n<meta property=\"article:published_time\" content=\"2026-08-12T07:56:34+00:00\" \/>\n<meta property=\"article:modified_time\" content=\"2026-08-17T07:30:18+00:00\" \/>\n<meta property=\"og:image\" content=\"https:\/\/lacortedimarga.com\/wp-content\/uploads\/2026\/08\/Piscina-vista-angolare-scaled.jpg\" \/>\n\t<meta property=\"og:image:width\" content=\"2560\" \/>\n\t<meta property=\"og:image:height\" content=\"1707\" \/>\n\t<meta property=\"og:image:type\" content=\"image\/jpeg\" \/>\n<meta name=\"author\" content=\"Roberto\" \/>\n<meta name=\"twitter:card\" content=\"summary_large_image\" \/>\n<meta name=\"twitter:label1\" content=\"Verfasst von\" \/>\n\t<meta name=\"twitter:data1\" content=\"Roberto\" \/>\n\t<meta name=\"twitter:label2\" content=\"Gesch\u00e4tzte Lesezeit\" \/>\n\t<meta name=\"twitter:data2\" content=\"5\u00a0Minuten\" \/>\n<script type=\"application\/ld+json\" class=\"yoast-schema-graph\">{\"@context\":\"https:\\\/\\\/schema.org\",\"@graph\":[{\"@type\":\"Article\",\"@id\":\"https:\\\/\\\/lacortedimarga.com\\\/piscina-oasi-azzurra-relax-la-corte-di-marga\\\/#article\",\"isPartOf\":{\"@id\":\"https:\\\/\\\/lacortedimarga.com\\\/piscina-oasi-azzurra-relax-la-corte-di-marga\\\/\"},\"author\":{\"name\":\"Roberto\",\"@id\":\"https:\\\/\\\/lacortedimarga.com\\\/#\\\/schema\\\/person\\\/35b8aa132ce672c39a5ece2e9b43b967\"},\"headline\":\"L&#8217;Oasi Azzurra tra le Colline: il Relax Vero della Nostra Piscina\",\"datePublished\":\"2026-08-12T07:56:34+00:00\",\"dateModified\":\"2026-08-17T07:30:18+00:00\",\"mainEntityOfPage\":{\"@id\":\"https:\\\/\\\/lacortedimarga.com\\\/piscina-oasi-azzurra-relax-la-corte-di-marga\\\/\"},\"wordCount\":792,\"publisher\":{\"@id\":\"https:\\\/\\\/lacortedimarga.com\\\/#organization\"},\"image\":{\"@id\":\"https:\\\/\\\/lacortedimarga.com\\\/piscina-oasi-azzurra-relax-la-corte-di-marga\\\/#primaryimage\"},\"thumbnailUrl\":\"https:\\\/\\\/lacortedimarga.com\\\/wp-content\\\/uploads\\\/2026\\\/08\\\/Piscina-vista-angolare-scaled.jpg\",\"keywords\":[\"#RobertoLaRosaHost\",\"#SilviaRobertohost\",\"case vacanza con piscina Prosecco\",\"La Corte di Marga piscina\",\"piscina Colline del Prosecco\",\"piscina Miane\",\"relax Colline del Prosecco UNESCO\"],\"articleSection\":[\"Esperienza in Struttura: Guest Guide &amp; News\"],\"inLanguage\":\"de\"},{\"@type\":\"WebPage\",\"@id\":\"https:\\\/\\\/lacortedimarga.com\\\/piscina-oasi-azzurra-relax-la-corte-di-marga\\\/\",\"url\":\"https:\\\/\\\/lacortedimarga.com\\\/piscina-oasi-azzurra-relax-la-corte-di-marga\\\/\",\"name\":\"L'Oasi Azzurra tra le Colline: il Relax Vero della Nostra Piscina - La Corte di Marga\",\"isPartOf\":{\"@id\":\"https:\\\/\\\/lacortedimarga.com\\\/#website\"},\"primaryImageOfPage\":{\"@id\":\"https:\\\/\\\/lacortedimarga.com\\\/piscina-oasi-azzurra-relax-la-corte-di-marga\\\/#primaryimage\"},\"image\":{\"@id\":\"https:\\\/\\\/lacortedimarga.com\\\/piscina-oasi-azzurra-relax-la-corte-di-marga\\\/#primaryimage\"},\"thumbnailUrl\":\"https:\\\/\\\/lacortedimarga.com\\\/wp-content\\\/uploads\\\/2026\\\/08\\\/Piscina-vista-angolare-scaled.jpg\",\"datePublished\":\"2026-08-12T07:56:34+00:00\",\"dateModified\":\"2026-08-17T07:30:18+00:00\",\"description\":\"La piscina de La Corte di Marga a Miane, tra le Colline del Prosecco: regole di sicurezza, parco di 1.500 mq e consigli pratici per famiglie con bambini.\",\"breadcrumb\":{\"@id\":\"https:\\\/\\\/lacortedimarga.com\\\/piscina-oasi-azzurra-relax-la-corte-di-marga\\\/#breadcrumb\"},\"inLanguage\":\"de\",\"potentialAction\":[{\"@type\":\"ReadAction\",\"target\":[\"https:\\\/\\\/lacortedimarga.com\\\/piscina-oasi-azzurra-relax-la-corte-di-marga\\\/\"]}]},{\"@type\":\"ImageObject\",\"inLanguage\":\"de\",\"@id\":\"https:\\\/\\\/lacortedimarga.com\\\/piscina-oasi-azzurra-relax-la-corte-di-marga\\\/#primaryimage\",\"url\":\"https:\\\/\\\/lacortedimarga.com\\\/wp-content\\\/uploads\\\/2026\\\/08\\\/Piscina-vista-angolare-scaled.jpg\",\"contentUrl\":\"https:\\\/\\\/lacortedimarga.com\\\/wp-content\\\/uploads\\\/2026\\\/08\\\/Piscina-vista-angolare-scaled.jpg\",\"width\":2560,\"height\":1707,\"caption\":\"Il solarium della piscina de La Corte di Marga, con le Colline del Prosecco sullo sfondo.\"},{\"@type\":\"BreadcrumbList\",\"@id\":\"https:\\\/\\\/lacortedimarga.com\\\/piscina-oasi-azzurra-relax-la-corte-di-marga\\\/#breadcrumb\",\"itemListElement\":[{\"@type\":\"ListItem\",\"position\":1,\"name\":\"Home\",\"item\":\"https:\\\/\\\/lacortedimarga.com\\\/\"},{\"@type\":\"ListItem\",\"position\":2,\"name\":\"L&#8217;Oasi Azzurra tra le Colline: il Relax Vero della Nostra Piscina\"}]},{\"@type\":\"WebSite\",\"@id\":\"https:\\\/\\\/lacortedimarga.com\\\/#website\",\"url\":\"https:\\\/\\\/lacortedimarga.com\\\/\",\"name\":\"La Corte di Marga\",\"description\":\"Prosecco Hills Holidays\",\"publisher\":{\"@id\":\"https:\\\/\\\/lacortedimarga.com\\\/#organization\"},\"potentialAction\":[{\"@type\":\"SearchAction\",\"target\":{\"@type\":\"EntryPoint\",\"urlTemplate\":\"https:\\\/\\\/lacortedimarga.com\\\/?s={search_term_string}\"},\"query-input\":{\"@type\":\"PropertyValueSpecification\",\"valueRequired\":true,\"valueName\":\"search_term_string\"}}],\"inLanguage\":\"de\"},{\"@type\":\"Organization\",\"@id\":\"https:\\\/\\\/lacortedimarga.com\\\/#organization\",\"name\":\"La Corte di Marga\",\"url\":\"https:\\\/\\\/lacortedimarga.com\\\/\",\"logo\":{\"@type\":\"ImageObject\",\"inLanguage\":\"de\",\"@id\":\"https:\\\/\\\/lacortedimarga.com\\\/#\\\/schema\\\/logo\\\/image\\\/\",\"url\":\"https:\\\/\\\/lacortedimarga.com\\\/wp-content\\\/uploads\\\/2025\\\/06\\\/logo-corti-di-marga.webp\",\"contentUrl\":\"https:\\\/\\\/lacortedimarga.com\\\/wp-content\\\/uploads\\\/2025\\\/06\\\/logo-corti-di-marga.webp\",\"width\":955,\"height\":529,\"caption\":\"La Corte di Marga\"},\"image\":{\"@id\":\"https:\\\/\\\/lacortedimarga.com\\\/#\\\/schema\\\/logo\\\/image\\\/\"},\"sameAs\":[\"https:\\\/\\\/www.facebook.com\\\/lacortedimarga\",\"https:\\\/\\\/www.instagram.com\\\/la_corte_di_marga\\\/\",\"https:\\\/\\\/www.tiktok.com\\\/@lacortedimarga\",\"https:\\\/\\\/www.youtube.com\\\/@lacortedimargaofficial\",\"https:\\\/\\\/www.linkedin.com\\\/company\\\/la-corte-di-marga-prosecco-hills-holiday\"]},{\"@type\":\"Person\",\"@id\":\"https:\\\/\\\/lacortedimarga.com\\\/#\\\/schema\\\/person\\\/35b8aa132ce672c39a5ece2e9b43b967\",\"name\":\"Roberto\",\"image\":{\"@type\":\"ImageObject\",\"inLanguage\":\"de\",\"@id\":\"https:\\\/\\\/secure.gravatar.com\\\/avatar\\\/e3f271e90e735cdc34557ef9b92be1ad6f15d5bac04b51fa3cd10b4c11dac25e?s=96&d=mm&r=g\",\"url\":\"https:\\\/\\\/secure.gravatar.com\\\/avatar\\\/e3f271e90e735cdc34557ef9b92be1ad6f15d5bac04b51fa3cd10b4c11dac25e?s=96&d=mm&r=g\",\"contentUrl\":\"https:\\\/\\\/secure.gravatar.com\\\/avatar\\\/e3f271e90e735cdc34557ef9b92be1ad6f15d5bac04b51fa3cd10b4c11dac25e?s=96&d=mm&r=g\",\"caption\":\"Roberto\"},\"url\":\"https:\\\/\\\/lacortedimarga.com\\\/de\\\/author\\\/roberto\\\/\"}]}<\/script>\n<!-- \/ Yoast SEO plugin. -->","yoast_head_json":{"title":"Die blaue Oase in den H\u00fcgeln: Die wahre Entspannung unseres Pools \u2013 La Corte di Marga","description":"Der Pool von La Corte di Marga in Miane, inmitten der Prosecco-H\u00fcgel: Sicherheitsregeln, ein 1.500 qm gro\u00dfer Park und praktische Tipps f\u00fcr Familien mit Kindern.","robots":{"index":"index","follow":"follow","max-snippet":"max-snippet:-1","max-image-preview":"max-image-preview:large","max-video-preview":"max-video-preview:-1"},"canonical":"https:\/\/lacortedimarga.com\/de\/piscina-oasi-azzurra-relax-la-corte-di-marga\/","og_locale":"de_DE","og_type":"article","og_title":"L'Oasi Azzurra tra le Colline: il Relax Vero della Nostra Piscina - La Corte di Marga","og_description":"La piscina de La Corte di Marga a Miane, tra le Colline del Prosecco: regole di sicurezza, parco di 1.500 mq e consigli pratici per famiglie con bambini.","og_url":"https:\/\/lacortedimarga.com\/de\/piscina-oasi-azzurra-relax-la-corte-di-marga\/","og_site_name":"La Corte di Marga","article_publisher":"https:\/\/www.facebook.com\/lacortedimarga","article_published_time":"2026-08-12T07:56:34+00:00","article_modified_time":"2026-08-17T07:30:18+00:00","og_image":[{"width":2560,"height":1707,"url":"https:\/\/lacortedimarga.com\/wp-content\/uploads\/2026\/08\/Piscina-vista-angolare-scaled.jpg","type":"image\/jpeg"}],"author":"Roberto","twitter_card":"summary_large_image","twitter_misc":{"Verfasst von":"Roberto","Gesch\u00e4tzte Lesezeit":"5\u00a0Minuten"},"schema":{"@context":"https:\/\/schema.org","@graph":[{"@type":"Article","@id":"https:\/\/lacortedimarga.com\/piscina-oasi-azzurra-relax-la-corte-di-marga\/#article","isPartOf":{"@id":"https:\/\/lacortedimarga.com\/piscina-oasi-azzurra-relax-la-corte-di-marga\/"},"author":{"name":"Roberto","@id":"https:\/\/lacortedimarga.com\/#\/schema\/person\/35b8aa132ce672c39a5ece2e9b43b967"},"headline":"L&#8217;Oasi Azzurra tra le Colline: il Relax Vero della Nostra Piscina","datePublished":"2026-08-12T07:56:34+00:00","dateModified":"2026-08-17T07:30:18+00:00","mainEntityOfPage":{"@id":"https:\/\/lacortedimarga.com\/piscina-oasi-azzurra-relax-la-corte-di-marga\/"},"wordCount":792,"publisher":{"@id":"https:\/\/lacortedimarga.com\/#organization"},"image":{"@id":"https:\/\/lacortedimarga.com\/piscina-oasi-azzurra-relax-la-corte-di-marga\/#primaryimage"},"thumbnailUrl":"https:\/\/lacortedimarga.com\/wp-content\/uploads\/2026\/08\/Piscina-vista-angolare-scaled.jpg","keywords":["#RobertoLaRosaHost","#SilviaRobertohost","case vacanza con piscina Prosecco","La Corte di Marga piscina","piscina Colline del Prosecco","piscina Miane","relax Colline del Prosecco UNESCO"],"articleSection":["Esperienza in Struttura: Guest Guide &amp; News"],"inLanguage":"de"},{"@type":"WebPage","@id":"https:\/\/lacortedimarga.com\/piscina-oasi-azzurra-relax-la-corte-di-marga\/","url":"https:\/\/lacortedimarga.com\/piscina-oasi-azzurra-relax-la-corte-di-marga\/","name":"Die blaue Oase in den H\u00fcgeln: Die wahre Entspannung unseres Pools \u2013 La Corte di Marga","isPartOf":{"@id":"https:\/\/lacortedimarga.com\/#website"},"primaryImageOfPage":{"@id":"https:\/\/lacortedimarga.com\/piscina-oasi-azzurra-relax-la-corte-di-marga\/#primaryimage"},"image":{"@id":"https:\/\/lacortedimarga.com\/piscina-oasi-azzurra-relax-la-corte-di-marga\/#primaryimage"},"thumbnailUrl":"https:\/\/lacortedimarga.com\/wp-content\/uploads\/2026\/08\/Piscina-vista-angolare-scaled.jpg","datePublished":"2026-08-12T07:56:34+00:00","dateModified":"2026-08-17T07:30:18+00:00","description":"Der Pool von La Corte di Marga in Miane, inmitten der Prosecco-H\u00fcgel: Sicherheitsregeln, ein 1.500 qm gro\u00dfer Park und praktische Tipps f\u00fcr Familien mit Kindern.","breadcrumb":{"@id":"https:\/\/lacortedimarga.com\/piscina-oasi-azzurra-relax-la-corte-di-marga\/#breadcrumb"},"inLanguage":"de","potentialAction":[{"@type":"ReadAction","target":["https:\/\/lacortedimarga.com\/piscina-oasi-azzurra-relax-la-corte-di-marga\/"]}]},{"@type":"ImageObject","inLanguage":"de","@id":"https:\/\/lacortedimarga.com\/piscina-oasi-azzurra-relax-la-corte-di-marga\/#primaryimage","url":"https:\/\/lacortedimarga.com\/wp-content\/uploads\/2026\/08\/Piscina-vista-angolare-scaled.jpg","contentUrl":"https:\/\/lacortedimarga.com\/wp-content\/uploads\/2026\/08\/Piscina-vista-angolare-scaled.jpg","width":2560,"height":1707,"caption":"Il solarium della piscina de La Corte di Marga, con le Colline del Prosecco sullo sfondo."},{"@type":"BreadcrumbList","@id":"https:\/\/lacortedimarga.com\/piscina-oasi-azzurra-relax-la-corte-di-marga\/#breadcrumb","itemListElement":[{"@type":"ListItem","position":1,"name":"Home","item":"https:\/\/lacortedimarga.com\/"},{"@type":"ListItem","position":2,"name":"L&#8217;Oasi Azzurra tra le Colline: il Relax Vero della Nostra Piscina"}]},{"@type":"WebSite","@id":"https:\/\/lacortedimarga.com\/#website","url":"https:\/\/lacortedimarga.com\/","name":"Der Hof von Marga","description":"Prosecco Hills Ferien","publisher":{"@id":"https:\/\/lacortedimarga.com\/#organization"},"potentialAction":[{"@type":"SearchAction","target":{"@type":"EntryPoint","urlTemplate":"https:\/\/lacortedimarga.com\/?s={search_term_string}"},"query-input":{"@type":"PropertyValueSpecification","valueRequired":true,"valueName":"search_term_string"}}],"inLanguage":"de"},{"@type":"Organization","@id":"https:\/\/lacortedimarga.com\/#organization","name":"Der Hof von Marga","url":"https:\/\/lacortedimarga.com\/","logo":{"@type":"ImageObject","inLanguage":"de","@id":"https:\/\/lacortedimarga.com\/#\/schema\/logo\/image\/","url":"https:\/\/lacortedimarga.com\/wp-content\/uploads\/2025\/06\/logo-corti-di-marga.webp","contentUrl":"https:\/\/lacortedimarga.com\/wp-content\/uploads\/2025\/06\/logo-corti-di-marga.webp","width":955,"height":529,"caption":"La Corte di Marga"},"image":{"@id":"https:\/\/lacortedimarga.com\/#\/schema\/logo\/image\/"},"sameAs":["https:\/\/www.facebook.com\/lacortedimarga","https:\/\/www.instagram.com\/la_corte_di_marga\/","https:\/\/www.tiktok.com\/@lacortedimarga","https:\/\/www.youtube.com\/@lacortedimargaofficial","https:\/\/www.linkedin.com\/company\/la-corte-di-marga-prosecco-hills-holiday"]},{"@type":"Person","@id":"https:\/\/lacortedimarga.com\/#\/schema\/person\/35b8aa132ce672c39a5ece2e9b43b967","name":"Roberto","image":{"@type":"ImageObject","inLanguage":"de","@id":"https:\/\/secure.gravatar.com\/avatar\/e3f271e90e735cdc34557ef9b92be1ad6f15d5bac04b51fa3cd10b4c11dac25e?s=96&d=mm&r=g","url":"https:\/\/secure.gravatar.com\/avatar\/e3f271e90e735cdc34557ef9b92be1ad6f15d5bac04b51fa3cd10b4c11dac25e?s=96&d=mm&r=g","contentUrl":"https:\/\/secure.gravatar.com\/avatar\/e3f271e90e735cdc34557ef9b92be1ad6f15d5bac04b51fa3cd10b4c11dac25e?s=96&d=mm&r=g","caption":"Roberto"},"url":"https:\/\/lacortedimarga.com\/de\/author\/roberto\/"}]}},"_links":{"self":[{"href":"https:\/\/lacortedimarga.com\/de\/wp-json\/wp\/v2\/posts\/2798","targetHints":{"allow":["GET"]}}],"collection":[{"href":"https:\/\/lacortedimarga.com\/de\/wp-json\/wp\/v2\/posts"}],"about":[{"href":"https:\/\/lacortedimarga.com\/de\/wp-json\/wp\/v2\/types\/post"}],"author":[{"embeddable":true,"href":"https:\/\/lacortedimarga.com\/de\/wp-json\/wp\/v2\/users\/3"}],"replies":[{"embeddable":true,"href":"https:\/\/lacortedimarga.com\/de\/wp-json\/wp\/v2\/comments?post=2798"}],"version-history":[{"count":4,"href":"https:\/\/lacortedimarga.com\/de\/wp-json\/wp\/v2\/posts\/2798\/revisions"}],"predecessor-version":[{"id":2897,"href":"https:\/\/lacortedimarga.com\/de\/wp-json\/wp\/v2\/posts\/2798\/revisions\/2897"}],"wp:featuredmedia":[{"embeddable":true,"href":"https:\/\/lacortedimarga.com\/de\/wp-json\/wp\/v2\/media\/2801"}],"wp:attachment":[{"href":"https:\/\/lacortedimarga.com\/de\/wp-json\/wp\/v2\/media?parent=2798"}],"wp:term":[{"taxonomy":"category","embeddable":true,"href":"https:\/\/lacortedimarga.com\/de\/wp-json\/wp\/v2\/categories?post=2798"},{"taxonomy":"post_tag","embeddable":true,"href":"https:\/\/lacortedimarga.com\/de\/wp-json\/wp\/v2\/tags?post=2798"}],"curies":[{"name":"wp","href":"https:\/\/api.w.org\/{rel}","templated":true}]}}