{"id":2815,"date":"2026-08-14T06:22:05","date_gmt":"2026-08-14T06:22:05","guid":{"rendered":"https:\/\/lacortedimarga.com\/?p=2815"},"modified":"2026-08-17T07:12:58","modified_gmt":"2026-08-17T07:12:58","slug":"das-schloss-zumelle-reise-in-das-gemauer-der-legenden-in-den-belluneser-voralpen","status":"publish","type":"post","link":"https:\/\/lacortedimarga.com\/de\/il-castello-di-zumelle-viaggio-nel-maniero-delle-leggende-tra-le-prealpi-bellunesi\/","title":{"rendered":"Das Schloss Zumelle: Reise in das Herrensitz der Legenden in den Belluneser Voralpen"},"content":{"rendered":"<p>Es gibt einen genau bestimmten Moment w\u00e4hrend der Fahrt, die von <strong>Der Hof von Marga<\/strong> Tor zur Valbelluna, wo Geschichte aufh\u00f6rt, eine Erinnerung in B\u00fcchern zu sein, und zu Fels, Stein und Legende wird.<\/p>\n\n\n\n<p>Man muss nur von Miane die panoramische und spektakul\u00e4re Stra\u00dfe des <strong>San-Boldo-Pass<\/strong> \u2014 die ber\u00fchmte \u201cStra\u00dfe der 100 Tage\u201d mit ihren in den gewachsenen Fels geschlagenen Tunneln \u2013, um dann durch die verzauberten W\u00e4lder von Mel (heute Borgo Valbelluna) abzusteigen. Dort, auf einem steil \u00fcber dem Wildbach Terche aufragenden Felssporn, erhebt sich das <strong>Burg Zumelle<\/strong>das am besten erhaltene mittelalterliche Herrenhaus aller Voralpen.<\/p>\n\n\n\n<p>Nur 30 Minuten von Ihrer Wohnung in Miane entfernt, ist Zumelle keine einfache Ruine, die man aus der Ferne fotografieren kann, sondern eine lebendige, pulsierende Festung, die Erwachsene und Kinder direkt ins 10. Jahrhundert zur\u00fcckversetzt.<\/p>\n\n\n\n<h2 class=\"wp-block-heading\"><strong>Eine Geschichte, gewoben aus Blut, Liebe und Legende<\/strong><\/h2>\n\n\n\n<p>Der Ursprung von Zumelle verliert sich in den Wurzeln des Fr\u00fchmittelalters. Der Legende nach um das 1. Jahrhundert n. Chr. als r\u00f6misches Au\u00dfenposten zum Schutz der Via Claudia Augusta Altinate gegr\u00fcndet, verdankt das Schloss seinen heutigen Namen (<em>Zumelle<\/em> bzw. \u201cdie Zwillinge\u201d) an eine intensive und tragische Legende aus der Gotik.<\/p>\n\n\n\n<p>Es wird erz\u00e4hlt, dass der gotische K\u00f6nig Gunderit, der sich in die wundersch\u00f6ne Aturia verliebt hatte, sie zur Frau nahm und das zerst\u00f6rte Schloss wiederaufbaute, um es zu ihrem Wohnsitz zu machen. Aus ihrer Verbindung gingen Zwillinge hervor, aber Eifersucht und Machtintrigen f\u00fchrten zu blutigen K\u00e4mpfen um den Besitz der Festung.<\/p>\n\n\n\n<p>Noch heute schw\u00f6ren manche, wenn der Nebel vom Bach aufsteigt und den 25 Meter hohen Bergfried einh\u00fcllt, den Hauch der alten Damen und Ritter zu h\u00f6ren, die diesen St\u00fctzpunkt gegen die Angriffe der Trevisaner und Belluneser verteidigt haben.<\/p>\n\n\n\n<h2 class=\"wp-block-heading\"><strong>&nbsp;Das Erlebnis in Zumelle: Das Mittelalter mit allen f\u00fcnf Sinnen erleben<\/strong><\/h2>\n\n\n\n<p>Das, was den Besuch der Burg Zumelle zu einem au\u00dfergew\u00f6hnlichen Erlebnis f\u00fcr die G\u00e4ste von <strong>Der Hof von Marga<\/strong> es ist sein immersiver Ansatz:<\/p>\n\n\n\n<ul class=\"wp-block-list\">\n<li><strong>Der Aufstieg zum Hauptturm:<\/strong> Wenn Sie die Zugbr\u00fccke \u00fcberqueren und das alte Tor durchschreiten, k\u00f6nnen Sie die f\u00fcnf Ebenen des Bergfrieds erkunden. Jede Etage beherbergt detailgetreue Rekonstruktionen des damaligen Alltagslebens: von der Waffenkammer mit Schwertern und Kettenhemden \u00fcber das herrschaftliche Schlafzimmer bis hin zur Apotheke. Von der Spitze des Turms schweift der Blick \u00fcber das gesamte Valbelluna.<\/li>\n\n\n\n<li><strong>Die Mittelaltertaverne<\/strong> In den alten Schlossk\u00fcchen befindet sich eine historische, von Fackeln beleuchtete Taverne. Hier kann man eine Pause wie aus vergangenen Zeiten einlegen und Met, Hypokras (den mittelalterlichen Gew\u00fcrzwein), Getreidesuppen, Platten mit regionaler Wurst und am Spie\u00df gebratenes Fleisch genie\u00dfen.<\/li>\n\n\n\n<li><strong>Das Dorf und der verzauberte Wald:<\/strong> Entlang des \u00e4u\u00dferen Hofes und der Pfade, die die Mauern umgeben, verl\u00e4uft ein Themenweg, der dem historischen Handwerk und der Welt der M\u00e4rchen gewidmet ist. Kinder finden dort Lernwerkst\u00e4tten, in denen sie das Bogenschie\u00dfen lernen, kleine Gegenst\u00e4nde schmieden oder in die Rolle junger Knappen schl\u00fcpfen k\u00f6nnen.<\/li>\n<\/ul>\n\n\n\n<h2 class=\"wp-block-heading\"><strong>\ud83d\ude97<\/strong><strong> Die Route des Autors: Wie man den Besuch von Zumelle verbindet<\/strong><\/h2>\n\n\n\n<p>Um unseren G\u00e4sten ab Miane einen unvergesslichen Tag zu bereiten, empfehlen wir Ihnen, den Ausflug wie folgt zu gestalten:<\/p>\n\n\n\n<ol start=\"1\" class=\"wp-block-list\">\n<li><strong>Der aufregende Aufstieg (Morgen):<\/strong> Starten Sie von La Corte di Marga und bew\u00e4ltigen Sie die Serpentinen des <strong>San-Boldo-Pass<\/strong>. Der Blick auf die ingenieurtechnische Architektur seiner \u00fcbereinanderliegenden Galerien ist einen Fotostopp wert.<\/li>\n\n\n\n<li><strong>La Vita da Castello (Sp\u00e4ter Vormittag &amp; Mittagessen):<\/strong> Nach Ihrer Ankunft in Zumelle besuchen Sie den Turm und die G\u00e4rten und speisen in der Taverne des Schlosses oder im Picknickbereich inmitten der Natur.<\/li>\n\n\n\n<li><strong>Nachmittag zwischen Wasser und D\u00f6rfern:<\/strong>\n<ul class=\"wp-block-list\">\n<li><em>Option Natur &amp; Frische:<\/em> Fahren Sie weitere 20 Minuten in Richtung des wilden <a href=\"https:\/\/lacortedimarga.com\/de\/valle-del-mis-cadini-del-brenton-cascata-della-soffia\/\" target=\"_blank\" rel=\"noreferrer noopener\">Valle del Mis und die Cadini del Brenton<\/a> f\u00fcr einen Nachmittag im k\u00fchlen Schatten der Wasserf\u00e4lle.<\/li>\n\n\n\n<li><em>Option Kunst &amp; D\u00f6rfer:<\/em> Steigen Sie hinab, um die Altstadt zu besuchen von <strong>Mel<\/strong>, das zu den \u201csch\u00f6nsten D\u00f6rfern Italiens\u201d z\u00e4hlt, mit seinen Renaissance-Pal\u00e4sten und der wundersch\u00f6nen Piazza Luciani.<\/li>\n<\/ul>\n<\/li>\n<\/ol>\n\n\n\n<h2 class=\"wp-block-heading\"><strong>\ud83d\uddfa\ufe0f<\/strong><strong> Logistikblatt: N\u00fctzliche Infos f\u00fcr den Ausflug<\/strong><\/h2>\n\n\n\n<figure class=\"wp-block-table\"><table class=\"has-fixed-layout\"><thead><tr><td><strong>Stimme<\/strong><\/td><td><strong>Praktische Hinweise f\u00fcr den Gast<\/strong><\/td><\/tr><\/thead><tbody><tr><td><strong>Entfernung von Miane<\/strong><\/td><td>Ca. 25 km (30 stimmungsvolle Autominuten \u00fcber den San-Boldo-Pass).<\/td><\/tr><tr><td><strong>\u00d6ffnungszeiten<\/strong><\/td><td>T\u00e4glich au\u00dfer montags ge\u00f6ffnet: Dienstag\u2013Donnerstag 10:00\u201317:00 Uhr, Freitag\u2013Sonntag und an Feiertagen 10:00\u201319:00 Uhr (Quelle: offizielle Website castellodizumelle.it, \u00dcberpr\u00fcfung des Veranstaltungskalenders vor dem Besuch wird empfohlen).<\/td><\/tr><tr><td><strong>Eintrittskarte<\/strong><\/td><td>Eintritt 8 \u20ac. Erm\u00e4\u00dfigt 3 \u20ac f\u00fcr Kinder von 2 bis 8 Jahren, 7 \u20ac f\u00fcr Jugendliche von 8 bis 18 Jahren, kostenlos f\u00fcr Kinder von 0 bis 2 Jahren. Erm\u00e4\u00dfigungen gelten auch f\u00fcr Personen \u00fcber 65, Menschen mit Behinderungen (5 \u20ac) und Einwohner von Borgo Valbelluna (4 \u20ac). Der Zugang zum Au\u00dfenpark und zur Taverne ist frei (Quelle: offizielle Website castellodizumelle.it \u2013 Preise k\u00f6nnen bei Veranstaltungen variieren).<\/td><\/tr><tr><td><strong>Parken<\/strong><\/td><td>Gro\u00dfer Parkplatz, ca. 300 Meter vom Schloss entfernt, an Werktagen kostenlos; sonntags, an Feiertagen und bei Veranstaltungen 3 \u20ac. Der Spaziergang vom Parkplatz zur Zugbr\u00fccke f\u00fchrt \u00fcber einen leicht ansteigenden Schotterweg durch den Wald.<\/td><\/tr><tr><td><strong>Erreichbarkeit<\/strong><\/td><td>Der Zugangsweg ist mit Wanderkinderwagen passierbar. Das Innere des Turms weist steile Holztreppen auf, die f\u00fcr Rollst\u00fchle oder Kinderwagen nicht zug\u00e4nglich sind (eine Babytrage oder ein Kindertragen-Rucksack wird empfohlen).<\/td><\/tr><\/tbody><\/table><\/figure>\n\n\n\n<h2 class=\"wp-block-heading\"><strong>Die R\u00fcckkehr in die Gegenwart in La Corte di Marga<\/strong><\/h2>\n\n\n\n<p>Nachdem Sie auf den Wehrg\u00e4ngen gewandert sind, Geschichten von Edeldamen und Rittern geh\u00f6rt und die Schluchten des Valbelluna erkundet haben, f\u00fchrt Sie die R\u00fcckkehr nach Miane zur\u00fcck in Ihr charmantes Refugium.<\/p>\n\n\n\n<p>Es erwarten Sie <strong>Der Hof von Marga<\/strong> Es wird das entspannende Gr\u00fcn unserer H\u00fcgel und die erholsame Stille unserer sein <a href=\"https:\/\/lacortedimarga.com\/de\/piscina-oasi-azzurra-relax-la-corte-di-marga\/\" target=\"_blank\" rel=\"noreferrer noopener\">privates Schwimmbad<\/a>. Kommen Sie in unserem Weinshop vorbei, w\u00e4hlen Sie eine Flasche <strong>Prosecco Superiore DOCG<\/strong> oder ein seltenes <a href=\"https:\/\/lacortedimarga.com\/de\/wein-bronner-piwi-rezension-sommelier\/\" target=\"_blank\" rel=\"noreferrer noopener\">Bronner PIWI Giol<\/a> und sto\u00dfen auf ihrer Terrasse auf den Sonnenuntergang an. Schlie\u00dflich brauchen auch die K\u00f6nige und K\u00f6niginnen von heute ihr eigenes St\u00fcck Paradies.<\/p>\n\n\n\n<p><strong><a href=\"https:\/\/lacortedimarga.com\/de\/\" target=\"_blank\" rel=\"noreferrer noopener\">Buchen Sie jetzt Ihren Aufenthalt im La Corte di Marga<\/a><\/strong> und lassen Sie sich bei der Entdeckung der faszinierendsten Geheimnisse unseres Gebiets leiten.<\/p>\n\n\n\n<h2 class=\"wp-block-heading\"><strong>Marga-Tipps f\u00fcr Ihren Schlossbesuch (FAQ)<\/strong><\/h2>\n\n\n\n<div class=\"schema-faq wp-block-yoast-faq-block\"><div class=\"schema-faq-section\" id=\"faq-question-1786688197896\"><strong class=\"schema-faq-question\">Ist die Burg Zumelle f\u00fcr Kinder geeignet?<\/strong> <p class=\"schema-faq-answer\">Absolut ja! Zumelle geh\u00f6rt dank seiner m\u00e4rchenhaften Atmosph\u00e4re, der interaktiven Nachbauten in den R\u00e4umen des Turms und der Reenactment-Veranstaltungen mit Rittern, Bogensch\u00fctzen und thematischen Workshops, die h\u00e4ufig an den Sommerwochenenden organisiert werden, zu den bei Kindern beliebtesten Burgen in Venetien.<\/p> <\/div> <div class=\"schema-faq-section\" id=\"faq-question-1786688243089\"><strong class=\"schema-faq-question\">Muss man vor dem Besuch des Castello di Zumelle reservieren?<\/strong> <p class=\"schema-faq-answer\">F\u00fcr den einfachen Besuch des Schlosses und des Turms ist eine Reservierung nicht zwingend erforderlich, wird jedoch an den Wochenenden im Juli und August dringend empfohlen, um Wartezeiten zu vermeiden. Wenn Sie in der Mittelalterlichen Taverne des Schlosses zu Mittag essen m\u00f6chten, ist eine Tischreservierung hingegen fast unerl\u00e4sslich.<\/p> <\/div> <div class=\"schema-faq-section\" id=\"faq-question-1786688278716\"><strong class=\"schema-faq-question\">Wie lange dauert die Besichtigung der Burg Zumelle?<\/strong> <p class=\"schema-faq-answer\">Die eigenst\u00e4ndige Besichtigung des Turms und des Burginneren dauert etwa 1 bis 1,5 Stunden. Wenn man einen Spaziergang auf den Wegen rund um die Festung und eine Mittagspause oder einen Snack in der Taverne hinzurechnet, empfehlen wir, f\u00fcr das gesamte Erlebnis etwa 3 Stunden einzuplanen.<\/p> <\/div> <\/div>","protected":false},"excerpt":{"rendered":"<p>C&#8217;\u00e8 un momento preciso, durante il tragitto che da La Corte di Marga porta verso la Valbelluna, in cui la storia smette di essere un ricordo nei libri e diventa roccia, pietra e leggenda. Basta salire da Miane lungo la panoramica e spettacolare strada del Passo San Boldo \u2014 la celebre &#8220;Strada dei 100 Giorni&#8221; [&hellip;]<\/p>\n","protected":false},"author":3,"featured_media":2818,"comment_status":"closed","ping_status":"open","sticky":false,"template":"","format":"standard","meta":{"_breakdance_hide_in_design_set":false,"_breakdance_tags":"","footnotes":""},"categories":[9,248],"tags":[251,250,249,20,53,142],"class_list":["post-2815","post","type-post","status-publish","format-standard","has-post-thumbnail","hentry","category-anima-cultura-slow-travel-e-storia","category-castelli-e-fortezze","tag-borgovalbelluna","tag-castelliefortezzevicinoamiane","tag-castellodizumelle","tag-lacortedimarga","tag-proseccohillsholidays-2","tag-robertolarosahost"],"yoast_head":"<!-- This site is optimized with the Yoast SEO plugin v28.2 - https:\/\/yoast.com\/product\/yoast-seo-wordpress\/ -->\n<title>Il Castello di Zumelle: Guida tra Leggende, Torri e Medioevo<\/title>\n<meta name=\"description\" content=\"Scopri il Castello di Zumelle a 30 minuti da La Corte di Marga. Guida completa tra leggende medievali, taverne e consigli pratici.\" \/>\n<meta name=\"robots\" content=\"index, follow, max-snippet:-1, max-image-preview:large, max-video-preview:-1\" \/>\n<link rel=\"canonical\" href=\"https:\/\/lacortedimarga.com\/de\/das-schloss-zumelle-reise-in-das-gemauer-der-legenden-in-den-belluneser-voralpen\/\" \/>\n<meta property=\"og:locale\" content=\"de_DE\" \/>\n<meta property=\"og:type\" content=\"article\" \/>\n<meta property=\"og:title\" content=\"Il Castello di Zumelle: Guida tra Leggende, Torri e Medioevo\" \/>\n<meta property=\"og:description\" content=\"Scopri il Castello di Zumelle a 30 minuti da La Corte di Marga. Guida completa tra leggende medievali, taverne e consigli pratici.\" \/>\n<meta property=\"og:url\" content=\"https:\/\/lacortedimarga.com\/de\/das-schloss-zumelle-reise-in-das-gemauer-der-legenden-in-den-belluneser-voralpen\/\" \/>\n<meta property=\"og:site_name\" content=\"La Corte di Marga\" \/>\n<meta property=\"article:publisher\" content=\"https:\/\/www.facebook.com\/lacortedimarga\" \/>\n<meta property=\"article:published_time\" content=\"2026-08-14T06:22:05+00:00\" \/>\n<meta property=\"article:modified_time\" content=\"2026-08-17T07:12:58+00:00\" \/>\n<meta property=\"og:image\" content=\"https:\/\/lacortedimarga.com\/wp-content\/uploads\/2026\/08\/castello-di-zumelle-vista-aerea-borgo-valbelluna.jpg.jpg\" \/>\n\t<meta property=\"og:image:width\" content=\"1476\" \/>\n\t<meta property=\"og:image:height\" content=\"780\" \/>\n\t<meta property=\"og:image:type\" content=\"image\/jpeg\" \/>\n<meta name=\"author\" content=\"Roberto\" \/>\n<meta name=\"twitter:card\" content=\"summary_large_image\" \/>\n<meta name=\"twitter:label1\" content=\"Verfasst von\" \/>\n\t<meta name=\"twitter:data1\" content=\"Roberto\" \/>\n\t<meta name=\"twitter:label2\" content=\"Gesch\u00e4tzte Lesezeit\" \/>\n\t<meta name=\"twitter:data2\" content=\"6\u00a0Minuten\" \/>\n<script type=\"application\/ld+json\" class=\"yoast-schema-graph\">{\"@context\":\"https:\\\/\\\/schema.org\",\"@graph\":[{\"@type\":\"Article\",\"@id\":\"https:\\\/\\\/lacortedimarga.com\\\/il-castello-di-zumelle-viaggio-nel-maniero-delle-leggende-tra-le-prealpi-bellunesi\\\/#article\",\"isPartOf\":{\"@id\":\"https:\\\/\\\/lacortedimarga.com\\\/il-castello-di-zumelle-viaggio-nel-maniero-delle-leggende-tra-le-prealpi-bellunesi\\\/\"},\"author\":{\"name\":\"Roberto\",\"@id\":\"https:\\\/\\\/lacortedimarga.com\\\/#\\\/schema\\\/person\\\/35b8aa132ce672c39a5ece2e9b43b967\"},\"headline\":\"Il Castello di Zumelle: Viaggio nel Maniero delle Leggende tra le Prealpi Bellunesi\",\"datePublished\":\"2026-08-14T06:22:05+00:00\",\"dateModified\":\"2026-08-17T07:12:58+00:00\",\"mainEntityOfPage\":{\"@id\":\"https:\\\/\\\/lacortedimarga.com\\\/il-castello-di-zumelle-viaggio-nel-maniero-delle-leggende-tra-le-prealpi-bellunesi\\\/\"},\"wordCount\":1107,\"publisher\":{\"@id\":\"https:\\\/\\\/lacortedimarga.com\\\/#organization\"},\"image\":{\"@id\":\"https:\\\/\\\/lacortedimarga.com\\\/il-castello-di-zumelle-viaggio-nel-maniero-delle-leggende-tra-le-prealpi-bellunesi\\\/#primaryimage\"},\"thumbnailUrl\":\"https:\\\/\\\/lacortedimarga.com\\\/wp-content\\\/uploads\\\/2026\\\/08\\\/castello-di-zumelle-vista-aerea-borgo-valbelluna.jpg.jpg\",\"keywords\":[\"#BorgoValbelluna\",\"#CastelliEFortezzeVicinoAMiane\",\"#CastelloDiZumelle\",\"#LaCortediMarga\",\"#ProseccoHillsHolidays\",\"#RobertoLaRosaHost\"],\"articleSection\":[\"Anima &amp; Cultura: Slow Travel e Storia\",\"Castelli e Fortezze\"],\"inLanguage\":\"de\"},{\"@type\":[\"WebPage\",\"FAQPage\"],\"@id\":\"https:\\\/\\\/lacortedimarga.com\\\/il-castello-di-zumelle-viaggio-nel-maniero-delle-leggende-tra-le-prealpi-bellunesi\\\/\",\"url\":\"https:\\\/\\\/lacortedimarga.com\\\/il-castello-di-zumelle-viaggio-nel-maniero-delle-leggende-tra-le-prealpi-bellunesi\\\/\",\"name\":\"Il Castello di Zumelle: Guida tra Leggende, Torri e Medioevo\",\"isPartOf\":{\"@id\":\"https:\\\/\\\/lacortedimarga.com\\\/#website\"},\"primaryImageOfPage\":{\"@id\":\"https:\\\/\\\/lacortedimarga.com\\\/il-castello-di-zumelle-viaggio-nel-maniero-delle-leggende-tra-le-prealpi-bellunesi\\\/#primaryimage\"},\"image\":{\"@id\":\"https:\\\/\\\/lacortedimarga.com\\\/il-castello-di-zumelle-viaggio-nel-maniero-delle-leggende-tra-le-prealpi-bellunesi\\\/#primaryimage\"},\"thumbnailUrl\":\"https:\\\/\\\/lacortedimarga.com\\\/wp-content\\\/uploads\\\/2026\\\/08\\\/castello-di-zumelle-vista-aerea-borgo-valbelluna.jpg.jpg\",\"datePublished\":\"2026-08-14T06:22:05+00:00\",\"dateModified\":\"2026-08-17T07:12:58+00:00\",\"description\":\"Scopri il Castello di Zumelle a 30 minuti da La Corte di Marga. Guida completa tra leggende medievali, taverne e consigli pratici.\",\"breadcrumb\":{\"@id\":\"https:\\\/\\\/lacortedimarga.com\\\/il-castello-di-zumelle-viaggio-nel-maniero-delle-leggende-tra-le-prealpi-bellunesi\\\/#breadcrumb\"},\"mainEntity\":[{\"@id\":\"https:\\\/\\\/lacortedimarga.com\\\/il-castello-di-zumelle-viaggio-nel-maniero-delle-leggende-tra-le-prealpi-bellunesi\\\/#faq-question-1786688197896\"},{\"@id\":\"https:\\\/\\\/lacortedimarga.com\\\/il-castello-di-zumelle-viaggio-nel-maniero-delle-leggende-tra-le-prealpi-bellunesi\\\/#faq-question-1786688243089\"},{\"@id\":\"https:\\\/\\\/lacortedimarga.com\\\/il-castello-di-zumelle-viaggio-nel-maniero-delle-leggende-tra-le-prealpi-bellunesi\\\/#faq-question-1786688278716\"}],\"inLanguage\":\"de\",\"potentialAction\":[{\"@type\":\"ReadAction\",\"target\":[\"https:\\\/\\\/lacortedimarga.com\\\/il-castello-di-zumelle-viaggio-nel-maniero-delle-leggende-tra-le-prealpi-bellunesi\\\/\"]}]},{\"@type\":\"ImageObject\",\"inLanguage\":\"de\",\"@id\":\"https:\\\/\\\/lacortedimarga.com\\\/il-castello-di-zumelle-viaggio-nel-maniero-delle-leggende-tra-le-prealpi-bellunesi\\\/#primaryimage\",\"url\":\"https:\\\/\\\/lacortedimarga.com\\\/wp-content\\\/uploads\\\/2026\\\/08\\\/castello-di-zumelle-vista-aerea-borgo-valbelluna.jpg.jpg\",\"contentUrl\":\"https:\\\/\\\/lacortedimarga.com\\\/wp-content\\\/uploads\\\/2026\\\/08\\\/castello-di-zumelle-vista-aerea-borgo-valbelluna.jpg.jpg\",\"width\":1476,\"height\":780,\"caption\":\"Spettacolare vista aerea del Castello di Zumelle, arroccato tra i boschi della Valbelluna a soli 30 minuti da La Corte di Marga.\"},{\"@type\":\"BreadcrumbList\",\"@id\":\"https:\\\/\\\/lacortedimarga.com\\\/il-castello-di-zumelle-viaggio-nel-maniero-delle-leggende-tra-le-prealpi-bellunesi\\\/#breadcrumb\",\"itemListElement\":[{\"@type\":\"ListItem\",\"position\":1,\"name\":\"Home\",\"item\":\"https:\\\/\\\/lacortedimarga.com\\\/\"},{\"@type\":\"ListItem\",\"position\":2,\"name\":\"Il Castello di Zumelle: Viaggio nel Maniero delle Leggende tra le Prealpi Bellunesi\"}]},{\"@type\":\"WebSite\",\"@id\":\"https:\\\/\\\/lacortedimarga.com\\\/#website\",\"url\":\"https:\\\/\\\/lacortedimarga.com\\\/\",\"name\":\"La Corte di Marga\",\"description\":\"Prosecco Hills Holidays\",\"publisher\":{\"@id\":\"https:\\\/\\\/lacortedimarga.com\\\/#organization\"},\"potentialAction\":[{\"@type\":\"SearchAction\",\"target\":{\"@type\":\"EntryPoint\",\"urlTemplate\":\"https:\\\/\\\/lacortedimarga.com\\\/?s={search_term_string}\"},\"query-input\":{\"@type\":\"PropertyValueSpecification\",\"valueRequired\":true,\"valueName\":\"search_term_string\"}}],\"inLanguage\":\"de\"},{\"@type\":\"Organization\",\"@id\":\"https:\\\/\\\/lacortedimarga.com\\\/#organization\",\"name\":\"La Corte di Marga\",\"url\":\"https:\\\/\\\/lacortedimarga.com\\\/\",\"logo\":{\"@type\":\"ImageObject\",\"inLanguage\":\"de\",\"@id\":\"https:\\\/\\\/lacortedimarga.com\\\/#\\\/schema\\\/logo\\\/image\\\/\",\"url\":\"https:\\\/\\\/lacortedimarga.com\\\/wp-content\\\/uploads\\\/2025\\\/06\\\/logo-corti-di-marga.webp\",\"contentUrl\":\"https:\\\/\\\/lacortedimarga.com\\\/wp-content\\\/uploads\\\/2025\\\/06\\\/logo-corti-di-marga.webp\",\"width\":955,\"height\":529,\"caption\":\"La Corte di Marga\"},\"image\":{\"@id\":\"https:\\\/\\\/lacortedimarga.com\\\/#\\\/schema\\\/logo\\\/image\\\/\"},\"sameAs\":[\"https:\\\/\\\/www.facebook.com\\\/lacortedimarga\",\"https:\\\/\\\/www.instagram.com\\\/la_corte_di_marga\\\/\",\"https:\\\/\\\/www.tiktok.com\\\/@lacortedimarga\",\"https:\\\/\\\/www.youtube.com\\\/@lacortedimargaofficial\",\"https:\\\/\\\/www.linkedin.com\\\/company\\\/la-corte-di-marga-prosecco-hills-holiday\"]},{\"@type\":\"Person\",\"@id\":\"https:\\\/\\\/lacortedimarga.com\\\/#\\\/schema\\\/person\\\/35b8aa132ce672c39a5ece2e9b43b967\",\"name\":\"Roberto\",\"image\":{\"@type\":\"ImageObject\",\"inLanguage\":\"de\",\"@id\":\"https:\\\/\\\/secure.gravatar.com\\\/avatar\\\/e3f271e90e735cdc34557ef9b92be1ad6f15d5bac04b51fa3cd10b4c11dac25e?s=96&d=mm&r=g\",\"url\":\"https:\\\/\\\/secure.gravatar.com\\\/avatar\\\/e3f271e90e735cdc34557ef9b92be1ad6f15d5bac04b51fa3cd10b4c11dac25e?s=96&d=mm&r=g\",\"contentUrl\":\"https:\\\/\\\/secure.gravatar.com\\\/avatar\\\/e3f271e90e735cdc34557ef9b92be1ad6f15d5bac04b51fa3cd10b4c11dac25e?s=96&d=mm&r=g\",\"caption\":\"Roberto\"},\"url\":\"https:\\\/\\\/lacortedimarga.com\\\/de\\\/author\\\/roberto\\\/\"},{\"@type\":\"Question\",\"@id\":\"https:\\\/\\\/lacortedimarga.com\\\/il-castello-di-zumelle-viaggio-nel-maniero-delle-leggende-tra-le-prealpi-bellunesi\\\/#faq-question-1786688197896\",\"position\":1,\"url\":\"https:\\\/\\\/lacortedimarga.com\\\/il-castello-di-zumelle-viaggio-nel-maniero-delle-leggende-tra-le-prealpi-bellunesi\\\/#faq-question-1786688197896\",\"name\":\"Il Castello di Zumelle \u00e8 adatto ai bambini?\",\"answerCount\":1,\"acceptedAnswer\":{\"@type\":\"Answer\",\"text\":\"Assolutamente s\u00ec! Zumelle \u00e8 uno dei castelli pi\u00f9 amati dai bambini in Veneto grazie all'atmosfera fiabesca, alle ricostruzioni interattive nelle stanze della torre e agli eventi rievocativi con cavalieri, arcieri e laboratori tematici organizzati frequentemente durante i fine settimana estivi.\",\"inLanguage\":\"de\"},\"inLanguage\":\"de\"},{\"@type\":\"Question\",\"@id\":\"https:\\\/\\\/lacortedimarga.com\\\/il-castello-di-zumelle-viaggio-nel-maniero-delle-leggende-tra-le-prealpi-bellunesi\\\/#faq-question-1786688243089\",\"position\":2,\"url\":\"https:\\\/\\\/lacortedimarga.com\\\/il-castello-di-zumelle-viaggio-nel-maniero-delle-leggende-tra-le-prealpi-bellunesi\\\/#faq-question-1786688243089\",\"name\":\"\u00c8 necessario prenotare prima di visitare il Castello di Zumelle?\",\"answerCount\":1,\"acceptedAnswer\":{\"@type\":\"Answer\",\"text\":\"Per la semplice visita al castello e alla torre non \u00e8 strettamente obbligatoria la prenotazione, ma \u00e8 fortemente consigliata nei fine settimana di luglio e agosto per evitare attese. Se desiderate pranzare nella Taverna Medievale del castello, la prenotazione del tavolo \u00e8 invece quasi indispensabile.\",\"inLanguage\":\"de\"},\"inLanguage\":\"de\"},{\"@type\":\"Question\",\"@id\":\"https:\\\/\\\/lacortedimarga.com\\\/il-castello-di-zumelle-viaggio-nel-maniero-delle-leggende-tra-le-prealpi-bellunesi\\\/#faq-question-1786688278716\",\"position\":3,\"url\":\"https:\\\/\\\/lacortedimarga.com\\\/il-castello-di-zumelle-viaggio-nel-maniero-delle-leggende-tra-le-prealpi-bellunesi\\\/#faq-question-1786688278716\",\"name\":\"Quanto dura la visita al Castello di Zumelle?\",\"answerCount\":1,\"acceptedAnswer\":{\"@type\":\"Answer\",\"text\":\"La visita autonoma della torre e degli interni del castello dura circa 1 ora - 1 ora e mezza. Considerando una passeggiata nei sentieri circostanti la fortezza e una sosta per il pranzo o una merenda nella taverna, consigliamo di dedicare all'esperienza circa 3 ore totali.\",\"inLanguage\":\"de\"},\"inLanguage\":\"de\"}]}<\/script>\n<!-- \/ Yoast SEO plugin. -->","yoast_head_json":{"title":"Die Burg Zumelle: Ein F\u00fchrer zwischen Legenden, T\u00fcrmen und dem Mittelalter","description":"Entdecken Sie die Burg Zumelle, 30 Minuten von La Corte di Marga entfernt. Vollst\u00e4ndiger Leitfaden mit mittelalterlichen Legenden, Tavernen und praktischen Tipps.","robots":{"index":"index","follow":"follow","max-snippet":"max-snippet:-1","max-image-preview":"max-image-preview:large","max-video-preview":"max-video-preview:-1"},"canonical":"https:\/\/lacortedimarga.com\/de\/das-schloss-zumelle-reise-in-das-gemauer-der-legenden-in-den-belluneser-voralpen\/","og_locale":"de_DE","og_type":"article","og_title":"Il Castello di Zumelle: Guida tra Leggende, Torri e Medioevo","og_description":"Scopri il Castello di Zumelle a 30 minuti da La Corte di Marga. Guida completa tra leggende medievali, taverne e consigli pratici.","og_url":"https:\/\/lacortedimarga.com\/de\/das-schloss-zumelle-reise-in-das-gemauer-der-legenden-in-den-belluneser-voralpen\/","og_site_name":"La Corte di Marga","article_publisher":"https:\/\/www.facebook.com\/lacortedimarga","article_published_time":"2026-08-14T06:22:05+00:00","article_modified_time":"2026-08-17T07:12:58+00:00","og_image":[{"width":1476,"height":780,"url":"https:\/\/lacortedimarga.com\/wp-content\/uploads\/2026\/08\/castello-di-zumelle-vista-aerea-borgo-valbelluna.jpg.jpg","type":"image\/jpeg"}],"author":"Roberto","twitter_card":"summary_large_image","twitter_misc":{"Verfasst von":"Roberto","Gesch\u00e4tzte Lesezeit":"6\u00a0Minuten"},"schema":{"@context":"https:\/\/schema.org","@graph":[{"@type":"Article","@id":"https:\/\/lacortedimarga.com\/il-castello-di-zumelle-viaggio-nel-maniero-delle-leggende-tra-le-prealpi-bellunesi\/#article","isPartOf":{"@id":"https:\/\/lacortedimarga.com\/il-castello-di-zumelle-viaggio-nel-maniero-delle-leggende-tra-le-prealpi-bellunesi\/"},"author":{"name":"Roberto","@id":"https:\/\/lacortedimarga.com\/#\/schema\/person\/35b8aa132ce672c39a5ece2e9b43b967"},"headline":"Il Castello di Zumelle: Viaggio nel Maniero delle Leggende tra le Prealpi Bellunesi","datePublished":"2026-08-14T06:22:05+00:00","dateModified":"2026-08-17T07:12:58+00:00","mainEntityOfPage":{"@id":"https:\/\/lacortedimarga.com\/il-castello-di-zumelle-viaggio-nel-maniero-delle-leggende-tra-le-prealpi-bellunesi\/"},"wordCount":1107,"publisher":{"@id":"https:\/\/lacortedimarga.com\/#organization"},"image":{"@id":"https:\/\/lacortedimarga.com\/il-castello-di-zumelle-viaggio-nel-maniero-delle-leggende-tra-le-prealpi-bellunesi\/#primaryimage"},"thumbnailUrl":"https:\/\/lacortedimarga.com\/wp-content\/uploads\/2026\/08\/castello-di-zumelle-vista-aerea-borgo-valbelluna.jpg.jpg","keywords":["#BorgoValbelluna","#CastelliEFortezzeVicinoAMiane","#CastelloDiZumelle","#LaCortediMarga","#ProseccoHillsHolidays","#RobertoLaRosaHost"],"articleSection":["Anima &amp; Cultura: Slow Travel e Storia","Castelli e Fortezze"],"inLanguage":"de"},{"@type":["WebPage","FAQPage"],"@id":"https:\/\/lacortedimarga.com\/il-castello-di-zumelle-viaggio-nel-maniero-delle-leggende-tra-le-prealpi-bellunesi\/","url":"https:\/\/lacortedimarga.com\/il-castello-di-zumelle-viaggio-nel-maniero-delle-leggende-tra-le-prealpi-bellunesi\/","name":"Die Burg Zumelle: Ein F\u00fchrer zwischen Legenden, T\u00fcrmen und dem Mittelalter","isPartOf":{"@id":"https:\/\/lacortedimarga.com\/#website"},"primaryImageOfPage":{"@id":"https:\/\/lacortedimarga.com\/il-castello-di-zumelle-viaggio-nel-maniero-delle-leggende-tra-le-prealpi-bellunesi\/#primaryimage"},"image":{"@id":"https:\/\/lacortedimarga.com\/il-castello-di-zumelle-viaggio-nel-maniero-delle-leggende-tra-le-prealpi-bellunesi\/#primaryimage"},"thumbnailUrl":"https:\/\/lacortedimarga.com\/wp-content\/uploads\/2026\/08\/castello-di-zumelle-vista-aerea-borgo-valbelluna.jpg.jpg","datePublished":"2026-08-14T06:22:05+00:00","dateModified":"2026-08-17T07:12:58+00:00","description":"Entdecken Sie die Burg Zumelle, 30 Minuten von La Corte di Marga entfernt. Vollst\u00e4ndiger Leitfaden mit mittelalterlichen Legenden, Tavernen und praktischen Tipps.","breadcrumb":{"@id":"https:\/\/lacortedimarga.com\/il-castello-di-zumelle-viaggio-nel-maniero-delle-leggende-tra-le-prealpi-bellunesi\/#breadcrumb"},"mainEntity":[{"@id":"https:\/\/lacortedimarga.com\/il-castello-di-zumelle-viaggio-nel-maniero-delle-leggende-tra-le-prealpi-bellunesi\/#faq-question-1786688197896"},{"@id":"https:\/\/lacortedimarga.com\/il-castello-di-zumelle-viaggio-nel-maniero-delle-leggende-tra-le-prealpi-bellunesi\/#faq-question-1786688243089"},{"@id":"https:\/\/lacortedimarga.com\/il-castello-di-zumelle-viaggio-nel-maniero-delle-leggende-tra-le-prealpi-bellunesi\/#faq-question-1786688278716"}],"inLanguage":"de","potentialAction":[{"@type":"ReadAction","target":["https:\/\/lacortedimarga.com\/il-castello-di-zumelle-viaggio-nel-maniero-delle-leggende-tra-le-prealpi-bellunesi\/"]}]},{"@type":"ImageObject","inLanguage":"de","@id":"https:\/\/lacortedimarga.com\/il-castello-di-zumelle-viaggio-nel-maniero-delle-leggende-tra-le-prealpi-bellunesi\/#primaryimage","url":"https:\/\/lacortedimarga.com\/wp-content\/uploads\/2026\/08\/castello-di-zumelle-vista-aerea-borgo-valbelluna.jpg.jpg","contentUrl":"https:\/\/lacortedimarga.com\/wp-content\/uploads\/2026\/08\/castello-di-zumelle-vista-aerea-borgo-valbelluna.jpg.jpg","width":1476,"height":780,"caption":"Spettacolare vista aerea del Castello di Zumelle, arroccato tra i boschi della Valbelluna a soli 30 minuti da La Corte di Marga."},{"@type":"BreadcrumbList","@id":"https:\/\/lacortedimarga.com\/il-castello-di-zumelle-viaggio-nel-maniero-delle-leggende-tra-le-prealpi-bellunesi\/#breadcrumb","itemListElement":[{"@type":"ListItem","position":1,"name":"Home","item":"https:\/\/lacortedimarga.com\/"},{"@type":"ListItem","position":2,"name":"Il Castello di Zumelle: Viaggio nel Maniero delle Leggende tra le Prealpi Bellunesi"}]},{"@type":"WebSite","@id":"https:\/\/lacortedimarga.com\/#website","url":"https:\/\/lacortedimarga.com\/","name":"Der Hof von Marga","description":"Prosecco Hills Ferien","publisher":{"@id":"https:\/\/lacortedimarga.com\/#organization"},"potentialAction":[{"@type":"SearchAction","target":{"@type":"EntryPoint","urlTemplate":"https:\/\/lacortedimarga.com\/?s={search_term_string}"},"query-input":{"@type":"PropertyValueSpecification","valueRequired":true,"valueName":"search_term_string"}}],"inLanguage":"de"},{"@type":"Organization","@id":"https:\/\/lacortedimarga.com\/#organization","name":"Der Hof von Marga","url":"https:\/\/lacortedimarga.com\/","logo":{"@type":"ImageObject","inLanguage":"de","@id":"https:\/\/lacortedimarga.com\/#\/schema\/logo\/image\/","url":"https:\/\/lacortedimarga.com\/wp-content\/uploads\/2025\/06\/logo-corti-di-marga.webp","contentUrl":"https:\/\/lacortedimarga.com\/wp-content\/uploads\/2025\/06\/logo-corti-di-marga.webp","width":955,"height":529,"caption":"La Corte di Marga"},"image":{"@id":"https:\/\/lacortedimarga.com\/#\/schema\/logo\/image\/"},"sameAs":["https:\/\/www.facebook.com\/lacortedimarga","https:\/\/www.instagram.com\/la_corte_di_marga\/","https:\/\/www.tiktok.com\/@lacortedimarga","https:\/\/www.youtube.com\/@lacortedimargaofficial","https:\/\/www.linkedin.com\/company\/la-corte-di-marga-prosecco-hills-holiday"]},{"@type":"Person","@id":"https:\/\/lacortedimarga.com\/#\/schema\/person\/35b8aa132ce672c39a5ece2e9b43b967","name":"Roberto","image":{"@type":"ImageObject","inLanguage":"de","@id":"https:\/\/secure.gravatar.com\/avatar\/e3f271e90e735cdc34557ef9b92be1ad6f15d5bac04b51fa3cd10b4c11dac25e?s=96&d=mm&r=g","url":"https:\/\/secure.gravatar.com\/avatar\/e3f271e90e735cdc34557ef9b92be1ad6f15d5bac04b51fa3cd10b4c11dac25e?s=96&d=mm&r=g","contentUrl":"https:\/\/secure.gravatar.com\/avatar\/e3f271e90e735cdc34557ef9b92be1ad6f15d5bac04b51fa3cd10b4c11dac25e?s=96&d=mm&r=g","caption":"Roberto"},"url":"https:\/\/lacortedimarga.com\/de\/author\/roberto\/"},{"@type":"Question","@id":"https:\/\/lacortedimarga.com\/il-castello-di-zumelle-viaggio-nel-maniero-delle-leggende-tra-le-prealpi-bellunesi\/#faq-question-1786688197896","position":1,"url":"https:\/\/lacortedimarga.com\/il-castello-di-zumelle-viaggio-nel-maniero-delle-leggende-tra-le-prealpi-bellunesi\/#faq-question-1786688197896","name":"Ist die Burg Zumelle f\u00fcr Kinder geeignet?","answerCount":1,"acceptedAnswer":{"@type":"Answer","text":"Assolutamente s\u00ec! Zumelle \u00e8 uno dei castelli pi\u00f9 amati dai bambini in Veneto grazie all'atmosfera fiabesca, alle ricostruzioni interattive nelle stanze della torre e agli eventi rievocativi con cavalieri, arcieri e laboratori tematici organizzati frequentemente durante i fine settimana estivi.","inLanguage":"de"},"inLanguage":"de"},{"@type":"Question","@id":"https:\/\/lacortedimarga.com\/il-castello-di-zumelle-viaggio-nel-maniero-delle-leggende-tra-le-prealpi-bellunesi\/#faq-question-1786688243089","position":2,"url":"https:\/\/lacortedimarga.com\/il-castello-di-zumelle-viaggio-nel-maniero-delle-leggende-tra-le-prealpi-bellunesi\/#faq-question-1786688243089","name":"Muss man vor dem Besuch des Castello di Zumelle reservieren?","answerCount":1,"acceptedAnswer":{"@type":"Answer","text":"Per la semplice visita al castello e alla torre non \u00e8 strettamente obbligatoria la prenotazione, ma \u00e8 fortemente consigliata nei fine settimana di luglio e agosto per evitare attese. Se desiderate pranzare nella Taverna Medievale del castello, la prenotazione del tavolo \u00e8 invece quasi indispensabile.","inLanguage":"de"},"inLanguage":"de"},{"@type":"Question","@id":"https:\/\/lacortedimarga.com\/il-castello-di-zumelle-viaggio-nel-maniero-delle-leggende-tra-le-prealpi-bellunesi\/#faq-question-1786688278716","position":3,"url":"https:\/\/lacortedimarga.com\/il-castello-di-zumelle-viaggio-nel-maniero-delle-leggende-tra-le-prealpi-bellunesi\/#faq-question-1786688278716","name":"Wie lange dauert die Besichtigung der Burg Zumelle?","answerCount":1,"acceptedAnswer":{"@type":"Answer","text":"La visita autonoma della torre e degli interni del castello dura circa 1 ora - 1 ora e mezza. Considerando una passeggiata nei sentieri circostanti la fortezza e una sosta per il pranzo o una merenda nella taverna, consigliamo di dedicare all'esperienza circa 3 ore totali.","inLanguage":"de"},"inLanguage":"de"}]}},"_links":{"self":[{"href":"https:\/\/lacortedimarga.com\/de\/wp-json\/wp\/v2\/posts\/2815","targetHints":{"allow":["GET"]}}],"collection":[{"href":"https:\/\/lacortedimarga.com\/de\/wp-json\/wp\/v2\/posts"}],"about":[{"href":"https:\/\/lacortedimarga.com\/de\/wp-json\/wp\/v2\/types\/post"}],"author":[{"embeddable":true,"href":"https:\/\/lacortedimarga.com\/de\/wp-json\/wp\/v2\/users\/3"}],"replies":[{"embeddable":true,"href":"https:\/\/lacortedimarga.com\/de\/wp-json\/wp\/v2\/comments?post=2815"}],"version-history":[{"count":4,"href":"https:\/\/lacortedimarga.com\/de\/wp-json\/wp\/v2\/posts\/2815\/revisions"}],"predecessor-version":[{"id":2895,"href":"https:\/\/lacortedimarga.com\/de\/wp-json\/wp\/v2\/posts\/2815\/revisions\/2895"}],"wp:featuredmedia":[{"embeddable":true,"href":"https:\/\/lacortedimarga.com\/de\/wp-json\/wp\/v2\/media\/2818"}],"wp:attachment":[{"href":"https:\/\/lacortedimarga.com\/de\/wp-json\/wp\/v2\/media?parent=2815"}],"wp:term":[{"taxonomy":"category","embeddable":true,"href":"https:\/\/lacortedimarga.com\/de\/wp-json\/wp\/v2\/categories?post=2815"},{"taxonomy":"post_tag","embeddable":true,"href":"https:\/\/lacortedimarga.com\/de\/wp-json\/wp\/v2\/tags?post=2815"}],"curies":[{"name":"wp","href":"https:\/\/api.w.org\/{rel}","templated":true}]}}