{"id":2823,"date":"2026-08-15T06:53:34","date_gmt":"2026-08-15T06:53:34","guid":{"rendered":"https:\/\/lacortedimarga.com\/?p=2823"},"modified":"2026-08-15T07:46:06","modified_gmt":"2026-08-15T07:46:06","slug":"burg-von-conegliano-fuhrer-geschichte-panoramen","status":"publish","type":"post","link":"https:\/\/lacortedimarga.com\/de\/castello-di-conegliano-guida-storia-panorami\/","title":{"rendered":"Der Steinerne Balkon auf den H\u00fcgeln: Ein Autoren-Reisef\u00fchrer f\u00fcr das Schloss von Conegliano"},"content":{"rendered":"<p>Auf unserem Weg durch die faszinierendsten Festungen der Voralpen gibt es ein Ziel, das f\u00fcr mich als Sommelier und Liebhaber des Sch\u00f6nen einen Ehrenplatz in meinem Herzen einnimmt. Es ist eine unverzichtbare Station f\u00fcr jeden, der \u00fcbernachtet in <strong>Der Hof von Marga<\/strong>: er <strong>Burg von Conegliano<\/strong>.<\/p>\n\n\n\n<p>Nur 22 Kilometer von Miane entfernt (etwa 25 Autominuten durch eine malerische Weinberglandschaft) ist dieses Schloss nicht nur ein au\u00dfergew\u00f6hnliches historisches Zeugnis, sondern auch das Juwel, das die Weinstadt kr\u00f6nt, in der sich die 1876 gegr\u00fcndete erste Weinbauschule Italiens befindet.<\/p>\n\n\n\n<p>Eingebaut auf der Spitze des Colle di Giano, \u00fcberragt die Burg die roten D\u00e4cher des alten Dorfes und bietet einen privilegierten Blick auf die Prosecco-H\u00fcgel von Conegliano und Valdobbiadene, die zum UNESCO-Welterbe geh\u00f6ren. Es ist der perfekte Ort f\u00fcr einen halben Tag, eingetaucht in Renaissancemalerei, mittelalterliche Architektur und Postkartenpanoramen.<\/p>\n\n\n\n<h2 class=\"wp-block-heading\">Ein Eintauchen in die Geschichte: Von der mittelalterlichen Festung zum Stadtmuseum<\/h2>\n\n\n\n<p>Was wir heute am Schloss von Conegliano bewundern, ist der \u00fcberlebende Kern einer sehr gro\u00dfen befestigten Zitadelle, die um das 10. Jahrhundert erbaut und unter der Herrschaft der Republik Venedig erweitert wurde, um die Ebene vor Einf\u00e4llen aus dem Norden zu verteidigen.<\/p>\n\n\n\n<p>Nachdem man den Zauber der baumbestandenen G\u00e4rten hinter sich gelassen hat, die die Spitze des H\u00fcgels umgeben, ist das Hauptradelement des Komplexes das majest\u00e4tische <strong>Glockenturm<\/strong> (auch genannt <em>Torre Maestra<\/em>).<\/p>\n\n\n\n<p>Das \u00dcberschreiten der Schwelle des Turms bedeutet den Zugang zum <strong>Stadtmuseum Conegliano<\/strong>, ein Museumsraum auf mehreren Ebenen, der die k\u00fcnstlerische und arch\u00e4ologische Seele der Stadt in sich birgt:<\/p>\n\n\n\n<ul class=\"wp-block-list\">\n<li><strong>Arch\u00e4ologie und R\u00fcstungen:<\/strong> Im Erdgeschoss und auf den ersten Ebenen k\u00f6nnen Sie Funde aus r\u00f6mischer und mittelalterlicher Zeit, historische Waffen, Schwerter und Fragmente von Fresken bewundern, die aus den alten Kirchen der Region geborgen wurden.<\/li>\n\n\n\n<li><strong>Die Pinakothek:<\/strong> Beim weiteren Aufstieg beherbergt der Turm wertvolle Altarbilder und Gem\u00e4lde der venezianischen Schule, darunter Werke, die Meistern der Renaissance zugeschrieben werden, die sich vom Genie des Cima da Conegliano inspirieren lie\u00dfen.<\/li>\n\n\n\n<li><strong>Die Cima della Torre:<\/strong> Der Hauptpreis befindet sich im obersten Stockwerk. Auf der Aussichtsterrasse des Glockenturms angelangt, befinden Sie sich wie im Nichts schwebend: Auf der einen Seite reicht der Blick an klaren Tagen \u00fcber die Ebene bis nach Venedig; auf der anderen Seite erstreckt sich ein endloses, wie mit dem Kamm geordnetes Meer aus Weinbergen, die sich zu den Voralpen hinaufziehen.<\/li>\n<\/ul>\n\n\n\n<h2 class=\"wp-block-heading\">\ud83c\udf43 Autorenspaziergang: Die Calle della Neve<\/h2>\n\n\n\n<p>Wenn Sie gerne wandern und ein wirklich romantisches Erlebnis haben m\u00f6chten, empfehle ich Ihnen, nicht direkt mit dem Auto zum Schloss hinaufzufahren.<\/p>\n\n\n\n<p>Parken Sie in der Altstadt von Conegliano, am Fu\u00dfe der wundersch\u00f6nen <strong>Via XX Settembre<\/strong> (das alte <em>Contrada Granda<\/em>, ber\u00fchmt f\u00fcr ihre freskierten Renaissance-Pal\u00e4ste). Von dort aus nehmen Sie die malerische <strong>Calle della Neve<\/strong>eine historische Treppe, die sich zwischen alten Steinmauern, Kopfsteinpflaster und \u00fcppiger Vegetation schl\u00e4ngelt. Nach einem zehnmin\u00fctigen Spaziergang im Schatten befinden Sie sich auf dem H\u00fcgel, eingetaucht in eine zeitlose Atmosph\u00e4re.<\/p>\n\n\n\n<h2 class=\"wp-block-heading\">\ud83c\udf77 Der Tipp des Sommeliers: Aperitif bei Sonnenuntergang im Park<\/h2>\n\n\n\n<p>Nach dem Besuch der R\u00e4ume des Turms sollten Sie sich eine Pause im jahrhundertealten Schlosspark g\u00f6nnen. Innerhalb der Mauern befindet sich ein renommiertes Bar-Restaurant mit einer Panoramaterrasse im Gr\u00fcnen.<\/p>\n\n\n\n<p>Wenn es etwas k\u00fchler wird, bestellen Sie ein Glas <strong>Conegliano Valdobbiadene Prosecco Superiore DOCG Rive<\/strong>. Im Glas werden Sie die ganze W\u00fcrze und die typische Struktur der Trauben sp\u00fcren, die auf den lehmigen B\u00f6den dieses Hangs angebaut werden: intensive Noten von gr\u00fcnem Apfel, Glyzinie und eine markante Mineralit\u00e4t, die wunderbar zu der Landschaft passt, die Sie von oben bewundern.<\/p>\n\n\n\n<h2 class=\"wp-block-heading\">\ud83d\uddfa\ufe0f Logistikblatt: N\u00fctzliche Infos f\u00fcr den Ausflug<\/h2>\n\n\n\n<figure class=\"wp-block-table\"><table class=\"has-fixed-layout\"><thead><tr><td><strong>Stimme<\/strong><\/td><td><strong>Praktische Hinweise f\u00fcr den Gast<\/strong><\/td><\/tr><\/thead><tbody><tr><td><strong>Entfernung von Miane<\/strong><\/td><td>Etwa 22 km (25 Autominuten).<\/td><\/tr><tr><td><strong>Anreise<\/strong><\/td><td>Von Miane der Beschilderung nach Pieve di Soligo und dann nach Conegliano folgen. Richtung Viale Gorizia \/ Piazzale San Martino hinauffahren, um die H\u00fcgelkuppe zu erreichen.<\/td><\/tr><tr><td><strong>\u00d6ffnungszeiten des Stadtmuseums<\/strong><\/td><td>Das Museum und der Turm haben je nach Wochentag unterschiedliche \u00d6ffnungszeiten: Montag 10:00\u201314:00 Uhr; Dienstag und Mittwoch 14:00\u201318:00 Uhr; Donnerstag und Freitag 10:00\u201313:00 und 14:00\u201318:00 Uhr; Samstag, Sonntag und an Feiertagen 10:00\u201313:00 und 14:00\u201319:00 Uhr. Wir empfehlen, sich vor dem Besuch unter der Nummer 0438\/22871 \u00fcber eventuelle \u00c4nderungen zu informieren.<\/td><\/tr><tr><td><strong>Tickets<\/strong><\/td><td>Eintritt in das Stadtmuseum und den Turm: 3 \u20ac regul\u00e4r, 2 \u20ac erm\u00e4\u00dfigt (Kinder und Jugendliche von 6 bis 18 Jahren, Studenten bis 25 Jahre, Senioren \u00fcber 65, Gruppen ab 10 Personen, Menschen mit Behinderung und Begleitpersonen), 1 \u20ac Schulen. Info: 0438\/22871.<\/td><\/tr><tr><td><strong>Wo parken<\/strong><\/td><td>Gro\u00dfer, kostenloser Parkplatz nur wenige Meter vom Schlosseingang entfernt (Piazzale San Martino) oder auf den Parkpl\u00e4tzen der Altstadt, wenn Sie lieber zu Fu\u00df die Calle della Neve hinaufgehen m\u00f6chten.<\/td><\/tr><tr><td><strong>Erreichbarkeit<\/strong><\/td><td>Der Au\u00dfenpark ist eben und f\u00fcr alle zug\u00e4nglich. Das Innere des Glockenturms erstreckt sich \u00fcber mehrere Ebenen, die durch innere Treppen aus Stein und Holz verbunden und f\u00fcr Rollstuhlfahrer oder Kinderwagen nicht zug\u00e4nglich sind.<\/td><\/tr><\/tbody><\/table><\/figure>\n\n\n\n<h2 class=\"wp-block-heading\">Die R\u00fcckkehr in die Entspannung von La Corte di Marga<\/h2>\n\n\n\n<p>Nachdem Sie in Conegliano voll auf Ihre Kosten gekommen sind \u2013 was Kunst, Geschichte und malerische Ausblicke angeht \u2013, empf\u00e4ngt Sie die R\u00fcckkehr nach Miane wie eine wohlverdiente Zuwendung.<\/p>\n\n\n\n<p>Sie brauchen Ihr Auto nur auf unserem Parkplatz abzustellen, den Badeanzug anzuziehen und in das k\u00fchle Wasser unserer <a href=\"https:\/\/lacortedimarga.com\/de\/piscina-oasi-azzurra-relax-la-corte-di-marga\/\" target=\"_blank\" rel=\"noreferrer noopener\">privates Schwimmbad<\/a>. Und um den Tag geb\u00fchrend ausklingen zu lassen, erwarte ich Sie in unserem Weinshop, um Ihnen die perfekte Flasche f\u00fcr Ihr Abendessen im Appartement zu empfehlen: vielleicht jenen seltenen <a href=\"https:\/\/lacortedimarga.com\/de\/wein-bronner-piwi-rezension-sommelier\/\" target=\"_blank\" rel=\"noreferrer noopener\">Bronner PIWI von Giol<\/a> von dem ich euch erz\u00e4hlt habe, um weiterhin auf die Wunder unserer Region anzusto\u00dfen.<\/p>\n\n\n\n<p><strong><a target=\"_blank\" rel=\"noreferrer noopener\" href=\"https:\/\/lacortedimarga.com\/de\/\">Buchen Sie jetzt Ihr Apartment in La Corte di Marga<\/a><\/strong> und g\u00f6nnen Sie sich einen m\u00e4rchenhaften Aufenthalt zwischen Schl\u00f6ssern, H\u00fcgeln und gro\u00dfartigem Wein.<\/p>\n\n\n\n<h2 class=\"wp-block-heading\">Marga-Tipps f\u00fcr Ihren Schlossbesuch (FAQ)<\/h2>\n\n\n\n<div class=\"schema-faq wp-block-yoast-faq-block\"><div class=\"schema-faq-section\" id=\"faq-question-1786776379849\"><strong class=\"schema-faq-question\">Wie viel kostet der Eintritt in das Schloss von Conegliano und den Glockenturm?<\/strong> <p class=\"schema-faq-answer\">Der Zugang zum Au\u00dfenpark des Schlosses ist v\u00f6llig kostenlos. Der Eintritt in das Stadtmuseum und auf die Spitze des Glockenturms ist g\u00fcnstig: 3 \u20ac f\u00fcr das volle Ticket, 2 \u20ac f\u00fcr das erm\u00e4\u00dfigte Ticket (Kinder und Jugendliche von 6\u201318 Jahren, Universit\u00e4tsstudenten bis 25 Jahre, Personen \u00fcber 65, Gruppen ab 10 Personen, Menschen mit Behinderung und Begleitpersonen) und 1 \u20ac f\u00fcr Schulen. Die \u00d6ffnungszeiten variieren je nach Wochentag: Wir empfehlen Ihnen, sich vor dem Besuch unter der Nummer 0438\/22871 zu erkundigen.<\/p> <\/div> <div class=\"schema-faq-section\" id=\"faq-question-1786776404859\"><strong class=\"schema-faq-question\">Wie erreicht man das Schloss von Conegliano vom Stadtzentrum aus zu Fu\u00df?<\/strong> <p class=\"schema-faq-answer\">Vom historischen Zentrum von Conegliano (Via XX Settembre) folgt man einfach der Beschilderung zur \u201cCalle della Neve\u201d, einem wundersch\u00f6nen und alten Fu\u00dfg\u00e4nger-Treppenweg, der den H\u00fcgel zwischen historischen Stadtmauern und alten B\u00e4umen hinauff\u00fchrt und in etwa 10 bis 15 Gehminuten zum Schloss f\u00fchrt.<\/p> <\/div> <div class=\"schema-faq-section\" id=\"faq-question-1786776450527\"><strong class=\"schema-faq-question\">Ist es m\u00f6glich, im Schloss von Conegliano zu zu Mittag zu essen oder einen Aperitif einzunehmen?<\/strong> <p class=\"schema-faq-answer\">Auf jeden Fall. Innerhalb des Schlosskomplexes gibt es eine Bar-Restaurant mit einer gro\u00dfen Panoramaterrasse im Freien. Es ist der ideale Ort, um einen Aperitif mit Prosecco Superiore DOCG zu genie\u00dfen oder ein entspanntes Mittagessen, umgeben vom Gr\u00fcn des Parks.<\/p> <\/div> <\/div>","protected":false},"excerpt":{"rendered":"<p>Nel nostro percorso di esplorazione tra le fortezze pi\u00f9 affascinanti delle Prealpi, c\u2019\u00e8 una meta che per me, come sommelier e amante del bello, occupa un posto d&#8217;onore nel cuore. \u00c8 una tappa irrinunciabile per chiunque soggiorni a La Corte di Marga: il Castello di Conegliano. Situato a soli 22 chilometri da Miane (circa 25 [&hellip;]<\/p>\n","protected":false},"author":3,"featured_media":2825,"comment_status":"closed","ping_status":"open","sticky":false,"template":"","format":"standard","meta":{"_breakdance_hide_in_design_set":false,"_breakdance_tags":"","footnotes":""},"categories":[9,248],"tags":[254,250,252,21,20,23,180,253,24],"class_list":["post-2823","post","type-post","status-publish","format-standard","has-post-thumbnail","hentry","category-anima-cultura-slow-travel-e-storia","category-castelli-e-fortezze","tag-castelliefortezze","tag-castelliefortezzevicinoamiane","tag-castellodiconegliano","tag-collineprosecco","tag-lacortedimarga","tag-proseccohills","tag-silviarobertohost","tag-visitconegliano","tag-visitveneto"],"yoast_head":"<!-- This site is optimized with the Yoast SEO plugin v28.2 - https:\/\/yoast.com\/product\/yoast-seo-wordpress\/ -->\n<title>Il Castello di Conegliano: Guida d&#039;Autore tra Arte e Panorami<\/title>\n<meta name=\"description\" content=\"Scopri il Castello di Conegliano a 25 minuti da La Corte di Marga. Guida tra la Torre della Campana, il Museo Civico e vedute mozzafiato sulle Colline.\" \/>\n<meta name=\"robots\" content=\"index, follow, max-snippet:-1, max-image-preview:large, max-video-preview:-1\" \/>\n<link rel=\"canonical\" href=\"https:\/\/lacortedimarga.com\/de\/burg-von-conegliano-fuhrer-geschichte-panoramen\/\" \/>\n<meta property=\"og:locale\" content=\"de_DE\" \/>\n<meta property=\"og:type\" content=\"article\" \/>\n<meta property=\"og:title\" content=\"Il Castello di Conegliano: Guida d&#039;Autore tra Arte e Panorami\" \/>\n<meta property=\"og:description\" content=\"Scopri il Castello di Conegliano a 25 minuti da La Corte di Marga. Guida tra la Torre della Campana, il Museo Civico e vedute mozzafiato sulle Colline.\" \/>\n<meta property=\"og:url\" content=\"https:\/\/lacortedimarga.com\/de\/burg-von-conegliano-fuhrer-geschichte-panoramen\/\" \/>\n<meta property=\"og:site_name\" content=\"La Corte di Marga\" \/>\n<meta property=\"article:publisher\" content=\"https:\/\/www.facebook.com\/lacortedimarga\" \/>\n<meta property=\"article:published_time\" content=\"2026-08-15T06:53:34+00:00\" \/>\n<meta property=\"article:modified_time\" content=\"2026-08-15T07:46:06+00:00\" \/>\n<meta property=\"og:image\" content=\"https:\/\/lacortedimarga.com\/wp-content\/uploads\/2026\/08\/castello-di-conegliano-torre-della-campana-mura.jpg.webp\" \/>\n\t<meta property=\"og:image:width\" content=\"1500\" \/>\n\t<meta property=\"og:image:height\" content=\"1000\" \/>\n\t<meta property=\"og:image:type\" content=\"image\/webp\" \/>\n<meta name=\"author\" content=\"Roberto\" \/>\n<meta name=\"twitter:card\" content=\"summary_large_image\" \/>\n<meta name=\"twitter:label1\" content=\"Verfasst von\" \/>\n\t<meta name=\"twitter:data1\" content=\"Roberto\" \/>\n\t<meta name=\"twitter:label2\" content=\"Gesch\u00e4tzte Lesezeit\" \/>\n\t<meta name=\"twitter:data2\" content=\"6\u00a0Minuten\" \/>\n<script type=\"application\/ld+json\" class=\"yoast-schema-graph\">{\"@context\":\"https:\\\/\\\/schema.org\",\"@graph\":[{\"@type\":\"Article\",\"@id\":\"https:\\\/\\\/lacortedimarga.com\\\/castello-di-conegliano-guida-storia-panorami\\\/#article\",\"isPartOf\":{\"@id\":\"https:\\\/\\\/lacortedimarga.com\\\/castello-di-conegliano-guida-storia-panorami\\\/\"},\"author\":{\"name\":\"Roberto\",\"@id\":\"https:\\\/\\\/lacortedimarga.com\\\/#\\\/schema\\\/person\\\/35b8aa132ce672c39a5ece2e9b43b967\"},\"headline\":\"Il Balcone di Pietra sulle Colline: Guida d\u2019Autore al Castello di Conegliano\",\"datePublished\":\"2026-08-15T06:53:34+00:00\",\"dateModified\":\"2026-08-15T07:46:06+00:00\",\"mainEntityOfPage\":{\"@id\":\"https:\\\/\\\/lacortedimarga.com\\\/castello-di-conegliano-guida-storia-panorami\\\/\"},\"wordCount\":1077,\"publisher\":{\"@id\":\"https:\\\/\\\/lacortedimarga.com\\\/#organization\"},\"image\":{\"@id\":\"https:\\\/\\\/lacortedimarga.com\\\/castello-di-conegliano-guida-storia-panorami\\\/#primaryimage\"},\"thumbnailUrl\":\"https:\\\/\\\/lacortedimarga.com\\\/wp-content\\\/uploads\\\/2026\\\/08\\\/castello-di-conegliano-torre-della-campana-mura.jpg.webp\",\"keywords\":[\"#CastelliEFortezze\",\"#CastelliEFortezzeVicinoAMiane\",\"#CastelloDiConegliano\",\"#CollineProsecco\",\"#LaCortediMarga\",\"#ProseccoHills\",\"#SilviaRobertohost\",\"#VisitConegliano\",\"#VisitVeneto\"],\"articleSection\":[\"Anima &amp; Cultura: Slow Travel e Storia\",\"Castelli e Fortezze\"],\"inLanguage\":\"de\"},{\"@type\":[\"WebPage\",\"FAQPage\"],\"@id\":\"https:\\\/\\\/lacortedimarga.com\\\/castello-di-conegliano-guida-storia-panorami\\\/\",\"url\":\"https:\\\/\\\/lacortedimarga.com\\\/castello-di-conegliano-guida-storia-panorami\\\/\",\"name\":\"Il Castello di Conegliano: Guida d'Autore tra Arte e Panorami\",\"isPartOf\":{\"@id\":\"https:\\\/\\\/lacortedimarga.com\\\/#website\"},\"primaryImageOfPage\":{\"@id\":\"https:\\\/\\\/lacortedimarga.com\\\/castello-di-conegliano-guida-storia-panorami\\\/#primaryimage\"},\"image\":{\"@id\":\"https:\\\/\\\/lacortedimarga.com\\\/castello-di-conegliano-guida-storia-panorami\\\/#primaryimage\"},\"thumbnailUrl\":\"https:\\\/\\\/lacortedimarga.com\\\/wp-content\\\/uploads\\\/2026\\\/08\\\/castello-di-conegliano-torre-della-campana-mura.jpg.webp\",\"datePublished\":\"2026-08-15T06:53:34+00:00\",\"dateModified\":\"2026-08-15T07:46:06+00:00\",\"description\":\"Scopri il Castello di Conegliano a 25 minuti da La Corte di Marga. Guida tra la Torre della Campana, il Museo Civico e vedute mozzafiato sulle Colline.\",\"breadcrumb\":{\"@id\":\"https:\\\/\\\/lacortedimarga.com\\\/castello-di-conegliano-guida-storia-panorami\\\/#breadcrumb\"},\"mainEntity\":[{\"@id\":\"https:\\\/\\\/lacortedimarga.com\\\/castello-di-conegliano-guida-storia-panorami\\\/#faq-question-1786776379849\"},{\"@id\":\"https:\\\/\\\/lacortedimarga.com\\\/castello-di-conegliano-guida-storia-panorami\\\/#faq-question-1786776404859\"},{\"@id\":\"https:\\\/\\\/lacortedimarga.com\\\/castello-di-conegliano-guida-storia-panorami\\\/#faq-question-1786776450527\"}],\"inLanguage\":\"de\",\"potentialAction\":[{\"@type\":\"ReadAction\",\"target\":[\"https:\\\/\\\/lacortedimarga.com\\\/castello-di-conegliano-guida-storia-panorami\\\/\"]}]},{\"@type\":\"ImageObject\",\"inLanguage\":\"de\",\"@id\":\"https:\\\/\\\/lacortedimarga.com\\\/castello-di-conegliano-guida-storia-panorami\\\/#primaryimage\",\"url\":\"https:\\\/\\\/lacortedimarga.com\\\/wp-content\\\/uploads\\\/2026\\\/08\\\/castello-di-conegliano-torre-della-campana-mura.jpg.webp\",\"contentUrl\":\"https:\\\/\\\/lacortedimarga.com\\\/wp-content\\\/uploads\\\/2026\\\/08\\\/castello-di-conegliano-torre-della-campana-mura.jpg.webp\",\"width\":1500,\"height\":1000,\"caption\":\"La scenografica Torre della Campana del Castello di Conegliano, a soli 25 minuti da La Corte di Marga.\"},{\"@type\":\"BreadcrumbList\",\"@id\":\"https:\\\/\\\/lacortedimarga.com\\\/castello-di-conegliano-guida-storia-panorami\\\/#breadcrumb\",\"itemListElement\":[{\"@type\":\"ListItem\",\"position\":1,\"name\":\"Home\",\"item\":\"https:\\\/\\\/lacortedimarga.com\\\/\"},{\"@type\":\"ListItem\",\"position\":2,\"name\":\"Il Balcone di Pietra sulle Colline: Guida d\u2019Autore al Castello di Conegliano\"}]},{\"@type\":\"WebSite\",\"@id\":\"https:\\\/\\\/lacortedimarga.com\\\/#website\",\"url\":\"https:\\\/\\\/lacortedimarga.com\\\/\",\"name\":\"La Corte di Marga\",\"description\":\"Prosecco Hills Holidays\",\"publisher\":{\"@id\":\"https:\\\/\\\/lacortedimarga.com\\\/#organization\"},\"potentialAction\":[{\"@type\":\"SearchAction\",\"target\":{\"@type\":\"EntryPoint\",\"urlTemplate\":\"https:\\\/\\\/lacortedimarga.com\\\/?s={search_term_string}\"},\"query-input\":{\"@type\":\"PropertyValueSpecification\",\"valueRequired\":true,\"valueName\":\"search_term_string\"}}],\"inLanguage\":\"de\"},{\"@type\":\"Organization\",\"@id\":\"https:\\\/\\\/lacortedimarga.com\\\/#organization\",\"name\":\"La Corte di Marga\",\"url\":\"https:\\\/\\\/lacortedimarga.com\\\/\",\"logo\":{\"@type\":\"ImageObject\",\"inLanguage\":\"de\",\"@id\":\"https:\\\/\\\/lacortedimarga.com\\\/#\\\/schema\\\/logo\\\/image\\\/\",\"url\":\"https:\\\/\\\/lacortedimarga.com\\\/wp-content\\\/uploads\\\/2025\\\/06\\\/logo-corti-di-marga.webp\",\"contentUrl\":\"https:\\\/\\\/lacortedimarga.com\\\/wp-content\\\/uploads\\\/2025\\\/06\\\/logo-corti-di-marga.webp\",\"width\":955,\"height\":529,\"caption\":\"La Corte di Marga\"},\"image\":{\"@id\":\"https:\\\/\\\/lacortedimarga.com\\\/#\\\/schema\\\/logo\\\/image\\\/\"},\"sameAs\":[\"https:\\\/\\\/www.facebook.com\\\/lacortedimarga\",\"https:\\\/\\\/www.instagram.com\\\/la_corte_di_marga\\\/\",\"https:\\\/\\\/www.tiktok.com\\\/@lacortedimarga\",\"https:\\\/\\\/www.youtube.com\\\/@lacortedimargaofficial\",\"https:\\\/\\\/www.linkedin.com\\\/company\\\/la-corte-di-marga-prosecco-hills-holiday\"]},{\"@type\":\"Person\",\"@id\":\"https:\\\/\\\/lacortedimarga.com\\\/#\\\/schema\\\/person\\\/35b8aa132ce672c39a5ece2e9b43b967\",\"name\":\"Roberto\",\"image\":{\"@type\":\"ImageObject\",\"inLanguage\":\"de\",\"@id\":\"https:\\\/\\\/secure.gravatar.com\\\/avatar\\\/e3f271e90e735cdc34557ef9b92be1ad6f15d5bac04b51fa3cd10b4c11dac25e?s=96&d=mm&r=g\",\"url\":\"https:\\\/\\\/secure.gravatar.com\\\/avatar\\\/e3f271e90e735cdc34557ef9b92be1ad6f15d5bac04b51fa3cd10b4c11dac25e?s=96&d=mm&r=g\",\"contentUrl\":\"https:\\\/\\\/secure.gravatar.com\\\/avatar\\\/e3f271e90e735cdc34557ef9b92be1ad6f15d5bac04b51fa3cd10b4c11dac25e?s=96&d=mm&r=g\",\"caption\":\"Roberto\"},\"url\":\"https:\\\/\\\/lacortedimarga.com\\\/de\\\/author\\\/roberto\\\/\"},{\"@type\":\"Question\",\"@id\":\"https:\\\/\\\/lacortedimarga.com\\\/castello-di-conegliano-guida-storia-panorami\\\/#faq-question-1786776379849\",\"position\":1,\"url\":\"https:\\\/\\\/lacortedimarga.com\\\/castello-di-conegliano-guida-storia-panorami\\\/#faq-question-1786776379849\",\"name\":\"Quanto costa l'ingresso al Castello di Conegliano e alla Torre della Campana?\",\"answerCount\":1,\"acceptedAnswer\":{\"@type\":\"Answer\",\"text\":\"L'accesso al parco esterno del castello \u00e8 del tutto gratuito. L'ingresso al Museo Civico e alla cima della Torre della Campana ha un costo contenuto: 3 \u20ac per il biglietto intero, 2 \u20ac per il ridotto (bambini e ragazzi 6-18 anni, studenti universitari fino a 25 anni, over 65, gruppi oltre 10 persone, disabili e accompagnatori) e 1 \u20ac per le scuole. Gli orari variano a seconda del giorno della settimana: vi consigliamo di verificare al numero 0438\\\/22871 prima della visita.\",\"inLanguage\":\"de\"},\"inLanguage\":\"de\"},{\"@type\":\"Question\",\"@id\":\"https:\\\/\\\/lacortedimarga.com\\\/castello-di-conegliano-guida-storia-panorami\\\/#faq-question-1786776404859\",\"position\":2,\"url\":\"https:\\\/\\\/lacortedimarga.com\\\/castello-di-conegliano-guida-storia-panorami\\\/#faq-question-1786776404859\",\"name\":\"Come si raggiunge il Castello di Conegliano dal centro citt\u00e0 a piedi?\",\"answerCount\":1,\"acceptedAnswer\":{\"@type\":\"Answer\",\"text\":\"Dal centro storico di Conegliano (Via XX Settembre) basta seguire le indicazioni per la \\\"Calle della Neve\\\", uno splendido e antico sentiero pedonale gradinato che risale il colle tra mura di cinta storiche e alberi secolari, conducendo al castello in circa 10-15 minuti di camminata.\",\"inLanguage\":\"de\"},\"inLanguage\":\"de\"},{\"@type\":\"Question\",\"@id\":\"https:\\\/\\\/lacortedimarga.com\\\/castello-di-conegliano-guida-storia-panorami\\\/#faq-question-1786776450527\",\"position\":3,\"url\":\"https:\\\/\\\/lacortedimarga.com\\\/castello-di-conegliano-guida-storia-panorami\\\/#faq-question-1786776450527\",\"name\":\"\u00c8 possibile pranzare o fare un aperitivo al Castello di Conegliano?\",\"answerCount\":1,\"acceptedAnswer\":{\"@type\":\"Answer\",\"text\":\"Assolutamente s\u00ec. All'interno del complesso del castello \u00e8 presente un bar-ristorante dotato di un'ampia terrazza panoramica all'aperto. \u00c8 la location ideale per gustare un aperitivo a base di Prosecco Superiore DOCG o per un pranzo rilassante circondati dal verde del parco.\",\"inLanguage\":\"de\"},\"inLanguage\":\"de\"}]}<\/script>\n<!-- \/ Yoast SEO plugin. -->","yoast_head_json":{"title":"Das Schloss von Conegliano: Ein Autorenf\u00fchrer zwischen Kunst und Panoramen","description":"Entdecken Sie das Schloss von Conegliano, 25 Minuten von La Corte di Marga entfernt. Fahren Sie zum Glockenturm, zum Stadtmuseum und zu atemberaubenden Ausblicken auf die H\u00fcgel.","robots":{"index":"index","follow":"follow","max-snippet":"max-snippet:-1","max-image-preview":"max-image-preview:large","max-video-preview":"max-video-preview:-1"},"canonical":"https:\/\/lacortedimarga.com\/de\/burg-von-conegliano-fuhrer-geschichte-panoramen\/","og_locale":"de_DE","og_type":"article","og_title":"Il Castello di Conegliano: Guida d'Autore tra Arte e Panorami","og_description":"Scopri il Castello di Conegliano a 25 minuti da La Corte di Marga. Guida tra la Torre della Campana, il Museo Civico e vedute mozzafiato sulle Colline.","og_url":"https:\/\/lacortedimarga.com\/de\/burg-von-conegliano-fuhrer-geschichte-panoramen\/","og_site_name":"La Corte di Marga","article_publisher":"https:\/\/www.facebook.com\/lacortedimarga","article_published_time":"2026-08-15T06:53:34+00:00","article_modified_time":"2026-08-15T07:46:06+00:00","og_image":[{"width":1500,"height":1000,"url":"https:\/\/lacortedimarga.com\/wp-content\/uploads\/2026\/08\/castello-di-conegliano-torre-della-campana-mura.jpg.webp","type":"image\/webp"}],"author":"Roberto","twitter_card":"summary_large_image","twitter_misc":{"Verfasst von":"Roberto","Gesch\u00e4tzte Lesezeit":"6\u00a0Minuten"},"schema":{"@context":"https:\/\/schema.org","@graph":[{"@type":"Article","@id":"https:\/\/lacortedimarga.com\/castello-di-conegliano-guida-storia-panorami\/#article","isPartOf":{"@id":"https:\/\/lacortedimarga.com\/castello-di-conegliano-guida-storia-panorami\/"},"author":{"name":"Roberto","@id":"https:\/\/lacortedimarga.com\/#\/schema\/person\/35b8aa132ce672c39a5ece2e9b43b967"},"headline":"Il Balcone di Pietra sulle Colline: Guida d\u2019Autore al Castello di Conegliano","datePublished":"2026-08-15T06:53:34+00:00","dateModified":"2026-08-15T07:46:06+00:00","mainEntityOfPage":{"@id":"https:\/\/lacortedimarga.com\/castello-di-conegliano-guida-storia-panorami\/"},"wordCount":1077,"publisher":{"@id":"https:\/\/lacortedimarga.com\/#organization"},"image":{"@id":"https:\/\/lacortedimarga.com\/castello-di-conegliano-guida-storia-panorami\/#primaryimage"},"thumbnailUrl":"https:\/\/lacortedimarga.com\/wp-content\/uploads\/2026\/08\/castello-di-conegliano-torre-della-campana-mura.jpg.webp","keywords":["#CastelliEFortezze","#CastelliEFortezzeVicinoAMiane","#CastelloDiConegliano","#CollineProsecco","#LaCortediMarga","#ProseccoHills","#SilviaRobertohost","#VisitConegliano","#VisitVeneto"],"articleSection":["Anima &amp; Cultura: Slow Travel e Storia","Castelli e Fortezze"],"inLanguage":"de"},{"@type":["WebPage","FAQPage"],"@id":"https:\/\/lacortedimarga.com\/castello-di-conegliano-guida-storia-panorami\/","url":"https:\/\/lacortedimarga.com\/castello-di-conegliano-guida-storia-panorami\/","name":"Das Schloss von Conegliano: Ein Autorenf\u00fchrer zwischen Kunst und Panoramen","isPartOf":{"@id":"https:\/\/lacortedimarga.com\/#website"},"primaryImageOfPage":{"@id":"https:\/\/lacortedimarga.com\/castello-di-conegliano-guida-storia-panorami\/#primaryimage"},"image":{"@id":"https:\/\/lacortedimarga.com\/castello-di-conegliano-guida-storia-panorami\/#primaryimage"},"thumbnailUrl":"https:\/\/lacortedimarga.com\/wp-content\/uploads\/2026\/08\/castello-di-conegliano-torre-della-campana-mura.jpg.webp","datePublished":"2026-08-15T06:53:34+00:00","dateModified":"2026-08-15T07:46:06+00:00","description":"Entdecken Sie das Schloss von Conegliano, 25 Minuten von La Corte di Marga entfernt. Fahren Sie zum Glockenturm, zum Stadtmuseum und zu atemberaubenden Ausblicken auf die H\u00fcgel.","breadcrumb":{"@id":"https:\/\/lacortedimarga.com\/castello-di-conegliano-guida-storia-panorami\/#breadcrumb"},"mainEntity":[{"@id":"https:\/\/lacortedimarga.com\/castello-di-conegliano-guida-storia-panorami\/#faq-question-1786776379849"},{"@id":"https:\/\/lacortedimarga.com\/castello-di-conegliano-guida-storia-panorami\/#faq-question-1786776404859"},{"@id":"https:\/\/lacortedimarga.com\/castello-di-conegliano-guida-storia-panorami\/#faq-question-1786776450527"}],"inLanguage":"de","potentialAction":[{"@type":"ReadAction","target":["https:\/\/lacortedimarga.com\/castello-di-conegliano-guida-storia-panorami\/"]}]},{"@type":"ImageObject","inLanguage":"de","@id":"https:\/\/lacortedimarga.com\/castello-di-conegliano-guida-storia-panorami\/#primaryimage","url":"https:\/\/lacortedimarga.com\/wp-content\/uploads\/2026\/08\/castello-di-conegliano-torre-della-campana-mura.jpg.webp","contentUrl":"https:\/\/lacortedimarga.com\/wp-content\/uploads\/2026\/08\/castello-di-conegliano-torre-della-campana-mura.jpg.webp","width":1500,"height":1000,"caption":"La scenografica Torre della Campana del Castello di Conegliano, a soli 25 minuti da La Corte di Marga."},{"@type":"BreadcrumbList","@id":"https:\/\/lacortedimarga.com\/castello-di-conegliano-guida-storia-panorami\/#breadcrumb","itemListElement":[{"@type":"ListItem","position":1,"name":"Home","item":"https:\/\/lacortedimarga.com\/"},{"@type":"ListItem","position":2,"name":"Il Balcone di Pietra sulle Colline: Guida d\u2019Autore al Castello di Conegliano"}]},{"@type":"WebSite","@id":"https:\/\/lacortedimarga.com\/#website","url":"https:\/\/lacortedimarga.com\/","name":"Der Hof von Marga","description":"Prosecco Hills Ferien","publisher":{"@id":"https:\/\/lacortedimarga.com\/#organization"},"potentialAction":[{"@type":"SearchAction","target":{"@type":"EntryPoint","urlTemplate":"https:\/\/lacortedimarga.com\/?s={search_term_string}"},"query-input":{"@type":"PropertyValueSpecification","valueRequired":true,"valueName":"search_term_string"}}],"inLanguage":"de"},{"@type":"Organization","@id":"https:\/\/lacortedimarga.com\/#organization","name":"Der Hof von Marga","url":"https:\/\/lacortedimarga.com\/","logo":{"@type":"ImageObject","inLanguage":"de","@id":"https:\/\/lacortedimarga.com\/#\/schema\/logo\/image\/","url":"https:\/\/lacortedimarga.com\/wp-content\/uploads\/2025\/06\/logo-corti-di-marga.webp","contentUrl":"https:\/\/lacortedimarga.com\/wp-content\/uploads\/2025\/06\/logo-corti-di-marga.webp","width":955,"height":529,"caption":"La Corte di Marga"},"image":{"@id":"https:\/\/lacortedimarga.com\/#\/schema\/logo\/image\/"},"sameAs":["https:\/\/www.facebook.com\/lacortedimarga","https:\/\/www.instagram.com\/la_corte_di_marga\/","https:\/\/www.tiktok.com\/@lacortedimarga","https:\/\/www.youtube.com\/@lacortedimargaofficial","https:\/\/www.linkedin.com\/company\/la-corte-di-marga-prosecco-hills-holiday"]},{"@type":"Person","@id":"https:\/\/lacortedimarga.com\/#\/schema\/person\/35b8aa132ce672c39a5ece2e9b43b967","name":"Roberto","image":{"@type":"ImageObject","inLanguage":"de","@id":"https:\/\/secure.gravatar.com\/avatar\/e3f271e90e735cdc34557ef9b92be1ad6f15d5bac04b51fa3cd10b4c11dac25e?s=96&d=mm&r=g","url":"https:\/\/secure.gravatar.com\/avatar\/e3f271e90e735cdc34557ef9b92be1ad6f15d5bac04b51fa3cd10b4c11dac25e?s=96&d=mm&r=g","contentUrl":"https:\/\/secure.gravatar.com\/avatar\/e3f271e90e735cdc34557ef9b92be1ad6f15d5bac04b51fa3cd10b4c11dac25e?s=96&d=mm&r=g","caption":"Roberto"},"url":"https:\/\/lacortedimarga.com\/de\/author\/roberto\/"},{"@type":"Question","@id":"https:\/\/lacortedimarga.com\/castello-di-conegliano-guida-storia-panorami\/#faq-question-1786776379849","position":1,"url":"https:\/\/lacortedimarga.com\/castello-di-conegliano-guida-storia-panorami\/#faq-question-1786776379849","name":"Wie viel kostet der Eintritt in das Schloss von Conegliano und den Glockenturm?","answerCount":1,"acceptedAnswer":{"@type":"Answer","text":"L'accesso al parco esterno del castello \u00e8 del tutto gratuito. L'ingresso al Museo Civico e alla cima della Torre della Campana ha un costo contenuto: 3 \u20ac per il biglietto intero, 2 \u20ac per il ridotto (bambini e ragazzi 6-18 anni, studenti universitari fino a 25 anni, over 65, gruppi oltre 10 persone, disabili e accompagnatori) e 1 \u20ac per le scuole. Gli orari variano a seconda del giorno della settimana: vi consigliamo di verificare al numero 0438\/22871 prima della visita.","inLanguage":"de"},"inLanguage":"de"},{"@type":"Question","@id":"https:\/\/lacortedimarga.com\/castello-di-conegliano-guida-storia-panorami\/#faq-question-1786776404859","position":2,"url":"https:\/\/lacortedimarga.com\/castello-di-conegliano-guida-storia-panorami\/#faq-question-1786776404859","name":"Wie erreicht man das Schloss von Conegliano vom Stadtzentrum aus zu Fu\u00df?","answerCount":1,"acceptedAnswer":{"@type":"Answer","text":"Dal centro storico di Conegliano (Via XX Settembre) basta seguire le indicazioni per la \"Calle della Neve\", uno splendido e antico sentiero pedonale gradinato che risale il colle tra mura di cinta storiche e alberi secolari, conducendo al castello in circa 10-15 minuti di camminata.","inLanguage":"de"},"inLanguage":"de"},{"@type":"Question","@id":"https:\/\/lacortedimarga.com\/castello-di-conegliano-guida-storia-panorami\/#faq-question-1786776450527","position":3,"url":"https:\/\/lacortedimarga.com\/castello-di-conegliano-guida-storia-panorami\/#faq-question-1786776450527","name":"Ist es m\u00f6glich, im Schloss von Conegliano zu zu Mittag zu essen oder einen Aperitif einzunehmen?","answerCount":1,"acceptedAnswer":{"@type":"Answer","text":"Assolutamente s\u00ec. All'interno del complesso del castello \u00e8 presente un bar-ristorante dotato di un'ampia terrazza panoramica all'aperto. \u00c8 la location ideale per gustare un aperitivo a base di Prosecco Superiore DOCG o per un pranzo rilassante circondati dal verde del parco.","inLanguage":"de"},"inLanguage":"de"}]}},"_links":{"self":[{"href":"https:\/\/lacortedimarga.com\/de\/wp-json\/wp\/v2\/posts\/2823","targetHints":{"allow":["GET"]}}],"collection":[{"href":"https:\/\/lacortedimarga.com\/de\/wp-json\/wp\/v2\/posts"}],"about":[{"href":"https:\/\/lacortedimarga.com\/de\/wp-json\/wp\/v2\/types\/post"}],"author":[{"embeddable":true,"href":"https:\/\/lacortedimarga.com\/de\/wp-json\/wp\/v2\/users\/3"}],"replies":[{"embeddable":true,"href":"https:\/\/lacortedimarga.com\/de\/wp-json\/wp\/v2\/comments?post=2823"}],"version-history":[{"count":4,"href":"https:\/\/lacortedimarga.com\/de\/wp-json\/wp\/v2\/posts\/2823\/revisions"}],"predecessor-version":[{"id":2840,"href":"https:\/\/lacortedimarga.com\/de\/wp-json\/wp\/v2\/posts\/2823\/revisions\/2840"}],"wp:featuredmedia":[{"embeddable":true,"href":"https:\/\/lacortedimarga.com\/de\/wp-json\/wp\/v2\/media\/2825"}],"wp:attachment":[{"href":"https:\/\/lacortedimarga.com\/de\/wp-json\/wp\/v2\/media?parent=2823"}],"wp:term":[{"taxonomy":"category","embeddable":true,"href":"https:\/\/lacortedimarga.com\/de\/wp-json\/wp\/v2\/categories?post=2823"},{"taxonomy":"post_tag","embeddable":true,"href":"https:\/\/lacortedimarga.com\/de\/wp-json\/wp\/v2\/tags?post=2823"}],"curies":[{"name":"wp","href":"https:\/\/api.w.org\/{rel}","templated":true}]}}