{"id":2850,"date":"2026-08-16T15:00:54","date_gmt":"2026-08-16T15:00:54","guid":{"rendered":"https:\/\/lacortedimarga.com\/?p=2850"},"modified":"2026-08-17T07:08:23","modified_gmt":"2026-08-17T07:08:23","slug":"kantine-conte-collalto-susegana-verkostungen","status":"publish","type":"post","link":"https:\/\/lacortedimarga.com\/de\/cantine-conte-collalto-susegana-degustazioni\/","title":{"rendered":"Im Herzen der Weingeneschichte: Besuch der Kellerei Conte Collalto in Susegana"},"content":{"rendered":"<p>Se il <a href=\"https:\/\/lacortedimarga.com\/de\/burg-von-conegliano-fuhrer-geschichte-panoramen\/\" target=\"_blank\" rel=\"noreferrer noopener\">Burg von Conegliano<\/a> stellt die Wiege der Weisenkunst des Weins mit ihrer historischen Schule dar; es gibt einen Ort, nur wenige Kilometer entfernt, der den wahren Adel des Weins aus Treviso verk\u00f6rpert. Ich spreche von den Cantine Conte Collalto, dem historischen Weingut in Susegana, das im Mittelpunkt dieses F\u00fchrers steht.<\/p>\n\n\n\n<p>Wir sind in Susegana, etwa 22 Autominuten entfernt von <strong>Der Hof von Marga<\/strong>, zu den F\u00fc\u00dfen des majest\u00e4tischen <a href=\"https:\/\/lacortedimarga.com\/de\/castello-di-san-salvatore-susegana-guida\/\">Schloss San Salvatore<\/a>. Hier entstehen <strong>Cantine Conte Collalto<\/strong>, einem Landwirtschaftsbetrieb, dessen Geschichte seit 958 n. Chr. mit der der gleichnamigen Adelsfamilie verflochten ist.<\/p>\n\n\n\n<p>Dieses Weingut zu besuchen (das heute mit au\u00dfergew\u00f6hnlicher Eleganz von Prinzessin Isabella Collalto de Cro\u00ff gef\u00fchrt wird) bedeutet nicht einfach nur, eine \u201cVerkostung\u201d zu machen. Es bedeutet, eine Pilgerreise in einen der \u00e4ltesten, gr\u00f6\u00dften und faszinierendsten Weinkeller des gesamten Veneto zu unternehmen.<\/p>\n\n\n\n<h2 class=\"wp-block-heading\">Cantine Conte Collalto: Die historische Bottaia, ein unterirdischer Tempel<\/h2>\n\n\n\n<p>Die wahre Magie des Besuchs beginnt, wenn man sich unter das Bodeniveau begibt. Der historische Keller, der w\u00e4hrend des Gro\u00dfen Krieges teilweise zerst\u00f6rt und mit Z\u00e4higkeit wieder aufgebaut wurde, ist ein Labyrinth aus majest\u00e4tischen Stollen.<\/p>\n\n\n\n<p>Spazieren im <strong>Bottaia Storica<\/strong> Es ist eine fast mystische Erfahrung: Sie werden von imposanten F\u00e4ssern aus slawonischer Eiche umgeben sein, in denen die gro\u00dfen Rotweine des Betriebs in absoluter Stille ruhen, bei einer Temperatur und Luftfeuchtigkeit, die auf nat\u00fcrliche Weise durch das dicke Mauerwerk kontrolliert werden. Es ist ein scharfer und faszinierender Kontrast zu den modernen Autoklaven aus Stahl, die f\u00fcr die Schaumweinherstellung ihres renommierten Prosecco Superiore DOCG verwendet werden.<\/p>\n\n\n\n<h2 class=\"wp-block-heading\">Die Philosophie der Cantine Conte Collalto: viel mehr als nur Prosecco<\/h2>\n\n\n\n<p>Die H\u00fcgel von Susegana bieten ein einzigartiges Terroir: Hier erm\u00f6glicht der kalkhaltige Tonboden nicht nur den Anbau von Glera (der Proseccotraube), sondern auch von Rebsorten, die strukturierte und komplexe Weine hervorbringen. W\u00e4hrend der Verkostung haben Sie die Gelegenheit, Meisterwerke wie den Incrocio Manzoni Bianco, gro\u00dfe Bordeaux-Cuv\u00e9es und vor allem die absolute Einzigartigkeit dieses Weinguts zu probieren: den seltenen und rebellischen <strong><a href=\"https:\/\/lacortedimarga.com\/de\/il-ribelle-nel-regno-delle-bollicine-la-recensione-del-wildbacher-collalto\/\">Wildbacher<\/a><\/strong>, ein \u00f6sterreichischer Rotwein, der in diesen H\u00fcgeln seine zweite (und einzige) italienische Heimat gefunden hat.<\/p>\n\n\n\n<h2 class=\"wp-block-heading\">\ud83d\uddfa\ufe0f Logistikblatt: N\u00fctzliche Infos f\u00fcr den Besuch<\/h2>\n\n\n\n<figure class=\"wp-block-table\"><table class=\"has-fixed-layout\"><thead><tr><td><strong>Stimme<\/strong><\/td><td><strong>Praktische Hinweise f\u00fcr den Gast<\/strong><\/td><\/tr><\/thead><tbody><tr><td><strong>Entfernung von Miane<\/strong><\/td><td>Ca. 16 km (22 Minuten mit dem Auto, eine herrliche Fahrt durch die Weinberge).<\/td><\/tr><tr><td><strong>Wie man bucht<\/strong><\/td><td>F\u00fchrungen durch den Fasskeller mit anschlie\u00dfender Weinprobe m\u00fcssen immer im Voraus \u00fcber die offizielle Website des Weinguts oder durch Anruf beim Empfangsb\u00fcro gebucht werden.<\/td><\/tr><tr><td><strong>Was die Tour beinhaltet<\/strong><\/td><td>Normalerweise beinhaltet dies die Erz\u00e4hlung der Familiengeschichte, die Besichtigung der Weinherstellungsbereiche, den stimmungsvollen historischen Weinkeller und eine gef\u00fchrte Verkostung (von 3 oder mehr Weinen).<\/td><\/tr><tr><td><strong>Weinverkauf<\/strong><\/td><td>Auch ohne eine F\u00fchrung zu buchen, ist der Fabrikverkauf f\u00fcr die \u00d6ffentlichkeit ge\u00f6ffnet (von Montag bis Samstag), um Flaschen direkt auf dem Gut zu kaufen.<\/td><\/tr><\/tbody><\/table><\/figure>\n\n\n\n<h2 class=\"wp-block-heading\">R\u00fcckkehr nach La Corte di Marga<\/h2>\n\n\n\n<p>Nachdem Sie durch jahrhundertealte F\u00e4sser spaziert sind und die K\u00f6stlichkeiten der Collalto verkostet haben, wartet Ihre Wohnung in Miane auf Ihre wohlverdiente Ruhe. Entspannen Sie sich an unserem <strong><a href=\"https:\/\/lacortedimarga.com\/de\/piscina-oasi-azzurra-relax-la-corte-di-marga\/\" target=\"_blank\" rel=\"noreferrer noopener\">privates Schwimmbad<\/a><\/strong>, umgeben von Gr\u00fcn, und bereitet die Gl\u00e4ser vor: Eine der frisch im Weinkeller gekauften Flaschen zu entkorken, w\u00e4hrend die Sonne untergeht, wird der perfekte Abschluss f\u00fcr euren Tag in Treviso sein.<\/p>\n\n\n\n<div class=\"schema-faq wp-block-yoast-faq-block\"><div class=\"schema-faq-section\" id=\"faq-question-1786863081323\"><strong class=\"schema-faq-question\">Ist es m\u00f6glich, die Cantine Collalto ohne Reservierung zu besuchen?<\/strong> <p class=\"schema-faq-answer\">Die Weinbar und das Verkaufsgesch\u00e4ft sind f\u00fcr den Publikumsverkehr frei zug\u00e4nglich. F\u00fcr den Zugang zum unterirdischen Fasskeller und die Teilnahme an gef\u00fchrten Verkostungen mit den Sommeliers des Weinguts ist jedoch eine Reservierung erforderlich.<\/p> <\/div> <div class=\"schema-faq-section\" id=\"faq-question-1786863108945\"><strong class=\"schema-faq-question\">Lassen sich die Weine der Cantine Collalto mit einem Besuch der Burg San Salvatore verbinden?<\/strong> <p class=\"schema-faq-answer\">Auf jeden Fall. Die Weinkeller befinden sich direkt am Fu\u00dfe des Schlossh\u00fcgels. Wir empfehlen unseren G\u00e4sten oft, die Weinprobe am Vormittag zu buchen und anschlie\u00dfend die majest\u00e4tische Silhouette der Festung von unten zu bewundern, vielleicht bei einem Spaziergang auf den Wegen, die die Weinberge des Guts umgeben.<\/p> <\/div> <div class=\"schema-faq-section\" id=\"faq-question-1786863136704\"><strong class=\"schema-faq-question\">Welche Weine muss man bei Cantine Collalto unbedingt probieren?<\/strong> <p class=\"schema-faq-answer\">Neben dem hervorragenden Conegliano Valdobbiadene Prosecco Superiore DOCG empfehlen wir Ihnen dringend, auch ihre Stillweine zu probieren: den Manzoni Bianco (eine Rebsorte, die genau in diesen Gebieten entstanden ist) und den legend\u00e4ren Wildbacher, einen intensiven und seltenen Rotwein, an dem das Weingut in Italien fast das Monopol h\u00e4lt.<\/p> <\/div> <\/div>","protected":false},"excerpt":{"rendered":"<p>Se il Castello di Conegliano rappresenta la culla della sapienza enologica con la sua storica scuola, c&#8217;\u00e8 un luogo, a pochi chilometri di distanza, che incarna la vera e propria nobilt\u00e0 del vino trevigiano. Sto parlando delle Cantine Conte Collalto, la storica cantina di Susegana protagonista di questa guida. Siamo a Susegana, a circa 22 [&hellip;]<\/p>\n","protected":false},"author":3,"featured_media":2854,"comment_status":"closed","ping_status":"open","sticky":false,"template":"","format":"standard","meta":{"_breakdance_hide_in_design_set":false,"_breakdance_tags":"","footnotes":""},"categories":[10,13],"tags":[260,255,29,20,195,28,53,258,36,24],"class_list":["post-2850","post","type-post","status-publish","format-standard","has-post-thumbnail","hentry","category-esperienza-in-struttura-guest-guide-news","category-vino-e-gastronomia","tag-cantinecontecollalto","tag-castellosansalvatore","tag-degustazionevini","tag-lacortedimarga","tag-lacortedimargablog","tag-naturaeapprendimento","tag-proseccohillsholidays-2","tag-susegana","tag-unescoheritage","tag-visitveneto"],"yoast_head":"<!-- This site is optimized with the Yoast SEO plugin v28.2 - https:\/\/yoast.com\/product\/yoast-seo-wordpress\/ -->\n<title>Cantine Conte Collalto a Susegana: Storia e Degustazioni<\/title>\n<meta name=\"description\" content=\"Le Cantine Conte Collalto a Susegana: bottaia storica, degustazioni e vini dei Conti, a soli 22 minuti da La Corte di Marga.\" \/>\n<meta name=\"robots\" content=\"index, follow, max-snippet:-1, max-image-preview:large, max-video-preview:-1\" \/>\n<link rel=\"canonical\" href=\"https:\/\/lacortedimarga.com\/de\/kantine-conte-collalto-susegana-verkostungen\/\" \/>\n<meta property=\"og:locale\" content=\"de_DE\" \/>\n<meta property=\"og:type\" content=\"article\" \/>\n<meta property=\"og:title\" content=\"Cantine Conte Collalto a Susegana: Storia e Degustazioni\" \/>\n<meta property=\"og:description\" content=\"Le Cantine Conte Collalto a Susegana: bottaia storica, degustazioni e vini dei Conti, a soli 22 minuti da La Corte di Marga.\" \/>\n<meta property=\"og:url\" content=\"https:\/\/lacortedimarga.com\/de\/kantine-conte-collalto-susegana-verkostungen\/\" \/>\n<meta property=\"og:site_name\" content=\"La Corte di Marga\" \/>\n<meta property=\"article:publisher\" content=\"https:\/\/www.facebook.com\/lacortedimarga\" \/>\n<meta property=\"article:published_time\" content=\"2026-08-16T15:00:54+00:00\" \/>\n<meta property=\"article:modified_time\" content=\"2026-08-17T07:08:23+00:00\" \/>\n<meta property=\"og:image\" content=\"https:\/\/lacortedimarga.com\/wp-content\/uploads\/2026\/08\/cantine-conte-collalto-susegana-vista-aerea.jpg.jpg\" \/>\n\t<meta property=\"og:image:width\" content=\"1476\" \/>\n\t<meta property=\"og:image:height\" content=\"756\" \/>\n\t<meta property=\"og:image:type\" content=\"image\/jpeg\" \/>\n<meta name=\"author\" content=\"Roberto\" \/>\n<meta name=\"twitter:card\" content=\"summary_large_image\" \/>\n<meta name=\"twitter:label1\" content=\"Verfasst von\" \/>\n\t<meta name=\"twitter:data1\" content=\"Roberto\" \/>\n\t<meta name=\"twitter:label2\" content=\"Gesch\u00e4tzte Lesezeit\" \/>\n\t<meta name=\"twitter:data2\" content=\"4\u00a0Minuten\" \/>\n<script type=\"application\/ld+json\" class=\"yoast-schema-graph\">{\"@context\":\"https:\\\/\\\/schema.org\",\"@graph\":[{\"@type\":\"Article\",\"@id\":\"https:\\\/\\\/lacortedimarga.com\\\/cantine-conte-collalto-susegana-degustazioni\\\/#article\",\"isPartOf\":{\"@id\":\"https:\\\/\\\/lacortedimarga.com\\\/cantine-conte-collalto-susegana-degustazioni\\\/\"},\"author\":{\"name\":\"Roberto\",\"@id\":\"https:\\\/\\\/lacortedimarga.com\\\/#\\\/schema\\\/person\\\/35b8aa132ce672c39a5ece2e9b43b967\"},\"headline\":\"Nel Cuore della Storia del Vino: Visita alle Cantine Conte Collalto a Susegana\",\"datePublished\":\"2026-08-16T15:00:54+00:00\",\"dateModified\":\"2026-08-17T07:08:23+00:00\",\"mainEntityOfPage\":{\"@id\":\"https:\\\/\\\/lacortedimarga.com\\\/cantine-conte-collalto-susegana-degustazioni\\\/\"},\"wordCount\":667,\"publisher\":{\"@id\":\"https:\\\/\\\/lacortedimarga.com\\\/#organization\"},\"image\":{\"@id\":\"https:\\\/\\\/lacortedimarga.com\\\/cantine-conte-collalto-susegana-degustazioni\\\/#primaryimage\"},\"thumbnailUrl\":\"https:\\\/\\\/lacortedimarga.com\\\/wp-content\\\/uploads\\\/2026\\\/08\\\/cantine-conte-collalto-susegana-vista-aerea.jpg.jpg\",\"keywords\":[\"#CantineConteCollalto\",\"#CastelloSanSalvatore\",\"#DegustazioneVini\",\"#LaCortediMarga\",\"#LaCorteDiMargaBlog\",\"#NaturaEApprendimento\",\"#ProseccoHillsHolidays\",\"#Susegana\",\"#UNESCOHeritage\",\"#VisitVeneto\"],\"articleSection\":[\"Esperienza in Struttura: Guest Guide &amp; News\",\"Vino e Gastronomia\"],\"inLanguage\":\"de\"},{\"@type\":[\"WebPage\",\"FAQPage\"],\"@id\":\"https:\\\/\\\/lacortedimarga.com\\\/cantine-conte-collalto-susegana-degustazioni\\\/\",\"url\":\"https:\\\/\\\/lacortedimarga.com\\\/cantine-conte-collalto-susegana-degustazioni\\\/\",\"name\":\"Cantine Conte Collalto a Susegana: Storia e Degustazioni\",\"isPartOf\":{\"@id\":\"https:\\\/\\\/lacortedimarga.com\\\/#website\"},\"primaryImageOfPage\":{\"@id\":\"https:\\\/\\\/lacortedimarga.com\\\/cantine-conte-collalto-susegana-degustazioni\\\/#primaryimage\"},\"image\":{\"@id\":\"https:\\\/\\\/lacortedimarga.com\\\/cantine-conte-collalto-susegana-degustazioni\\\/#primaryimage\"},\"thumbnailUrl\":\"https:\\\/\\\/lacortedimarga.com\\\/wp-content\\\/uploads\\\/2026\\\/08\\\/cantine-conte-collalto-susegana-vista-aerea.jpg.jpg\",\"datePublished\":\"2026-08-16T15:00:54+00:00\",\"dateModified\":\"2026-08-17T07:08:23+00:00\",\"description\":\"Le Cantine Conte Collalto a Susegana: bottaia storica, degustazioni e vini dei Conti, a soli 22 minuti da La Corte di Marga.\",\"breadcrumb\":{\"@id\":\"https:\\\/\\\/lacortedimarga.com\\\/cantine-conte-collalto-susegana-degustazioni\\\/#breadcrumb\"},\"mainEntity\":[{\"@id\":\"https:\\\/\\\/lacortedimarga.com\\\/cantine-conte-collalto-susegana-degustazioni\\\/#faq-question-1786863081323\"},{\"@id\":\"https:\\\/\\\/lacortedimarga.com\\\/cantine-conte-collalto-susegana-degustazioni\\\/#faq-question-1786863108945\"},{\"@id\":\"https:\\\/\\\/lacortedimarga.com\\\/cantine-conte-collalto-susegana-degustazioni\\\/#faq-question-1786863136704\"}],\"inLanguage\":\"de\",\"potentialAction\":[{\"@type\":\"ReadAction\",\"target\":[\"https:\\\/\\\/lacortedimarga.com\\\/cantine-conte-collalto-susegana-degustazioni\\\/\"]}]},{\"@type\":\"ImageObject\",\"inLanguage\":\"de\",\"@id\":\"https:\\\/\\\/lacortedimarga.com\\\/cantine-conte-collalto-susegana-degustazioni\\\/#primaryimage\",\"url\":\"https:\\\/\\\/lacortedimarga.com\\\/wp-content\\\/uploads\\\/2026\\\/08\\\/cantine-conte-collalto-susegana-vista-aerea.jpg.jpg\",\"contentUrl\":\"https:\\\/\\\/lacortedimarga.com\\\/wp-content\\\/uploads\\\/2026\\\/08\\\/cantine-conte-collalto-susegana-vista-aerea.jpg.jpg\",\"width\":1476,\"height\":756,\"caption\":\"Scorcio aereo del maestoso complesso delle Cantine Conte Collalto a Susegana, a 25 minuti da La Corte di Marga.\"},{\"@type\":\"BreadcrumbList\",\"@id\":\"https:\\\/\\\/lacortedimarga.com\\\/cantine-conte-collalto-susegana-degustazioni\\\/#breadcrumb\",\"itemListElement\":[{\"@type\":\"ListItem\",\"position\":1,\"name\":\"Home\",\"item\":\"https:\\\/\\\/lacortedimarga.com\\\/\"},{\"@type\":\"ListItem\",\"position\":2,\"name\":\"Nel Cuore della Storia del Vino: Visita alle Cantine Conte Collalto a Susegana\"}]},{\"@type\":\"WebSite\",\"@id\":\"https:\\\/\\\/lacortedimarga.com\\\/#website\",\"url\":\"https:\\\/\\\/lacortedimarga.com\\\/\",\"name\":\"La Corte di Marga\",\"description\":\"Prosecco Hills Holidays\",\"publisher\":{\"@id\":\"https:\\\/\\\/lacortedimarga.com\\\/#organization\"},\"potentialAction\":[{\"@type\":\"SearchAction\",\"target\":{\"@type\":\"EntryPoint\",\"urlTemplate\":\"https:\\\/\\\/lacortedimarga.com\\\/?s={search_term_string}\"},\"query-input\":{\"@type\":\"PropertyValueSpecification\",\"valueRequired\":true,\"valueName\":\"search_term_string\"}}],\"inLanguage\":\"de\"},{\"@type\":\"Organization\",\"@id\":\"https:\\\/\\\/lacortedimarga.com\\\/#organization\",\"name\":\"La Corte di Marga\",\"url\":\"https:\\\/\\\/lacortedimarga.com\\\/\",\"logo\":{\"@type\":\"ImageObject\",\"inLanguage\":\"de\",\"@id\":\"https:\\\/\\\/lacortedimarga.com\\\/#\\\/schema\\\/logo\\\/image\\\/\",\"url\":\"https:\\\/\\\/lacortedimarga.com\\\/wp-content\\\/uploads\\\/2025\\\/06\\\/logo-corti-di-marga.webp\",\"contentUrl\":\"https:\\\/\\\/lacortedimarga.com\\\/wp-content\\\/uploads\\\/2025\\\/06\\\/logo-corti-di-marga.webp\",\"width\":955,\"height\":529,\"caption\":\"La Corte di Marga\"},\"image\":{\"@id\":\"https:\\\/\\\/lacortedimarga.com\\\/#\\\/schema\\\/logo\\\/image\\\/\"},\"sameAs\":[\"https:\\\/\\\/www.facebook.com\\\/lacortedimarga\",\"https:\\\/\\\/www.instagram.com\\\/la_corte_di_marga\\\/\",\"https:\\\/\\\/www.tiktok.com\\\/@lacortedimarga\",\"https:\\\/\\\/www.youtube.com\\\/@lacortedimargaofficial\",\"https:\\\/\\\/www.linkedin.com\\\/company\\\/la-corte-di-marga-prosecco-hills-holiday\"]},{\"@type\":\"Person\",\"@id\":\"https:\\\/\\\/lacortedimarga.com\\\/#\\\/schema\\\/person\\\/35b8aa132ce672c39a5ece2e9b43b967\",\"name\":\"Roberto\",\"image\":{\"@type\":\"ImageObject\",\"inLanguage\":\"de\",\"@id\":\"https:\\\/\\\/secure.gravatar.com\\\/avatar\\\/e3f271e90e735cdc34557ef9b92be1ad6f15d5bac04b51fa3cd10b4c11dac25e?s=96&d=mm&r=g\",\"url\":\"https:\\\/\\\/secure.gravatar.com\\\/avatar\\\/e3f271e90e735cdc34557ef9b92be1ad6f15d5bac04b51fa3cd10b4c11dac25e?s=96&d=mm&r=g\",\"contentUrl\":\"https:\\\/\\\/secure.gravatar.com\\\/avatar\\\/e3f271e90e735cdc34557ef9b92be1ad6f15d5bac04b51fa3cd10b4c11dac25e?s=96&d=mm&r=g\",\"caption\":\"Roberto\"},\"url\":\"https:\\\/\\\/lacortedimarga.com\\\/de\\\/author\\\/roberto\\\/\"},{\"@type\":\"Question\",\"@id\":\"https:\\\/\\\/lacortedimarga.com\\\/cantine-conte-collalto-susegana-degustazioni\\\/#faq-question-1786863081323\",\"position\":1,\"url\":\"https:\\\/\\\/lacortedimarga.com\\\/cantine-conte-collalto-susegana-degustazioni\\\/#faq-question-1786863081323\",\"name\":\"\u00c8 possibile visitare le Cantine Collalto senza prenotazione?\",\"answerCount\":1,\"acceptedAnswer\":{\"@type\":\"Answer\",\"text\":\"L'enoteca e il punto vendita sono aperti liberamente al pubblico per gli acquisti. Tuttavia, per accedere alla bottaia sotterranea e partecipare ai percorsi di degustazione guidata con i sommelier della tenuta, la prenotazione \u00e8 obbligatoria.\",\"inLanguage\":\"de\"},\"inLanguage\":\"de\"},{\"@type\":\"Question\",\"@id\":\"https:\\\/\\\/lacortedimarga.com\\\/cantine-conte-collalto-susegana-degustazioni\\\/#faq-question-1786863108945\",\"position\":2,\"url\":\"https:\\\/\\\/lacortedimarga.com\\\/cantine-conte-collalto-susegana-degustazioni\\\/#faq-question-1786863108945\",\"name\":\"I vini delle Cantine Collalto si possono abbinare a una visita al Castello di San Salvatore?\",\"answerCount\":1,\"acceptedAnswer\":{\"@type\":\"Answer\",\"text\":\"Assolutamente s\u00ec. Le cantine sorgono proprio ai piedi della collina del Castello. Consigliamo spesso ai nostri ospiti di prenotare la degustazione al mattino e ammirare poi la maestosa sagoma della fortezza dal basso, magari passeggiando lungo i sentieri che circondano i vigneti della tenuta.\",\"inLanguage\":\"de\"},\"inLanguage\":\"de\"},{\"@type\":\"Question\",\"@id\":\"https:\\\/\\\/lacortedimarga.com\\\/cantine-conte-collalto-susegana-degustazioni\\\/#faq-question-1786863136704\",\"position\":3,\"url\":\"https:\\\/\\\/lacortedimarga.com\\\/cantine-conte-collalto-susegana-degustazioni\\\/#faq-question-1786863136704\",\"name\":\"Quali vini bisogna assolutamente assaggiare alle Cantine Collalto?\",\"answerCount\":1,\"acceptedAnswer\":{\"@type\":\"Answer\",\"text\":\"Oltre all'eccellente Conegliano Valdobbiadene Prosecco Superiore DOCG, vi consigliamo caldamente di degustare i loro vini fermi: il Manzoni Bianco (vitigno nato proprio in queste zone) e il leggendario Wildbacher, un rosso intenso e raro di cui la cantina detiene quasi il monopolio in Italia.\",\"inLanguage\":\"de\"},\"inLanguage\":\"de\"}]}<\/script>\n<!-- \/ Yoast SEO plugin. -->","yoast_head_json":{"title":"Weingut Conte Collalto in Susegana: Geschichte und Verkostungen","description":"Das Weingut Conte Collalto in Susegana: historischer Fasskeller, Weinproben und Weine der Grafen, nur 22 Minuten von La Corte di Marga entfernt.","robots":{"index":"index","follow":"follow","max-snippet":"max-snippet:-1","max-image-preview":"max-image-preview:large","max-video-preview":"max-video-preview:-1"},"canonical":"https:\/\/lacortedimarga.com\/de\/kantine-conte-collalto-susegana-verkostungen\/","og_locale":"de_DE","og_type":"article","og_title":"Cantine Conte Collalto a Susegana: Storia e Degustazioni","og_description":"Le Cantine Conte Collalto a Susegana: bottaia storica, degustazioni e vini dei Conti, a soli 22 minuti da La Corte di Marga.","og_url":"https:\/\/lacortedimarga.com\/de\/kantine-conte-collalto-susegana-verkostungen\/","og_site_name":"La Corte di Marga","article_publisher":"https:\/\/www.facebook.com\/lacortedimarga","article_published_time":"2026-08-16T15:00:54+00:00","article_modified_time":"2026-08-17T07:08:23+00:00","og_image":[{"width":1476,"height":756,"url":"https:\/\/lacortedimarga.com\/wp-content\/uploads\/2026\/08\/cantine-conte-collalto-susegana-vista-aerea.jpg.jpg","type":"image\/jpeg"}],"author":"Roberto","twitter_card":"summary_large_image","twitter_misc":{"Verfasst von":"Roberto","Gesch\u00e4tzte Lesezeit":"4\u00a0Minuten"},"schema":{"@context":"https:\/\/schema.org","@graph":[{"@type":"Article","@id":"https:\/\/lacortedimarga.com\/cantine-conte-collalto-susegana-degustazioni\/#article","isPartOf":{"@id":"https:\/\/lacortedimarga.com\/cantine-conte-collalto-susegana-degustazioni\/"},"author":{"name":"Roberto","@id":"https:\/\/lacortedimarga.com\/#\/schema\/person\/35b8aa132ce672c39a5ece2e9b43b967"},"headline":"Nel Cuore della Storia del Vino: Visita alle Cantine Conte Collalto a Susegana","datePublished":"2026-08-16T15:00:54+00:00","dateModified":"2026-08-17T07:08:23+00:00","mainEntityOfPage":{"@id":"https:\/\/lacortedimarga.com\/cantine-conte-collalto-susegana-degustazioni\/"},"wordCount":667,"publisher":{"@id":"https:\/\/lacortedimarga.com\/#organization"},"image":{"@id":"https:\/\/lacortedimarga.com\/cantine-conte-collalto-susegana-degustazioni\/#primaryimage"},"thumbnailUrl":"https:\/\/lacortedimarga.com\/wp-content\/uploads\/2026\/08\/cantine-conte-collalto-susegana-vista-aerea.jpg.jpg","keywords":["#CantineConteCollalto","#CastelloSanSalvatore","#DegustazioneVini","#LaCortediMarga","#LaCorteDiMargaBlog","#NaturaEApprendimento","#ProseccoHillsHolidays","#Susegana","#UNESCOHeritage","#VisitVeneto"],"articleSection":["Esperienza in Struttura: Guest Guide &amp; News","Vino e Gastronomia"],"inLanguage":"de"},{"@type":["WebPage","FAQPage"],"@id":"https:\/\/lacortedimarga.com\/cantine-conte-collalto-susegana-degustazioni\/","url":"https:\/\/lacortedimarga.com\/cantine-conte-collalto-susegana-degustazioni\/","name":"Weingut Conte Collalto in Susegana: Geschichte und Verkostungen","isPartOf":{"@id":"https:\/\/lacortedimarga.com\/#website"},"primaryImageOfPage":{"@id":"https:\/\/lacortedimarga.com\/cantine-conte-collalto-susegana-degustazioni\/#primaryimage"},"image":{"@id":"https:\/\/lacortedimarga.com\/cantine-conte-collalto-susegana-degustazioni\/#primaryimage"},"thumbnailUrl":"https:\/\/lacortedimarga.com\/wp-content\/uploads\/2026\/08\/cantine-conte-collalto-susegana-vista-aerea.jpg.jpg","datePublished":"2026-08-16T15:00:54+00:00","dateModified":"2026-08-17T07:08:23+00:00","description":"Das Weingut Conte Collalto in Susegana: historischer Fasskeller, Weinproben und Weine der Grafen, nur 22 Minuten von La Corte di Marga entfernt.","breadcrumb":{"@id":"https:\/\/lacortedimarga.com\/cantine-conte-collalto-susegana-degustazioni\/#breadcrumb"},"mainEntity":[{"@id":"https:\/\/lacortedimarga.com\/cantine-conte-collalto-susegana-degustazioni\/#faq-question-1786863081323"},{"@id":"https:\/\/lacortedimarga.com\/cantine-conte-collalto-susegana-degustazioni\/#faq-question-1786863108945"},{"@id":"https:\/\/lacortedimarga.com\/cantine-conte-collalto-susegana-degustazioni\/#faq-question-1786863136704"}],"inLanguage":"de","potentialAction":[{"@type":"ReadAction","target":["https:\/\/lacortedimarga.com\/cantine-conte-collalto-susegana-degustazioni\/"]}]},{"@type":"ImageObject","inLanguage":"de","@id":"https:\/\/lacortedimarga.com\/cantine-conte-collalto-susegana-degustazioni\/#primaryimage","url":"https:\/\/lacortedimarga.com\/wp-content\/uploads\/2026\/08\/cantine-conte-collalto-susegana-vista-aerea.jpg.jpg","contentUrl":"https:\/\/lacortedimarga.com\/wp-content\/uploads\/2026\/08\/cantine-conte-collalto-susegana-vista-aerea.jpg.jpg","width":1476,"height":756,"caption":"Scorcio aereo del maestoso complesso delle Cantine Conte Collalto a Susegana, a 25 minuti da La Corte di Marga."},{"@type":"BreadcrumbList","@id":"https:\/\/lacortedimarga.com\/cantine-conte-collalto-susegana-degustazioni\/#breadcrumb","itemListElement":[{"@type":"ListItem","position":1,"name":"Home","item":"https:\/\/lacortedimarga.com\/"},{"@type":"ListItem","position":2,"name":"Nel Cuore della Storia del Vino: Visita alle Cantine Conte Collalto a Susegana"}]},{"@type":"WebSite","@id":"https:\/\/lacortedimarga.com\/#website","url":"https:\/\/lacortedimarga.com\/","name":"Der Hof von Marga","description":"Prosecco Hills Ferien","publisher":{"@id":"https:\/\/lacortedimarga.com\/#organization"},"potentialAction":[{"@type":"SearchAction","target":{"@type":"EntryPoint","urlTemplate":"https:\/\/lacortedimarga.com\/?s={search_term_string}"},"query-input":{"@type":"PropertyValueSpecification","valueRequired":true,"valueName":"search_term_string"}}],"inLanguage":"de"},{"@type":"Organization","@id":"https:\/\/lacortedimarga.com\/#organization","name":"Der Hof von Marga","url":"https:\/\/lacortedimarga.com\/","logo":{"@type":"ImageObject","inLanguage":"de","@id":"https:\/\/lacortedimarga.com\/#\/schema\/logo\/image\/","url":"https:\/\/lacortedimarga.com\/wp-content\/uploads\/2025\/06\/logo-corti-di-marga.webp","contentUrl":"https:\/\/lacortedimarga.com\/wp-content\/uploads\/2025\/06\/logo-corti-di-marga.webp","width":955,"height":529,"caption":"La Corte di Marga"},"image":{"@id":"https:\/\/lacortedimarga.com\/#\/schema\/logo\/image\/"},"sameAs":["https:\/\/www.facebook.com\/lacortedimarga","https:\/\/www.instagram.com\/la_corte_di_marga\/","https:\/\/www.tiktok.com\/@lacortedimarga","https:\/\/www.youtube.com\/@lacortedimargaofficial","https:\/\/www.linkedin.com\/company\/la-corte-di-marga-prosecco-hills-holiday"]},{"@type":"Person","@id":"https:\/\/lacortedimarga.com\/#\/schema\/person\/35b8aa132ce672c39a5ece2e9b43b967","name":"Roberto","image":{"@type":"ImageObject","inLanguage":"de","@id":"https:\/\/secure.gravatar.com\/avatar\/e3f271e90e735cdc34557ef9b92be1ad6f15d5bac04b51fa3cd10b4c11dac25e?s=96&d=mm&r=g","url":"https:\/\/secure.gravatar.com\/avatar\/e3f271e90e735cdc34557ef9b92be1ad6f15d5bac04b51fa3cd10b4c11dac25e?s=96&d=mm&r=g","contentUrl":"https:\/\/secure.gravatar.com\/avatar\/e3f271e90e735cdc34557ef9b92be1ad6f15d5bac04b51fa3cd10b4c11dac25e?s=96&d=mm&r=g","caption":"Roberto"},"url":"https:\/\/lacortedimarga.com\/de\/author\/roberto\/"},{"@type":"Question","@id":"https:\/\/lacortedimarga.com\/cantine-conte-collalto-susegana-degustazioni\/#faq-question-1786863081323","position":1,"url":"https:\/\/lacortedimarga.com\/cantine-conte-collalto-susegana-degustazioni\/#faq-question-1786863081323","name":"Ist es m\u00f6glich, die Cantine Collalto ohne Reservierung zu besuchen?","answerCount":1,"acceptedAnswer":{"@type":"Answer","text":"L'enoteca e il punto vendita sono aperti liberamente al pubblico per gli acquisti. Tuttavia, per accedere alla bottaia sotterranea e partecipare ai percorsi di degustazione guidata con i sommelier della tenuta, la prenotazione \u00e8 obbligatoria.","inLanguage":"de"},"inLanguage":"de"},{"@type":"Question","@id":"https:\/\/lacortedimarga.com\/cantine-conte-collalto-susegana-degustazioni\/#faq-question-1786863108945","position":2,"url":"https:\/\/lacortedimarga.com\/cantine-conte-collalto-susegana-degustazioni\/#faq-question-1786863108945","name":"Lassen sich die Weine der Cantine Collalto mit einem Besuch der Burg San Salvatore verbinden?","answerCount":1,"acceptedAnswer":{"@type":"Answer","text":"Assolutamente s\u00ec. Le cantine sorgono proprio ai piedi della collina del Castello. Consigliamo spesso ai nostri ospiti di prenotare la degustazione al mattino e ammirare poi la maestosa sagoma della fortezza dal basso, magari passeggiando lungo i sentieri che circondano i vigneti della tenuta.","inLanguage":"de"},"inLanguage":"de"},{"@type":"Question","@id":"https:\/\/lacortedimarga.com\/cantine-conte-collalto-susegana-degustazioni\/#faq-question-1786863136704","position":3,"url":"https:\/\/lacortedimarga.com\/cantine-conte-collalto-susegana-degustazioni\/#faq-question-1786863136704","name":"Welche Weine muss man bei Cantine Collalto unbedingt probieren?","answerCount":1,"acceptedAnswer":{"@type":"Answer","text":"Oltre all'eccellente Conegliano Valdobbiadene Prosecco Superiore DOCG, vi consigliamo caldamente di degustare i loro vini fermi: il Manzoni Bianco (vitigno nato proprio in queste zone) e il leggendario Wildbacher, un rosso intenso e raro di cui la cantina detiene quasi il monopolio in Italia.","inLanguage":"de"},"inLanguage":"de"}]}},"_links":{"self":[{"href":"https:\/\/lacortedimarga.com\/de\/wp-json\/wp\/v2\/posts\/2850","targetHints":{"allow":["GET"]}}],"collection":[{"href":"https:\/\/lacortedimarga.com\/de\/wp-json\/wp\/v2\/posts"}],"about":[{"href":"https:\/\/lacortedimarga.com\/de\/wp-json\/wp\/v2\/types\/post"}],"author":[{"embeddable":true,"href":"https:\/\/lacortedimarga.com\/de\/wp-json\/wp\/v2\/users\/3"}],"replies":[{"embeddable":true,"href":"https:\/\/lacortedimarga.com\/de\/wp-json\/wp\/v2\/comments?post=2850"}],"version-history":[{"count":6,"href":"https:\/\/lacortedimarga.com\/de\/wp-json\/wp\/v2\/posts\/2850\/revisions"}],"predecessor-version":[{"id":2893,"href":"https:\/\/lacortedimarga.com\/de\/wp-json\/wp\/v2\/posts\/2850\/revisions\/2893"}],"wp:featuredmedia":[{"embeddable":true,"href":"https:\/\/lacortedimarga.com\/de\/wp-json\/wp\/v2\/media\/2854"}],"wp:attachment":[{"href":"https:\/\/lacortedimarga.com\/de\/wp-json\/wp\/v2\/media?parent=2850"}],"wp:term":[{"taxonomy":"category","embeddable":true,"href":"https:\/\/lacortedimarga.com\/de\/wp-json\/wp\/v2\/categories?post=2850"},{"taxonomy":"post_tag","embeddable":true,"href":"https:\/\/lacortedimarga.com\/de\/wp-json\/wp\/v2\/tags?post=2850"}],"curies":[{"name":"wp","href":"https:\/\/api.w.org\/{rel}","templated":true}]}}