{"id":2852,"date":"2026-08-16T14:59:50","date_gmt":"2026-08-16T14:59:50","guid":{"rendered":"https:\/\/lacortedimarga.com\/?p=2852"},"modified":"2026-08-17T07:09:53","modified_gmt":"2026-08-17T07:09:53","slug":"wildbacher-collalto-vino-rosso-sommelier-bewertung","status":"publish","type":"post","link":"https:\/\/lacortedimarga.com\/de\/wildbacher-collalto-vino-rosso-recensione-sommelier\/","title":{"rendered":"Der Rebell im Reich der Perlen: Die Rezension des Wildbacher Collalto"},"content":{"rendered":"<p>Wenn man an die UNESCO-H\u00fcgellandschaft von Conegliano und Valdobbiadene denkt, wandert der Geist sofort (und zu Recht) zu den goldenen Perlen des Prosecco Superiore. Doch wer die Neugier besitzt, das Terroir von Grund auf zu erkunden, f\u00fcr den h\u00e4lt dieses Land unerwartete \u00dcberraschungen bereit. Eine davon ist der Wildbacher Collalto, der rebellische Rotwein, von dem ich Ihnen jetzt erz\u00e4hlen werde.<\/p>\n\n\n\n<p>Als Sommelier von <strong>Der Hof von Marga<\/strong>, heute m\u00f6chte ich Sie abseits der ausgetretenen Pfade mitnehmen, um Ihnen einen echten \u00f6nologischen \u201cRebellen\u201d vorzustellen. Eine ausl\u00e4ndische Rebsorte, rustikal, fast unz\u00e4hmbar, die vor \u00fcber einem Jahrhundert die Alpen \u00fcberquert hat, um ihre einzige italienische Heimat in Susegana, im Land der Grafen Collalto, zu finden: Ihre Majest\u00e4t, der <strong>Wildbacher<\/strong>.<\/p>\n\n\n\n<h2 class=\"wp-block-heading\">Wildbacher Collalto: ein Fremdling am Hofe der Collalto<\/h2>\n\n\n\n<p>Die Geschichte des Wildbachers ist faszinierend. Er stammt aus der Steiermark (\u00d6sterreich), wo er haupts\u00e4chlich als saurer und bissiger Ros\u00e9wein vinifiziert wird (<em>Schilcher<\/em>), diese rote Rebsorte kam zwischen dem sp\u00e4ten 18. und dem 19. Jahrhundert in den Veneto.<\/p>\n\n\n\n<p>Es war die Weitsicht der Familie Collalto, ihn auf den lehm- und kalkhaltigen B\u00f6den rund um den <a href=\"https:\/\/lacortedimarga.com\/de\/castello-di-san-salvatore-susegana-guida\/\">Schloss San Salvatore<\/a>. Das Ergebnis war erstaunlich: Das Klima und der Boden von Treviso b\u00e4ndigten die H\u00e4rte der \u00f6sterreichischen Rebsorte und verwandelten sie in einen gro\u00dfen Rotwein zur Lagerung. Heute haben die <strong><a href=\"https:\/\/lacortedimarga.com\/de\/kantine-conte-collalto-susegana-verkostungen\/\">Cantine Conte Collalto<\/a><\/strong> Sie sind praktisch die einzigen H\u00fcter dieser Seltenheit in Italien.<\/p>\n\n\n\n<h2 class=\"wp-block-heading\">\ud83c\udf77 Die Verkostung: Das Glas und der Sommelier<\/h2>\n\n\n\n<p>Ein Glas Wildbacher (in seiner im Eichenfass gereiften Variante) einzuschenken bedeutet, sich auf ein Erlebnis von gro\u00dfem Charakter vorzubereiten.<\/p>\n\n\n\n<ul class=\"wp-block-list\">\n<li><strong>Auf den ersten Blick:<\/strong> Er pr\u00e4sentiert sich in einem dichten, undurchdringlichen Rubizian, das mit zunehmendem Alter in elegante granatrote Reflexe \u00fcbergeht.<\/li>\n\n\n\n<li><strong>In der Nase:<\/strong> Es ist eine Explosion von Wald. Erwarten Sie keine s\u00fc\u00dflichen Noten; der Wildbacher verstr\u00f6mt strenge und faszinierende Aromen von wilden Brombeeren, Blaubeeren, Harz, feuchtem Waldboden, schwarzem Pfeffer und eine dezente, h\u00f6chst elegante balsamische Note, die an Wacholder und Eukalyptus erinnert.<\/li>\n\n\n\n<li><strong>Am Gaumen:<\/strong> Es ist ein Wein, der mit Klasse zubei\u00dft. Er hat eine vibrierende S\u00e4ure (ein Erbe seiner \u00f6sterreichischen DNA), die eine wahnsinnige Langlebigkeit garantiert, und dichte, aber durch den Ausbau im Holz samtige Tannine. Der Schluck ist voll, trocken und schlie\u00dft mit einer sehr langen, w\u00fcrzigen L\u00e4nge ab.<\/li>\n<\/ul>\n\n\n\n<h2 class=\"wp-block-heading\">\ud83c\udf7d\ufe0f Die perfekte Kombination in Ihrem Apartment<\/h2>\n\n\n\n<p>Wenn Sie nach Ihrem Weingutsbesuch eine Flasche Wildbacher gekauft haben, erfahren Sie hier, wie Sie ihn in der K\u00fcche Ihres Apartments optimal zur Geltung bringen <strong>Der Hof von Marga<\/strong>.<\/p>\n\n\n\n<p>Vergessen Sie leichte Gerichte: Dies ist ein Wein, der nach Sukkulenz verlangt. Er ist fantastisch in Kombination mit einer Platte gereifter Almk\u00e4se (wie Piave Vecchio oder Asiago Stravecchio) mit Feigenkonfit\u00fcre. Aber er entfaltet sein Bestes zu Fleisch: ein Wildschweinegulasch, ein im Ofen gebratener Braten mit aromatischen Kr\u00e4utern oder eine reichhaltige Pasta mit Entenragout.<\/p>\n\n\n\n<p>\u00d6ffnen Sie ihn etwa eine Stunde im Voraus, lassen Sie ihn atmen und genie\u00dfen Sie ihn langsam auf der Terrasse, vielleicht nachdem Sie den Nachmittag entspannt in unserer <strong><a href=\"https:\/\/lacortedimarga.com\/de\/piscina-oasi-azzurra-relax-la-corte-di-marga\/\" target=\"_blank\" rel=\"noreferrer noopener\">exklusiver Pool<\/a><\/strong>.<\/p>\n\n\n\n<h2 class=\"wp-block-heading\">H\u00e4ufig gestellte Fragen (FAQ)<\/h2>\n\n\n\n<div class=\"schema-faq wp-block-yoast-faq-block\"><div class=\"schema-faq-section\" id=\"faq-question-1786863311337\"><strong class=\"schema-faq-question\">Was ist die Rebsorte Wildbacher und woher stammt sie?<\/strong> <p class=\"schema-faq-answer\">Der Wildbacher ist eine alte rote Rebsorte, die aus der Steiermark in \u00d6sterreich stammt. In Italien gilt er als echte Rarit\u00e4t und wird fast ausschlie\u00dflich auf den H\u00fcgeln von Susegana in der Provinz Treviso angebaut, wo er ein perfektes Mikroklima gefunden hat, um gro\u00dfe Struktur und Eleganz zu entfalten.<\/p> <\/div> <div class=\"schema-faq-section\" id=\"faq-question-1786863332416\"><strong class=\"schema-faq-question\">Was sind die Hauptmerkmale des Wildbacher Collalto?<\/strong> <p class=\"schema-faq-answer\">Es ist ein Rotwein von gro\u00dfem Charakter und Langlebigkeit. Er zeichnet sich durch intensive Aromen von dunklen Beerenfr\u00fcchten (Brombeere und Blaubeere), Gew\u00fcrzen, schwarzem Pfeffer und balsamischen Noten von Waldboden aus. Im Mund pr\u00e4sentiert er eine hervorragende S\u00e4ure, ein elegantes Tannin und einen langen, trockenen Abgang.<\/p> <\/div> <div class=\"schema-faq-section\" id=\"faq-question-1786863360932\"><strong class=\"schema-faq-question\">Wo kann ich w\u00e4hrend meines Aufenthalts in La Corte di Marga den Wildbacher kaufen?<\/strong> <p class=\"schema-faq-answer\">Sie k\u00f6nnen ihn direkt in der Weinhandlung der Cantine Conte Collalto in Susegana (ca. 22 Minuten von Miane entfernt) kaufen und den Einkauf mit einer wunderbaren F\u00fchrung durch den historischen unterirdischen Weinkeller verbinden, oder bequem bei La Corte di Marga in <strong>Weinhandlung<\/strong><\/p> <\/div> <\/div>","protected":false},"excerpt":{"rendered":"<p>Quando si pensa alle colline patrimonio UNESCO di Conegliano e Valdobbiadene, la mente corre immediatamente (e giustamente) alle bollicine dorate del Prosecco Superiore. Eppure, per chi ha la curiosit\u00e0 di esplorare a fondo il terroir, questa terra sa regalare sorprese inaspettate. Una di queste \u00e8 il Wildbacher Collalto, il vino rosso ribelle che sto per [&hellip;]<\/p>\n","protected":false},"author":3,"featured_media":2856,"comment_status":"closed","ping_status":"open","sticky":false,"template":"","format":"standard","meta":{"_breakdance_hide_in_design_set":false,"_breakdance_tags":"","footnotes":""},"categories":[6,13],"tags":[42,20,195,23,53,262,30,180,24,261],"class_list":["post-2852","post","type-post","status-publish","format-standard","has-post-thumbnail","hentry","category-gusto-tradizione-leccellenza-enogastronomica","category-vino-e-gastronomia","tag-cortedimargamiane","tag-lacortedimarga","tag-lacortedimargablog","tag-proseccohills","tag-proseccohillsholidays-2","tag-recensionisommelier","tag-robertolarosasommelier","tag-silviarobertohost","tag-visitveneto","tag-wildbachercollalto"],"yoast_head":"<!-- This site is optimized with the Yoast SEO plugin v28.2 - https:\/\/yoast.com\/product\/yoast-seo-wordpress\/ -->\n<title>Il Wildbacher Collalto: Il Vino Rosso Ribelle delle Colline<\/title>\n<meta name=\"description\" content=\"Wildbacher Collalto: la recensione del sommelier su questo raro vino rosso austriaco adottato a Susegana, nelle Colline del Prosecco.\" \/>\n<meta name=\"robots\" content=\"index, follow, max-snippet:-1, max-image-preview:large, max-video-preview:-1\" \/>\n<link rel=\"canonical\" href=\"https:\/\/lacortedimarga.com\/de\/wildbacher-collalto-vino-rosso-sommelier-bewertung\/\" \/>\n<meta property=\"og:locale\" content=\"de_DE\" \/>\n<meta property=\"og:type\" content=\"article\" \/>\n<meta property=\"og:title\" content=\"Il Wildbacher Collalto: Il Vino Rosso Ribelle delle Colline\" \/>\n<meta property=\"og:description\" content=\"Wildbacher Collalto: la recensione del sommelier su questo raro vino rosso austriaco adottato a Susegana, nelle Colline del Prosecco.\" \/>\n<meta property=\"og:url\" content=\"https:\/\/lacortedimarga.com\/de\/wildbacher-collalto-vino-rosso-sommelier-bewertung\/\" \/>\n<meta property=\"og:site_name\" content=\"La Corte di Marga\" \/>\n<meta property=\"article:publisher\" content=\"https:\/\/www.facebook.com\/lacortedimarga\" \/>\n<meta property=\"article:published_time\" content=\"2026-08-16T14:59:50+00:00\" \/>\n<meta property=\"article:modified_time\" content=\"2026-08-17T07:09:53+00:00\" \/>\n<meta property=\"og:image\" content=\"https:\/\/lacortedimarga.com\/wp-content\/uploads\/2026\/08\/wildbacher-collalto-bottiglia-calice-vino-rosso.jpg.webp\" \/>\n\t<meta property=\"og:image:width\" content=\"942\" \/>\n\t<meta property=\"og:image:height\" content=\"1500\" \/>\n\t<meta property=\"og:image:type\" content=\"image\/webp\" \/>\n<meta name=\"author\" content=\"Roberto\" \/>\n<meta name=\"twitter:card\" content=\"summary_large_image\" \/>\n<meta name=\"twitter:label1\" content=\"Verfasst von\" \/>\n\t<meta name=\"twitter:data1\" content=\"Roberto\" \/>\n\t<meta name=\"twitter:label2\" content=\"Gesch\u00e4tzte Lesezeit\" \/>\n\t<meta name=\"twitter:data2\" content=\"4\u00a0Minuten\" \/>\n<script type=\"application\/ld+json\" class=\"yoast-schema-graph\">{\"@context\":\"https:\\\/\\\/schema.org\",\"@graph\":[{\"@type\":\"Article\",\"@id\":\"https:\\\/\\\/lacortedimarga.com\\\/wildbacher-collalto-vino-rosso-recensione-sommelier\\\/#article\",\"isPartOf\":{\"@id\":\"https:\\\/\\\/lacortedimarga.com\\\/wildbacher-collalto-vino-rosso-recensione-sommelier\\\/\"},\"author\":{\"name\":\"Roberto\",\"@id\":\"https:\\\/\\\/lacortedimarga.com\\\/#\\\/schema\\\/person\\\/35b8aa132ce672c39a5ece2e9b43b967\"},\"headline\":\"Il Ribelle nel Regno delle Bollicine: La Recensione del Wildbacher Collalto\",\"datePublished\":\"2026-08-16T14:59:50+00:00\",\"dateModified\":\"2026-08-17T07:09:53+00:00\",\"mainEntityOfPage\":{\"@id\":\"https:\\\/\\\/lacortedimarga.com\\\/wildbacher-collalto-vino-rosso-recensione-sommelier\\\/\"},\"wordCount\":631,\"publisher\":{\"@id\":\"https:\\\/\\\/lacortedimarga.com\\\/#organization\"},\"image\":{\"@id\":\"https:\\\/\\\/lacortedimarga.com\\\/wildbacher-collalto-vino-rosso-recensione-sommelier\\\/#primaryimage\"},\"thumbnailUrl\":\"https:\\\/\\\/lacortedimarga.com\\\/wp-content\\\/uploads\\\/2026\\\/08\\\/wildbacher-collalto-bottiglia-calice-vino-rosso.jpg.webp\",\"keywords\":[\"#CorteDiMargaMiane\",\"#LaCortediMarga\",\"#LaCorteDiMargaBlog\",\"#ProseccoHills\",\"#ProseccoHillsHolidays\",\"#RecensioniSommelier\",\"#RobertoLaRosaSommelier\",\"#SilviaRobertohost\",\"#VisitVeneto\",\"#WildbacherCollalto\"],\"articleSection\":[\"Gusto &amp; Tradizione: L'Eccellenza Enogastronomica\",\"Vino e Gastronomia\"],\"inLanguage\":\"de\"},{\"@type\":[\"WebPage\",\"FAQPage\"],\"@id\":\"https:\\\/\\\/lacortedimarga.com\\\/wildbacher-collalto-vino-rosso-recensione-sommelier\\\/\",\"url\":\"https:\\\/\\\/lacortedimarga.com\\\/wildbacher-collalto-vino-rosso-recensione-sommelier\\\/\",\"name\":\"Il Wildbacher Collalto: Il Vino Rosso Ribelle delle Colline\",\"isPartOf\":{\"@id\":\"https:\\\/\\\/lacortedimarga.com\\\/#website\"},\"primaryImageOfPage\":{\"@id\":\"https:\\\/\\\/lacortedimarga.com\\\/wildbacher-collalto-vino-rosso-recensione-sommelier\\\/#primaryimage\"},\"image\":{\"@id\":\"https:\\\/\\\/lacortedimarga.com\\\/wildbacher-collalto-vino-rosso-recensione-sommelier\\\/#primaryimage\"},\"thumbnailUrl\":\"https:\\\/\\\/lacortedimarga.com\\\/wp-content\\\/uploads\\\/2026\\\/08\\\/wildbacher-collalto-bottiglia-calice-vino-rosso.jpg.webp\",\"datePublished\":\"2026-08-16T14:59:50+00:00\",\"dateModified\":\"2026-08-17T07:09:53+00:00\",\"description\":\"Wildbacher Collalto: la recensione del sommelier su questo raro vino rosso austriaco adottato a Susegana, nelle Colline del Prosecco.\",\"breadcrumb\":{\"@id\":\"https:\\\/\\\/lacortedimarga.com\\\/wildbacher-collalto-vino-rosso-recensione-sommelier\\\/#breadcrumb\"},\"mainEntity\":[{\"@id\":\"https:\\\/\\\/lacortedimarga.com\\\/wildbacher-collalto-vino-rosso-recensione-sommelier\\\/#faq-question-1786863311337\"},{\"@id\":\"https:\\\/\\\/lacortedimarga.com\\\/wildbacher-collalto-vino-rosso-recensione-sommelier\\\/#faq-question-1786863332416\"},{\"@id\":\"https:\\\/\\\/lacortedimarga.com\\\/wildbacher-collalto-vino-rosso-recensione-sommelier\\\/#faq-question-1786863360932\"}],\"inLanguage\":\"de\",\"potentialAction\":[{\"@type\":\"ReadAction\",\"target\":[\"https:\\\/\\\/lacortedimarga.com\\\/wildbacher-collalto-vino-rosso-recensione-sommelier\\\/\"]}]},{\"@type\":\"ImageObject\",\"inLanguage\":\"de\",\"@id\":\"https:\\\/\\\/lacortedimarga.com\\\/wildbacher-collalto-vino-rosso-recensione-sommelier\\\/#primaryimage\",\"url\":\"https:\\\/\\\/lacortedimarga.com\\\/wp-content\\\/uploads\\\/2026\\\/08\\\/wildbacher-collalto-bottiglia-calice-vino-rosso.jpg.webp\",\"contentUrl\":\"https:\\\/\\\/lacortedimarga.com\\\/wp-content\\\/uploads\\\/2026\\\/08\\\/wildbacher-collalto-bottiglia-calice-vino-rosso.jpg.webp\",\"width\":942,\"height\":1500,\"caption\":\"Il Wildbacher delle Cantine Conte Collalto: un vino rosso raro ed elegante perfetto per le serate a La Corte di Marga.\"},{\"@type\":\"BreadcrumbList\",\"@id\":\"https:\\\/\\\/lacortedimarga.com\\\/wildbacher-collalto-vino-rosso-recensione-sommelier\\\/#breadcrumb\",\"itemListElement\":[{\"@type\":\"ListItem\",\"position\":1,\"name\":\"Home\",\"item\":\"https:\\\/\\\/lacortedimarga.com\\\/\"},{\"@type\":\"ListItem\",\"position\":2,\"name\":\"Il Ribelle nel Regno delle Bollicine: La Recensione del Wildbacher Collalto\"}]},{\"@type\":\"WebSite\",\"@id\":\"https:\\\/\\\/lacortedimarga.com\\\/#website\",\"url\":\"https:\\\/\\\/lacortedimarga.com\\\/\",\"name\":\"La Corte di Marga\",\"description\":\"Prosecco Hills Holidays\",\"publisher\":{\"@id\":\"https:\\\/\\\/lacortedimarga.com\\\/#organization\"},\"potentialAction\":[{\"@type\":\"SearchAction\",\"target\":{\"@type\":\"EntryPoint\",\"urlTemplate\":\"https:\\\/\\\/lacortedimarga.com\\\/?s={search_term_string}\"},\"query-input\":{\"@type\":\"PropertyValueSpecification\",\"valueRequired\":true,\"valueName\":\"search_term_string\"}}],\"inLanguage\":\"de\"},{\"@type\":\"Organization\",\"@id\":\"https:\\\/\\\/lacortedimarga.com\\\/#organization\",\"name\":\"La Corte di Marga\",\"url\":\"https:\\\/\\\/lacortedimarga.com\\\/\",\"logo\":{\"@type\":\"ImageObject\",\"inLanguage\":\"de\",\"@id\":\"https:\\\/\\\/lacortedimarga.com\\\/#\\\/schema\\\/logo\\\/image\\\/\",\"url\":\"https:\\\/\\\/lacortedimarga.com\\\/wp-content\\\/uploads\\\/2025\\\/06\\\/logo-corti-di-marga.webp\",\"contentUrl\":\"https:\\\/\\\/lacortedimarga.com\\\/wp-content\\\/uploads\\\/2025\\\/06\\\/logo-corti-di-marga.webp\",\"width\":955,\"height\":529,\"caption\":\"La Corte di Marga\"},\"image\":{\"@id\":\"https:\\\/\\\/lacortedimarga.com\\\/#\\\/schema\\\/logo\\\/image\\\/\"},\"sameAs\":[\"https:\\\/\\\/www.facebook.com\\\/lacortedimarga\",\"https:\\\/\\\/www.instagram.com\\\/la_corte_di_marga\\\/\",\"https:\\\/\\\/www.tiktok.com\\\/@lacortedimarga\",\"https:\\\/\\\/www.youtube.com\\\/@lacortedimargaofficial\",\"https:\\\/\\\/www.linkedin.com\\\/company\\\/la-corte-di-marga-prosecco-hills-holiday\"]},{\"@type\":\"Person\",\"@id\":\"https:\\\/\\\/lacortedimarga.com\\\/#\\\/schema\\\/person\\\/35b8aa132ce672c39a5ece2e9b43b967\",\"name\":\"Roberto\",\"image\":{\"@type\":\"ImageObject\",\"inLanguage\":\"de\",\"@id\":\"https:\\\/\\\/secure.gravatar.com\\\/avatar\\\/e3f271e90e735cdc34557ef9b92be1ad6f15d5bac04b51fa3cd10b4c11dac25e?s=96&d=mm&r=g\",\"url\":\"https:\\\/\\\/secure.gravatar.com\\\/avatar\\\/e3f271e90e735cdc34557ef9b92be1ad6f15d5bac04b51fa3cd10b4c11dac25e?s=96&d=mm&r=g\",\"contentUrl\":\"https:\\\/\\\/secure.gravatar.com\\\/avatar\\\/e3f271e90e735cdc34557ef9b92be1ad6f15d5bac04b51fa3cd10b4c11dac25e?s=96&d=mm&r=g\",\"caption\":\"Roberto\"},\"url\":\"https:\\\/\\\/lacortedimarga.com\\\/de\\\/author\\\/roberto\\\/\"},{\"@type\":\"Question\",\"@id\":\"https:\\\/\\\/lacortedimarga.com\\\/wildbacher-collalto-vino-rosso-recensione-sommelier\\\/#faq-question-1786863311337\",\"position\":1,\"url\":\"https:\\\/\\\/lacortedimarga.com\\\/wildbacher-collalto-vino-rosso-recensione-sommelier\\\/#faq-question-1786863311337\",\"name\":\"Cos'\u00e8 il vitigno Wildbacher e da dove proviene?\",\"answerCount\":1,\"acceptedAnswer\":{\"@type\":\"Answer\",\"text\":\"Il Wildbacher \u00e8 un antico vitigno a bacca rossa originario della Stiria, in Austria. In Italia \u00e8 considerato una vera rarit\u00e0, coltivato quasi esclusivamente sulle colline trevigiane di Susegana, dove ha trovato un microclima perfetto per esprimere grande struttura ed eleganza.\",\"inLanguage\":\"de\"},\"inLanguage\":\"de\"},{\"@type\":\"Question\",\"@id\":\"https:\\\/\\\/lacortedimarga.com\\\/wildbacher-collalto-vino-rosso-recensione-sommelier\\\/#faq-question-1786863332416\",\"position\":2,\"url\":\"https:\\\/\\\/lacortedimarga.com\\\/wildbacher-collalto-vino-rosso-recensione-sommelier\\\/#faq-question-1786863332416\",\"name\":\"Quali sono le caratteristiche principali del Wildbacher Collalto?\",\"answerCount\":1,\"acceptedAnswer\":{\"@type\":\"Answer\",\"text\":\"\u00c8 un vino rosso di grande carattere e longevit\u00e0. Si distingue per profumi intensi di frutti di bosco scuri (mora e mirtillo), spezie, pepe nero e note balsamiche di sottobosco. In bocca presenta un'ottima acidit\u00e0, un tannino elegante e un finale lungo e asciutto.\",\"inLanguage\":\"de\"},\"inLanguage\":\"de\"},{\"@type\":\"Question\",\"@id\":\"https:\\\/\\\/lacortedimarga.com\\\/wildbacher-collalto-vino-rosso-recensione-sommelier\\\/#faq-question-1786863360932\",\"position\":3,\"url\":\"https:\\\/\\\/lacortedimarga.com\\\/wildbacher-collalto-vino-rosso-recensione-sommelier\\\/#faq-question-1786863360932\",\"name\":\"Dove posso acquistare il Wildbacher durante il mio soggiorno a La Corte di Marga?\",\"answerCount\":1,\"acceptedAnswer\":{\"@type\":\"Answer\",\"text\":\"Potete acquistarlo direttamente presso l'enoteca delle Cantine Conte Collalto a Susegana (a circa 22 minuti da Miane), abbinando l'acquisto a una splendida visita guidata della loro bottaia storica sotterranea, oppure comodamente a La Corte di Marga nel <strong>Wine Shop<\\\/strong>\",\"inLanguage\":\"de\"},\"inLanguage\":\"de\"}]}<\/script>\n<!-- \/ Yoast SEO plugin. -->","yoast_head_json":{"title":"Der Wildbacher Collalto: Der rebellische Rotwein der H\u00fcgel","description":"Wildbacher Collalto: Die Sommelier-Rezension zu diesem seltenen \u00f6sterreichischen Rotwein, der in Susegana in den Prosecco-H\u00fcgeln heimisch geworden ist.","robots":{"index":"index","follow":"follow","max-snippet":"max-snippet:-1","max-image-preview":"max-image-preview:large","max-video-preview":"max-video-preview:-1"},"canonical":"https:\/\/lacortedimarga.com\/de\/wildbacher-collalto-vino-rosso-sommelier-bewertung\/","og_locale":"de_DE","og_type":"article","og_title":"Il Wildbacher Collalto: Il Vino Rosso Ribelle delle Colline","og_description":"Wildbacher Collalto: la recensione del sommelier su questo raro vino rosso austriaco adottato a Susegana, nelle Colline del Prosecco.","og_url":"https:\/\/lacortedimarga.com\/de\/wildbacher-collalto-vino-rosso-sommelier-bewertung\/","og_site_name":"La Corte di Marga","article_publisher":"https:\/\/www.facebook.com\/lacortedimarga","article_published_time":"2026-08-16T14:59:50+00:00","article_modified_time":"2026-08-17T07:09:53+00:00","og_image":[{"width":942,"height":1500,"url":"https:\/\/lacortedimarga.com\/wp-content\/uploads\/2026\/08\/wildbacher-collalto-bottiglia-calice-vino-rosso.jpg.webp","type":"image\/webp"}],"author":"Roberto","twitter_card":"summary_large_image","twitter_misc":{"Verfasst von":"Roberto","Gesch\u00e4tzte Lesezeit":"4\u00a0Minuten"},"schema":{"@context":"https:\/\/schema.org","@graph":[{"@type":"Article","@id":"https:\/\/lacortedimarga.com\/wildbacher-collalto-vino-rosso-recensione-sommelier\/#article","isPartOf":{"@id":"https:\/\/lacortedimarga.com\/wildbacher-collalto-vino-rosso-recensione-sommelier\/"},"author":{"name":"Roberto","@id":"https:\/\/lacortedimarga.com\/#\/schema\/person\/35b8aa132ce672c39a5ece2e9b43b967"},"headline":"Il Ribelle nel Regno delle Bollicine: La Recensione del Wildbacher Collalto","datePublished":"2026-08-16T14:59:50+00:00","dateModified":"2026-08-17T07:09:53+00:00","mainEntityOfPage":{"@id":"https:\/\/lacortedimarga.com\/wildbacher-collalto-vino-rosso-recensione-sommelier\/"},"wordCount":631,"publisher":{"@id":"https:\/\/lacortedimarga.com\/#organization"},"image":{"@id":"https:\/\/lacortedimarga.com\/wildbacher-collalto-vino-rosso-recensione-sommelier\/#primaryimage"},"thumbnailUrl":"https:\/\/lacortedimarga.com\/wp-content\/uploads\/2026\/08\/wildbacher-collalto-bottiglia-calice-vino-rosso.jpg.webp","keywords":["#CorteDiMargaMiane","#LaCortediMarga","#LaCorteDiMargaBlog","#ProseccoHills","#ProseccoHillsHolidays","#RecensioniSommelier","#RobertoLaRosaSommelier","#SilviaRobertohost","#VisitVeneto","#WildbacherCollalto"],"articleSection":["Gusto &amp; Tradizione: L'Eccellenza Enogastronomica","Vino e Gastronomia"],"inLanguage":"de"},{"@type":["WebPage","FAQPage"],"@id":"https:\/\/lacortedimarga.com\/wildbacher-collalto-vino-rosso-recensione-sommelier\/","url":"https:\/\/lacortedimarga.com\/wildbacher-collalto-vino-rosso-recensione-sommelier\/","name":"Der Wildbacher Collalto: Der rebellische Rotwein der H\u00fcgel","isPartOf":{"@id":"https:\/\/lacortedimarga.com\/#website"},"primaryImageOfPage":{"@id":"https:\/\/lacortedimarga.com\/wildbacher-collalto-vino-rosso-recensione-sommelier\/#primaryimage"},"image":{"@id":"https:\/\/lacortedimarga.com\/wildbacher-collalto-vino-rosso-recensione-sommelier\/#primaryimage"},"thumbnailUrl":"https:\/\/lacortedimarga.com\/wp-content\/uploads\/2026\/08\/wildbacher-collalto-bottiglia-calice-vino-rosso.jpg.webp","datePublished":"2026-08-16T14:59:50+00:00","dateModified":"2026-08-17T07:09:53+00:00","description":"Wildbacher Collalto: Die Sommelier-Rezension zu diesem seltenen \u00f6sterreichischen Rotwein, der in Susegana in den Prosecco-H\u00fcgeln heimisch geworden ist.","breadcrumb":{"@id":"https:\/\/lacortedimarga.com\/wildbacher-collalto-vino-rosso-recensione-sommelier\/#breadcrumb"},"mainEntity":[{"@id":"https:\/\/lacortedimarga.com\/wildbacher-collalto-vino-rosso-recensione-sommelier\/#faq-question-1786863311337"},{"@id":"https:\/\/lacortedimarga.com\/wildbacher-collalto-vino-rosso-recensione-sommelier\/#faq-question-1786863332416"},{"@id":"https:\/\/lacortedimarga.com\/wildbacher-collalto-vino-rosso-recensione-sommelier\/#faq-question-1786863360932"}],"inLanguage":"de","potentialAction":[{"@type":"ReadAction","target":["https:\/\/lacortedimarga.com\/wildbacher-collalto-vino-rosso-recensione-sommelier\/"]}]},{"@type":"ImageObject","inLanguage":"de","@id":"https:\/\/lacortedimarga.com\/wildbacher-collalto-vino-rosso-recensione-sommelier\/#primaryimage","url":"https:\/\/lacortedimarga.com\/wp-content\/uploads\/2026\/08\/wildbacher-collalto-bottiglia-calice-vino-rosso.jpg.webp","contentUrl":"https:\/\/lacortedimarga.com\/wp-content\/uploads\/2026\/08\/wildbacher-collalto-bottiglia-calice-vino-rosso.jpg.webp","width":942,"height":1500,"caption":"Il Wildbacher delle Cantine Conte Collalto: un vino rosso raro ed elegante perfetto per le serate a La Corte di Marga."},{"@type":"BreadcrumbList","@id":"https:\/\/lacortedimarga.com\/wildbacher-collalto-vino-rosso-recensione-sommelier\/#breadcrumb","itemListElement":[{"@type":"ListItem","position":1,"name":"Home","item":"https:\/\/lacortedimarga.com\/"},{"@type":"ListItem","position":2,"name":"Il Ribelle nel Regno delle Bollicine: La Recensione del Wildbacher Collalto"}]},{"@type":"WebSite","@id":"https:\/\/lacortedimarga.com\/#website","url":"https:\/\/lacortedimarga.com\/","name":"Der Hof von Marga","description":"Prosecco Hills Ferien","publisher":{"@id":"https:\/\/lacortedimarga.com\/#organization"},"potentialAction":[{"@type":"SearchAction","target":{"@type":"EntryPoint","urlTemplate":"https:\/\/lacortedimarga.com\/?s={search_term_string}"},"query-input":{"@type":"PropertyValueSpecification","valueRequired":true,"valueName":"search_term_string"}}],"inLanguage":"de"},{"@type":"Organization","@id":"https:\/\/lacortedimarga.com\/#organization","name":"Der Hof von Marga","url":"https:\/\/lacortedimarga.com\/","logo":{"@type":"ImageObject","inLanguage":"de","@id":"https:\/\/lacortedimarga.com\/#\/schema\/logo\/image\/","url":"https:\/\/lacortedimarga.com\/wp-content\/uploads\/2025\/06\/logo-corti-di-marga.webp","contentUrl":"https:\/\/lacortedimarga.com\/wp-content\/uploads\/2025\/06\/logo-corti-di-marga.webp","width":955,"height":529,"caption":"La Corte di Marga"},"image":{"@id":"https:\/\/lacortedimarga.com\/#\/schema\/logo\/image\/"},"sameAs":["https:\/\/www.facebook.com\/lacortedimarga","https:\/\/www.instagram.com\/la_corte_di_marga\/","https:\/\/www.tiktok.com\/@lacortedimarga","https:\/\/www.youtube.com\/@lacortedimargaofficial","https:\/\/www.linkedin.com\/company\/la-corte-di-marga-prosecco-hills-holiday"]},{"@type":"Person","@id":"https:\/\/lacortedimarga.com\/#\/schema\/person\/35b8aa132ce672c39a5ece2e9b43b967","name":"Roberto","image":{"@type":"ImageObject","inLanguage":"de","@id":"https:\/\/secure.gravatar.com\/avatar\/e3f271e90e735cdc34557ef9b92be1ad6f15d5bac04b51fa3cd10b4c11dac25e?s=96&d=mm&r=g","url":"https:\/\/secure.gravatar.com\/avatar\/e3f271e90e735cdc34557ef9b92be1ad6f15d5bac04b51fa3cd10b4c11dac25e?s=96&d=mm&r=g","contentUrl":"https:\/\/secure.gravatar.com\/avatar\/e3f271e90e735cdc34557ef9b92be1ad6f15d5bac04b51fa3cd10b4c11dac25e?s=96&d=mm&r=g","caption":"Roberto"},"url":"https:\/\/lacortedimarga.com\/de\/author\/roberto\/"},{"@type":"Question","@id":"https:\/\/lacortedimarga.com\/wildbacher-collalto-vino-rosso-recensione-sommelier\/#faq-question-1786863311337","position":1,"url":"https:\/\/lacortedimarga.com\/wildbacher-collalto-vino-rosso-recensione-sommelier\/#faq-question-1786863311337","name":"Was ist die Rebsorte Wildbacher und woher stammt sie?","answerCount":1,"acceptedAnswer":{"@type":"Answer","text":"Il Wildbacher \u00e8 un antico vitigno a bacca rossa originario della Stiria, in Austria. In Italia \u00e8 considerato una vera rarit\u00e0, coltivato quasi esclusivamente sulle colline trevigiane di Susegana, dove ha trovato un microclima perfetto per esprimere grande struttura ed eleganza.","inLanguage":"de"},"inLanguage":"de"},{"@type":"Question","@id":"https:\/\/lacortedimarga.com\/wildbacher-collalto-vino-rosso-recensione-sommelier\/#faq-question-1786863332416","position":2,"url":"https:\/\/lacortedimarga.com\/wildbacher-collalto-vino-rosso-recensione-sommelier\/#faq-question-1786863332416","name":"Was sind die Hauptmerkmale des Wildbacher Collalto?","answerCount":1,"acceptedAnswer":{"@type":"Answer","text":"\u00c8 un vino rosso di grande carattere e longevit\u00e0. Si distingue per profumi intensi di frutti di bosco scuri (mora e mirtillo), spezie, pepe nero e note balsamiche di sottobosco. In bocca presenta un'ottima acidit\u00e0, un tannino elegante e un finale lungo e asciutto.","inLanguage":"de"},"inLanguage":"de"},{"@type":"Question","@id":"https:\/\/lacortedimarga.com\/wildbacher-collalto-vino-rosso-recensione-sommelier\/#faq-question-1786863360932","position":3,"url":"https:\/\/lacortedimarga.com\/wildbacher-collalto-vino-rosso-recensione-sommelier\/#faq-question-1786863360932","name":"Wo kann ich w\u00e4hrend meines Aufenthalts in La Corte di Marga den Wildbacher kaufen?","answerCount":1,"acceptedAnswer":{"@type":"Answer","text":"Potete acquistarlo direttamente presso l'enoteca delle Cantine Conte Collalto a Susegana (a circa 22 minuti da Miane), abbinando l'acquisto a una splendida visita guidata della loro bottaia storica sotterranea, oppure comodamente a La Corte di Marga nel <strong>Wine Shop<\/strong>","inLanguage":"de"},"inLanguage":"de"}]}},"_links":{"self":[{"href":"https:\/\/lacortedimarga.com\/de\/wp-json\/wp\/v2\/posts\/2852","targetHints":{"allow":["GET"]}}],"collection":[{"href":"https:\/\/lacortedimarga.com\/de\/wp-json\/wp\/v2\/posts"}],"about":[{"href":"https:\/\/lacortedimarga.com\/de\/wp-json\/wp\/v2\/types\/post"}],"author":[{"embeddable":true,"href":"https:\/\/lacortedimarga.com\/de\/wp-json\/wp\/v2\/users\/3"}],"replies":[{"embeddable":true,"href":"https:\/\/lacortedimarga.com\/de\/wp-json\/wp\/v2\/comments?post=2852"}],"version-history":[{"count":5,"href":"https:\/\/lacortedimarga.com\/de\/wp-json\/wp\/v2\/posts\/2852\/revisions"}],"predecessor-version":[{"id":2894,"href":"https:\/\/lacortedimarga.com\/de\/wp-json\/wp\/v2\/posts\/2852\/revisions\/2894"}],"wp:featuredmedia":[{"embeddable":true,"href":"https:\/\/lacortedimarga.com\/de\/wp-json\/wp\/v2\/media\/2856"}],"wp:attachment":[{"href":"https:\/\/lacortedimarga.com\/de\/wp-json\/wp\/v2\/media?parent=2852"}],"wp:term":[{"taxonomy":"category","embeddable":true,"href":"https:\/\/lacortedimarga.com\/de\/wp-json\/wp\/v2\/categories?post=2852"},{"taxonomy":"post_tag","embeddable":true,"href":"https:\/\/lacortedimarga.com\/de\/wp-json\/wp\/v2\/tags?post=2852"}],"curies":[{"name":"wp","href":"https:\/\/api.w.org\/{rel}","templated":true}]}}