{"id":2916,"date":"2026-08-19T08:18:57","date_gmt":"2026-08-19T08:18:57","guid":{"rendered":"https:\/\/lacortedimarga.com\/?p=2916"},"modified":"2026-08-19T08:18:58","modified_gmt":"2026-08-19T08:18:58","slug":"philosophie-der-grunen-hugel-des-prosecco-in-miane","status":"publish","type":"post","link":"https:\/\/lacortedimarga.com\/de\/filosofia-green-colline-prosecco-miane\/","title":{"rendered":"\u00dcbernachten in den Prosecco-H\u00fcgeln: Unsere gr\u00fcne Philosophie und der Respekt vor der Natur"},"content":{"rendered":"<p>Die H\u00fcgel des Prosecco von Conegliano und Valdobbiadene, die seit 2019 zum UNESCO-Welterbe geh\u00f6ren, sind eines der beliebtesten Reiseziele im Veneto. Zwischen atemberaubenden Panoramen, historischen D\u00f6rfern und kulinarischen sowie \u00f6nologischen K\u00f6stlichkeiten kommen jedes Jahr Tausende von Touristen auf der Suche nach einem authentischen Naturerlebnis.<\/p>\n\n\n\n<p>Dennoch gibt es eine (mehr als berechtigte) Frage, die uns immer mehr G\u00e4ste \u2013 insbesondere Familien mit Kindern oder umweltbewusste Menschen \u2013 vor der Buchung stellen: <strong>\u201cWie nah seid ihr an den Weinbergen? Gibt es Probleme mit der landwirtschaftlichen Sch\u00e4dlingsbek\u00e4mpfung?\u201d<\/strong><\/p>\n\n\n\n<p>A <strong>Der Hof von Marga<\/strong>, Wir haben dieses Thema zu unserer Hauptst\u00e4rke gemacht. Wir haben uns entschieden, eine gesch\u00fctzte Oase zu schaffen, in der langsamer und nachhaltiger Tourismus auf absoluten Respekt vor der Umwelt und der Ruhe unserer G\u00e4ste trifft.<\/p>\n\n\n\n<figure class=\"wp-block-image size-large\"><img loading=\"lazy\" decoding=\"async\" width=\"1024\" height=\"768\" src=\"https:\/\/lacortedimarga.com\/wp-content\/uploads\/2026\/08\/La_Corte_di_Marga_esterni_vista_giardino_patio-1024x768.webp\" alt=\"Der gepflegte gr\u00fcne Garten von La Corte di Marga mit bl\u00fchendem Baum und bewaldeten H\u00fcgeln von Miane im Hintergrund ohne angrenzende Weinberge.\" class=\"wp-image-2923\" srcset=\"https:\/\/lacortedimarga.com\/wp-content\/uploads\/2026\/08\/La_Corte_di_Marga_esterni_vista_giardino_patio-1024x768.webp 1024w, https:\/\/lacortedimarga.com\/wp-content\/uploads\/2026\/08\/La_Corte_di_Marga_esterni_vista_giardino_patio-300x225.webp 300w, https:\/\/lacortedimarga.com\/wp-content\/uploads\/2026\/08\/La_Corte_di_Marga_esterni_vista_giardino_patio-768x576.webp 768w, https:\/\/lacortedimarga.com\/wp-content\/uploads\/2026\/08\/La_Corte_di_Marga_esterni_vista_giardino_patio-16x12.webp 16w, https:\/\/lacortedimarga.com\/wp-content\/uploads\/2026\/08\/La_Corte_di_Marga_esterni_vista_giardino_patio.webp 1500w\" sizes=\"auto, (max-width: 1024px) 100vw, 1024px\" \/><figcaption class=\"wp-element-caption\">Unser privater Garten: weite Gr\u00fcnfl\u00e4chen, unber\u00fchrte Natur und keine N\u00e4he zum intensiven Weinbau.<\/figcaption><\/figure>\n\n\n\n<h2 class=\"wp-block-heading\"><strong>Unsere Lage: Im Herzen des UNESCO-Gebiets, aber in einer gesch\u00fctzten Oase<\/strong><\/h2>\n\n\n\n<p>La Corte di Marga befindet sich in Miane, einem historischen Ort, der in einer strategischen und ruhigen Lage liegt. Im Gegensatz zu vielen Unterk\u00fcnften, die direkt inmitten der Webreihen oder in unmittelbarer N\u00e4he von Bauernh\u00f6fen errichtet wurden, <strong>Wir haben keine angrenzenden Weinberge.<\/strong><\/p>\n\n\n\n<p>Wir befinden uns in einer erh\u00f6hten und abgelegenen Lage, umgeben vom Gr\u00fcn der H\u00fcgel, der W\u00e4lder und unserem gro\u00dfen privaten Garten. Dieser nat\u00fcrliche \u201cSicherheitsg\u00fcrtel\u201d \u2013 zu dem auch andere, von den landwirtschaftlichen Reihenkulturen entfernte Wohnh\u00e4user geh\u00f6ren \u2013 dient als nat\u00fcrliche Barriere.<\/p>\n\n\n\n<p><strong>Was bedeutet das f\u00fcr dich?<\/strong><\/p>\n\n\n\n<ul class=\"wp-block-list\">\n<li><strong>Keine Exposition gegen\u00fcber landwirtschaftlichen Behandlungen:<\/strong> Die n\u00e4chstgelegenen Weinberge befinden sich in mindestens 500 bis 600 Metern Entfernung, getrennt durch Gr\u00fcnstreifen und Wohnh\u00e4user. Dies garantiert saubere Luft und keine Belastung durch Pestizide oder Chemikalien, die im intensiven Weinbau verwendet werden.<\/li>\n\n\n\n<li><strong>Stille und Frieden:<\/strong> Ein Aufenthalt in La Corte di Marga bedeutet, nicht im Morgengrauen durch den L\u00e4rm landwirtschaftlicher Maschinen (wie Traktoren oder Spr\u00fchger\u00e4ten) geweckt zu werden, wie er vor allem in den Fr\u00fchlings- und Sommermonaten in anderen Gegenden sehr h\u00e4ufig ist.<\/li>\n\n\n\n<li><strong>Sicherheit f\u00fcr Familien:<\/strong> Kinder k\u00f6nnen in unserem Garten und rund um den Pool in v\u00f6lliger Sicherheit und Freiheit laufen und spielen, w\u00e4hrend sie saubere Luft im Kontakt mit der unber\u00fchrten Natur des umliegenden Waldes atmen.<\/li>\n<\/ul>\n\n\n\n<figure class=\"wp-block-image size-large\"><img loading=\"lazy\" decoding=\"async\" width=\"1024\" height=\"683\" src=\"https:\/\/lacortedimarga.com\/wp-content\/uploads\/2026\/08\/piscina-all-aperto-relax-la-corte-di-marga-1024x683.webp\" alt=\"Au\u00dfenpool mit Sonnenliegen im eingez\u00e4unten Garten von La Corte di Marga in Miane\" class=\"wp-image-2924\" srcset=\"https:\/\/lacortedimarga.com\/wp-content\/uploads\/2026\/08\/piscina-all-aperto-relax-la-corte-di-marga-1024x683.webp 1024w, https:\/\/lacortedimarga.com\/wp-content\/uploads\/2026\/08\/piscina-all-aperto-relax-la-corte-di-marga-300x200.webp 300w, https:\/\/lacortedimarga.com\/wp-content\/uploads\/2026\/08\/piscina-all-aperto-relax-la-corte-di-marga-768x512.webp 768w, https:\/\/lacortedimarga.com\/wp-content\/uploads\/2026\/08\/piscina-all-aperto-relax-la-corte-di-marga-18x12.webp 18w, https:\/\/lacortedimarga.com\/wp-content\/uploads\/2026\/08\/piscina-all-aperto-relax-la-corte-di-marga.webp 1500w\" sizes=\"auto, (max-width: 1024px) 100vw, 1024px\" \/><figcaption class=\"wp-element-caption\">Der unseren G\u00e4sten vorbehaltene Pool: der ideale Ort, um sich in v\u00f6lliger Ruhe abzuk\u00fchlen und zu entspannen.<\/figcaption><\/figure>\n\n\n\n<h2 class=\"wp-block-heading\"><strong>Unsere Vorstellung von Nachhaltigkeit im Urlaub<\/strong><\/h2>\n\n\n\n<p>Es ist nicht nur eine Frage der geografischen Lage. Bei La Corte di Marga glauben wir, dass der gr\u00f6\u00dfte Luxus heute darin besteht, sich von den hektischen Rhythmen zu distanzieren und dabei die Umwelt zu respektieren, die uns beherbergt. Aus diesem Grund umfasst unsere \u201cgr\u00fcne Philosophie\u201d verschiedene Aspekte der Gastfreundschaft:<\/p>\n\n\n\n<h3 class=\"wp-block-heading\"><strong>1. Energieeffizienz und sauberer Komfort<\/strong><\/h3>\n\n\n\n<p>Wir haben stark in die Erneuerung unserer Einrichtungen investiert. Alle unsere Apartments (wie <em>Villa Marga<\/em> oder die gro\u00dfen Wohnungen <em>Ginetta<\/em> e <em>Gustet<\/em>sind ausgestattet mit <strong>Klimaanlagen der neuesten Generation mit hoher Effizienz<\/strong>. Au\u00dferdem legen wir gr\u00f6\u00dfte Aufmerksamkeit auf die Desinfektion der R\u00e4umlichkeiten und garantieren so gesunde Luft in jeder Unterkunft.<\/p>\n\n\n\n<h3 class=\"wp-block-heading\"><strong>2. Aufwertung des Gebiets und der lokalen Wirtschaft<\/strong><\/h3>\n\n\n\n<p>In den Apartments finden Sie moderne und bestens ausgestattete K\u00fcchen, aber... <strong>Es gibt keinen herk\u00f6mmlichen Backofen<\/strong>. Das ist eine bewusste Entscheidung: Wir m\u00f6chten Sie dazu ermutigen, die Region wirklich zu erleben! Die Prosecco-H\u00fcgel sind \u00fcbers\u00e4t mit traditionellen Osterias, kleinen lokalen Produzenten und au\u00dfergew\u00f6hnlichen Restaurants. Wir glauben, dass nachhaltiger tourismus auch bedeutet, die lokale Wirtschaft zu unterst\u00fctzen und authentische Aromen zu entdecken, anstatt zu Hause aufwendige Mahlzeiten zu kochen.<\/p>\n\n\n\n<h3 class=\"wp-block-heading\"><strong>3. Sanfte Mobilit\u00e4t und Naturerlebnisse<\/strong><\/h3>\n\n\n\n<p>Von unserer Unterkunft in Miane aus starten wundersch\u00f6ne Wander- oder Radwege. Wir unterst\u00fctzen und f\u00f6rdern Outdoor-Aktivit\u00e4ten mit geringer Umweltbelastung. Zum Beispiel arbeiten wir aktiv mit lokalen Guides zusammen, um <strong>Reitausfl\u00fcge<\/strong> (wie die vom nahegelegenen Ranch Val di Ronch in Rolle vorgeschlagenen), gef\u00fchrte Treks und sogar <em>Dog-Trekking<\/em>, um die Wanderwege in Begleitung Ihrer vierbeinigen Freunde zu erkunden (die bei uns herzlich willkommen sind!).<\/p>\n\n\n\n<h2 class=\"wp-block-heading\"><strong>Wem empfehlen wir La Corte di Marga?<\/strong><\/h2>\n\n\n\n<p>Wenn Sie nach einem Ort suchen, an dem menschlicher und landwirtschaftlicher Einfluss ferngehalten werden, <strong>La Corte di Marga ist dein idealer Zufluchtsort<\/strong>.<\/p>\n\n\n\n<p>Wir sind die perfekte Wahl f\u00fcr:<\/p>\n\n\n\n<ul class=\"wp-block-list\">\n<li><strong>Familien mit Kindern<\/strong> die weite, sichere Gr\u00fcnfl\u00e4chen, einen Pool zum Entspannen und eine gesunde Umgebung abseits der intensiven Landwirtschaft suchen.<\/li>\n\n\n\n<li><strong>Umweltsensible Personen<\/strong> die sich einen sanfteren, respektvolleren und umweltfreundlicheren Tourismusansatz w\u00fcnschen.<\/li>\n\n\n\n<li><strong>Digitale Nomaden oder Remote Worker<\/strong> die Ruhe, schnelles WLAN und eine \u201cBlase\u201d absoluten Friedens zum Arbeiten und Auftanken brauchen, fernab vom L\u00e4rm landwirtschaftlicher Fahrzeuge.<\/li>\n\n\n\n<li><strong>Liebhaber der puren Entspannung<\/strong> die die Prosecco-H\u00fcgel im langsamen Rhythmus genie\u00dfen und komplett abschalten m\u00f6chten.<\/li>\n<\/ul>\n\n\n\n<p>Wir erwarten Sie in Miane, um Ihnen die authentische Sch\u00f6nheit dieser Region zu zeigen \u2013 im Einklang mit der Natur und Ihrem Wohlbefinden.<\/p>\n\n\n\n<h2 class=\"wp-block-heading\"><a href=\"https:\/\/lacortedimarga.com\/de\/faq\/\">N\u00dcTZLICHE FRAGEN, DIE MAN WISSEN SOLLTE<\/a><\/h2>\n\n\n\n<h3 class=\"wp-block-heading\">\ud83d\udfe2 Lage, Weinberge und Umweltsicherheit<\/h3>\n\n\n\n<div class=\"schema-faq wp-block-yoast-faq-block\"><div class=\"schema-faq-section\" id=\"faq-question-1787120958829\"><strong class=\"schema-faq-question\">Liegt La Corte di Marga direkt an den Weinbergen? Gibt es Probleme mit der landwirtschaftlichen Sch\u00e4dlingsbek\u00e4mpfung?<\/strong> <p class=\"schema-faq-answer\">Nein, La Corte di Marga liegt im h\u00fcgeligen Zentrum von Miane und hat keine angrenzenden Weinberge. Die n\u00e4chstgelegenen Reben sind \u00fcber 500 Meter entfernt und durch Wohnh\u00e4user und nat\u00fcrliche Gr\u00fcnstreifen getrennt. Unsere Lage garantiert saubere Luft, keine Pestizidbelastung und maximale Ruhe f\u00fcr die G\u00e4ste.<\/p> <\/div> <div class=\"schema-faq-section\" id=\"faq-question-1787120993822\"><strong class=\"schema-faq-question\">H\u00f6rt man w\u00e4hrend des Aufenthalts in La Corte di Marga die Ger\u00e4usche landwirtschaftlicher Maschinen?<\/strong> <p class=\"schema-faq-answer\">Nr. Da wir uns in einer gesch\u00fctzten H\u00fcgeloase ohne intensiven Weinbau in unmittelbarer N\u00e4he befinden, genie\u00dfen unsere G\u00e4ste absolute Ruhe, ohne durch den L\u00e4rm von Traktoren oder Spritzger\u00e4ten geweckt zu werden, der f\u00fcr gebietsnahe Weinbaugebiete typisch ist.<\/p> <\/div> <div class=\"schema-faq-section\" id=\"faq-question-1787121033279\"><strong class=\"schema-faq-question\">Ist die Anlage f\u00fcr Familien mit Kindern oder Personen, denen Umweltthemen am Herzen liegen, geeignet?<\/strong> <p class=\"schema-faq-answer\">Ja, absolut. Die Corte di Marga ist dank des Fehlens nahegelegener landwirtschaftlicher Behandlungen, der sauberen Luft und des gro\u00dfen, eingez\u00e4unten Privatgartens, in dem Kinder v\u00f6llig sicher spielen k\u00f6nnen, die ideale Wahl f\u00fcr Familien und wellnessbewusste G\u00e4ste.<\/p> <\/div> <\/div>\n\n\n\n<h3 class=\"wp-block-heading\">\ud83d\udd35 Unterk\u00fcnfte, K\u00fcchen und Komfort<\/h3>\n\n\n\n<div class=\"schema-faq wp-block-yoast-faq-block\"><div class=\"schema-faq-section\" id=\"faq-question-1787121166763\"><strong class=\"schema-faq-question\">Warum gibt es in den K\u00fcchen von La Corte di Marga keinen traditionellen Ofen?<\/strong> <p class=\"schema-faq-answer\">Unsere K\u00fcchen sind mit einem K\u00fchlschrank, einem Kochfeld, in einigen Apartments mit einer Sp\u00fclmaschine und s\u00e4mtlichem Utensil ausgestattet. Wir haben uns bewusst gegen einen Backofen entschieden, um einen nachhaltigen Tourismus zu f\u00f6rdern und die G\u00e4ste einzuladen, die historischen Osterias und typischen Trattorien der Prosecco-H\u00fcgel zu entdecken.<\/p> <\/div> <div class=\"schema-faq-section\" id=\"faq-question-1787121231865\"><strong class=\"schema-faq-question\">Sind die Apartments mit Klimaanlage und WLAN f\u00fcr Smart Working ausgestattet?<\/strong> <p class=\"schema-faq-answer\">Ja, alle unsere Unterk\u00fcnfte <a href=\"https:\/\/lacortedimarga.com\/de\/villa-marga\/\">Villa Marga <\/a>, <a href=\"https:\/\/lacortedimarga.com\/de\/flache-ginetta-8\/\">Ginetta 8<\/a>, <a href=\"https:\/\/lacortedimarga.com\/de\/flache-ginetta-2\/\">Ginetta 2<\/a>, <a href=\"https:\/\/lacortedimarga.com\/de\/flach-gustet-5\/\">Gustet 5<\/a> (mit Ausnahme von <a href=\"https:\/\/lacortedimarga.com\/de\/flach-gustet-3\/\">Gustet 3<\/a>) verf\u00fcgen \u00fcber Klimaanlagen der neuesten Generation und kostenloses Highspeed-Wlan, ideal auch f\u00fcr diejenigen, die in der Stille der H\u00fcgel im Homeoffice arbeiten m\u00f6chten.<\/p> <\/div> <div class=\"schema-faq-section\" id=\"faq-question-1787121289692\"><strong class=\"schema-faq-question\">Was ist die beste L\u00f6sung f\u00fcr eine Gruppe von 6 oder 8 Personen?<\/strong> <p class=\"schema-faq-answer\">F\u00fcr Gruppen von 6 bis 8 Personen empfehlen wir <strong>Villa Marga<\/strong> (Freistehende Villa mit 3 Schlafzimmern und 2 B\u00e4dern) oder die\u2019<strong>Wohnung Ginetta 8<\/strong> (4 Schlafzimmer und 2 Badezimmer). Beide L\u00f6sungen bieten viel Platz und maximale Privatsph\u00e4re.<\/p> <\/div> <\/div>\n\n\n\n<h3 class=\"wp-block-heading\">\ud83d\udfe1 Pool, Tiere und Erlebnisse<\/h3>\n\n\n\n<div class=\"schema-faq wp-block-yoast-faq-block\"><div class=\"schema-faq-section\" id=\"faq-question-1787121357173\"><strong class=\"schema-faq-question\">Ist der Swimmingpool von La Corte di Marga privat oder wird er geteilt? Wann ist er ge\u00f6ffnet?<\/strong> <p class=\"schema-faq-answer\">Der Swimmingpool befindet sich in unserem Garten und wird von den G\u00e4sten der Residenz gemeinsam genutzt. Es handelt sich um einen saisonalen, nicht beheizten Pool, der von April bis Oktober ge\u00f6ffnet ist und ideal ist, um sich nach einer Wanderung in den Prosecco-H\u00fcgeln abzuk\u00fchlen.<\/p> <\/div> <div class=\"schema-faq-section\" id=\"faq-question-1787121394260\"><strong class=\"schema-faq-question\">Sind Hunde und Haustiere in La Corte di Marga erlaubt?<\/strong> <p class=\"schema-faq-answer\">Ja, Haustiere sind in all unseren Apartments nach vorheriger Anmeldung bei der Buchung willkommen. Auf Anfrage bieten wir auch gef\u00fchrte Dog-Trekking-Erlebnisse mit einer Hundetrainerin in der Umgebung an.<\/p> <\/div> <div class=\"schema-faq-section\" id=\"faq-question-1787121432423\"><strong class=\"schema-faq-question\">Welche Outdoor-Aktivit\u00e4ten kann man in der N\u00e4he von Miane unternehmen?<\/strong> <p class=\"schema-faq-answer\">Von der Unterkunft aus starten Wanderwege und Radwege. Au\u00dferdem arbeiten wir mit lokalen Anbietern zusammen, um Ausritte zu Pferd in den zum UNESCO-Weltkulturerbe geh\u00f6renden Prosecco-H\u00fcgeln sowie kulinarische Erlebnisse zu organisieren.<\/p> <\/div> <div class=\"schema-faq-section\" id=\"faq-question-1787121462232\"><strong class=\"schema-faq-question\">Wie kann ich zum garantiert besten Preis buchen?<\/strong> <p class=\"schema-faq-answer\">Den besten Preis und die flexibelsten Bedingungen finden Sie immer bei einer Direktbuchung auf unserer offiziellen Website. <a href=\"https:\/\/lacortedimarga.com\/de\/\">www.lacortedimarga.com<\/a><\/p> <\/div> <\/div>","protected":false},"excerpt":{"rendered":"<p>Le Colline del Prosecco di Conegliano e Valdobbiadene, dal 2019 Patrimonio dell&#8217;Umanit\u00e0 UNESCO, sono una delle mete pi\u00f9 ambite del Veneto. Tra panorami mozzafiato, borghi storici ed eccellenze enogastronomiche, migliaia di turisti arrivano ogni anno in cerca di un&#8217;esperienza autentica a contatto con la natura. Tuttavia, c&#8217;\u00e8 una domanda (pi\u00f9 che legittima) che sempre pi\u00f9 [&hellip;]<\/p>\n","protected":false},"author":3,"featured_media":2922,"comment_status":"closed","ping_status":"open","sticky":false,"template":"","format":"standard","meta":{"_breakdance_hide_in_design_set":false,"_breakdance_tags":"","footnotes":""},"categories":[9,10],"tags":[43,20,195,22,28,286,285,208,63,24],"class_list":["post-2916","post","type-post","status-publish","format-standard","has-post-thumbnail","hentry","category-anima-cultura-slow-travel-e-storia","category-esperienza-in-struttura-guest-guide-news","tag-esperienzaincorte","tag-lacortedimarga","tag-lacortedimargablog","tag-miane","tag-naturaeapprendimento","tag-perfriendly","tag-piscinacollinedelprosecco","tag-turismosostenibile","tag-vacanzenatura","tag-visitveneto"],"yoast_head":"<!-- This site is optimized with the Yoast SEO plugin v28.2 - https:\/\/yoast.com\/product\/yoast-seo-wordpress\/ -->\n<title>Dormire nelle Colline del Prosecco: Filosofia Green &amp; Natura<\/title>\n<meta name=\"description\" content=\"Cerchi una vacanza a Miane lontano dai trattamenti agricoli? Scopri la posizione protetta e la filosofia green de La Corte di Marga. Prenota ora!\" \/>\n<meta name=\"robots\" content=\"index, follow, max-snippet:-1, max-image-preview:large, max-video-preview:-1\" \/>\n<link rel=\"canonical\" href=\"https:\/\/lacortedimarga.com\/de\/philosophie-der-grunen-hugel-des-prosecco-in-miane\/\" \/>\n<meta property=\"og:locale\" content=\"de_DE\" \/>\n<meta property=\"og:type\" content=\"article\" \/>\n<meta property=\"og:title\" content=\"Dormire nelle Colline del Prosecco: Filosofia Green &amp; Natura\" \/>\n<meta property=\"og:description\" content=\"Cerchi una vacanza a Miane lontano dai trattamenti agricoli? Scopri la posizione protetta e la filosofia green de La Corte di Marga. Prenota ora!\" \/>\n<meta property=\"og:url\" content=\"https:\/\/lacortedimarga.com\/de\/philosophie-der-grunen-hugel-des-prosecco-in-miane\/\" \/>\n<meta property=\"og:site_name\" content=\"La Corte di Marga\" \/>\n<meta property=\"article:publisher\" content=\"https:\/\/www.facebook.com\/lacortedimarga\" \/>\n<meta property=\"article:published_time\" content=\"2026-08-19T08:18:57+00:00\" \/>\n<meta property=\"article:modified_time\" content=\"2026-08-19T08:18:58+00:00\" \/>\n<meta property=\"og:image\" content=\"https:\/\/lacortedimarga.com\/wp-content\/uploads\/2026\/08\/La_Corte_di_Marga_esterni_vista_ingresso.webp\" \/>\n\t<meta property=\"og:image:width\" content=\"1500\" \/>\n\t<meta property=\"og:image:height\" content=\"1125\" \/>\n\t<meta property=\"og:image:type\" content=\"image\/webp\" \/>\n<meta name=\"author\" content=\"Roberto\" \/>\n<meta name=\"twitter:card\" content=\"summary_large_image\" \/>\n<meta name=\"twitter:label1\" content=\"Verfasst von\" \/>\n\t<meta name=\"twitter:data1\" content=\"Roberto\" \/>\n\t<meta name=\"twitter:label2\" content=\"Gesch\u00e4tzte Lesezeit\" \/>\n\t<meta name=\"twitter:data2\" content=\"8\u00a0Minuten\" \/>\n<script type=\"application\/ld+json\" class=\"yoast-schema-graph\">{\"@context\":\"https:\\\/\\\/schema.org\",\"@graph\":[{\"@type\":\"Article\",\"@id\":\"https:\\\/\\\/lacortedimarga.com\\\/filosofia-green-colline-prosecco-miane\\\/#article\",\"isPartOf\":{\"@id\":\"https:\\\/\\\/lacortedimarga.com\\\/filosofia-green-colline-prosecco-miane\\\/\"},\"author\":{\"name\":\"Roberto\",\"@id\":\"https:\\\/\\\/lacortedimarga.com\\\/#\\\/schema\\\/person\\\/35b8aa132ce672c39a5ece2e9b43b967\"},\"headline\":\"Dormire nelle Colline del Prosecco: La nostra filosofia green e il rispetto della natura\",\"datePublished\":\"2026-08-19T08:18:57+00:00\",\"dateModified\":\"2026-08-19T08:18:58+00:00\",\"mainEntityOfPage\":{\"@id\":\"https:\\\/\\\/lacortedimarga.com\\\/filosofia-green-colline-prosecco-miane\\\/\"},\"wordCount\":1282,\"publisher\":{\"@id\":\"https:\\\/\\\/lacortedimarga.com\\\/#organization\"},\"image\":{\"@id\":\"https:\\\/\\\/lacortedimarga.com\\\/filosofia-green-colline-prosecco-miane\\\/#primaryimage\"},\"thumbnailUrl\":\"https:\\\/\\\/lacortedimarga.com\\\/wp-content\\\/uploads\\\/2026\\\/08\\\/La_Corte_di_Marga_esterni_vista_ingresso.webp\",\"keywords\":[\"#EsperienzaInCorte\",\"#LaCortediMarga\",\"#LaCorteDiMargaBlog\",\"#Miane\",\"#NaturaEApprendimento\",\"#PerFriendly\",\"#PiscinaCollineDelProsecco\",\"#TurismoSostenibile\",\"#VacanzeNatura\",\"#VisitVeneto\"],\"articleSection\":[\"Anima &amp; Cultura: Slow Travel e Storia\",\"Esperienza in Struttura: Guest Guide &amp; News\"],\"inLanguage\":\"de\"},{\"@type\":[\"WebPage\",\"FAQPage\"],\"@id\":\"https:\\\/\\\/lacortedimarga.com\\\/filosofia-green-colline-prosecco-miane\\\/\",\"url\":\"https:\\\/\\\/lacortedimarga.com\\\/filosofia-green-colline-prosecco-miane\\\/\",\"name\":\"Dormire nelle Colline del Prosecco: Filosofia Green & Natura\",\"isPartOf\":{\"@id\":\"https:\\\/\\\/lacortedimarga.com\\\/#website\"},\"primaryImageOfPage\":{\"@id\":\"https:\\\/\\\/lacortedimarga.com\\\/filosofia-green-colline-prosecco-miane\\\/#primaryimage\"},\"image\":{\"@id\":\"https:\\\/\\\/lacortedimarga.com\\\/filosofia-green-colline-prosecco-miane\\\/#primaryimage\"},\"thumbnailUrl\":\"https:\\\/\\\/lacortedimarga.com\\\/wp-content\\\/uploads\\\/2026\\\/08\\\/La_Corte_di_Marga_esterni_vista_ingresso.webp\",\"datePublished\":\"2026-08-19T08:18:57+00:00\",\"dateModified\":\"2026-08-19T08:18:58+00:00\",\"description\":\"Cerchi una vacanza a Miane lontano dai trattamenti agricoli? Scopri la posizione protetta e la filosofia green de La Corte di Marga. Prenota ora!\",\"breadcrumb\":{\"@id\":\"https:\\\/\\\/lacortedimarga.com\\\/filosofia-green-colline-prosecco-miane\\\/#breadcrumb\"},\"mainEntity\":[{\"@id\":\"https:\\\/\\\/lacortedimarga.com\\\/filosofia-green-colline-prosecco-miane\\\/#faq-question-1787120958829\"},{\"@id\":\"https:\\\/\\\/lacortedimarga.com\\\/filosofia-green-colline-prosecco-miane\\\/#faq-question-1787120993822\"},{\"@id\":\"https:\\\/\\\/lacortedimarga.com\\\/filosofia-green-colline-prosecco-miane\\\/#faq-question-1787121033279\"},{\"@id\":\"https:\\\/\\\/lacortedimarga.com\\\/filosofia-green-colline-prosecco-miane\\\/#faq-question-1787121166763\"},{\"@id\":\"https:\\\/\\\/lacortedimarga.com\\\/filosofia-green-colline-prosecco-miane\\\/#faq-question-1787121231865\"},{\"@id\":\"https:\\\/\\\/lacortedimarga.com\\\/filosofia-green-colline-prosecco-miane\\\/#faq-question-1787121289692\"},{\"@id\":\"https:\\\/\\\/lacortedimarga.com\\\/filosofia-green-colline-prosecco-miane\\\/#faq-question-1787121357173\"},{\"@id\":\"https:\\\/\\\/lacortedimarga.com\\\/filosofia-green-colline-prosecco-miane\\\/#faq-question-1787121394260\"},{\"@id\":\"https:\\\/\\\/lacortedimarga.com\\\/filosofia-green-colline-prosecco-miane\\\/#faq-question-1787121432423\"},{\"@id\":\"https:\\\/\\\/lacortedimarga.com\\\/filosofia-green-colline-prosecco-miane\\\/#faq-question-1787121462232\"}],\"inLanguage\":\"de\",\"potentialAction\":[{\"@type\":\"ReadAction\",\"target\":[\"https:\\\/\\\/lacortedimarga.com\\\/filosofia-green-colline-prosecco-miane\\\/\"]}]},{\"@type\":\"ImageObject\",\"inLanguage\":\"de\",\"@id\":\"https:\\\/\\\/lacortedimarga.com\\\/filosofia-green-colline-prosecco-miane\\\/#primaryimage\",\"url\":\"https:\\\/\\\/lacortedimarga.com\\\/wp-content\\\/uploads\\\/2026\\\/08\\\/La_Corte_di_Marga_esterni_vista_ingresso.webp\",\"contentUrl\":\"https:\\\/\\\/lacortedimarga.com\\\/wp-content\\\/uploads\\\/2026\\\/08\\\/La_Corte_di_Marga_esterni_vista_ingresso.webp\",\"width\":1500,\"height\":1125,\"caption\":\"Il nostro giardino privato: ampi spazi verdi, natura incontaminata e nessuna vicinanza con la viticoltura intensiva.\"},{\"@type\":\"BreadcrumbList\",\"@id\":\"https:\\\/\\\/lacortedimarga.com\\\/filosofia-green-colline-prosecco-miane\\\/#breadcrumb\",\"itemListElement\":[{\"@type\":\"ListItem\",\"position\":1,\"name\":\"Home\",\"item\":\"https:\\\/\\\/lacortedimarga.com\\\/\"},{\"@type\":\"ListItem\",\"position\":2,\"name\":\"Dormire nelle Colline del Prosecco: La nostra filosofia green e il rispetto della natura\"}]},{\"@type\":\"WebSite\",\"@id\":\"https:\\\/\\\/lacortedimarga.com\\\/#website\",\"url\":\"https:\\\/\\\/lacortedimarga.com\\\/\",\"name\":\"La Corte di Marga\",\"description\":\"Prosecco Hills Holidays\",\"publisher\":{\"@id\":\"https:\\\/\\\/lacortedimarga.com\\\/#organization\"},\"potentialAction\":[{\"@type\":\"SearchAction\",\"target\":{\"@type\":\"EntryPoint\",\"urlTemplate\":\"https:\\\/\\\/lacortedimarga.com\\\/?s={search_term_string}\"},\"query-input\":{\"@type\":\"PropertyValueSpecification\",\"valueRequired\":true,\"valueName\":\"search_term_string\"}}],\"inLanguage\":\"de\"},{\"@type\":\"Organization\",\"@id\":\"https:\\\/\\\/lacortedimarga.com\\\/#organization\",\"name\":\"La Corte di Marga\",\"url\":\"https:\\\/\\\/lacortedimarga.com\\\/\",\"logo\":{\"@type\":\"ImageObject\",\"inLanguage\":\"de\",\"@id\":\"https:\\\/\\\/lacortedimarga.com\\\/#\\\/schema\\\/logo\\\/image\\\/\",\"url\":\"https:\\\/\\\/lacortedimarga.com\\\/wp-content\\\/uploads\\\/2025\\\/06\\\/logo-corti-di-marga.webp\",\"contentUrl\":\"https:\\\/\\\/lacortedimarga.com\\\/wp-content\\\/uploads\\\/2025\\\/06\\\/logo-corti-di-marga.webp\",\"width\":955,\"height\":529,\"caption\":\"La Corte di Marga\"},\"image\":{\"@id\":\"https:\\\/\\\/lacortedimarga.com\\\/#\\\/schema\\\/logo\\\/image\\\/\"},\"sameAs\":[\"https:\\\/\\\/www.facebook.com\\\/lacortedimarga\",\"https:\\\/\\\/www.instagram.com\\\/la_corte_di_marga\\\/\",\"https:\\\/\\\/www.tiktok.com\\\/@lacortedimarga\",\"https:\\\/\\\/www.youtube.com\\\/@lacortedimargaofficial\",\"https:\\\/\\\/www.linkedin.com\\\/company\\\/la-corte-di-marga-prosecco-hills-holiday\"]},{\"@type\":\"Person\",\"@id\":\"https:\\\/\\\/lacortedimarga.com\\\/#\\\/schema\\\/person\\\/35b8aa132ce672c39a5ece2e9b43b967\",\"name\":\"Roberto\",\"image\":{\"@type\":\"ImageObject\",\"inLanguage\":\"de\",\"@id\":\"https:\\\/\\\/secure.gravatar.com\\\/avatar\\\/e3f271e90e735cdc34557ef9b92be1ad6f15d5bac04b51fa3cd10b4c11dac25e?s=96&d=mm&r=g\",\"url\":\"https:\\\/\\\/secure.gravatar.com\\\/avatar\\\/e3f271e90e735cdc34557ef9b92be1ad6f15d5bac04b51fa3cd10b4c11dac25e?s=96&d=mm&r=g\",\"contentUrl\":\"https:\\\/\\\/secure.gravatar.com\\\/avatar\\\/e3f271e90e735cdc34557ef9b92be1ad6f15d5bac04b51fa3cd10b4c11dac25e?s=96&d=mm&r=g\",\"caption\":\"Roberto\"},\"url\":\"https:\\\/\\\/lacortedimarga.com\\\/de\\\/author\\\/roberto\\\/\"},{\"@type\":\"Question\",\"@id\":\"https:\\\/\\\/lacortedimarga.com\\\/filosofia-green-colline-prosecco-miane\\\/#faq-question-1787120958829\",\"position\":1,\"url\":\"https:\\\/\\\/lacortedimarga.com\\\/filosofia-green-colline-prosecco-miane\\\/#faq-question-1787120958829\",\"name\":\"La Corte di Marga \u00e8 a ridosso dei vigneti? Ci sono problemi con i trattamenti agricoli?\",\"answerCount\":1,\"acceptedAnswer\":{\"@type\":\"Answer\",\"text\":\"No, La Corte di Marga si trova nel centro collinare di Miane e non ha vigneti confinanti. I filari pi\u00f9 vicini distano oltre 500 metri e sono separati da abitazioni e fasce verdi naturali. La nostra posizione garantisce aria pulita, assenza di esposizione a pesticidi e massima tranquillit\u00e0 per gli ospiti.\",\"inLanguage\":\"de\"},\"inLanguage\":\"de\"},{\"@type\":\"Question\",\"@id\":\"https:\\\/\\\/lacortedimarga.com\\\/filosofia-green-colline-prosecco-miane\\\/#faq-question-1787120993822\",\"position\":2,\"url\":\"https:\\\/\\\/lacortedimarga.com\\\/filosofia-green-colline-prosecco-miane\\\/#faq-question-1787120993822\",\"name\":\"Durante il soggiorno a La Corte di Marga si sentono i rumori dei macchinari agricoli?\",\"answerCount\":1,\"acceptedAnswer\":{\"@type\":\"Answer\",\"text\":\"No. Trovandoci in un'oasi collinare protetta senza viticoltura intensiva a ridosso, i nostri ospiti godono del silenzio totale, senza essere svegliati dai rumori di trattori o atomizzatori tipici delle aree a ridosso dei filari.\",\"inLanguage\":\"de\"},\"inLanguage\":\"de\"},{\"@type\":\"Question\",\"@id\":\"https:\\\/\\\/lacortedimarga.com\\\/filosofia-green-colline-prosecco-miane\\\/#faq-question-1787121033279\",\"position\":3,\"url\":\"https:\\\/\\\/lacortedimarga.com\\\/filosofia-green-colline-prosecco-miane\\\/#faq-question-1787121033279\",\"name\":\"La struttura \u00e8 adatta a famiglie con bambini o persone sensibili ai temi ambientali?\",\"answerCount\":1,\"acceptedAnswer\":{\"@type\":\"Answer\",\"text\":\"S\u00ec, assolutamente. La Corte di Marga \u00e8 la scelta ideale per famiglie e ospiti attenti al benessere grazie all'assenza di trattamenti agricoli vicini, all'aria pulita e all'ampio giardino privato recintato dove i bambini possono giocare in totale sicurezza.\",\"inLanguage\":\"de\"},\"inLanguage\":\"de\"},{\"@type\":\"Question\",\"@id\":\"https:\\\/\\\/lacortedimarga.com\\\/filosofia-green-colline-prosecco-miane\\\/#faq-question-1787121166763\",\"position\":4,\"url\":\"https:\\\/\\\/lacortedimarga.com\\\/filosofia-green-colline-prosecco-miane\\\/#faq-question-1787121166763\",\"name\":\"Perch\u00e9 nelle cucine de La Corte di Marga non c'\u00e8 il forno tradizionale?\",\"answerCount\":1,\"acceptedAnswer\":{\"@type\":\"Answer\",\"text\":\"Le nostre cucine sono dotate di frigorifero, piano cottura, lavastoviglie in alcuni appartamenti e tutti gli utensili. Abbiamo scelto di non inserire il forno per promuovere un turismo sostenibile e invitare gli ospiti a scoprire le storiche osterie e le trattorie tipiche delle Colline del Prosecco.\",\"inLanguage\":\"de\"},\"inLanguage\":\"de\"},{\"@type\":\"Question\",\"@id\":\"https:\\\/\\\/lacortedimarga.com\\\/filosofia-green-colline-prosecco-miane\\\/#faq-question-1787121231865\",\"position\":5,\"url\":\"https:\\\/\\\/lacortedimarga.com\\\/filosofia-green-colline-prosecco-miane\\\/#faq-question-1787121231865\",\"name\":\"Gli appartamenti sono dotati di aria condizionata e Wi-Fi per lo Smart Working?\",\"answerCount\":1,\"acceptedAnswer\":{\"@type\":\"Answer\",\"text\":\"S\u00ec, tutti i nostri alloggi <a href=\\\"https:\\\/\\\/lacortedimarga.com\\\/villa-marga\\\/\\\">Villa Marga <\\\/a>, <a href=\\\"https:\\\/\\\/lacortedimarga.com\\\/appartamento-ginetta-8\\\/\\\">Ginetta 8<\\\/a>, <a href=\\\"https:\\\/\\\/lacortedimarga.com\\\/appartamento-ginetta-2\\\/\\\">Ginetta 2<\\\/a>, <a href=\\\"https:\\\/\\\/lacortedimarga.com\\\/appartamento-gustet-5\\\/\\\">Gustet 5<\\\/a> (ad eccezione del <a href=\\\"https:\\\/\\\/lacortedimarga.com\\\/appartamento-gustet-3\\\/\\\">Gustet 3<\\\/a>) dispongono di impianti di climatizzazione di ultima generazione e connessione Wi-Fi ad alta velocit\u00e0 gratuita, perfetti anche per chi desidera lavorare in remote working nel silenzio delle colline.\",\"inLanguage\":\"de\"},\"inLanguage\":\"de\"},{\"@type\":\"Question\",\"@id\":\"https:\\\/\\\/lacortedimarga.com\\\/filosofia-green-colline-prosecco-miane\\\/#faq-question-1787121289692\",\"position\":6,\"url\":\"https:\\\/\\\/lacortedimarga.com\\\/filosofia-green-colline-prosecco-miane\\\/#faq-question-1787121289692\",\"name\":\"Qual \u00e8 la soluzione migliore per un gruppo di 6 o 8 persone?\",\"answerCount\":1,\"acceptedAnswer\":{\"@type\":\"Answer\",\"text\":\"Per gruppi di 6-8 persone consigliamo <strong>Villa Marga<\\\/strong> (villa indipendente con 3 camere da letto e 2 bagni) oppure l'<strong>Appartamento Ginetta 8<\\\/strong> (4 camere da letto e 2 bagni). Entrambe le soluzioni offrono ampi spazi e massima privacy.\",\"inLanguage\":\"de\"},\"inLanguage\":\"de\"},{\"@type\":\"Question\",\"@id\":\"https:\\\/\\\/lacortedimarga.com\\\/filosofia-green-colline-prosecco-miane\\\/#faq-question-1787121357173\",\"position\":7,\"url\":\"https:\\\/\\\/lacortedimarga.com\\\/filosofia-green-colline-prosecco-miane\\\/#faq-question-1787121357173\",\"name\":\"La piscina de La Corte di Marga \u00e8 privata o condivisa? Quando \u00e8 aperta?\",\"answerCount\":1,\"acceptedAnswer\":{\"@type\":\"Answer\",\"text\":\"La piscina si trova nel nostro giardino ed \u00e8 ad uso condiviso tra gli ospiti del residence. \u00c8 una piscina stagionale non riscaldata aperta da aprile a ottobre, ideale per rinfrescarsi dopo un'escursione tra le Colline del Prosecco.\",\"inLanguage\":\"de\"},\"inLanguage\":\"de\"},{\"@type\":\"Question\",\"@id\":\"https:\\\/\\\/lacortedimarga.com\\\/filosofia-green-colline-prosecco-miane\\\/#faq-question-1787121394260\",\"position\":8,\"url\":\"https:\\\/\\\/lacortedimarga.com\\\/filosofia-green-colline-prosecco-miane\\\/#faq-question-1787121394260\",\"name\":\"I cani e gli animali domestici sono ammessi a La Corte di Marga?\",\"answerCount\":1,\"acceptedAnswer\":{\"@type\":\"Answer\",\"text\":\"S\u00ec, gli animali domestici sono i benvenuti in tutti i nostri appartamenti previa segnalazione al momento della prenotazione. Su richiesta proponiamo anche esperienze di Dog Trekking guidato con addestratrice cinofila sul territorio.\",\"inLanguage\":\"de\"},\"inLanguage\":\"de\"},{\"@type\":\"Question\",\"@id\":\"https:\\\/\\\/lacortedimarga.com\\\/filosofia-green-colline-prosecco-miane\\\/#faq-question-1787121432423\",\"position\":9,\"url\":\"https:\\\/\\\/lacortedimarga.com\\\/filosofia-green-colline-prosecco-miane\\\/#faq-question-1787121432423\",\"name\":\"Quali attivit\u00e0 all'aria aperta si possono fare vicino a Miane?\",\"answerCount\":1,\"acceptedAnswer\":{\"@type\":\"Answer\",\"text\":\"Dalla struttura partono sentieri per passeggiate a piedi e percorsi in bicicletta. Inoltre, collaboriamo con realt\u00e0 locali per organizzare passeggiate a cavallo sulle Colline del Prosecco patrimonio UNESCO ed esperienze enogastronomiche.\",\"inLanguage\":\"de\"},\"inLanguage\":\"de\"},{\"@type\":\"Question\",\"@id\":\"https:\\\/\\\/lacortedimarga.com\\\/filosofia-green-colline-prosecco-miane\\\/#faq-question-1787121462232\",\"position\":10,\"url\":\"https:\\\/\\\/lacortedimarga.com\\\/filosofia-green-colline-prosecco-miane\\\/#faq-question-1787121462232\",\"name\":\"Come posso prenotare al miglior prezzo garantito?\",\"answerCount\":1,\"acceptedAnswer\":{\"@type\":\"Answer\",\"text\":\"Il prezzo migliore e le condizioni pi\u00f9 flessibili si trovano sempre prenotando direttamente sul nostro sito ufficiale <a href=\\\"http:\\\/\\\/www.lacortedimarga.com\\\">www.lacortedimarga.com<\\\/a>\",\"inLanguage\":\"de\"},\"inLanguage\":\"de\"}]}<\/script>\n<!-- \/ Yoast SEO plugin. -->","yoast_head_json":{"title":"\u00dcbernachten in den Prosecco-H\u00fcgeln: Gr\u00fcne Philosophie &amp; Natur","description":"Suchen Sie einen Urlaub in Miane fernab von landwirtschaftlichen Behandlungen? Entdecken Sie die gesch\u00fctzte Lage und die gr\u00fcne Philosophie von La Corte di Marga. Buchen Sie jetzt!","robots":{"index":"index","follow":"follow","max-snippet":"max-snippet:-1","max-image-preview":"max-image-preview:large","max-video-preview":"max-video-preview:-1"},"canonical":"https:\/\/lacortedimarga.com\/de\/philosophie-der-grunen-hugel-des-prosecco-in-miane\/","og_locale":"de_DE","og_type":"article","og_title":"Dormire nelle Colline del Prosecco: Filosofia Green & Natura","og_description":"Cerchi una vacanza a Miane lontano dai trattamenti agricoli? Scopri la posizione protetta e la filosofia green de La Corte di Marga. Prenota ora!","og_url":"https:\/\/lacortedimarga.com\/de\/philosophie-der-grunen-hugel-des-prosecco-in-miane\/","og_site_name":"La Corte di Marga","article_publisher":"https:\/\/www.facebook.com\/lacortedimarga","article_published_time":"2026-08-19T08:18:57+00:00","article_modified_time":"2026-08-19T08:18:58+00:00","og_image":[{"width":1500,"height":1125,"url":"https:\/\/lacortedimarga.com\/wp-content\/uploads\/2026\/08\/La_Corte_di_Marga_esterni_vista_ingresso.webp","type":"image\/webp"}],"author":"Roberto","twitter_card":"summary_large_image","twitter_misc":{"Verfasst von":"Roberto","Gesch\u00e4tzte Lesezeit":"8\u00a0Minuten"},"schema":{"@context":"https:\/\/schema.org","@graph":[{"@type":"Article","@id":"https:\/\/lacortedimarga.com\/filosofia-green-colline-prosecco-miane\/#article","isPartOf":{"@id":"https:\/\/lacortedimarga.com\/filosofia-green-colline-prosecco-miane\/"},"author":{"name":"Roberto","@id":"https:\/\/lacortedimarga.com\/#\/schema\/person\/35b8aa132ce672c39a5ece2e9b43b967"},"headline":"Dormire nelle Colline del Prosecco: La nostra filosofia green e il rispetto della natura","datePublished":"2026-08-19T08:18:57+00:00","dateModified":"2026-08-19T08:18:58+00:00","mainEntityOfPage":{"@id":"https:\/\/lacortedimarga.com\/filosofia-green-colline-prosecco-miane\/"},"wordCount":1282,"publisher":{"@id":"https:\/\/lacortedimarga.com\/#organization"},"image":{"@id":"https:\/\/lacortedimarga.com\/filosofia-green-colline-prosecco-miane\/#primaryimage"},"thumbnailUrl":"https:\/\/lacortedimarga.com\/wp-content\/uploads\/2026\/08\/La_Corte_di_Marga_esterni_vista_ingresso.webp","keywords":["#EsperienzaInCorte","#LaCortediMarga","#LaCorteDiMargaBlog","#Miane","#NaturaEApprendimento","#PerFriendly","#PiscinaCollineDelProsecco","#TurismoSostenibile","#VacanzeNatura","#VisitVeneto"],"articleSection":["Anima &amp; Cultura: Slow Travel e Storia","Esperienza in Struttura: Guest Guide &amp; News"],"inLanguage":"de"},{"@type":["WebPage","FAQPage"],"@id":"https:\/\/lacortedimarga.com\/filosofia-green-colline-prosecco-miane\/","url":"https:\/\/lacortedimarga.com\/filosofia-green-colline-prosecco-miane\/","name":"\u00dcbernachten in den Prosecco-H\u00fcgeln: Gr\u00fcne Philosophie &amp; Natur","isPartOf":{"@id":"https:\/\/lacortedimarga.com\/#website"},"primaryImageOfPage":{"@id":"https:\/\/lacortedimarga.com\/filosofia-green-colline-prosecco-miane\/#primaryimage"},"image":{"@id":"https:\/\/lacortedimarga.com\/filosofia-green-colline-prosecco-miane\/#primaryimage"},"thumbnailUrl":"https:\/\/lacortedimarga.com\/wp-content\/uploads\/2026\/08\/La_Corte_di_Marga_esterni_vista_ingresso.webp","datePublished":"2026-08-19T08:18:57+00:00","dateModified":"2026-08-19T08:18:58+00:00","description":"Suchen Sie einen Urlaub in Miane fernab von landwirtschaftlichen Behandlungen? Entdecken Sie die gesch\u00fctzte Lage und die gr\u00fcne Philosophie von La Corte di Marga. Buchen Sie jetzt!","breadcrumb":{"@id":"https:\/\/lacortedimarga.com\/filosofia-green-colline-prosecco-miane\/#breadcrumb"},"mainEntity":[{"@id":"https:\/\/lacortedimarga.com\/filosofia-green-colline-prosecco-miane\/#faq-question-1787120958829"},{"@id":"https:\/\/lacortedimarga.com\/filosofia-green-colline-prosecco-miane\/#faq-question-1787120993822"},{"@id":"https:\/\/lacortedimarga.com\/filosofia-green-colline-prosecco-miane\/#faq-question-1787121033279"},{"@id":"https:\/\/lacortedimarga.com\/filosofia-green-colline-prosecco-miane\/#faq-question-1787121166763"},{"@id":"https:\/\/lacortedimarga.com\/filosofia-green-colline-prosecco-miane\/#faq-question-1787121231865"},{"@id":"https:\/\/lacortedimarga.com\/filosofia-green-colline-prosecco-miane\/#faq-question-1787121289692"},{"@id":"https:\/\/lacortedimarga.com\/filosofia-green-colline-prosecco-miane\/#faq-question-1787121357173"},{"@id":"https:\/\/lacortedimarga.com\/filosofia-green-colline-prosecco-miane\/#faq-question-1787121394260"},{"@id":"https:\/\/lacortedimarga.com\/filosofia-green-colline-prosecco-miane\/#faq-question-1787121432423"},{"@id":"https:\/\/lacortedimarga.com\/filosofia-green-colline-prosecco-miane\/#faq-question-1787121462232"}],"inLanguage":"de","potentialAction":[{"@type":"ReadAction","target":["https:\/\/lacortedimarga.com\/filosofia-green-colline-prosecco-miane\/"]}]},{"@type":"ImageObject","inLanguage":"de","@id":"https:\/\/lacortedimarga.com\/filosofia-green-colline-prosecco-miane\/#primaryimage","url":"https:\/\/lacortedimarga.com\/wp-content\/uploads\/2026\/08\/La_Corte_di_Marga_esterni_vista_ingresso.webp","contentUrl":"https:\/\/lacortedimarga.com\/wp-content\/uploads\/2026\/08\/La_Corte_di_Marga_esterni_vista_ingresso.webp","width":1500,"height":1125,"caption":"Il nostro giardino privato: ampi spazi verdi, natura incontaminata e nessuna vicinanza con la viticoltura intensiva."},{"@type":"BreadcrumbList","@id":"https:\/\/lacortedimarga.com\/filosofia-green-colline-prosecco-miane\/#breadcrumb","itemListElement":[{"@type":"ListItem","position":1,"name":"Home","item":"https:\/\/lacortedimarga.com\/"},{"@type":"ListItem","position":2,"name":"Dormire nelle Colline del Prosecco: La nostra filosofia green e il rispetto della natura"}]},{"@type":"WebSite","@id":"https:\/\/lacortedimarga.com\/#website","url":"https:\/\/lacortedimarga.com\/","name":"Der Hof von Marga","description":"Prosecco Hills Ferien","publisher":{"@id":"https:\/\/lacortedimarga.com\/#organization"},"potentialAction":[{"@type":"SearchAction","target":{"@type":"EntryPoint","urlTemplate":"https:\/\/lacortedimarga.com\/?s={search_term_string}"},"query-input":{"@type":"PropertyValueSpecification","valueRequired":true,"valueName":"search_term_string"}}],"inLanguage":"de"},{"@type":"Organization","@id":"https:\/\/lacortedimarga.com\/#organization","name":"Der Hof von Marga","url":"https:\/\/lacortedimarga.com\/","logo":{"@type":"ImageObject","inLanguage":"de","@id":"https:\/\/lacortedimarga.com\/#\/schema\/logo\/image\/","url":"https:\/\/lacortedimarga.com\/wp-content\/uploads\/2025\/06\/logo-corti-di-marga.webp","contentUrl":"https:\/\/lacortedimarga.com\/wp-content\/uploads\/2025\/06\/logo-corti-di-marga.webp","width":955,"height":529,"caption":"La Corte di Marga"},"image":{"@id":"https:\/\/lacortedimarga.com\/#\/schema\/logo\/image\/"},"sameAs":["https:\/\/www.facebook.com\/lacortedimarga","https:\/\/www.instagram.com\/la_corte_di_marga\/","https:\/\/www.tiktok.com\/@lacortedimarga","https:\/\/www.youtube.com\/@lacortedimargaofficial","https:\/\/www.linkedin.com\/company\/la-corte-di-marga-prosecco-hills-holiday"]},{"@type":"Person","@id":"https:\/\/lacortedimarga.com\/#\/schema\/person\/35b8aa132ce672c39a5ece2e9b43b967","name":"Roberto","image":{"@type":"ImageObject","inLanguage":"de","@id":"https:\/\/secure.gravatar.com\/avatar\/e3f271e90e735cdc34557ef9b92be1ad6f15d5bac04b51fa3cd10b4c11dac25e?s=96&d=mm&r=g","url":"https:\/\/secure.gravatar.com\/avatar\/e3f271e90e735cdc34557ef9b92be1ad6f15d5bac04b51fa3cd10b4c11dac25e?s=96&d=mm&r=g","contentUrl":"https:\/\/secure.gravatar.com\/avatar\/e3f271e90e735cdc34557ef9b92be1ad6f15d5bac04b51fa3cd10b4c11dac25e?s=96&d=mm&r=g","caption":"Roberto"},"url":"https:\/\/lacortedimarga.com\/de\/author\/roberto\/"},{"@type":"Question","@id":"https:\/\/lacortedimarga.com\/filosofia-green-colline-prosecco-miane\/#faq-question-1787120958829","position":1,"url":"https:\/\/lacortedimarga.com\/filosofia-green-colline-prosecco-miane\/#faq-question-1787120958829","name":"Liegt La Corte di Marga direkt an den Weinbergen? Gibt es Probleme mit der landwirtschaftlichen Sch\u00e4dlingsbek\u00e4mpfung?","answerCount":1,"acceptedAnswer":{"@type":"Answer","text":"No, La Corte di Marga si trova nel centro collinare di Miane e non ha vigneti confinanti. I filari pi\u00f9 vicini distano oltre 500 metri e sono separati da abitazioni e fasce verdi naturali. La nostra posizione garantisce aria pulita, assenza di esposizione a pesticidi e massima tranquillit\u00e0 per gli ospiti.","inLanguage":"de"},"inLanguage":"de"},{"@type":"Question","@id":"https:\/\/lacortedimarga.com\/filosofia-green-colline-prosecco-miane\/#faq-question-1787120993822","position":2,"url":"https:\/\/lacortedimarga.com\/filosofia-green-colline-prosecco-miane\/#faq-question-1787120993822","name":"H\u00f6rt man w\u00e4hrend des Aufenthalts in La Corte di Marga die Ger\u00e4usche landwirtschaftlicher Maschinen?","answerCount":1,"acceptedAnswer":{"@type":"Answer","text":"No. Trovandoci in un'oasi collinare protetta senza viticoltura intensiva a ridosso, i nostri ospiti godono del silenzio totale, senza essere svegliati dai rumori di trattori o atomizzatori tipici delle aree a ridosso dei filari.","inLanguage":"de"},"inLanguage":"de"},{"@type":"Question","@id":"https:\/\/lacortedimarga.com\/filosofia-green-colline-prosecco-miane\/#faq-question-1787121033279","position":3,"url":"https:\/\/lacortedimarga.com\/filosofia-green-colline-prosecco-miane\/#faq-question-1787121033279","name":"Ist die Anlage f\u00fcr Familien mit Kindern oder Personen, denen Umweltthemen am Herzen liegen, geeignet?","answerCount":1,"acceptedAnswer":{"@type":"Answer","text":"S\u00ec, assolutamente. La Corte di Marga \u00e8 la scelta ideale per famiglie e ospiti attenti al benessere grazie all'assenza di trattamenti agricoli vicini, all'aria pulita e all'ampio giardino privato recintato dove i bambini possono giocare in totale sicurezza.","inLanguage":"de"},"inLanguage":"de"},{"@type":"Question","@id":"https:\/\/lacortedimarga.com\/filosofia-green-colline-prosecco-miane\/#faq-question-1787121166763","position":4,"url":"https:\/\/lacortedimarga.com\/filosofia-green-colline-prosecco-miane\/#faq-question-1787121166763","name":"Warum gibt es in den K\u00fcchen von La Corte di Marga keinen traditionellen Ofen?","answerCount":1,"acceptedAnswer":{"@type":"Answer","text":"Le nostre cucine sono dotate di frigorifero, piano cottura, lavastoviglie in alcuni appartamenti e tutti gli utensili. Abbiamo scelto di non inserire il forno per promuovere un turismo sostenibile e invitare gli ospiti a scoprire le storiche osterie e le trattorie tipiche delle Colline del Prosecco.","inLanguage":"de"},"inLanguage":"de"},{"@type":"Question","@id":"https:\/\/lacortedimarga.com\/filosofia-green-colline-prosecco-miane\/#faq-question-1787121231865","position":5,"url":"https:\/\/lacortedimarga.com\/filosofia-green-colline-prosecco-miane\/#faq-question-1787121231865","name":"Sind die Apartments mit Klimaanlage und WLAN f\u00fcr Smart Working ausgestattet?","answerCount":1,"acceptedAnswer":{"@type":"Answer","text":"S\u00ec, tutti i nostri alloggi <a href=\"https:\/\/lacortedimarga.com\/villa-marga\/\">Villa Marga <\/a>, <a href=\"https:\/\/lacortedimarga.com\/appartamento-ginetta-8\/\">Ginetta 8<\/a>, <a href=\"https:\/\/lacortedimarga.com\/appartamento-ginetta-2\/\">Ginetta 2<\/a>, <a href=\"https:\/\/lacortedimarga.com\/appartamento-gustet-5\/\">Gustet 5<\/a> (ad eccezione del <a href=\"https:\/\/lacortedimarga.com\/appartamento-gustet-3\/\">Gustet 3<\/a>) dispongono di impianti di climatizzazione di ultima generazione e connessione Wi-Fi ad alta velocit\u00e0 gratuita, perfetti anche per chi desidera lavorare in remote working nel silenzio delle colline.","inLanguage":"de"},"inLanguage":"de"},{"@type":"Question","@id":"https:\/\/lacortedimarga.com\/filosofia-green-colline-prosecco-miane\/#faq-question-1787121289692","position":6,"url":"https:\/\/lacortedimarga.com\/filosofia-green-colline-prosecco-miane\/#faq-question-1787121289692","name":"Was ist die beste L\u00f6sung f\u00fcr eine Gruppe von 6 oder 8 Personen?","answerCount":1,"acceptedAnswer":{"@type":"Answer","text":"Per gruppi di 6-8 persone consigliamo <strong>Villa Marga<\/strong> (villa indipendente con 3 camere da letto e 2 bagni) oppure l'<strong>Appartamento Ginetta 8<\/strong> (4 camere da letto e 2 bagni). Entrambe le soluzioni offrono ampi spazi e massima privacy.","inLanguage":"de"},"inLanguage":"de"},{"@type":"Question","@id":"https:\/\/lacortedimarga.com\/filosofia-green-colline-prosecco-miane\/#faq-question-1787121357173","position":7,"url":"https:\/\/lacortedimarga.com\/filosofia-green-colline-prosecco-miane\/#faq-question-1787121357173","name":"Ist der Swimmingpool von La Corte di Marga privat oder wird er geteilt? Wann ist er ge\u00f6ffnet?","answerCount":1,"acceptedAnswer":{"@type":"Answer","text":"La piscina si trova nel nostro giardino ed \u00e8 ad uso condiviso tra gli ospiti del residence. \u00c8 una piscina stagionale non riscaldata aperta da aprile a ottobre, ideale per rinfrescarsi dopo un'escursione tra le Colline del Prosecco.","inLanguage":"de"},"inLanguage":"de"},{"@type":"Question","@id":"https:\/\/lacortedimarga.com\/filosofia-green-colline-prosecco-miane\/#faq-question-1787121394260","position":8,"url":"https:\/\/lacortedimarga.com\/filosofia-green-colline-prosecco-miane\/#faq-question-1787121394260","name":"Sind Hunde und Haustiere in La Corte di Marga erlaubt?","answerCount":1,"acceptedAnswer":{"@type":"Answer","text":"S\u00ec, gli animali domestici sono i benvenuti in tutti i nostri appartamenti previa segnalazione al momento della prenotazione. Su richiesta proponiamo anche esperienze di Dog Trekking guidato con addestratrice cinofila sul territorio.","inLanguage":"de"},"inLanguage":"de"},{"@type":"Question","@id":"https:\/\/lacortedimarga.com\/filosofia-green-colline-prosecco-miane\/#faq-question-1787121432423","position":9,"url":"https:\/\/lacortedimarga.com\/filosofia-green-colline-prosecco-miane\/#faq-question-1787121432423","name":"Welche Outdoor-Aktivit\u00e4ten kann man in der N\u00e4he von Miane unternehmen?","answerCount":1,"acceptedAnswer":{"@type":"Answer","text":"Dalla struttura partono sentieri per passeggiate a piedi e percorsi in bicicletta. Inoltre, collaboriamo con realt\u00e0 locali per organizzare passeggiate a cavallo sulle Colline del Prosecco patrimonio UNESCO ed esperienze enogastronomiche.","inLanguage":"de"},"inLanguage":"de"},{"@type":"Question","@id":"https:\/\/lacortedimarga.com\/filosofia-green-colline-prosecco-miane\/#faq-question-1787121462232","position":10,"url":"https:\/\/lacortedimarga.com\/filosofia-green-colline-prosecco-miane\/#faq-question-1787121462232","name":"Wie kann ich zum garantiert besten Preis buchen?","answerCount":1,"acceptedAnswer":{"@type":"Answer","text":"Il prezzo migliore e le condizioni pi\u00f9 flessibili si trovano sempre prenotando direttamente sul nostro sito ufficiale <a href=\"http:\/\/www.lacortedimarga.com\">www.lacortedimarga.com<\/a>","inLanguage":"de"},"inLanguage":"de"}]}},"_links":{"self":[{"href":"https:\/\/lacortedimarga.com\/de\/wp-json\/wp\/v2\/posts\/2916","targetHints":{"allow":["GET"]}}],"collection":[{"href":"https:\/\/lacortedimarga.com\/de\/wp-json\/wp\/v2\/posts"}],"about":[{"href":"https:\/\/lacortedimarga.com\/de\/wp-json\/wp\/v2\/types\/post"}],"author":[{"embeddable":true,"href":"https:\/\/lacortedimarga.com\/de\/wp-json\/wp\/v2\/users\/3"}],"replies":[{"embeddable":true,"href":"https:\/\/lacortedimarga.com\/de\/wp-json\/wp\/v2\/comments?post=2916"}],"version-history":[{"count":4,"href":"https:\/\/lacortedimarga.com\/de\/wp-json\/wp\/v2\/posts\/2916\/revisions"}],"predecessor-version":[{"id":2926,"href":"https:\/\/lacortedimarga.com\/de\/wp-json\/wp\/v2\/posts\/2916\/revisions\/2926"}],"wp:featuredmedia":[{"embeddable":true,"href":"https:\/\/lacortedimarga.com\/de\/wp-json\/wp\/v2\/media\/2922"}],"wp:attachment":[{"href":"https:\/\/lacortedimarga.com\/de\/wp-json\/wp\/v2\/media?parent=2916"}],"wp:term":[{"taxonomy":"category","embeddable":true,"href":"https:\/\/lacortedimarga.com\/de\/wp-json\/wp\/v2\/categories?post=2916"},{"taxonomy":"post_tag","embeddable":true,"href":"https:\/\/lacortedimarga.com\/de\/wp-json\/wp\/v2\/tags?post=2916"}],"curies":[{"name":"wp","href":"https:\/\/api.w.org\/{rel}","templated":true}]}}