{"id":2952,"date":"2026-08-25T17:17:30","date_gmt":"2026-08-25T17:17:30","guid":{"rendered":"https:\/\/lacortedimarga.com\/?p=2952"},"modified":"2026-08-25T17:18:11","modified_gmt":"2026-08-25T17:18:11","slug":"wurstwaren-marke-trevigiana-sopressa-porchetta-luganega","status":"publish","type":"post","link":"https:\/\/lacortedimarga.com\/de\/salumi-marca-trevigiana-sopressa-porchetta-luganega\/","title":{"rendered":"Salumi della Marca Trevigiana: Der Leitfaden zu den drei Protagonisten jedes venetischen Wurstbretts"},"content":{"rendered":"<p>Sopressa, Porchetta und Luganega sind die drei Wurstwaren, die wie keine anderen die Marca Trevigiana repr\u00e4sentieren: Die Sopressa ist eine weiche, lange gereifte Salami, die Trevisaner Porchetta ist in Wirklichkeit eine im Ganzen gebratene Schweinekeule (keine Latiumer Rollbraten) und die Luganega ist die frische Bratwurst, die seit Generationen Polenta und Risotto begleitet. Sie vor dem Essen einer Aufschnittplatte zu kennen, hilft zu verstehen, was man da eigentlich probiert \u2013 und warum Wurstwaren in dieser Provinz keine Beilage, sondern ein eigenes Kapitel der b\u00e4uerlichen K\u00fcche sind.<\/p>\n\n\n\n<h3 class=\"wp-block-heading\">Die Sopressa trevigiana: Die Wurst, die wartet<\/h3>\n\n\n\n<p>Die Sopressa ist vielleicht die am st\u00e4rksten identit\u00e4tsstiftende Wurstspezialit\u00e4t der Gegend: eine weiche, aus grob gewolftem magerem und emittiertem Schweinefleisch hergestellte Wurst, die monatelang reift, bevor sie verzehrt werden kann. Die ersten dokumentierten Spuren dieses Herstellungsverfahrens gehen auf das 19. Jahrhundert zur\u00fcck, als die W\u00fcrste in den K\u00fcchen \u00fcber einem speziell angez\u00fcndeten Kohlenbecken aufgeh\u00e4ngt wurden, um das frische Produkt zu trocknen \u2013 eine Technik der R\u00e4ucherung im Haus, die Jahrhunderte \u00fcberdauert hat. Auf der Speisekarte der ersten Ausgabe des Volksfests der trevisanischen K\u00fcche (Sagra della Cucina Trevigiana) im Jahr 1959 war die \u201cSopressa Trevisana\u201d bereits aufgef\u00fchrt: ein Zeichen daf\u00fcr, wie sehr sie schon damals ein identit\u00e4tsstiftendes Gericht und keine erst k\u00fcrzlich wiederentdeckte Spezialit\u00e4t war.<\/p>\n\n\n\n<p>Es gibt auch eine edlere Variante, die Sopressa investida, bei der ein ganzes Schweinefilet in die Mitte der Masse eingearbeitet ist \u2013 zu finden in den handwerklichen Wurstwarenereien der Gegend, nicht im Gro\u00dfhandel.<\/p>\n\n\n\n<h3 class=\"wp-block-heading\">Die Porchetta aus Treviso: 1919 entstanden, keine gew\u00f6hnliche Rollbraten<\/h3>\n\n\n\n<p>Im Gegensatz zur Porchetta aus Latium oder Umbrien, die gerollt und entbeint ist, handelt es sich bei der Porchetta trevigiana um eine ganze, einj\u00e4hrige Schweinekeule, die im Ganzen mit ihrer knusprigen Haut gebraten wird. Das Rezept, wie wir es heute kennen, entstand 1919, als Ermete Beltrame es in seiner Bierstube unter dem Palazzo dei Trecento in Treviso taufte: Von dort aus breitete sich der Erfolg rasch in der gesamten Region aus. In der Nachkriegszeit wurden Porchetta, Sopressa, Brot und lokalem Wein zu dem Dreiklang, der das Angebot der Osterien und Frasche der gesamten Marca pr\u00e4gte \u2013 derselbe gesellige Geist, den man heute noch in den Dorfgasth\u00f6fen in der N\u00e4he von Miane atmet.<\/p>\n\n\n\n<figure class=\"wp-block-image size-full\"><img loading=\"lazy\" decoding=\"async\" width=\"1024\" height=\"683\" src=\"https:\/\/lacortedimarga.com\/wp-content\/uploads\/2026\/08\/porchetta-trevigiana-tradizionale-affettata-tagliere.jpg.jpg\" alt=\"Handwerkliche Porchetta aus Treviso, aufgeschnitten auf einem Holzbrett mit goldbrauner, knuspriger Kruste\" class=\"wp-image-2903\" srcset=\"https:\/\/lacortedimarga.com\/wp-content\/uploads\/2026\/08\/porchetta-trevigiana-tradizionale-affettata-tagliere.jpg.jpg 1024w, https:\/\/lacortedimarga.com\/wp-content\/uploads\/2026\/08\/porchetta-trevigiana-tradizionale-affettata-tagliere.jpg-300x200.jpg 300w, https:\/\/lacortedimarga.com\/wp-content\/uploads\/2026\/08\/porchetta-trevigiana-tradizionale-affettata-tagliere.jpg-768x512.jpg 768w, https:\/\/lacortedimarga.com\/wp-content\/uploads\/2026\/08\/porchetta-trevigiana-tradizionale-affettata-tagliere.jpg-18x12.jpg 18w\" sizes=\"auto, (max-width: 1024px) 100vw, 1024px\" \/><figcaption class=\"wp-element-caption\">Traditionelle Porchetta aus Treviso, serviert auf einem Holzbrett, eines der unverzichtbaren Gerichte f\u00fcr eine Brotzeit oder ein Picknick in La Corte di Marga.<\/figcaption><\/figure>\n\n\n\n<h3 class=\"wp-block-heading\">Die Luganega: die Bratwurst (und Reiswurst)<\/h3>\n\n\n\n<p>Die Luganega aus Treviso ist die klassische frische Bratwurst zum Grillen, aber es gibt auch eine au\u00dferhalb der Region weniger bekannte Variante: die Luganega da riso, die extra daf\u00fcr gedacht ist, statt im Ganzen gegrillt zu werden, in einem Risotto zerbr\u00f6selt zu werden \u2013 eine typische Verwendung in der b\u00e4uerlichen K\u00fcche, in der nichts verschwendet wurde und jeder Zuschnitt eine genaue Bestimmung hatte.<\/p>\n\n\n\n<figure class=\"wp-block-image size-large\"><img loading=\"lazy\" decoding=\"async\" width=\"1024\" height=\"574\" src=\"https:\/\/lacortedimarga.com\/wp-content\/uploads\/2026\/08\/luganega-trevigiana-fresca-tagliere-legno.jpg-1024x574.jpg\" alt=\"Frische Luganega aus Treviso, schneckenf\u00f6rmig aufgerollt auf einem Holzbrett mit Rosmarin und Knoblauch\" class=\"wp-image-2904\" srcset=\"https:\/\/lacortedimarga.com\/wp-content\/uploads\/2026\/08\/luganega-trevigiana-fresca-tagliere-legno.jpg-1024x574.jpg 1024w, https:\/\/lacortedimarga.com\/wp-content\/uploads\/2026\/08\/luganega-trevigiana-fresca-tagliere-legno.jpg-300x168.jpg 300w, https:\/\/lacortedimarga.com\/wp-content\/uploads\/2026\/08\/luganega-trevigiana-fresca-tagliere-legno.jpg-768x431.jpg 768w, https:\/\/lacortedimarga.com\/wp-content\/uploads\/2026\/08\/luganega-trevigiana-fresca-tagliere-legno.jpg-18x10.jpg 18w, https:\/\/lacortedimarga.com\/wp-content\/uploads\/2026\/08\/luganega-trevigiana-fresca-tagliere-legno.jpg.jpg 1476w\" sizes=\"auto, (max-width: 1024px) 100vw, 1024px\" \/><figcaption class=\"wp-element-caption\">Die traditionelle frische Luganega aus Treviso, K\u00f6nigin der Grillfeste und der typisch venetischen Gerichte bei La Corte di Marga.<\/figcaption><\/figure>\n\n\n\n<h3 class=\"wp-block-heading\">Rezepte und Sommelier-Weinempfehlungen mit Weinen der Marca Trevigiana<\/h3>\n\n\n\n<p>Das Gericht: Mit dem Messer geschnittene Sopressa Trevigiana, serviert mit frischem Brot.<br>Die Kombination: <a href=\"https:\/\/lacortedimarga.com\/de\/leitfaden-prosecco-superiore-docg-unterschiede-dosage-speiseempfehlungen\/\">Prosecco Superiore DOCG Brut<\/a>. Die Brut-Dosierung (0-12 g\/l) verf\u00fcgt \u00fcber die n\u00f6tige S\u00e4ure und Struktur, um den Gaumen von den fettigen Komponenten der Wurst zu reinigen, ganz ohne die restliche S\u00fc\u00dfe, die die w\u00fcrzigen Noten der Reifung verdecken w\u00fcrde: Es ist die klassische Kombination f\u00fcr Volksfeste ebenso wie f\u00fcr edle Aufschnittplatten.<\/p>\n\n\n\n<p>Das Gericht: Frisch aufgeschnittene Porchetta aus Treviso, knusprige Haut und saftiges Fleisch.<br>Die Kombination: <a href=\"https:\/\/lacortedimarga.com\/de\/leitfaden-prosecco-superiore-docg-unterschiede-dosage-speiseempfehlungen\/\">Prosecco Superiore DOCG Extra Brut<\/a>. Die fast auf Null reduzierte Dosage (0\u20136 g\/l) schenkt eine schneidende S\u00e4ure, die bei jedem Schluck den Bissen Porchetta entfettet, w\u00e4hrend die feine Perlage den Gaumen von dem fettigeren Anteil der ger\u00f6steten Haut reinigt \u2013 ein klarer Kontrast, der die W\u00fcrzigkeit des Fleisches unterstreicht, ohne zu beschweren.<\/p>\n\n\n\n<p>Das Gericht: Gegrillte Luganega aus Treviso, serviert mit Polenta.<br>Die Kombination: <a href=\"https:\/\/lacortedimarga.com\/de\/verdiso-technische-beschreibung-verkostung\/\">Verdiso<\/a>. Ein frischer, trinkanimierender, heimischer Wei\u00dfwein mit einer lebendigen S\u00e4ure, die den rustikalen Charakter der gegrillten Salsiccia begleitet, ohne ihn zu \u00fcberdecken: Seine aromatische Einfachheit l\u00e4sst Raum f\u00fcr den rauchigen Geschmack des Grills, ganz nach der b\u00e4uerlichen Tradition derer, die ihn seit jeher in derselben Gegend herstellen.<\/p>\n\n\n\n<h3 class=\"wp-block-heading\">Wo man sie probieren kann, in der N\u00e4he von La Corte di Marga<\/h3>\n\n\n\n<p>Bei La Corte di Marga ist die Platte mit lokalen Wurst- und K\u00e4sesorten (serviert mit Brot) als Service auf Anfrage erh\u00e4ltlich, perfekt f\u00fcr einen Aperitif auf der Terrasse vor dem Abendessen oder als Begleitung zu einem Glas <a href=\"https:\/\/lacortedimarga.com\/de\/\">Weinhandlung<\/a> innerhalb der Einrichtung. Es ist derselbe gesellige Geist, der in der Geschichte des <a href=\"https:\/\/lacortedimarga.com\/de\/piscina-oasi-azzurra-relax-la-corte-di-marga\/\">unser Pool und die Selbstbedienungs-Grillpl\u00e4tze<\/a>Ein Brett mit regionaler Wurst, ein Glas Prosecco, und der Abend ist gerettet.<\/p>\n\n\n\n<p>F\u00fcr alle, die \u00fcber den Aperitif hinausgehen m\u00f6chten, verkaufen viele handwerkliche Wurstwarenhersteller der Gegend (Valdobbiadene, Vittorio Veneto, die Voralpenregion) Sopressa und Porchetta aus eigener Herstellung direkt vor Ort \u2013 eine hervorragende Souveniridee zum Mitnehmen nach Hause, die viel authentischer ist als jede Wurstware aus dem Supermarkt.<\/p>\n\n\n\n<h2 class=\"wp-block-heading\">H\u00e4ufig gestellte Fragen<\/h2>\n\n\n\n<h3 class=\"wp-block-heading\">Ist die Porchetta aus Treviso anders als die r\u00f6mische Porchetta?<\/h3>\n\n\n\n<p>Ja, und zwar ganz wesentlich: Die aus Treviso ist eine ganze Schweinekeule mit Haut, die ein Jahr lang gerollt oder im Ganzen gebraten wird \u2013 nein, keine ausgel\u00f6ste Fleischrolle wie in der Tradition des Latium oder Umbrien. Das Rezept entstand 1919 in Treviso.<\/p>\n\n\n\n<h3 class=\"wp-block-heading\">Was ist Sopressa investida?<\/h3>\n\n\n\n<p>Es ist eine Variante der klassischen Sopressa aus Treviso mit einem ganzen Schweinefilet in der Mitte der Masse: eine aufwendigere Verarbeitung, die typisch f\u00fcr handwerkliche Wurstwarenhersteller ist.<\/p>\n\n\n\n<h3 class=\"wp-block-heading\">Kann ich in La Corte di Marga ein Brett mit lokalen Wurstwaren probieren?<\/h3>\n\n\n\n<p>Ja, das Aufschnitt-\/K\u00e4se-\/Brotbrett ist ein Service auf Anfrage (15 \u20ac\/Person) \u2013 perfekt in Kombination mit einem Glas aus unserem Wine Shop, vielleicht am Pool oder auf der Terrasse.<\/p>\n\n\n\n<p><a href=\"https:\/\/lacortedimarga.bookpage.io\">Buchen Sie Ihren Aufenthalt<\/a> a <a href=\"https:\/\/lacortedimarga.com\/de\/\">Der Hof von Marga<\/a> und bestelle die Platte mit lokalen Wurstwaren f\u00fcr deinen Aperitif auf der Terrasse.<\/p>","protected":false},"excerpt":{"rendered":"<p>Sopressa, porchetta e luganega sono i tre salumi che pi\u00f9 di ogni altro raccontano la Marca Trevigiana: la sopressa \u00e8 un insaccato morbido a lunga stagionatura, la porchetta trevigiana \u00e8 in realt\u00e0 una coscia di suino intera arrostita (non il rotolo laziale), e la luganega \u00e8 la salsiccia fresca da griglia che accompagna polenta e [&hellip;]<\/p>\n","protected":false},"author":3,"featured_media":2899,"comment_status":"closed","ping_status":"open","sticky":false,"template":"","format":"standard","meta":{"_breakdance_hide_in_design_set":false,"_breakdance_tags":"","footnotes":""},"categories":[6,13],"tags":[229,290,291,230,293,231,294,292,232],"class_list":["post-2952","post","type-post","status-publish","format-standard","has-post-thumbnail","hentry","category-gusto-tradizione-leccellenza-enogastronomica","category-vino-e-gastronomia","tag-lacortedimarga-2","tag-lacortedimargablog-2","tag-marcatrevigiana-2","tag-proseccohillsholidays-3","tag-ricettetradizionalivenete-2","tag-robertolarosahost-2","tag-robertolarosasommelier-2","tag-salumitrevigiani","tag-unescoheritage-2"],"yoast_head":"<!-- This site is optimized with the Yoast SEO plugin v28.2 - https:\/\/yoast.com\/product\/yoast-seo-wordpress\/ -->\n<title>Salumi della Marca Trevigiana: guida ai 3 pi\u00f9 tipici<\/title>\n<meta name=\"description\" content=\"Sopressa, porchetta e luganega trevigiana: storia, differenze e dove assaggiarli vicino a Miane, nel cuore delle Colline del Prosecco UNESCO.\" \/>\n<meta name=\"robots\" content=\"index, follow, max-snippet:-1, max-image-preview:large, max-video-preview:-1\" \/>\n<link rel=\"canonical\" href=\"https:\/\/lacortedimarga.com\/de\/wurstwaren-marke-trevigiana-sopressa-porchetta-luganega\/\" \/>\n<meta property=\"og:locale\" content=\"de_DE\" \/>\n<meta property=\"og:type\" content=\"article\" \/>\n<meta property=\"og:title\" content=\"Salumi della Marca Trevigiana: guida ai 3 pi\u00f9 tipici\" \/>\n<meta property=\"og:description\" content=\"Sopressa, porchetta e luganega trevigiana: storia, differenze e dove assaggiarli vicino a Miane, nel cuore delle Colline del Prosecco UNESCO.\" \/>\n<meta property=\"og:url\" content=\"https:\/\/lacortedimarga.com\/de\/wurstwaren-marke-trevigiana-sopressa-porchetta-luganega\/\" \/>\n<meta property=\"og:site_name\" content=\"La Corte di Marga\" \/>\n<meta property=\"article:publisher\" content=\"https:\/\/www.facebook.com\/lacortedimarga\" \/>\n<meta property=\"article:published_time\" content=\"2026-08-25T17:17:30+00:00\" \/>\n<meta property=\"article:modified_time\" content=\"2026-08-25T17:18:11+00:00\" \/>\n<meta property=\"og:image\" content=\"https:\/\/lacortedimarga.com\/wp-content\/uploads\/2026\/08\/sopressa-trevigiana-tradizionale-tagliere.jpg.webp\" \/>\n\t<meta property=\"og:image:width\" content=\"1294\" \/>\n\t<meta property=\"og:image:height\" content=\"1500\" \/>\n\t<meta property=\"og:image:type\" content=\"image\/webp\" \/>\n<meta name=\"author\" content=\"Roberto\" \/>\n<meta name=\"twitter:card\" content=\"summary_large_image\" \/>\n<meta name=\"twitter:label1\" content=\"Verfasst von\" \/>\n\t<meta name=\"twitter:data1\" content=\"Roberto\" \/>\n\t<meta name=\"twitter:label2\" content=\"Gesch\u00e4tzte Lesezeit\" \/>\n\t<meta name=\"twitter:data2\" content=\"6\u00a0Minuten\" \/>\n<script type=\"application\/ld+json\" class=\"yoast-schema-graph\">{\"@context\":\"https:\\\/\\\/schema.org\",\"@graph\":[{\"@type\":\"Article\",\"@id\":\"https:\\\/\\\/lacortedimarga.com\\\/salumi-marca-trevigiana-sopressa-porchetta-luganega\\\/#article\",\"isPartOf\":{\"@id\":\"https:\\\/\\\/lacortedimarga.com\\\/salumi-marca-trevigiana-sopressa-porchetta-luganega\\\/\"},\"author\":{\"name\":\"Roberto\",\"@id\":\"https:\\\/\\\/lacortedimarga.com\\\/#\\\/schema\\\/person\\\/35b8aa132ce672c39a5ece2e9b43b967\"},\"headline\":\"Salumi della Marca Trevigiana: la guida ai tre protagonisti di ogni tagliere veneto\",\"datePublished\":\"2026-08-25T17:17:30+00:00\",\"dateModified\":\"2026-08-25T17:18:11+00:00\",\"mainEntityOfPage\":{\"@id\":\"https:\\\/\\\/lacortedimarga.com\\\/salumi-marca-trevigiana-sopressa-porchetta-luganega\\\/\"},\"wordCount\":890,\"publisher\":{\"@id\":\"https:\\\/\\\/lacortedimarga.com\\\/#organization\"},\"image\":{\"@id\":\"https:\\\/\\\/lacortedimarga.com\\\/salumi-marca-trevigiana-sopressa-porchetta-luganega\\\/#primaryimage\"},\"thumbnailUrl\":\"https:\\\/\\\/lacortedimarga.com\\\/wp-content\\\/uploads\\\/2026\\\/08\\\/sopressa-trevigiana-tradizionale-tagliere.jpg.webp\",\"keywords\":[\"LaCorteDiMarga\",\"LaCorteDiMargaBlog\",\"MarcaTrevigiana\",\"ProseccoHillsHolidays\",\"RicetteTradizionaliVenete\",\"RobertoLaRosaHost\",\"RobertoLaRosaSommelier\",\"SalumiTrevigiani\",\"UNESCOHeritage\"],\"articleSection\":[\"Gusto &amp; Tradizione: L'Eccellenza Enogastronomica\",\"Vino e Gastronomia\"],\"inLanguage\":\"de\"},{\"@type\":\"WebPage\",\"@id\":\"https:\\\/\\\/lacortedimarga.com\\\/salumi-marca-trevigiana-sopressa-porchetta-luganega\\\/\",\"url\":\"https:\\\/\\\/lacortedimarga.com\\\/salumi-marca-trevigiana-sopressa-porchetta-luganega\\\/\",\"name\":\"Salumi della Marca Trevigiana: guida ai 3 pi\u00f9 tipici\",\"isPartOf\":{\"@id\":\"https:\\\/\\\/lacortedimarga.com\\\/#website\"},\"primaryImageOfPage\":{\"@id\":\"https:\\\/\\\/lacortedimarga.com\\\/salumi-marca-trevigiana-sopressa-porchetta-luganega\\\/#primaryimage\"},\"image\":{\"@id\":\"https:\\\/\\\/lacortedimarga.com\\\/salumi-marca-trevigiana-sopressa-porchetta-luganega\\\/#primaryimage\"},\"thumbnailUrl\":\"https:\\\/\\\/lacortedimarga.com\\\/wp-content\\\/uploads\\\/2026\\\/08\\\/sopressa-trevigiana-tradizionale-tagliere.jpg.webp\",\"datePublished\":\"2026-08-25T17:17:30+00:00\",\"dateModified\":\"2026-08-25T17:18:11+00:00\",\"description\":\"Sopressa, porchetta e luganega trevigiana: storia, differenze e dove assaggiarli vicino a Miane, nel cuore delle Colline del Prosecco UNESCO.\",\"breadcrumb\":{\"@id\":\"https:\\\/\\\/lacortedimarga.com\\\/salumi-marca-trevigiana-sopressa-porchetta-luganega\\\/#breadcrumb\"},\"inLanguage\":\"de\",\"potentialAction\":[{\"@type\":\"ReadAction\",\"target\":[\"https:\\\/\\\/lacortedimarga.com\\\/salumi-marca-trevigiana-sopressa-porchetta-luganega\\\/\"]}]},{\"@type\":\"ImageObject\",\"inLanguage\":\"de\",\"@id\":\"https:\\\/\\\/lacortedimarga.com\\\/salumi-marca-trevigiana-sopressa-porchetta-luganega\\\/#primaryimage\",\"url\":\"https:\\\/\\\/lacortedimarga.com\\\/wp-content\\\/uploads\\\/2026\\\/08\\\/sopressa-trevigiana-tradizionale-tagliere.jpg.webp\",\"contentUrl\":\"https:\\\/\\\/lacortedimarga.com\\\/wp-content\\\/uploads\\\/2026\\\/08\\\/sopressa-trevigiana-tradizionale-tagliere.jpg.webp\",\"width\":1294,\"height\":1500,\"caption\":\"La vera Sopressa trevigiana artigianale servita su tagliere con pane fresco, l'abbinamento perfetto per un aperitivo a La Corte di Marga.\"},{\"@type\":\"BreadcrumbList\",\"@id\":\"https:\\\/\\\/lacortedimarga.com\\\/salumi-marca-trevigiana-sopressa-porchetta-luganega\\\/#breadcrumb\",\"itemListElement\":[{\"@type\":\"ListItem\",\"position\":1,\"name\":\"Home\",\"item\":\"https:\\\/\\\/lacortedimarga.com\\\/\"},{\"@type\":\"ListItem\",\"position\":2,\"name\":\"Salumi della Marca Trevigiana: la guida ai tre protagonisti di ogni tagliere veneto\"}]},{\"@type\":\"WebSite\",\"@id\":\"https:\\\/\\\/lacortedimarga.com\\\/#website\",\"url\":\"https:\\\/\\\/lacortedimarga.com\\\/\",\"name\":\"La Corte di Marga\",\"description\":\"Prosecco Hills Holidays\",\"publisher\":{\"@id\":\"https:\\\/\\\/lacortedimarga.com\\\/#organization\"},\"potentialAction\":[{\"@type\":\"SearchAction\",\"target\":{\"@type\":\"EntryPoint\",\"urlTemplate\":\"https:\\\/\\\/lacortedimarga.com\\\/?s={search_term_string}\"},\"query-input\":{\"@type\":\"PropertyValueSpecification\",\"valueRequired\":true,\"valueName\":\"search_term_string\"}}],\"inLanguage\":\"de\"},{\"@type\":\"Organization\",\"@id\":\"https:\\\/\\\/lacortedimarga.com\\\/#organization\",\"name\":\"La Corte di Marga\",\"url\":\"https:\\\/\\\/lacortedimarga.com\\\/\",\"logo\":{\"@type\":\"ImageObject\",\"inLanguage\":\"de\",\"@id\":\"https:\\\/\\\/lacortedimarga.com\\\/#\\\/schema\\\/logo\\\/image\\\/\",\"url\":\"https:\\\/\\\/lacortedimarga.com\\\/wp-content\\\/uploads\\\/2025\\\/06\\\/logo-corti-di-marga.webp\",\"contentUrl\":\"https:\\\/\\\/lacortedimarga.com\\\/wp-content\\\/uploads\\\/2025\\\/06\\\/logo-corti-di-marga.webp\",\"width\":955,\"height\":529,\"caption\":\"La Corte di Marga\"},\"image\":{\"@id\":\"https:\\\/\\\/lacortedimarga.com\\\/#\\\/schema\\\/logo\\\/image\\\/\"},\"sameAs\":[\"https:\\\/\\\/www.facebook.com\\\/lacortedimarga\",\"https:\\\/\\\/www.instagram.com\\\/la_corte_di_marga\\\/\",\"https:\\\/\\\/www.tiktok.com\\\/@lacortedimarga\",\"https:\\\/\\\/www.youtube.com\\\/@lacortedimargaofficial\",\"https:\\\/\\\/www.linkedin.com\\\/company\\\/la-corte-di-marga-prosecco-hills-holiday\"]},{\"@type\":\"Person\",\"@id\":\"https:\\\/\\\/lacortedimarga.com\\\/#\\\/schema\\\/person\\\/35b8aa132ce672c39a5ece2e9b43b967\",\"name\":\"Roberto\",\"image\":{\"@type\":\"ImageObject\",\"inLanguage\":\"de\",\"@id\":\"https:\\\/\\\/secure.gravatar.com\\\/avatar\\\/e3f271e90e735cdc34557ef9b92be1ad6f15d5bac04b51fa3cd10b4c11dac25e?s=96&d=mm&r=g\",\"url\":\"https:\\\/\\\/secure.gravatar.com\\\/avatar\\\/e3f271e90e735cdc34557ef9b92be1ad6f15d5bac04b51fa3cd10b4c11dac25e?s=96&d=mm&r=g\",\"contentUrl\":\"https:\\\/\\\/secure.gravatar.com\\\/avatar\\\/e3f271e90e735cdc34557ef9b92be1ad6f15d5bac04b51fa3cd10b4c11dac25e?s=96&d=mm&r=g\",\"caption\":\"Roberto\"},\"url\":\"https:\\\/\\\/lacortedimarga.com\\\/de\\\/author\\\/roberto\\\/\"}]}<\/script>\n<!-- \/ Yoast SEO plugin. -->","yoast_head_json":{"title":"Wurstwaren aus der Marca Trevigiana: Leitfaden zu den 3 typischsten","description":"Sopressa, Porchetta und Luganega trevigiana: Geschichte, Unterschiede und wo man sie in der N\u00e4he von Miane, im Herzen der UNESCO-Prosecco-H\u00fcgel, probieren kann.","robots":{"index":"index","follow":"follow","max-snippet":"max-snippet:-1","max-image-preview":"max-image-preview:large","max-video-preview":"max-video-preview:-1"},"canonical":"https:\/\/lacortedimarga.com\/de\/wurstwaren-marke-trevigiana-sopressa-porchetta-luganega\/","og_locale":"de_DE","og_type":"article","og_title":"Salumi della Marca Trevigiana: guida ai 3 pi\u00f9 tipici","og_description":"Sopressa, porchetta e luganega trevigiana: storia, differenze e dove assaggiarli vicino a Miane, nel cuore delle Colline del Prosecco UNESCO.","og_url":"https:\/\/lacortedimarga.com\/de\/wurstwaren-marke-trevigiana-sopressa-porchetta-luganega\/","og_site_name":"La Corte di Marga","article_publisher":"https:\/\/www.facebook.com\/lacortedimarga","article_published_time":"2026-08-25T17:17:30+00:00","article_modified_time":"2026-08-25T17:18:11+00:00","og_image":[{"width":1294,"height":1500,"url":"https:\/\/lacortedimarga.com\/wp-content\/uploads\/2026\/08\/sopressa-trevigiana-tradizionale-tagliere.jpg.webp","type":"image\/webp"}],"author":"Roberto","twitter_card":"summary_large_image","twitter_misc":{"Verfasst von":"Roberto","Gesch\u00e4tzte Lesezeit":"6\u00a0Minuten"},"schema":{"@context":"https:\/\/schema.org","@graph":[{"@type":"Article","@id":"https:\/\/lacortedimarga.com\/salumi-marca-trevigiana-sopressa-porchetta-luganega\/#article","isPartOf":{"@id":"https:\/\/lacortedimarga.com\/salumi-marca-trevigiana-sopressa-porchetta-luganega\/"},"author":{"name":"Roberto","@id":"https:\/\/lacortedimarga.com\/#\/schema\/person\/35b8aa132ce672c39a5ece2e9b43b967"},"headline":"Salumi della Marca Trevigiana: la guida ai tre protagonisti di ogni tagliere veneto","datePublished":"2026-08-25T17:17:30+00:00","dateModified":"2026-08-25T17:18:11+00:00","mainEntityOfPage":{"@id":"https:\/\/lacortedimarga.com\/salumi-marca-trevigiana-sopressa-porchetta-luganega\/"},"wordCount":890,"publisher":{"@id":"https:\/\/lacortedimarga.com\/#organization"},"image":{"@id":"https:\/\/lacortedimarga.com\/salumi-marca-trevigiana-sopressa-porchetta-luganega\/#primaryimage"},"thumbnailUrl":"https:\/\/lacortedimarga.com\/wp-content\/uploads\/2026\/08\/sopressa-trevigiana-tradizionale-tagliere.jpg.webp","keywords":["LaCorteDiMarga","LaCorteDiMargaBlog","MarcaTrevigiana","ProseccoHillsHolidays","RicetteTradizionaliVenete","RobertoLaRosaHost","RobertoLaRosaSommelier","SalumiTrevigiani","UNESCOHeritage"],"articleSection":["Gusto &amp; Tradizione: L'Eccellenza Enogastronomica","Vino e Gastronomia"],"inLanguage":"de"},{"@type":"WebPage","@id":"https:\/\/lacortedimarga.com\/salumi-marca-trevigiana-sopressa-porchetta-luganega\/","url":"https:\/\/lacortedimarga.com\/salumi-marca-trevigiana-sopressa-porchetta-luganega\/","name":"Wurstwaren aus der Marca Trevigiana: Leitfaden zu den 3 typischsten","isPartOf":{"@id":"https:\/\/lacortedimarga.com\/#website"},"primaryImageOfPage":{"@id":"https:\/\/lacortedimarga.com\/salumi-marca-trevigiana-sopressa-porchetta-luganega\/#primaryimage"},"image":{"@id":"https:\/\/lacortedimarga.com\/salumi-marca-trevigiana-sopressa-porchetta-luganega\/#primaryimage"},"thumbnailUrl":"https:\/\/lacortedimarga.com\/wp-content\/uploads\/2026\/08\/sopressa-trevigiana-tradizionale-tagliere.jpg.webp","datePublished":"2026-08-25T17:17:30+00:00","dateModified":"2026-08-25T17:18:11+00:00","description":"Sopressa, Porchetta und Luganega trevigiana: Geschichte, Unterschiede und wo man sie in der N\u00e4he von Miane, im Herzen der UNESCO-Prosecco-H\u00fcgel, probieren kann.","breadcrumb":{"@id":"https:\/\/lacortedimarga.com\/salumi-marca-trevigiana-sopressa-porchetta-luganega\/#breadcrumb"},"inLanguage":"de","potentialAction":[{"@type":"ReadAction","target":["https:\/\/lacortedimarga.com\/salumi-marca-trevigiana-sopressa-porchetta-luganega\/"]}]},{"@type":"ImageObject","inLanguage":"de","@id":"https:\/\/lacortedimarga.com\/salumi-marca-trevigiana-sopressa-porchetta-luganega\/#primaryimage","url":"https:\/\/lacortedimarga.com\/wp-content\/uploads\/2026\/08\/sopressa-trevigiana-tradizionale-tagliere.jpg.webp","contentUrl":"https:\/\/lacortedimarga.com\/wp-content\/uploads\/2026\/08\/sopressa-trevigiana-tradizionale-tagliere.jpg.webp","width":1294,"height":1500,"caption":"La vera Sopressa trevigiana artigianale servita su tagliere con pane fresco, l'abbinamento perfetto per un aperitivo a La Corte di Marga."},{"@type":"BreadcrumbList","@id":"https:\/\/lacortedimarga.com\/salumi-marca-trevigiana-sopressa-porchetta-luganega\/#breadcrumb","itemListElement":[{"@type":"ListItem","position":1,"name":"Home","item":"https:\/\/lacortedimarga.com\/"},{"@type":"ListItem","position":2,"name":"Salumi della Marca Trevigiana: la guida ai tre protagonisti di ogni tagliere veneto"}]},{"@type":"WebSite","@id":"https:\/\/lacortedimarga.com\/#website","url":"https:\/\/lacortedimarga.com\/","name":"Der Hof von Marga","description":"Prosecco Hills Ferien","publisher":{"@id":"https:\/\/lacortedimarga.com\/#organization"},"potentialAction":[{"@type":"SearchAction","target":{"@type":"EntryPoint","urlTemplate":"https:\/\/lacortedimarga.com\/?s={search_term_string}"},"query-input":{"@type":"PropertyValueSpecification","valueRequired":true,"valueName":"search_term_string"}}],"inLanguage":"de"},{"@type":"Organization","@id":"https:\/\/lacortedimarga.com\/#organization","name":"Der Hof von Marga","url":"https:\/\/lacortedimarga.com\/","logo":{"@type":"ImageObject","inLanguage":"de","@id":"https:\/\/lacortedimarga.com\/#\/schema\/logo\/image\/","url":"https:\/\/lacortedimarga.com\/wp-content\/uploads\/2025\/06\/logo-corti-di-marga.webp","contentUrl":"https:\/\/lacortedimarga.com\/wp-content\/uploads\/2025\/06\/logo-corti-di-marga.webp","width":955,"height":529,"caption":"La Corte di Marga"},"image":{"@id":"https:\/\/lacortedimarga.com\/#\/schema\/logo\/image\/"},"sameAs":["https:\/\/www.facebook.com\/lacortedimarga","https:\/\/www.instagram.com\/la_corte_di_marga\/","https:\/\/www.tiktok.com\/@lacortedimarga","https:\/\/www.youtube.com\/@lacortedimargaofficial","https:\/\/www.linkedin.com\/company\/la-corte-di-marga-prosecco-hills-holiday"]},{"@type":"Person","@id":"https:\/\/lacortedimarga.com\/#\/schema\/person\/35b8aa132ce672c39a5ece2e9b43b967","name":"Roberto","image":{"@type":"ImageObject","inLanguage":"de","@id":"https:\/\/secure.gravatar.com\/avatar\/e3f271e90e735cdc34557ef9b92be1ad6f15d5bac04b51fa3cd10b4c11dac25e?s=96&d=mm&r=g","url":"https:\/\/secure.gravatar.com\/avatar\/e3f271e90e735cdc34557ef9b92be1ad6f15d5bac04b51fa3cd10b4c11dac25e?s=96&d=mm&r=g","contentUrl":"https:\/\/secure.gravatar.com\/avatar\/e3f271e90e735cdc34557ef9b92be1ad6f15d5bac04b51fa3cd10b4c11dac25e?s=96&d=mm&r=g","caption":"Roberto"},"url":"https:\/\/lacortedimarga.com\/de\/author\/roberto\/"}]}},"_links":{"self":[{"href":"https:\/\/lacortedimarga.com\/de\/wp-json\/wp\/v2\/posts\/2952","targetHints":{"allow":["GET"]}}],"collection":[{"href":"https:\/\/lacortedimarga.com\/de\/wp-json\/wp\/v2\/posts"}],"about":[{"href":"https:\/\/lacortedimarga.com\/de\/wp-json\/wp\/v2\/types\/post"}],"author":[{"embeddable":true,"href":"https:\/\/lacortedimarga.com\/de\/wp-json\/wp\/v2\/users\/3"}],"replies":[{"embeddable":true,"href":"https:\/\/lacortedimarga.com\/de\/wp-json\/wp\/v2\/comments?post=2952"}],"version-history":[{"count":1,"href":"https:\/\/lacortedimarga.com\/de\/wp-json\/wp\/v2\/posts\/2952\/revisions"}],"predecessor-version":[{"id":2953,"href":"https:\/\/lacortedimarga.com\/de\/wp-json\/wp\/v2\/posts\/2952\/revisions\/2953"}],"wp:featuredmedia":[{"embeddable":true,"href":"https:\/\/lacortedimarga.com\/de\/wp-json\/wp\/v2\/media\/2899"}],"wp:attachment":[{"href":"https:\/\/lacortedimarga.com\/de\/wp-json\/wp\/v2\/media?parent=2952"}],"wp:term":[{"taxonomy":"category","embeddable":true,"href":"https:\/\/lacortedimarga.com\/de\/wp-json\/wp\/v2\/categories?post=2952"},{"taxonomy":"post_tag","embeddable":true,"href":"https:\/\/lacortedimarga.com\/de\/wp-json\/wp\/v2\/tags?post=2952"}],"curies":[{"name":"wp","href":"https:\/\/api.w.org\/{rel}","templated":true}]}}