{"id":2954,"date":"2026-08-25T17:16:15","date_gmt":"2026-08-25T17:16:15","guid":{"rendered":"https:\/\/lacortedimarga.com\/?p=2954"},"modified":"2026-08-25T17:16:18","modified_gmt":"2026-08-25T17:16:18","slug":"almkase-aus-den-voralpen-morlacco-bastardo-moesin","status":"publish","type":"post","link":"https:\/\/lacortedimarga.com\/de\/formaggi-malga-prealpi-morlacco-bastardo-moesin\/","title":{"rendered":"Almk\u00e4se aus den Voralpen: Morlacco, Bastardo del Grappa und Moesin di Fregona"},"content":{"rendered":"<p>Il Morlacco und der Bastardo del Grappa sind die beiden DOP-K\u00e4sesorten der Almen des Monte Grappa, w\u00e4hrend der Moesin eine weniger bekannte Spezialit\u00e4t in Verbindung mit Fregona am Fu\u00dfe des Cansiglio ist: drei K\u00e4sesorten, die eine einzige Geschichte erz\u00e4hlen, n\u00e4mlich die der Almpastoralwirtschaft der Trevisaner Voralpen, derselben Bergkette, die man von den Wegen oberhalb von La Corte di Marga aus sieht.<\/p>\n\n\n\n<h3 class=\"wp-block-heading\">Morlacco del Grappa: Der K\u00e4se der balkanischen Hirten<\/h3>\n\n\n\n<p>Der Morlacco wird in Zitaten erw\u00e4hnt, die \u00fcber f\u00fcnf Jahrhunderte zur\u00fcckreichen, und ist der K\u00e4se, der die Almk\u00e4sereikunst dieses Gebiets am besten repr\u00e4sentiert. Der Name leitet sich von den Morlachen ab, fahrenden Hirten aus der Morlachie (einer Adriaregion zwischen Triest und Albanien), die zur Zeit der Republik Venedig das Grappa-Massiv erreichten und dort ihre Lager aufschlugen, wobei sie die Techniken der K\u00e4seherstellung vom Balkan mitbrachten. Der frische Morlacco hat eine wei\u00dfe Rinde, einen weichen Teig mit der charakteristischen Lochung, die als \u201cRebenauge\u201d bezeichnet wird, und reift von mindestens 15 Tagen bis zu zwei bis drei Monaten: Je j\u00fcnger er ist, desto milder schmeckt er am Gaumen.<\/p>\n\n\n\n<figure class=\"wp-block-image size-large\"><img loading=\"lazy\" decoding=\"async\" width=\"1500\" height=\"1500\" src=\"https:\/\/lacortedimarga.com\/wp-content\/uploads\/2026\/08\/morlacco-del-grappa-formaggio-tipico-tagliere.webp.webp\" alt=\"Morlacco-del-Grappa-K\u00e4se in Spalten geschnitten auf einem Holzbrett mit schwarzen Trauben\" class=\"wp-image-2908\" srcset=\"https:\/\/lacortedimarga.com\/wp-content\/uploads\/2026\/08\/morlacco-del-grappa-formaggio-tipico-tagliere.webp.webp 1500w, https:\/\/lacortedimarga.com\/wp-content\/uploads\/2026\/08\/morlacco-del-grappa-formaggio-tipico-tagliere.webp-300x300.webp 300w, https:\/\/lacortedimarga.com\/wp-content\/uploads\/2026\/08\/morlacco-del-grappa-formaggio-tipico-tagliere.webp-1024x1024.webp 1024w, https:\/\/lacortedimarga.com\/wp-content\/uploads\/2026\/08\/morlacco-del-grappa-formaggio-tipico-tagliere.webp-150x150.webp 150w, https:\/\/lacortedimarga.com\/wp-content\/uploads\/2026\/08\/morlacco-del-grappa-formaggio-tipico-tagliere.webp-768x768.webp 768w, https:\/\/lacortedimarga.com\/wp-content\/uploads\/2026\/08\/morlacco-del-grappa-formaggio-tipico-tagliere.webp-12x12.webp 12w\" sizes=\"auto, (max-width: 1500px) 100vw, 1500px\" \/><\/figure>\n\n\n\n<h3 class=\"wp-block-heading\">Bastardo del Grappa: geboren, um keine Milch zu verschwenden<\/h3>\n\n\n\n<p>Il Bastardo entstand als \u201ckalkulierter Fehler\u201d, um keine Milch zu verschwenden, wenn saisonale oder klimatische Bedingungen die Herstellung des traditionellen Morlacco nicht erlaubten: Anstatt die ungeeignete Milch wegzuwerfen, verarbeiteten die Almenhirten sie zu einem rustikaleren und kompakteren K\u00e4se. Aus einem Nebenprodukt wurde ein eigenst\u00e4ndiges Produkt, das heute ebenso gesch\u00e4tzt wird \u2013 ein perfektes Beispiel f\u00fcr die b\u00e4uerliche Logik des \u201cNichts wird verschwendet\u201d, die sich durch die gesamte K\u00fcche dieser Region zieht.<\/p>\n\n\n\n<figure class=\"wp-block-image size-large\"><img loading=\"lazy\" decoding=\"async\" width=\"967\" height=\"1500\" src=\"https:\/\/lacortedimarga.com\/wp-content\/uploads\/2026\/08\/bastardo-del-grappa-formaggio-tipico-veneto.jpg.webp\" alt=\"Ein halber Laib Bastardo del Grappa K\u00e4se mit eingepr\u00e4gtem Logo auf der Rinde\" class=\"wp-image-2909\" srcset=\"https:\/\/lacortedimarga.com\/wp-content\/uploads\/2026\/08\/bastardo-del-grappa-formaggio-tipico-veneto.jpg.webp 967w, https:\/\/lacortedimarga.com\/wp-content\/uploads\/2026\/08\/bastardo-del-grappa-formaggio-tipico-veneto.jpg-193x300.webp 193w, https:\/\/lacortedimarga.com\/wp-content\/uploads\/2026\/08\/bastardo-del-grappa-formaggio-tipico-veneto.jpg-660x1024.webp 660w, https:\/\/lacortedimarga.com\/wp-content\/uploads\/2026\/08\/bastardo-del-grappa-formaggio-tipico-veneto.jpg-768x1191.webp 768w, https:\/\/lacortedimarga.com\/wp-content\/uploads\/2026\/08\/bastardo-del-grappa-formaggio-tipico-veneto.jpg-8x12.webp 8w\" sizes=\"auto, (max-width: 967px) 100vw, 967px\" \/><\/figure>\n\n\n\n<h3 class=\"wp-block-heading\">Moesin aus Fregona: die unbekannteste Spezialit\u00e4t<\/h3>\n\n\n\n<p>Au\u00dferhalb seines Herkunftsgebiets wenig verbreitet, ist der Moesin ein typischer K\u00e4se aus Fregona am Fu\u00dfe des Cansiglio \u2013 ein Nischenprodukt, das f\u00fcr Besucher der Hochfl\u00e4che gesucht werden sollte, vielleicht in Kombination mit einer genussvollen Einkehr w\u00e4hrend einer Wanderung auf dem Cansiglio.<\/p>\n\n\n\n<figure class=\"wp-block-image size-large\"><img loading=\"lazy\" decoding=\"async\" width=\"1500\" height=\"1348\" src=\"https:\/\/lacortedimarga.com\/wp-content\/uploads\/2026\/08\/moesin-di-fregona-formaggio-tipico-cansiglio.jpg-1.webp\" alt=\"Ganze Form und Scheiben Moesin-K\u00e4se aus Fregona auf einem Holzbrett mit einer Birne\" class=\"wp-image-2911\" srcset=\"https:\/\/lacortedimarga.com\/wp-content\/uploads\/2026\/08\/moesin-di-fregona-formaggio-tipico-cansiglio.jpg-1.webp 1500w, https:\/\/lacortedimarga.com\/wp-content\/uploads\/2026\/08\/moesin-di-fregona-formaggio-tipico-cansiglio.jpg-1-300x270.webp 300w, https:\/\/lacortedimarga.com\/wp-content\/uploads\/2026\/08\/moesin-di-fregona-formaggio-tipico-cansiglio.jpg-1-1024x920.webp 1024w, https:\/\/lacortedimarga.com\/wp-content\/uploads\/2026\/08\/moesin-di-fregona-formaggio-tipico-cansiglio.jpg-1-768x690.webp 768w, https:\/\/lacortedimarga.com\/wp-content\/uploads\/2026\/08\/moesin-di-fregona-formaggio-tipico-cansiglio.jpg-1-13x12.webp 13w\" sizes=\"auto, (max-width: 1500px) 100vw, 1500px\" \/><\/figure>\n\n\n\n<h3 class=\"wp-block-heading\">Die echten Almen, nur einen Schritt von Miane entfernt<\/h3>\n\n\n\n<p>Das Sch\u00f6ne daran, diese K\u00e4sesorten von La Corte di Marga zu erz\u00e4hlen, ist, dass die Almh\u00fctten keine postkartenhafte Abstraktion sind: Sie sind zu Fu\u00df erreichbar, fast direkt von zu Hause aus. Unsere <a href=\"https:\/\/lacortedimarga.com\/de\/almenwanderung-rifugio-posa-puner-miane\/\">Almencircelweg ab der H\u00fctte Rifugio Posa Puner<\/a> f\u00fchrt genau durch diese Art von Almen auf dem Kamm des Monte Cesen, in derselben Gemeinde Miane \u2013 eine Route, die es erm\u00f6glicht, die Umgebung, in der dieser K\u00e4se noch heute entsteht, aus der N\u00e4he zu betrachten, bevor oder nachdem man ihn auf einer K\u00e4seplatte in der Unterkunft probiert hat.<\/p>\n\n\n\n<h3 class=\"wp-block-heading\">Rezepte und Sommelier-Weinempfehlungen mit Weinen der Marca Trevigiana<\/h3>\n\n\n\n<p>Der Teller: Frischer, junger Morlacco mit seiner charakteristischen \u201cRebhaugen\u201d-Lochung.<br>Die Kombination: <a href=\"https:\/\/lacortedimarga.com\/de\/wein-bronner-piwi-rezension-sommelier\/\">Bronner PIWI Giol<\/a>. Ein mineralischer und salziger Wei\u00dfwein mit guter S\u00e4ure: Genau diese s\u00e4urebetonte Frische dieser pilzwiderstandsf\u00e4higen Rebsorte (PIWI) reinigt den Gaumen von der Geschmeidigkeit des noch jungen Morlacco-Teigs, ohne dessen zarte milchige Noten zu \u00fcberdecken \u2013 eine Kombination, die die Leichtigkeit des frisch gereiften K\u00e4ses zur Geltung bringt.<\/p>\n\n\n\n<p>Das Gericht: L\u00e4nger gereifter Bastardo del Grappa mit rustikaler und strukturierter Textur.<br>Die Kombination: <a href=\"https:\/\/lacortedimarga.com\/de\/wildbacher-collalto-vino-rosso-sommelier-bewertung\/\">Wildbacher Collalto<\/a>. Ein tanninreicher Rotwein mit Noten von Waldfr\u00fcchten, Pfeffer und balsamischen Nuancen \u2013 das Verkostungsnotiz empfiehlt ihn ausdr\u00fccklich zu \u201cgereiften Almk\u00e4sen wie dem Piave Vecchio oder dem Asiago Stravecchio\u201d: Die Tanninstruktur des Wein h\u00e4lt der Salzigkeit und der festeren Konsistenz des Bastardo m\u00fchelos stand, in einer Paarung von Charakter trifft auf Charakter.<\/p>\n\n\n\n<p>Das Gericht: Moesin di Fregona, rustikaler Almk\u00e4se aus dem Cansiglio.<br>Die Kombination: <a href=\"https:\/\/lacortedimarga.com\/de\/das-geheimnis-der-ufer-laristokratie-des-prosecco-superiore-docg\/\">Prosecco delle Rive di Miane, Methode \u201cCol Fondo\u201d<\/a>. Die f\u00fcr diese ancestralische Methode typischen Brotnoten und die kr\u00e4ftigere Struktur im Vergleich zu einem klassischen Prosecco harmonieren mit dem rustikalen Charakter des Moesin \u2013 eine Kombination, die im selben geografischen Raum des K\u00e4ses bleibt, zwischen den Rive di Miane und dem nahegelegenen Cansiglio-Plateau.<\/p>\n\n\n\n<h3 class=\"wp-block-heading\">Wie man sie probiert<\/h3>\n\n\n\n<p>Der authentischste Weg bleibt, sie direkt w\u00e4hrend einer Wanderung in den Almen (Malga) zu suchen (viele verkaufen selbstproduzierten Frischk\u00e4se), oder sie als Teil der auf Anfrage erh\u00e4ltlichen lokalen K\u00e4seplatte im La Corte di Marga zu bestellen \u2013 eine gute M\u00f6glichkeit, mehrere Sorten zu probieren, ohne bis in die H\u00f6he steigen zu m\u00fcssen, f\u00fcr diejenigen, die lieber im Tal bleiben.<\/p>\n\n\n\n<h2 class=\"wp-block-heading\">H\u00e4ufig gestellte Fragen<\/h2>\n\n\n\n<h3 class=\"wp-block-heading\">Was unterscheidet den Morlacco vom Bastardo del Grappa?<\/h3>\n\n\n\n<p>Il Morlacco ist der \u201cedle\u201d Almk\u00e4se mit charakteristischer Lochung und kurzer Reifezeit; der Bastardo entstand als rustikalere Variante, kreiert, um Milch nicht zu verschwenden, wenn die Bedingungen die Herstellung des klassischen Morlacco nicht erlaubten. Beide sind typische g.U.-K\u00e4sesorten aus Venetien vom Grappa-Massiv.<\/p>\n\n\n\n<h3 class=\"wp-block-heading\">Kann ich von La Corte di Marga aus eine echte Alm zu Fu\u00df erreichen?<\/h3>\n\n\n\n<p>Ja: Unsere Route \u201cGiro delle Malghe da Rifugio Posa Puner\u201d liegt weiterhin in der Gemeinde Miane auf dem Kamm des Monte Cesen und ist der direkteste Weg, um den tats\u00e4chlichen Kontext zu sehen, in dem diese K\u00e4sesorten entstehen.<\/p>\n\n\n\n<h3 class=\"wp-block-heading\">Wo finde ich den Moesin von Fregona?<\/h3>\n\n\n\n<p>Es handelt sich um eine lokale Spezialit\u00e4t, die mit dem Cansiglio-Gebiet verbunden ist: Sie ist in den Gesch\u00e4ften und Gastst\u00e4tten der Gegend von Fregona leichter zu finden als im Gro\u00dfhandel \u2013 sie ist einen Stopp wert, wenn man einen Ausflug auf die Hochebene plant.<\/p>\n\n\n\n<p><a href=\"https:\/\/lacortedimarga.bookpage.io\">Buchen Sie Ihren Aufenthalt <\/a>a <a href=\"https:\/\/lacortedimarga.com\/de\/\">Der Hof von Marga <\/a>und wandern Sie von Miane aus direkt zu den Almen des Monte Cesen.<\/p>","protected":false},"excerpt":{"rendered":"<p>Il Morlacco e il Bastardo del Grappa sono i due formaggi DOP delle malghe del Monte Grappa, mentre il Moesin \u00e8 una specialit\u00e0 meno nota legata a Fregona, ai piedi del Cansiglio: tre formaggi che raccontano un&#8217;unica storia, quella della pastorizia d&#8217;alpeggio delle Prealpi trevigiane, la stessa catena montuosa che si vede dai sentieri sopra [&hellip;]<\/p>\n","protected":false},"author":3,"featured_media":2526,"comment_status":"closed","ping_status":"open","sticky":false,"template":"","format":"standard","meta":{"_breakdance_hide_in_design_set":false,"_breakdance_tags":"","footnotes":""},"categories":[6,13],"tags":[295,229,290,291,230,293,231,294,232],"class_list":["post-2954","post","type-post","status-publish","format-standard","has-post-thumbnail","hentry","category-gusto-tradizione-leccellenza-enogastronomica","category-vino-e-gastronomia","tag-formaggidimalga","tag-lacortedimarga-2","tag-lacortedimargablog-2","tag-marcatrevigiana-2","tag-proseccohillsholidays-3","tag-ricettetradizionalivenete-2","tag-robertolarosahost-2","tag-robertolarosasommelier-2","tag-unescoheritage-2"],"yoast_head":"<!-- This site is optimized with the Yoast SEO plugin v28.2 - https:\/\/yoast.com\/product\/yoast-seo-wordpress\/ -->\n<title>Formaggi di malga del Grappa: Morlacco e Bastardo<\/title>\n<meta name=\"description\" content=\"Morlacco DOP, Bastardo del Grappa e Moesin di Fregona: i formaggi di malga delle Prealpi trevigiane, a un passo dai sentieri sopra Miane.\" \/>\n<meta name=\"robots\" content=\"index, follow, max-snippet:-1, max-image-preview:large, max-video-preview:-1\" \/>\n<link rel=\"canonical\" href=\"https:\/\/lacortedimarga.com\/de\/almkase-aus-den-voralpen-morlacco-bastardo-moesin\/\" \/>\n<meta property=\"og:locale\" content=\"de_DE\" \/>\n<meta property=\"og:type\" content=\"article\" \/>\n<meta property=\"og:title\" content=\"Formaggi di malga del Grappa: Morlacco e Bastardo\" \/>\n<meta property=\"og:description\" content=\"Morlacco DOP, Bastardo del Grappa e Moesin di Fregona: i formaggi di malga delle Prealpi trevigiane, a un passo dai sentieri sopra Miane.\" \/>\n<meta property=\"og:url\" content=\"https:\/\/lacortedimarga.com\/de\/almkase-aus-den-voralpen-morlacco-bastardo-moesin\/\" \/>\n<meta property=\"og:site_name\" content=\"La Corte di Marga\" \/>\n<meta property=\"article:publisher\" content=\"https:\/\/www.facebook.com\/lacortedimarga\" \/>\n<meta property=\"article:published_time\" content=\"2026-08-25T17:16:15+00:00\" \/>\n<meta property=\"article:modified_time\" content=\"2026-08-25T17:16:18+00:00\" \/>\n<meta property=\"og:image\" content=\"https:\/\/lacortedimarga.com\/wp-content\/uploads\/2026\/04\/La_Corte_di_Marga_cosa_fare_giro_delle_malghe.webp\" \/>\n\t<meta property=\"og:image:width\" content=\"1500\" \/>\n\t<meta property=\"og:image:height\" content=\"818\" \/>\n\t<meta property=\"og:image:type\" content=\"image\/webp\" \/>\n<meta name=\"author\" content=\"Roberto\" \/>\n<meta name=\"twitter:card\" content=\"summary_large_image\" \/>\n<meta name=\"twitter:label1\" content=\"Verfasst von\" \/>\n\t<meta name=\"twitter:data1\" content=\"Roberto\" \/>\n\t<meta name=\"twitter:label2\" content=\"Gesch\u00e4tzte Lesezeit\" \/>\n\t<meta name=\"twitter:data2\" content=\"6\u00a0Minuten\" \/>\n<script type=\"application\/ld+json\" class=\"yoast-schema-graph\">{\"@context\":\"https:\\\/\\\/schema.org\",\"@graph\":[{\"@type\":\"Article\",\"@id\":\"https:\\\/\\\/lacortedimarga.com\\\/formaggi-malga-prealpi-morlacco-bastardo-moesin\\\/#article\",\"isPartOf\":{\"@id\":\"https:\\\/\\\/lacortedimarga.com\\\/formaggi-malga-prealpi-morlacco-bastardo-moesin\\\/\"},\"author\":{\"name\":\"Roberto\",\"@id\":\"https:\\\/\\\/lacortedimarga.com\\\/#\\\/schema\\\/person\\\/35b8aa132ce672c39a5ece2e9b43b967\"},\"headline\":\"Formaggi di malga delle Prealpi: Morlacco, Bastardo del Grappa e Moesin di Fregona\",\"datePublished\":\"2026-08-25T17:16:15+00:00\",\"dateModified\":\"2026-08-25T17:16:18+00:00\",\"mainEntityOfPage\":{\"@id\":\"https:\\\/\\\/lacortedimarga.com\\\/formaggi-malga-prealpi-morlacco-bastardo-moesin\\\/\"},\"wordCount\":840,\"publisher\":{\"@id\":\"https:\\\/\\\/lacortedimarga.com\\\/#organization\"},\"image\":{\"@id\":\"https:\\\/\\\/lacortedimarga.com\\\/formaggi-malga-prealpi-morlacco-bastardo-moesin\\\/#primaryimage\"},\"thumbnailUrl\":\"https:\\\/\\\/lacortedimarga.com\\\/wp-content\\\/uploads\\\/2026\\\/04\\\/La_Corte_di_Marga_cosa_fare_giro_delle_malghe.webp\",\"keywords\":[\"FormaggiDiMalga\",\"LaCorteDiMarga\",\"LaCorteDiMargaBlog\",\"MarcaTrevigiana\",\"ProseccoHillsHolidays\",\"RicetteTradizionaliVenete\",\"RobertoLaRosaHost\",\"RobertoLaRosaSommelier\",\"UNESCOHeritage\"],\"articleSection\":[\"Gusto &amp; Tradizione: L'Eccellenza Enogastronomica\",\"Vino e Gastronomia\"],\"inLanguage\":\"de\"},{\"@type\":\"WebPage\",\"@id\":\"https:\\\/\\\/lacortedimarga.com\\\/formaggi-malga-prealpi-morlacco-bastardo-moesin\\\/\",\"url\":\"https:\\\/\\\/lacortedimarga.com\\\/formaggi-malga-prealpi-morlacco-bastardo-moesin\\\/\",\"name\":\"Formaggi di malga del Grappa: Morlacco e Bastardo\",\"isPartOf\":{\"@id\":\"https:\\\/\\\/lacortedimarga.com\\\/#website\"},\"primaryImageOfPage\":{\"@id\":\"https:\\\/\\\/lacortedimarga.com\\\/formaggi-malga-prealpi-morlacco-bastardo-moesin\\\/#primaryimage\"},\"image\":{\"@id\":\"https:\\\/\\\/lacortedimarga.com\\\/formaggi-malga-prealpi-morlacco-bastardo-moesin\\\/#primaryimage\"},\"thumbnailUrl\":\"https:\\\/\\\/lacortedimarga.com\\\/wp-content\\\/uploads\\\/2026\\\/04\\\/La_Corte_di_Marga_cosa_fare_giro_delle_malghe.webp\",\"datePublished\":\"2026-08-25T17:16:15+00:00\",\"dateModified\":\"2026-08-25T17:16:18+00:00\",\"description\":\"Morlacco DOP, Bastardo del Grappa e Moesin di Fregona: i formaggi di malga delle Prealpi trevigiane, a un passo dai sentieri sopra Miane.\",\"breadcrumb\":{\"@id\":\"https:\\\/\\\/lacortedimarga.com\\\/formaggi-malga-prealpi-morlacco-bastardo-moesin\\\/#breadcrumb\"},\"inLanguage\":\"de\",\"potentialAction\":[{\"@type\":\"ReadAction\",\"target\":[\"https:\\\/\\\/lacortedimarga.com\\\/formaggi-malga-prealpi-morlacco-bastardo-moesin\\\/\"]}]},{\"@type\":\"ImageObject\",\"inLanguage\":\"de\",\"@id\":\"https:\\\/\\\/lacortedimarga.com\\\/formaggi-malga-prealpi-morlacco-bastardo-moesin\\\/#primaryimage\",\"url\":\"https:\\\/\\\/lacortedimarga.com\\\/wp-content\\\/uploads\\\/2026\\\/04\\\/La_Corte_di_Marga_cosa_fare_giro_delle_malghe.webp\",\"contentUrl\":\"https:\\\/\\\/lacortedimarga.com\\\/wp-content\\\/uploads\\\/2026\\\/04\\\/La_Corte_di_Marga_cosa_fare_giro_delle_malghe.webp\",\"width\":1500,\"height\":818,\"caption\":\"Vivere l'emozione dell'alta quota: escursionisti lungo l'anello delle malghe di Miane.\"},{\"@type\":\"BreadcrumbList\",\"@id\":\"https:\\\/\\\/lacortedimarga.com\\\/formaggi-malga-prealpi-morlacco-bastardo-moesin\\\/#breadcrumb\",\"itemListElement\":[{\"@type\":\"ListItem\",\"position\":1,\"name\":\"Home\",\"item\":\"https:\\\/\\\/lacortedimarga.com\\\/\"},{\"@type\":\"ListItem\",\"position\":2,\"name\":\"Formaggi di malga delle Prealpi: Morlacco, Bastardo del Grappa e Moesin di Fregona\"}]},{\"@type\":\"WebSite\",\"@id\":\"https:\\\/\\\/lacortedimarga.com\\\/#website\",\"url\":\"https:\\\/\\\/lacortedimarga.com\\\/\",\"name\":\"La Corte di Marga\",\"description\":\"Prosecco Hills Holidays\",\"publisher\":{\"@id\":\"https:\\\/\\\/lacortedimarga.com\\\/#organization\"},\"potentialAction\":[{\"@type\":\"SearchAction\",\"target\":{\"@type\":\"EntryPoint\",\"urlTemplate\":\"https:\\\/\\\/lacortedimarga.com\\\/?s={search_term_string}\"},\"query-input\":{\"@type\":\"PropertyValueSpecification\",\"valueRequired\":true,\"valueName\":\"search_term_string\"}}],\"inLanguage\":\"de\"},{\"@type\":\"Organization\",\"@id\":\"https:\\\/\\\/lacortedimarga.com\\\/#organization\",\"name\":\"La Corte di Marga\",\"url\":\"https:\\\/\\\/lacortedimarga.com\\\/\",\"logo\":{\"@type\":\"ImageObject\",\"inLanguage\":\"de\",\"@id\":\"https:\\\/\\\/lacortedimarga.com\\\/#\\\/schema\\\/logo\\\/image\\\/\",\"url\":\"https:\\\/\\\/lacortedimarga.com\\\/wp-content\\\/uploads\\\/2025\\\/06\\\/logo-corti-di-marga.webp\",\"contentUrl\":\"https:\\\/\\\/lacortedimarga.com\\\/wp-content\\\/uploads\\\/2025\\\/06\\\/logo-corti-di-marga.webp\",\"width\":955,\"height\":529,\"caption\":\"La Corte di Marga\"},\"image\":{\"@id\":\"https:\\\/\\\/lacortedimarga.com\\\/#\\\/schema\\\/logo\\\/image\\\/\"},\"sameAs\":[\"https:\\\/\\\/www.facebook.com\\\/lacortedimarga\",\"https:\\\/\\\/www.instagram.com\\\/la_corte_di_marga\\\/\",\"https:\\\/\\\/www.tiktok.com\\\/@lacortedimarga\",\"https:\\\/\\\/www.youtube.com\\\/@lacortedimargaofficial\",\"https:\\\/\\\/www.linkedin.com\\\/company\\\/la-corte-di-marga-prosecco-hills-holiday\"]},{\"@type\":\"Person\",\"@id\":\"https:\\\/\\\/lacortedimarga.com\\\/#\\\/schema\\\/person\\\/35b8aa132ce672c39a5ece2e9b43b967\",\"name\":\"Roberto\",\"image\":{\"@type\":\"ImageObject\",\"inLanguage\":\"de\",\"@id\":\"https:\\\/\\\/secure.gravatar.com\\\/avatar\\\/e3f271e90e735cdc34557ef9b92be1ad6f15d5bac04b51fa3cd10b4c11dac25e?s=96&d=mm&r=g\",\"url\":\"https:\\\/\\\/secure.gravatar.com\\\/avatar\\\/e3f271e90e735cdc34557ef9b92be1ad6f15d5bac04b51fa3cd10b4c11dac25e?s=96&d=mm&r=g\",\"contentUrl\":\"https:\\\/\\\/secure.gravatar.com\\\/avatar\\\/e3f271e90e735cdc34557ef9b92be1ad6f15d5bac04b51fa3cd10b4c11dac25e?s=96&d=mm&r=g\",\"caption\":\"Roberto\"},\"url\":\"https:\\\/\\\/lacortedimarga.com\\\/de\\\/author\\\/roberto\\\/\"}]}<\/script>\n<!-- \/ Yoast SEO plugin. -->","yoast_head_json":{"title":"Almk\u00e4se vom Monte Grappa: Morlacco und Bastardo","description":"Morlacco DOP, Bastardo del Grappa und Moesin di Fregona: die Almk\u00e4se der Trevisaner Voralpen, nur wenige Schritte von den Wanderwegen oberhalb von Miane entfernt.","robots":{"index":"index","follow":"follow","max-snippet":"max-snippet:-1","max-image-preview":"max-image-preview:large","max-video-preview":"max-video-preview:-1"},"canonical":"https:\/\/lacortedimarga.com\/de\/almkase-aus-den-voralpen-morlacco-bastardo-moesin\/","og_locale":"de_DE","og_type":"article","og_title":"Formaggi di malga del Grappa: Morlacco e Bastardo","og_description":"Morlacco DOP, Bastardo del Grappa e Moesin di Fregona: i formaggi di malga delle Prealpi trevigiane, a un passo dai sentieri sopra Miane.","og_url":"https:\/\/lacortedimarga.com\/de\/almkase-aus-den-voralpen-morlacco-bastardo-moesin\/","og_site_name":"La Corte di Marga","article_publisher":"https:\/\/www.facebook.com\/lacortedimarga","article_published_time":"2026-08-25T17:16:15+00:00","article_modified_time":"2026-08-25T17:16:18+00:00","og_image":[{"width":1500,"height":818,"url":"https:\/\/lacortedimarga.com\/wp-content\/uploads\/2026\/04\/La_Corte_di_Marga_cosa_fare_giro_delle_malghe.webp","type":"image\/webp"}],"author":"Roberto","twitter_card":"summary_large_image","twitter_misc":{"Verfasst von":"Roberto","Gesch\u00e4tzte Lesezeit":"6\u00a0Minuten"},"schema":{"@context":"https:\/\/schema.org","@graph":[{"@type":"Article","@id":"https:\/\/lacortedimarga.com\/formaggi-malga-prealpi-morlacco-bastardo-moesin\/#article","isPartOf":{"@id":"https:\/\/lacortedimarga.com\/formaggi-malga-prealpi-morlacco-bastardo-moesin\/"},"author":{"name":"Roberto","@id":"https:\/\/lacortedimarga.com\/#\/schema\/person\/35b8aa132ce672c39a5ece2e9b43b967"},"headline":"Formaggi di malga delle Prealpi: Morlacco, Bastardo del Grappa e Moesin di Fregona","datePublished":"2026-08-25T17:16:15+00:00","dateModified":"2026-08-25T17:16:18+00:00","mainEntityOfPage":{"@id":"https:\/\/lacortedimarga.com\/formaggi-malga-prealpi-morlacco-bastardo-moesin\/"},"wordCount":840,"publisher":{"@id":"https:\/\/lacortedimarga.com\/#organization"},"image":{"@id":"https:\/\/lacortedimarga.com\/formaggi-malga-prealpi-morlacco-bastardo-moesin\/#primaryimage"},"thumbnailUrl":"https:\/\/lacortedimarga.com\/wp-content\/uploads\/2026\/04\/La_Corte_di_Marga_cosa_fare_giro_delle_malghe.webp","keywords":["FormaggiDiMalga","LaCorteDiMarga","LaCorteDiMargaBlog","MarcaTrevigiana","ProseccoHillsHolidays","RicetteTradizionaliVenete","RobertoLaRosaHost","RobertoLaRosaSommelier","UNESCOHeritage"],"articleSection":["Gusto &amp; Tradizione: L'Eccellenza Enogastronomica","Vino e Gastronomia"],"inLanguage":"de"},{"@type":"WebPage","@id":"https:\/\/lacortedimarga.com\/formaggi-malga-prealpi-morlacco-bastardo-moesin\/","url":"https:\/\/lacortedimarga.com\/formaggi-malga-prealpi-morlacco-bastardo-moesin\/","name":"Almk\u00e4se vom Monte Grappa: Morlacco und Bastardo","isPartOf":{"@id":"https:\/\/lacortedimarga.com\/#website"},"primaryImageOfPage":{"@id":"https:\/\/lacortedimarga.com\/formaggi-malga-prealpi-morlacco-bastardo-moesin\/#primaryimage"},"image":{"@id":"https:\/\/lacortedimarga.com\/formaggi-malga-prealpi-morlacco-bastardo-moesin\/#primaryimage"},"thumbnailUrl":"https:\/\/lacortedimarga.com\/wp-content\/uploads\/2026\/04\/La_Corte_di_Marga_cosa_fare_giro_delle_malghe.webp","datePublished":"2026-08-25T17:16:15+00:00","dateModified":"2026-08-25T17:16:18+00:00","description":"Morlacco DOP, Bastardo del Grappa und Moesin di Fregona: die Almk\u00e4se der Trevisaner Voralpen, nur wenige Schritte von den Wanderwegen oberhalb von Miane entfernt.","breadcrumb":{"@id":"https:\/\/lacortedimarga.com\/formaggi-malga-prealpi-morlacco-bastardo-moesin\/#breadcrumb"},"inLanguage":"de","potentialAction":[{"@type":"ReadAction","target":["https:\/\/lacortedimarga.com\/formaggi-malga-prealpi-morlacco-bastardo-moesin\/"]}]},{"@type":"ImageObject","inLanguage":"de","@id":"https:\/\/lacortedimarga.com\/formaggi-malga-prealpi-morlacco-bastardo-moesin\/#primaryimage","url":"https:\/\/lacortedimarga.com\/wp-content\/uploads\/2026\/04\/La_Corte_di_Marga_cosa_fare_giro_delle_malghe.webp","contentUrl":"https:\/\/lacortedimarga.com\/wp-content\/uploads\/2026\/04\/La_Corte_di_Marga_cosa_fare_giro_delle_malghe.webp","width":1500,"height":818,"caption":"Vivere l'emozione dell'alta quota: escursionisti lungo l'anello delle malghe di Miane."},{"@type":"BreadcrumbList","@id":"https:\/\/lacortedimarga.com\/formaggi-malga-prealpi-morlacco-bastardo-moesin\/#breadcrumb","itemListElement":[{"@type":"ListItem","position":1,"name":"Home","item":"https:\/\/lacortedimarga.com\/"},{"@type":"ListItem","position":2,"name":"Formaggi di malga delle Prealpi: Morlacco, Bastardo del Grappa e Moesin di Fregona"}]},{"@type":"WebSite","@id":"https:\/\/lacortedimarga.com\/#website","url":"https:\/\/lacortedimarga.com\/","name":"Der Hof von Marga","description":"Prosecco Hills Ferien","publisher":{"@id":"https:\/\/lacortedimarga.com\/#organization"},"potentialAction":[{"@type":"SearchAction","target":{"@type":"EntryPoint","urlTemplate":"https:\/\/lacortedimarga.com\/?s={search_term_string}"},"query-input":{"@type":"PropertyValueSpecification","valueRequired":true,"valueName":"search_term_string"}}],"inLanguage":"de"},{"@type":"Organization","@id":"https:\/\/lacortedimarga.com\/#organization","name":"Der Hof von Marga","url":"https:\/\/lacortedimarga.com\/","logo":{"@type":"ImageObject","inLanguage":"de","@id":"https:\/\/lacortedimarga.com\/#\/schema\/logo\/image\/","url":"https:\/\/lacortedimarga.com\/wp-content\/uploads\/2025\/06\/logo-corti-di-marga.webp","contentUrl":"https:\/\/lacortedimarga.com\/wp-content\/uploads\/2025\/06\/logo-corti-di-marga.webp","width":955,"height":529,"caption":"La Corte di Marga"},"image":{"@id":"https:\/\/lacortedimarga.com\/#\/schema\/logo\/image\/"},"sameAs":["https:\/\/www.facebook.com\/lacortedimarga","https:\/\/www.instagram.com\/la_corte_di_marga\/","https:\/\/www.tiktok.com\/@lacortedimarga","https:\/\/www.youtube.com\/@lacortedimargaofficial","https:\/\/www.linkedin.com\/company\/la-corte-di-marga-prosecco-hills-holiday"]},{"@type":"Person","@id":"https:\/\/lacortedimarga.com\/#\/schema\/person\/35b8aa132ce672c39a5ece2e9b43b967","name":"Roberto","image":{"@type":"ImageObject","inLanguage":"de","@id":"https:\/\/secure.gravatar.com\/avatar\/e3f271e90e735cdc34557ef9b92be1ad6f15d5bac04b51fa3cd10b4c11dac25e?s=96&d=mm&r=g","url":"https:\/\/secure.gravatar.com\/avatar\/e3f271e90e735cdc34557ef9b92be1ad6f15d5bac04b51fa3cd10b4c11dac25e?s=96&d=mm&r=g","contentUrl":"https:\/\/secure.gravatar.com\/avatar\/e3f271e90e735cdc34557ef9b92be1ad6f15d5bac04b51fa3cd10b4c11dac25e?s=96&d=mm&r=g","caption":"Roberto"},"url":"https:\/\/lacortedimarga.com\/de\/author\/roberto\/"}]}},"_links":{"self":[{"href":"https:\/\/lacortedimarga.com\/de\/wp-json\/wp\/v2\/posts\/2954","targetHints":{"allow":["GET"]}}],"collection":[{"href":"https:\/\/lacortedimarga.com\/de\/wp-json\/wp\/v2\/posts"}],"about":[{"href":"https:\/\/lacortedimarga.com\/de\/wp-json\/wp\/v2\/types\/post"}],"author":[{"embeddable":true,"href":"https:\/\/lacortedimarga.com\/de\/wp-json\/wp\/v2\/users\/3"}],"replies":[{"embeddable":true,"href":"https:\/\/lacortedimarga.com\/de\/wp-json\/wp\/v2\/comments?post=2954"}],"version-history":[{"count":1,"href":"https:\/\/lacortedimarga.com\/de\/wp-json\/wp\/v2\/posts\/2954\/revisions"}],"predecessor-version":[{"id":2955,"href":"https:\/\/lacortedimarga.com\/de\/wp-json\/wp\/v2\/posts\/2954\/revisions\/2955"}],"wp:featuredmedia":[{"embeddable":true,"href":"https:\/\/lacortedimarga.com\/de\/wp-json\/wp\/v2\/media\/2526"}],"wp:attachment":[{"href":"https:\/\/lacortedimarga.com\/de\/wp-json\/wp\/v2\/media?parent=2954"}],"wp:term":[{"taxonomy":"category","embeddable":true,"href":"https:\/\/lacortedimarga.com\/de\/wp-json\/wp\/v2\/categories?post=2954"},{"taxonomy":"post_tag","embeddable":true,"href":"https:\/\/lacortedimarga.com\/de\/wp-json\/wp\/v2\/tags?post=2954"}],"curies":[{"name":"wp","href":"https:\/\/api.w.org\/{rel}","templated":true}]}}