{"id":3056,"date":"2026-09-03T06:08:39","date_gmt":"2026-09-03T06:08:39","guid":{"rendered":"https:\/\/lacortedimarga.com\/?p=3056"},"modified":"2026-09-03T07:37:16","modified_gmt":"2026-09-03T07:37:16","slug":"kiwi-aus-der-pedemontana-von-treviso","status":"publish","type":"post","link":"https:\/\/lacortedimarga.com\/de\/kiwi-di-treviso-pedemontana\/","title":{"rendered":"Kiwi aus Treviso: Die Herbstfrucht, die auch in unserem Garten w\u00e4chst"},"content":{"rendered":"<p>Die H\u00fcgel des Prosecco von Conegliano und Valdobbiadene, seit 2019 UNESCO-Weltkulturerbe, sind ein Land der Weinberge \u2014 aber auch der Obstg\u00e4rten. Das <strong>Kiwi aus Treviso<\/strong> Es ist ein traditionelles Agrarerzeugnis (PAT) der Fu\u00dfzone von Treviso, keine g.g.A.-Marke wie der benachbarte wei\u00dfe Spargel von Cimadolmo, aber deshalb nicht weniger verwurzelt: Wir bei La Corte di Marga wissen das genau, denn wir bauen ihn selbst an, inmitten der Obstb\u00e4ume unseres Gartens.<\/p>\n\n\n\n<p>Wie ist eine urspr\u00fcnglich aus China stammende Frucht zu einer f\u00fcr die Mark Treviso identit\u00e4tsstiftenden Kulturpflanze geworden?<\/p>\n\n\n\n<h2 class=\"wp-block-heading\">Eine Frucht aus China, die am Fu\u00dfe der Berge heimisch geworden ist<\/h2>\n\n\n\n<p>Die Kiwi ist eine urspr\u00fcnglich aus China stammende Frucht, die im Westen seit Mitte des 19. Jahrhunderts durch Reisen in den Orient bekannt ist. Ihr Anbau in der Provinz Treviso ist jedoch viel j\u00fcnger: Er geht auf die Zeit vor \u00fcber 25 Jahren zur\u00fcck, als sie aus Neuseeland auf das Landgut \u00abLe Vette\u00bb des Grafen von Collalto eingef\u00fchrt wurde. Seit dieser ersten Veredelung hat die Region am Fu\u00dfe der Trevisaner Alpen eine besondere Eignung f\u00fcr diese Kulturpflanze entwickelt und z\u00e4hlt heute \u00fcber 300 Hektar Anbaufl\u00e4che und rund 370 Landwirtschaftsbetriebe in der gesamten Provinz Treviso, wobei das Qualit\u00e4tsniveau zu den h\u00f6chsten der Region geh\u00f6rt.<\/p>\n\n\n\n<h2 class=\"wp-block-heading\">Was den Kiwi aus der Region am Fu\u00dfe der Trevisaner Voralpen auszeichnet<\/h2>\n\n\n\n<p>Die Fr\u00fcchte sind oval-ellipsoidale Beeren mit einem Durchschnittsgewicht von etwa 75 Gramm, einem gr\u00fcnen Fruchtfleisch und kleinen schwarzen Samen in der Mitte. Was sie von einer gew\u00f6hnlichen Supermarkt-Kiwi unterscheidbar macht, ist die Kombination aus drei f\u00fcr das Voralpenland typischen Merkmalen: einer \u00abblonderen\u00bb F\u00e4rbung des Fruchtfleisches, dem Fehlen des faserigen Mittelstrunkfs und einem besonders ausgewogenen Zucker-S\u00e4ure-Verh\u00e4ltnis, das der Frucht eine unverwechselbare Geschmackstiefe verleiht.<\/p>\n\n\n\n<h2 class=\"wp-block-heading\">Auch wir in La Corte di Marga bauen unsere eigenen Kiwis an<\/h2>\n\n\n\n<p>Im Garten der Anlage, zwischen Feigen-, Apfel-, Haselnuss- und Birnbaum, w\u00e4chst auch unsere Kiwi \u2013 ein kleiner, direkter Vorgeschmack auf diese Berufung des Gebiets, f\u00fcr die G\u00e4ste im Herbst w\u00e4hrend der Erntezeit buchst\u00e4blich zum Greifen nah. Man muss nicht weit gehen, um zu sehen, woher eine der symboltr\u00e4chtigen Fr\u00fcchte des Trevisaner Voralpenlandes stammt.<\/p>\n\n\n\n<h2 class=\"wp-block-heading\">Rezepte und Sommelier-Weinempfehlungen mit Weinen der Marca Trevigiana<\/h2>\n\n\n\n<h3 class=\"wp-block-heading\">Kiwi mit G\u00e4nseschinken und ger\u00e4ucherter Forelle<\/h3>\n\n\n\n<p><strong>Das Gericht:<\/strong> Eine Vorspeise der lokalen Tradition, weniger allt\u00e4glich als es scheint \u2013 die S\u00e4ure der Kiwi gleicht die Salzigkeit und R\u00e4ucherung des G\u00e4nseschirms und der Forelle aus.<\/p>\n\n\n\n<p><strong>Die Kombination:<\/strong> <a href=\"https:\/\/lacortedimarga.com\/de\/das-weingut-marga-weinverkostung-lernen\/\">Conegliano Valdobbiadene Prosecco Superiore DOCG<\/a> Extra Dry. Die weiche Rests\u00fc\u00dfe mildert die Rauchnote, w\u00e4hrend die feine Perlage den Gaumen zwischen den Bissen erfrischt.<\/p>\n\n\n\n<h3 class=\"wp-block-heading\">Kiwi-Garten-Salat mit N\u00fcssen und lokalem Honig<\/h3>\n\n\n\n<p><strong>Das Gericht:<\/strong> Kiwi mit Sahne, N\u00fcssen und einem Schluck Honig \u2013 frisch, leicht s\u00fc\u00df, mit der Knusprigkeit von Trockenobst.<\/p>\n\n\n\n<p><strong>Die Kombination:<\/strong> <a href=\"https:\/\/lacortedimarga.com\/de\/verdiso-technische-beschreibung-verkostung\/\">Verdiso<\/a>, eine autochthone Rebsorte der Marca mit einem frischen und geschmackvollen Profil \u2013 ihre S\u00e4ure h\u00e4lt der \u00d6ligkeit der Walnuss gut stand, ohne die Zartheit der Kiwifrucht zu \u00fcberdecken.<\/p>\n\n\n\n<h3 class=\"wp-block-heading\">Panna Cotta mit Kiwi<\/h3>\n\n\n\n<p><strong>Das Gericht:<\/strong> Ein einfaches Dessert, bei dem die S\u00e4ure der Kiwi die Cremigkeit der Panna Cotta ausgleicht.<\/p>\n\n\n\n<p><strong>Die Kombination:<\/strong> Refrontolo Passito, S\u00fc\u00dfwein aus Marzemino-Trauben der Marca Trevigiana \u2013 seine S\u00fc\u00dfe harmoniert mit dem Dessert, ohne mit der S\u00e4ure der Frucht zu kollidieren (weitere Informationen finden Sie in unserem Artikel \u00fcber <a href=\"https:\/\/lacortedimarga.com\/de\/beste-weinproben-valdobbiadene-miane\/\">Die besten Weinproben in Valdobbiadene und Miane<\/a>).<\/p>\n\n\n\n<h2 class=\"wp-block-heading\">Ihr Ausgangspunkt, um die Aromen des Herbstes am Fu\u00dfe der Berge zu entdecken<\/h2>\n\n\n\n<p>Wer im Herbst in der La Corte di Marga \u00fcbernachtet, kann direkt in unserem Garten bei der Kiwiernte zusehen und zudem die anderen saisonalen Fr\u00fcchte des Fu\u00dfe der Trevisaner Voralpen entdecken. Es ist auch eine gute Gelegenheit, andere kulinarische K\u00f6stlichkeiten der Region zu probieren, von denen wir im Blog erz\u00e4hlen, wie zum Beispiel die <a href=\"https:\/\/lacortedimarga.com\/de\/wurstwaren-marke-trevigiana-sopressa-porchetta-luganega\/\">Wurstwaren aus der Marca Trevigiana<\/a> e i <a href=\"https:\/\/lacortedimarga.com\/de\/almkase-aus-den-voralpen-morlacco-bastardo-moesin\/\">Almk\u00e4se aus den Voralpen<\/a> \u2014 ein weiterer guter Grund, in den Sommermonaten drau\u00dfen zu sein.<\/p>\n\n\n\n<h2 class=\"wp-block-heading\">H\u00e4ufig gestellte Fragen \u00fcber die Kiwi aus Treviso<\/h2>\n\n\n\n<div class=\"schema-faq wp-block-yoast-faq-block\"><div class=\"schema-faq-section\" id=\"faq-question-1788413158094\"><strong class=\"schema-faq-question\">Ist der Kiwi aus Treviso ein g.g.A.-zertifiziertes Produkt?<\/strong> <p class=\"schema-faq-answer\">Nein: Im Gegensatz zum Wei\u00dfen Spargel von Cimadolmo (seit 2002 g.g.A.) ist die Kiwi aus Treviso ein traditionelles Agrarprodukt (PAT), das zwar anerkannt ist, aber \u00fcber keine eigene europ\u00e4ische Zertifizierung verf\u00fcgt \u2013 sie bleibt jedoch ein sehr verwurzelter Anbau in der Voralpenregion mit \u00fcber 300 Hektar und rund 370 landwirtschaftlichen Betrieben allein in der Provinz Treviso.<\/p> <\/div> <div class=\"schema-faq-section\" id=\"faq-question-1788413158095\"><strong class=\"schema-faq-question\">Wann werden die Kiwis im Voralpenland von Treviso geerntet?<\/strong> <p class=\"schema-faq-answer\">Im Herbst: Das Produkt ist von Oktober bis Januar auf den lokalen M\u00e4rkten erh\u00e4ltlich \u2013 das ist die beste Zeit, um es auch im Garten von La Corte di Marga reifen zu sehen.<\/p> <\/div> <div class=\"schema-faq-section\" id=\"faq-question-1788413158096\"><strong class=\"schema-faq-question\">Kann ich die angebauten Kiwis direkt bei La Corte di Marga sehen?<\/strong> <p class=\"schema-faq-answer\">Ja: Wir bauen unsere Kiwis im Garten der Unterkunft an, zusammen mit anderen Obstb\u00e4umen (Feigen-, Apfel-, Haselnuss- und Birnbaum) \u2013 die G\u00e4ste k\u00f6nnen sie w\u00e4hrend der Erntezeit sehen.<\/p> <\/div> <\/div>\n\n\n\n<p><a href=\"https:\/\/lacortedimarga.bookpage.io\">Buchen Sie Ihren Aufenthalt<\/a> a <a href=\"https:\/\/lacortedimarga.com\/de\/\">Der Hof von Marga<\/a> und entdecke die herbstlichen Aromen der Region am Fu\u00dfe der Trevisaner Alpen, direkt aus unserem Garten.<\/p>","protected":false},"excerpt":{"rendered":"<p>Le Colline del Prosecco di Conegliano e Valdobbiadene, Patrimonio dell&#8217;Umanit\u00e0 UNESCO dal 2019, sono terra di vigneti \u2014 ma anche di frutteti. Il Kiwi di Treviso \u00e8 un prodotto agroalimentare tradizionale (PAT) della pedemontana trevigiana, non un marchio IGP come il vicino Asparago Bianco di Cimadolmo, ma non per questo meno radicato: a La Corte [&hellip;]<\/p>\n","protected":false},"author":3,"featured_media":3057,"comment_status":"closed","ping_status":"open","sticky":false,"template":"","format":"standard","meta":{"_breakdance_hide_in_design_set":false,"_breakdance_tags":"","footnotes":""},"categories":[6,13],"tags":[296,229,290,291,230,293,231,294,232],"class_list":["post-3056","post","type-post","status-publish","format-standard","has-post-thumbnail","hentry","category-gusto-tradizione-leccellenza-enogastronomica","category-vino-e-gastronomia","tag-kiwiditreviso","tag-lacortedimarga-2","tag-lacortedimargablog-2","tag-marcatrevigiana-2","tag-proseccohillsholidays-3","tag-ricettetradizionalivenete-2","tag-robertolarosahost-2","tag-robertolarosasommelier-2","tag-unescoheritage-2"],"yoast_head":"<!-- This site is optimized with the Yoast SEO plugin v28.2 - https:\/\/yoast.com\/product\/yoast-seo-wordpress\/ -->\n<title>Kiwi di Treviso: il Frutto d&#039;Autunno della Pedemontana<\/title>\n<meta name=\"description\" content=\"Il kiwi di Treviso cresce da oltre 40 anni nella pedemontana. Scopri curiosit\u00e0, abbinamenti e ricette d&#039;autunno a La Corte di Marga, Miane.\" \/>\n<meta name=\"robots\" content=\"index, follow, max-snippet:-1, max-image-preview:large, max-video-preview:-1\" \/>\n<link rel=\"canonical\" href=\"https:\/\/lacortedimarga.com\/de\/kiwi-aus-der-pedemontana-von-treviso\/\" \/>\n<meta property=\"og:locale\" content=\"de_DE\" \/>\n<meta property=\"og:type\" content=\"article\" \/>\n<meta property=\"og:title\" content=\"Kiwi di Treviso: il Frutto d&#039;Autunno della Pedemontana\" \/>\n<meta property=\"og:description\" content=\"Il kiwi di Treviso cresce da oltre 40 anni nella pedemontana. Scopri curiosit\u00e0, abbinamenti e ricette d&#039;autunno a La Corte di Marga, Miane.\" \/>\n<meta property=\"og:url\" content=\"https:\/\/lacortedimarga.com\/de\/kiwi-aus-der-pedemontana-von-treviso\/\" \/>\n<meta property=\"og:site_name\" content=\"La Corte di Marga\" \/>\n<meta property=\"article:publisher\" content=\"https:\/\/www.facebook.com\/lacortedimarga\" \/>\n<meta property=\"article:published_time\" content=\"2026-09-03T06:08:39+00:00\" \/>\n<meta property=\"article:modified_time\" content=\"2026-09-03T07:37:16+00:00\" \/>\n<meta property=\"og:image\" content=\"https:\/\/lacortedimarga.com\/wp-content\/uploads\/2026\/09\/kiwi-di-treviso-cover.jpg\" \/>\n\t<meta property=\"og:image:width\" content=\"700\" \/>\n\t<meta property=\"og:image:height\" content=\"466\" \/>\n\t<meta property=\"og:image:type\" content=\"image\/jpeg\" \/>\n<meta name=\"author\" content=\"Roberto\" \/>\n<meta name=\"twitter:card\" content=\"summary_large_image\" \/>\n<meta name=\"twitter:label1\" content=\"Verfasst von\" \/>\n\t<meta name=\"twitter:data1\" content=\"Roberto\" \/>\n\t<meta name=\"twitter:label2\" content=\"Gesch\u00e4tzte Lesezeit\" \/>\n\t<meta name=\"twitter:data2\" content=\"5\u00a0Minuten\" \/>\n<script type=\"application\/ld+json\" class=\"yoast-schema-graph\">{\"@context\":\"https:\\\/\\\/schema.org\",\"@graph\":[{\"@type\":\"Article\",\"@id\":\"https:\\\/\\\/lacortedimarga.com\\\/kiwi-di-treviso-pedemontana\\\/#article\",\"isPartOf\":{\"@id\":\"https:\\\/\\\/lacortedimarga.com\\\/kiwi-di-treviso-pedemontana\\\/\"},\"author\":{\"name\":\"Roberto\",\"@id\":\"https:\\\/\\\/lacortedimarga.com\\\/#\\\/schema\\\/person\\\/35b8aa132ce672c39a5ece2e9b43b967\"},\"headline\":\"Kiwi di Treviso: il frutto d&#8217;autunno che cresce anche nel nostro giardino\",\"datePublished\":\"2026-09-03T06:08:39+00:00\",\"dateModified\":\"2026-09-03T07:37:16+00:00\",\"mainEntityOfPage\":{\"@id\":\"https:\\\/\\\/lacortedimarga.com\\\/kiwi-di-treviso-pedemontana\\\/\"},\"wordCount\":765,\"publisher\":{\"@id\":\"https:\\\/\\\/lacortedimarga.com\\\/#organization\"},\"image\":{\"@id\":\"https:\\\/\\\/lacortedimarga.com\\\/kiwi-di-treviso-pedemontana\\\/#primaryimage\"},\"thumbnailUrl\":\"https:\\\/\\\/lacortedimarga.com\\\/wp-content\\\/uploads\\\/2026\\\/09\\\/kiwi-di-treviso-cover.jpg\",\"keywords\":[\"KiwiDiTreviso\",\"LaCorteDiMarga\",\"LaCorteDiMargaBlog\",\"MarcaTrevigiana\",\"ProseccoHillsHolidays\",\"RicetteTradizionaliVenete\",\"RobertoLaRosaHost\",\"RobertoLaRosaSommelier\",\"UNESCOHeritage\"],\"articleSection\":[\"Gusto &amp; Tradizione: L'Eccellenza Enogastronomica\",\"Vino e Gastronomia\"],\"inLanguage\":\"de\"},{\"@type\":[\"WebPage\",\"FAQPage\"],\"@id\":\"https:\\\/\\\/lacortedimarga.com\\\/kiwi-di-treviso-pedemontana\\\/\",\"url\":\"https:\\\/\\\/lacortedimarga.com\\\/kiwi-di-treviso-pedemontana\\\/\",\"name\":\"Kiwi di Treviso: il Frutto d'Autunno della Pedemontana\",\"isPartOf\":{\"@id\":\"https:\\\/\\\/lacortedimarga.com\\\/#website\"},\"primaryImageOfPage\":{\"@id\":\"https:\\\/\\\/lacortedimarga.com\\\/kiwi-di-treviso-pedemontana\\\/#primaryimage\"},\"image\":{\"@id\":\"https:\\\/\\\/lacortedimarga.com\\\/kiwi-di-treviso-pedemontana\\\/#primaryimage\"},\"thumbnailUrl\":\"https:\\\/\\\/lacortedimarga.com\\\/wp-content\\\/uploads\\\/2026\\\/09\\\/kiwi-di-treviso-cover.jpg\",\"datePublished\":\"2026-09-03T06:08:39+00:00\",\"dateModified\":\"2026-09-03T07:37:16+00:00\",\"description\":\"Il kiwi di Treviso cresce da oltre 40 anni nella pedemontana. Scopri curiosit\u00e0, abbinamenti e ricette d'autunno a La Corte di Marga, Miane.\",\"breadcrumb\":{\"@id\":\"https:\\\/\\\/lacortedimarga.com\\\/kiwi-di-treviso-pedemontana\\\/#breadcrumb\"},\"mainEntity\":[{\"@id\":\"https:\\\/\\\/lacortedimarga.com\\\/kiwi-di-treviso-pedemontana\\\/#faq-question-1788413158094\"},{\"@id\":\"https:\\\/\\\/lacortedimarga.com\\\/kiwi-di-treviso-pedemontana\\\/#faq-question-1788413158095\"},{\"@id\":\"https:\\\/\\\/lacortedimarga.com\\\/kiwi-di-treviso-pedemontana\\\/#faq-question-1788413158096\"}],\"inLanguage\":\"de\",\"potentialAction\":[{\"@type\":\"ReadAction\",\"target\":[\"https:\\\/\\\/lacortedimarga.com\\\/kiwi-di-treviso-pedemontana\\\/\"]}]},{\"@type\":\"ImageObject\",\"inLanguage\":\"de\",\"@id\":\"https:\\\/\\\/lacortedimarga.com\\\/kiwi-di-treviso-pedemontana\\\/#primaryimage\",\"url\":\"https:\\\/\\\/lacortedimarga.com\\\/wp-content\\\/uploads\\\/2026\\\/09\\\/kiwi-di-treviso-cover.jpg\",\"contentUrl\":\"https:\\\/\\\/lacortedimarga.com\\\/wp-content\\\/uploads\\\/2026\\\/09\\\/kiwi-di-treviso-cover.jpg\",\"width\":700,\"height\":466,\"caption\":\"I kiwi del nostro giardino, pronti per la raccolta autunnale\"},{\"@type\":\"BreadcrumbList\",\"@id\":\"https:\\\/\\\/lacortedimarga.com\\\/kiwi-di-treviso-pedemontana\\\/#breadcrumb\",\"itemListElement\":[{\"@type\":\"ListItem\",\"position\":1,\"name\":\"Home\",\"item\":\"https:\\\/\\\/lacortedimarga.com\\\/\"},{\"@type\":\"ListItem\",\"position\":2,\"name\":\"Kiwi di Treviso: il frutto d&#8217;autunno che cresce anche nel nostro giardino\"}]},{\"@type\":\"WebSite\",\"@id\":\"https:\\\/\\\/lacortedimarga.com\\\/#website\",\"url\":\"https:\\\/\\\/lacortedimarga.com\\\/\",\"name\":\"La Corte di Marga\",\"description\":\"Prosecco Hills Holidays\",\"publisher\":{\"@id\":\"https:\\\/\\\/lacortedimarga.com\\\/#organization\"},\"potentialAction\":[{\"@type\":\"SearchAction\",\"target\":{\"@type\":\"EntryPoint\",\"urlTemplate\":\"https:\\\/\\\/lacortedimarga.com\\\/?s={search_term_string}\"},\"query-input\":{\"@type\":\"PropertyValueSpecification\",\"valueRequired\":true,\"valueName\":\"search_term_string\"}}],\"inLanguage\":\"de\"},{\"@type\":\"Organization\",\"@id\":\"https:\\\/\\\/lacortedimarga.com\\\/#organization\",\"name\":\"La Corte di Marga\",\"url\":\"https:\\\/\\\/lacortedimarga.com\\\/\",\"logo\":{\"@type\":\"ImageObject\",\"inLanguage\":\"de\",\"@id\":\"https:\\\/\\\/lacortedimarga.com\\\/#\\\/schema\\\/logo\\\/image\\\/\",\"url\":\"https:\\\/\\\/lacortedimarga.com\\\/wp-content\\\/uploads\\\/2025\\\/06\\\/logo-corti-di-marga.webp\",\"contentUrl\":\"https:\\\/\\\/lacortedimarga.com\\\/wp-content\\\/uploads\\\/2025\\\/06\\\/logo-corti-di-marga.webp\",\"width\":955,\"height\":529,\"caption\":\"La Corte di Marga\"},\"image\":{\"@id\":\"https:\\\/\\\/lacortedimarga.com\\\/#\\\/schema\\\/logo\\\/image\\\/\"},\"sameAs\":[\"https:\\\/\\\/www.facebook.com\\\/lacortedimarga\",\"https:\\\/\\\/www.instagram.com\\\/la_corte_di_marga\\\/\",\"https:\\\/\\\/www.tiktok.com\\\/@lacortedimarga\",\"https:\\\/\\\/www.youtube.com\\\/@lacortedimargaofficial\",\"https:\\\/\\\/www.linkedin.com\\\/company\\\/la-corte-di-marga-prosecco-hills-holiday\"]},{\"@type\":\"Person\",\"@id\":\"https:\\\/\\\/lacortedimarga.com\\\/#\\\/schema\\\/person\\\/35b8aa132ce672c39a5ece2e9b43b967\",\"name\":\"Roberto\",\"image\":{\"@type\":\"ImageObject\",\"inLanguage\":\"de\",\"@id\":\"https:\\\/\\\/secure.gravatar.com\\\/avatar\\\/e3f271e90e735cdc34557ef9b92be1ad6f15d5bac04b51fa3cd10b4c11dac25e?s=96&d=mm&r=g\",\"url\":\"https:\\\/\\\/secure.gravatar.com\\\/avatar\\\/e3f271e90e735cdc34557ef9b92be1ad6f15d5bac04b51fa3cd10b4c11dac25e?s=96&d=mm&r=g\",\"contentUrl\":\"https:\\\/\\\/secure.gravatar.com\\\/avatar\\\/e3f271e90e735cdc34557ef9b92be1ad6f15d5bac04b51fa3cd10b4c11dac25e?s=96&d=mm&r=g\",\"caption\":\"Roberto\"},\"url\":\"https:\\\/\\\/lacortedimarga.com\\\/de\\\/author\\\/roberto\\\/\"},{\"@type\":\"Question\",\"@id\":\"https:\\\/\\\/lacortedimarga.com\\\/kiwi-di-treviso-pedemontana\\\/#faq-question-1788413158094\",\"position\":1,\"url\":\"https:\\\/\\\/lacortedimarga.com\\\/kiwi-di-treviso-pedemontana\\\/#faq-question-1788413158094\",\"name\":\"Il Kiwi di Treviso &#232; un prodotto certificato IGP?\",\"answerCount\":1,\"acceptedAnswer\":{\"@type\":\"Answer\",\"text\":\"No: a differenza dell'Asparago Bianco di Cimadolmo (IGP dal 2002), il Kiwi di Treviso &#232; un prodotto agroalimentare tradizionale (PAT), riconosciuto ma senza una certificazione europea propria &#8212; resta comunque una coltivazione molto radicata nella pedemontana, con oltre 300 ettari e circa 370 aziende agricole nella sola provincia di Treviso.\",\"inLanguage\":\"de\"},\"inLanguage\":\"de\"},{\"@type\":\"Question\",\"@id\":\"https:\\\/\\\/lacortedimarga.com\\\/kiwi-di-treviso-pedemontana\\\/#faq-question-1788413158095\",\"position\":2,\"url\":\"https:\\\/\\\/lacortedimarga.com\\\/kiwi-di-treviso-pedemontana\\\/#faq-question-1788413158095\",\"name\":\"Quando si raccoglie il kiwi nella pedemontana trevigiana?\",\"answerCount\":1,\"acceptedAnswer\":{\"@type\":\"Answer\",\"text\":\"In autunno: il prodotto &#232; reperibile sui mercati locali da ottobre a gennaio &#8212; &#232; il periodo migliore per vederlo maturare anche nel giardino di La Corte di Marga.\",\"inLanguage\":\"de\"},\"inLanguage\":\"de\"},{\"@type\":\"Question\",\"@id\":\"https:\\\/\\\/lacortedimarga.com\\\/kiwi-di-treviso-pedemontana\\\/#faq-question-1788413158096\",\"position\":3,\"url\":\"https:\\\/\\\/lacortedimarga.com\\\/kiwi-di-treviso-pedemontana\\\/#faq-question-1788413158096\",\"name\":\"Posso vedere il kiwi coltivato direttamente a La Corte di Marga?\",\"answerCount\":1,\"acceptedAnswer\":{\"@type\":\"Answer\",\"text\":\"S&#236;: coltiviamo il nostro kiwi nel giardino della struttura, insieme ad altri alberi da frutto (fico, melo, nocciolo, pero) &#8212; gli ospiti possono vederlo durante la stagione di raccolta.\",\"inLanguage\":\"de\"},\"inLanguage\":\"de\"}]}<\/script>\n<!-- \/ Yoast SEO plugin. -->","yoast_head_json":{"title":"Kiwi aus Treviso: Die Herbstfrucht der Pedemontana","description":"Der Kiwi aus Treviso w\u00e4chst seit \u00fcber 40 Jahren am Fu\u00dfe der Alpen. Entdecken Sie Wissenswertes, Kombinationen und Herbstrezepte in La Corte di Marga, Miane.","robots":{"index":"index","follow":"follow","max-snippet":"max-snippet:-1","max-image-preview":"max-image-preview:large","max-video-preview":"max-video-preview:-1"},"canonical":"https:\/\/lacortedimarga.com\/de\/kiwi-aus-der-pedemontana-von-treviso\/","og_locale":"de_DE","og_type":"article","og_title":"Kiwi di Treviso: il Frutto d'Autunno della Pedemontana","og_description":"Il kiwi di Treviso cresce da oltre 40 anni nella pedemontana. Scopri curiosit\u00e0, abbinamenti e ricette d'autunno a La Corte di Marga, Miane.","og_url":"https:\/\/lacortedimarga.com\/de\/kiwi-aus-der-pedemontana-von-treviso\/","og_site_name":"La Corte di Marga","article_publisher":"https:\/\/www.facebook.com\/lacortedimarga","article_published_time":"2026-09-03T06:08:39+00:00","article_modified_time":"2026-09-03T07:37:16+00:00","og_image":[{"width":700,"height":466,"url":"https:\/\/lacortedimarga.com\/wp-content\/uploads\/2026\/09\/kiwi-di-treviso-cover.jpg","type":"image\/jpeg"}],"author":"Roberto","twitter_card":"summary_large_image","twitter_misc":{"Verfasst von":"Roberto","Gesch\u00e4tzte Lesezeit":"5\u00a0Minuten"},"schema":{"@context":"https:\/\/schema.org","@graph":[{"@type":"Article","@id":"https:\/\/lacortedimarga.com\/kiwi-di-treviso-pedemontana\/#article","isPartOf":{"@id":"https:\/\/lacortedimarga.com\/kiwi-di-treviso-pedemontana\/"},"author":{"name":"Roberto","@id":"https:\/\/lacortedimarga.com\/#\/schema\/person\/35b8aa132ce672c39a5ece2e9b43b967"},"headline":"Kiwi di Treviso: il frutto d&#8217;autunno che cresce anche nel nostro giardino","datePublished":"2026-09-03T06:08:39+00:00","dateModified":"2026-09-03T07:37:16+00:00","mainEntityOfPage":{"@id":"https:\/\/lacortedimarga.com\/kiwi-di-treviso-pedemontana\/"},"wordCount":765,"publisher":{"@id":"https:\/\/lacortedimarga.com\/#organization"},"image":{"@id":"https:\/\/lacortedimarga.com\/kiwi-di-treviso-pedemontana\/#primaryimage"},"thumbnailUrl":"https:\/\/lacortedimarga.com\/wp-content\/uploads\/2026\/09\/kiwi-di-treviso-cover.jpg","keywords":["KiwiDiTreviso","LaCorteDiMarga","LaCorteDiMargaBlog","MarcaTrevigiana","ProseccoHillsHolidays","RicetteTradizionaliVenete","RobertoLaRosaHost","RobertoLaRosaSommelier","UNESCOHeritage"],"articleSection":["Gusto &amp; Tradizione: L'Eccellenza Enogastronomica","Vino e Gastronomia"],"inLanguage":"de"},{"@type":["WebPage","FAQPage"],"@id":"https:\/\/lacortedimarga.com\/kiwi-di-treviso-pedemontana\/","url":"https:\/\/lacortedimarga.com\/kiwi-di-treviso-pedemontana\/","name":"Kiwi aus Treviso: Die Herbstfrucht der Pedemontana","isPartOf":{"@id":"https:\/\/lacortedimarga.com\/#website"},"primaryImageOfPage":{"@id":"https:\/\/lacortedimarga.com\/kiwi-di-treviso-pedemontana\/#primaryimage"},"image":{"@id":"https:\/\/lacortedimarga.com\/kiwi-di-treviso-pedemontana\/#primaryimage"},"thumbnailUrl":"https:\/\/lacortedimarga.com\/wp-content\/uploads\/2026\/09\/kiwi-di-treviso-cover.jpg","datePublished":"2026-09-03T06:08:39+00:00","dateModified":"2026-09-03T07:37:16+00:00","description":"Der Kiwi aus Treviso w\u00e4chst seit \u00fcber 40 Jahren am Fu\u00dfe der Alpen. Entdecken Sie Wissenswertes, Kombinationen und Herbstrezepte in La Corte di Marga, Miane.","breadcrumb":{"@id":"https:\/\/lacortedimarga.com\/kiwi-di-treviso-pedemontana\/#breadcrumb"},"mainEntity":[{"@id":"https:\/\/lacortedimarga.com\/kiwi-di-treviso-pedemontana\/#faq-question-1788413158094"},{"@id":"https:\/\/lacortedimarga.com\/kiwi-di-treviso-pedemontana\/#faq-question-1788413158095"},{"@id":"https:\/\/lacortedimarga.com\/kiwi-di-treviso-pedemontana\/#faq-question-1788413158096"}],"inLanguage":"de","potentialAction":[{"@type":"ReadAction","target":["https:\/\/lacortedimarga.com\/kiwi-di-treviso-pedemontana\/"]}]},{"@type":"ImageObject","inLanguage":"de","@id":"https:\/\/lacortedimarga.com\/kiwi-di-treviso-pedemontana\/#primaryimage","url":"https:\/\/lacortedimarga.com\/wp-content\/uploads\/2026\/09\/kiwi-di-treviso-cover.jpg","contentUrl":"https:\/\/lacortedimarga.com\/wp-content\/uploads\/2026\/09\/kiwi-di-treviso-cover.jpg","width":700,"height":466,"caption":"I kiwi del nostro giardino, pronti per la raccolta autunnale"},{"@type":"BreadcrumbList","@id":"https:\/\/lacortedimarga.com\/kiwi-di-treviso-pedemontana\/#breadcrumb","itemListElement":[{"@type":"ListItem","position":1,"name":"Home","item":"https:\/\/lacortedimarga.com\/"},{"@type":"ListItem","position":2,"name":"Kiwi di Treviso: il frutto d&#8217;autunno che cresce anche nel nostro giardino"}]},{"@type":"WebSite","@id":"https:\/\/lacortedimarga.com\/#website","url":"https:\/\/lacortedimarga.com\/","name":"Der Hof von Marga","description":"Prosecco Hills Ferien","publisher":{"@id":"https:\/\/lacortedimarga.com\/#organization"},"potentialAction":[{"@type":"SearchAction","target":{"@type":"EntryPoint","urlTemplate":"https:\/\/lacortedimarga.com\/?s={search_term_string}"},"query-input":{"@type":"PropertyValueSpecification","valueRequired":true,"valueName":"search_term_string"}}],"inLanguage":"de"},{"@type":"Organization","@id":"https:\/\/lacortedimarga.com\/#organization","name":"Der Hof von Marga","url":"https:\/\/lacortedimarga.com\/","logo":{"@type":"ImageObject","inLanguage":"de","@id":"https:\/\/lacortedimarga.com\/#\/schema\/logo\/image\/","url":"https:\/\/lacortedimarga.com\/wp-content\/uploads\/2025\/06\/logo-corti-di-marga.webp","contentUrl":"https:\/\/lacortedimarga.com\/wp-content\/uploads\/2025\/06\/logo-corti-di-marga.webp","width":955,"height":529,"caption":"La Corte di Marga"},"image":{"@id":"https:\/\/lacortedimarga.com\/#\/schema\/logo\/image\/"},"sameAs":["https:\/\/www.facebook.com\/lacortedimarga","https:\/\/www.instagram.com\/la_corte_di_marga\/","https:\/\/www.tiktok.com\/@lacortedimarga","https:\/\/www.youtube.com\/@lacortedimargaofficial","https:\/\/www.linkedin.com\/company\/la-corte-di-marga-prosecco-hills-holiday"]},{"@type":"Person","@id":"https:\/\/lacortedimarga.com\/#\/schema\/person\/35b8aa132ce672c39a5ece2e9b43b967","name":"Roberto","image":{"@type":"ImageObject","inLanguage":"de","@id":"https:\/\/secure.gravatar.com\/avatar\/e3f271e90e735cdc34557ef9b92be1ad6f15d5bac04b51fa3cd10b4c11dac25e?s=96&d=mm&r=g","url":"https:\/\/secure.gravatar.com\/avatar\/e3f271e90e735cdc34557ef9b92be1ad6f15d5bac04b51fa3cd10b4c11dac25e?s=96&d=mm&r=g","contentUrl":"https:\/\/secure.gravatar.com\/avatar\/e3f271e90e735cdc34557ef9b92be1ad6f15d5bac04b51fa3cd10b4c11dac25e?s=96&d=mm&r=g","caption":"Roberto"},"url":"https:\/\/lacortedimarga.com\/de\/author\/roberto\/"},{"@type":"Question","@id":"https:\/\/lacortedimarga.com\/kiwi-di-treviso-pedemontana\/#faq-question-1788413158094","position":1,"url":"https:\/\/lacortedimarga.com\/kiwi-di-treviso-pedemontana\/#faq-question-1788413158094","name":"Ist der Kiwi aus Treviso ein g.g.A.-zertifiziertes Produkt?","answerCount":1,"acceptedAnswer":{"@type":"Answer","text":"No: a differenza dell'Asparago Bianco di Cimadolmo (IGP dal 2002), il Kiwi di Treviso &#232; un prodotto agroalimentare tradizionale (PAT), riconosciuto ma senza una certificazione europea propria &#8212; resta comunque una coltivazione molto radicata nella pedemontana, con oltre 300 ettari e circa 370 aziende agricole nella sola provincia di Treviso.","inLanguage":"de"},"inLanguage":"de"},{"@type":"Question","@id":"https:\/\/lacortedimarga.com\/kiwi-di-treviso-pedemontana\/#faq-question-1788413158095","position":2,"url":"https:\/\/lacortedimarga.com\/kiwi-di-treviso-pedemontana\/#faq-question-1788413158095","name":"Wann werden die Kiwis im Voralpenland von Treviso geerntet?","answerCount":1,"acceptedAnswer":{"@type":"Answer","text":"In autunno: il prodotto &#232; reperibile sui mercati locali da ottobre a gennaio &#8212; &#232; il periodo migliore per vederlo maturare anche nel giardino di La Corte di Marga.","inLanguage":"de"},"inLanguage":"de"},{"@type":"Question","@id":"https:\/\/lacortedimarga.com\/kiwi-di-treviso-pedemontana\/#faq-question-1788413158096","position":3,"url":"https:\/\/lacortedimarga.com\/kiwi-di-treviso-pedemontana\/#faq-question-1788413158096","name":"Kann ich die angebauten Kiwis direkt bei La Corte di Marga sehen?","answerCount":1,"acceptedAnswer":{"@type":"Answer","text":"S&#236;: coltiviamo il nostro kiwi nel giardino della struttura, insieme ad altri alberi da frutto (fico, melo, nocciolo, pero) &#8212; gli ospiti possono vederlo durante la stagione di raccolta.","inLanguage":"de"},"inLanguage":"de"}]}},"_links":{"self":[{"href":"https:\/\/lacortedimarga.com\/de\/wp-json\/wp\/v2\/posts\/3056","targetHints":{"allow":["GET"]}}],"collection":[{"href":"https:\/\/lacortedimarga.com\/de\/wp-json\/wp\/v2\/posts"}],"about":[{"href":"https:\/\/lacortedimarga.com\/de\/wp-json\/wp\/v2\/types\/post"}],"author":[{"embeddable":true,"href":"https:\/\/lacortedimarga.com\/de\/wp-json\/wp\/v2\/users\/3"}],"replies":[{"embeddable":true,"href":"https:\/\/lacortedimarga.com\/de\/wp-json\/wp\/v2\/comments?post=3056"}],"version-history":[{"count":4,"href":"https:\/\/lacortedimarga.com\/de\/wp-json\/wp\/v2\/posts\/3056\/revisions"}],"predecessor-version":[{"id":3061,"href":"https:\/\/lacortedimarga.com\/de\/wp-json\/wp\/v2\/posts\/3056\/revisions\/3061"}],"wp:featuredmedia":[{"embeddable":true,"href":"https:\/\/lacortedimarga.com\/de\/wp-json\/wp\/v2\/media\/3057"}],"wp:attachment":[{"href":"https:\/\/lacortedimarga.com\/de\/wp-json\/wp\/v2\/media?parent=3056"}],"wp:term":[{"taxonomy":"category","embeddable":true,"href":"https:\/\/lacortedimarga.com\/de\/wp-json\/wp\/v2\/categories?post=3056"},{"taxonomy":"post_tag","embeddable":true,"href":"https:\/\/lacortedimarga.com\/de\/wp-json\/wp\/v2\/tags?post=3056"}],"curies":[{"name":"wp","href":"https:\/\/api.w.org\/{rel}","templated":true}]}}