{"id":2815,"date":"2026-08-14T06:22:05","date_gmt":"2026-08-14T06:22:05","guid":{"rendered":"https:\/\/lacortedimarga.com\/?p=2815"},"modified":"2026-08-17T07:12:58","modified_gmt":"2026-08-17T07:12:58","slug":"castello-di-zumelle-a-journey-through-the-manor-of-legends-in-the-belluno-prealps","status":"publish","type":"post","link":"https:\/\/lacortedimarga.com\/en\/il-castello-di-zumelle-viaggio-nel-maniero-delle-leggende-tra-le-prealpi-bellunesi\/","title":{"rendered":"Castle of Zumelle: Journey into the Manor of Legends among the Belluno Prealps"},"content":{"rendered":"<p>There is a precise moment, during the journey from <strong>The Court of Marga<\/strong> gateway to the Valbelluna, where history stops being a memory in books and becomes rock, stone and legend.<\/p>\n\n\n\n<p>Just head up from Miane along the scenic and spectacular road of the <strong>San Boldo Pass<\/strong> \u2014 the famous \u201c100 Days Road\u201d with its tunnels carved into the living rock \u2014 before descending through the enchanted woods of Mel (now Borgo Valbelluna). There, perched on a rocky spur overlooking the Terche torrent, stands the <strong>Zumelle Castle<\/strong>the best-preserved medieval manor in the entire Prealps.<\/p>\n\n\n\n<p>Just 30 minutes from your apartment in Miane, Zumelle is not simply a ruin to be photographed from afar, but a living, pulsating fortress capable of projecting adults and children straight into the 10th century.<\/p>\n\n\n\n<h2 class=\"wp-block-heading\"><strong>A story woven with blood, love and legend<\/strong><\/h2>\n\n\n\n<p>The origins of Zumelle are lost in the obscurity of the Early Middle Ages. Founded according to tradition around the 1st century AD as a Roman outpost guarding the Via Claudia Augusta Altinate, the castle owes its current name (<em>Zumelle<\/em> or \u201cthe twins\u201d) to an intense and tragic Gothic-era legend.<\/p>\n\n\n\n<p>It is said that the Gothic king Gunderit, having fallen in love with the very beautiful Aturia, took her as his wife and rebuilt the destroyed castle to make it their home. From their union twin boys were born, but jealousy and power struggles led to bloody clashes for possession of the fortress.<\/p>\n\n\n\n<p>Even today, when the mist rising from the stream envelops the great 25-metre-high keep, there are those who swear they can hear the breath of the noble ladies and knights who defended this garrison against the assaults of the people of Treviso and Belluno.<\/p>\n\n\n\n<h2 class=\"wp-block-heading\"><strong>&nbsp;The Zumelle experience: The Middle Ages to be lived with the five senses<\/strong><\/h2>\n\n\n\n<p>What makes visiting Castle Zumelle an extraordinary experience for guests of <strong>The Court of Marga<\/strong> it is his immersive approach:<\/p>\n\n\n\n<ul class=\"wp-block-list\">\n<li><strong>The Climb to the Master Tower:<\/strong> Crossed the drawbridge and passing through the ancient gateway, you can climb the five levels of the keep. Each floor houses accurate reconstructions of the daily life of the time: from the armoury with swords and chainmail to the master bedroom, up to the apothecary\u2019s shop. From the top of the tower, the view sweeps across the entire Valbelluna.<\/li>\n\n\n\n<li><strong>The Medieval Tavern<\/strong> Inside the castle's ancient kitchens sits a period tavern lit by torches. Here you can take a step back in time to enjoy mead, hippocras (medieval spiced wine), grain soups, platters of local cured meats and spit-roasted meats.<\/li>\n\n\n\n<li><strong>The Village and the Enchanted Wood<\/strong> Along the outer courtyard and the paths surrounding the walls, there is a themed trail dedicated to period crafts and the world of fairy tales. Children will find educational workshops to learn how to shoot a bow, forge small objects, or dress as young squires.<\/li>\n<\/ul>\n\n\n\n<h2 class=\"wp-block-heading\"><strong>\ud83d\ude97<\/strong><strong> The Author's Itinerary: How to combine your visit to Zumelle<\/strong><\/h2>\n\n\n\n<p>To give our guests an unforgettable day starting from Miane, we recommend structuring the trip as follows:<\/p>\n\n\n\n<ol start=\"1\" class=\"wp-block-list\">\n<li><strong>The Thrilling Climb (Morning):<\/strong> Depart from La Corte di Marga and tackle the hairpin bends of the <strong>San Boldo Pass<\/strong>. The view of the engineering architecture of its multi-level tunnels is worth a photo stop.<\/li>\n\n\n\n<li><strong>Castle Life (Late Morning &amp; Lunch):<\/strong> Arriving at Zumelle, visit the tower and gardens and have lunch in the Castle Tavern or in the picnic area surrounded by nature.<\/li>\n\n\n\n<li><strong>An afternoon between water and villages:<\/strong>\n<ul class=\"wp-block-list\">\n<li><em>Nature &amp; Freshness Option:<\/em> Continue for another 20 minutes towards the wild <a href=\"https:\/\/lacortedimarga.com\/en\/valley-of-the-brenton-cadini-del-mis-soffia-waterfall\/\" target=\"_blank\" rel=\"noreferrer noopener\">Mis Valley and the Cadini del Brenton<\/a> for an afternoon in the cool of the waterfalls.<\/li>\n\n\n\n<li><em>Art &amp; Villages Option:<\/em> Come down to visit the historic centre of <strong>Mel<\/strong>, listed among the \u201cMost Beautiful Villages in Italy\u201d, with its Renaissance stately homes and the splendid Piazza Luciani.<\/li>\n<\/ul>\n<\/li>\n<\/ol>\n\n\n\n<h2 class=\"wp-block-heading\"><strong>Map<\/strong><strong> Logistics Sheet: Useful Info for the Trip<\/strong><\/h2>\n\n\n\n<figure class=\"wp-block-table\"><table class=\"has-fixed-layout\"><thead><tr><td><strong>You<\/strong><\/td><td><strong>Practical Guest Information<\/strong><\/td><\/tr><\/thead><tbody><tr><td><strong>Distance from Miane<\/strong><\/td><td>Around 25 km (a 30-minute scenic drive over the San Boldo Pass).<\/td><\/tr><tr><td><strong>Opening Hours<\/strong><\/td><td>Open every day except Monday: Tuesday-Thursday 10:00-17:00, Friday-Sunday and bank holidays 10:00-19:00 (source: official website castellodizumelle.it, checking the events calendar before visiting is recommended).<\/td><\/tr><tr><td><strong>Admission Ticket<\/strong><\/td><td>Full price \u20ac8. Concession \u20ac3 for children aged 2-8, \u20ac7 for youths aged 8-18, free for ages 0-2. Concessions also available for over-65s, people with disabilities (\u20ac5) and residents of Borgo Valbelluna (\u20ac4). Access to the outdoor park and tavern is free (source: official website castellodizumelle.it \u2014 prices may vary during events).<\/td><\/tr><tr><td><strong>Parking<\/strong><\/td><td>Large car park located about 300 metres from the castle, free on weekdays; \u20ac3 on Sundays, bank holidays and during events. The walk from the car park to the drawbridge winds along a slightly uphill dirt path through the woods.<\/td><\/tr><tr><td><strong>Accessibility<\/strong><\/td><td>The access path is suitable for all-terrain pushchairs. The interior of the tower features steep wooden stairs, which are not accessible by wheelchair or pushchair (a baby carrier or back carrier is recommended).<\/td><\/tr><\/tbody><\/table><\/figure>\n\n\n\n<h2 class=\"wp-block-heading\"><strong>The return to the present at La Corte di Marga<\/strong><\/h2>\n\n\n\n<p>After walking along the battlements, listening to stories of ladies and knights, and exploring the gorges of the Valbelluna, returning to Miane will bring you back to your charming retreat.<\/p>\n\n\n\n<p>Waiting for you at <strong>The Court of Marga<\/strong> there will be the relaxing green of our hills and the rejuvenating silence of our <a href=\"https:\/\/lacortedimarga.com\/en\/piscina-oasi-azzurra-relax-la-corte-di-marga\/\" target=\"_blank\" rel=\"noreferrer noopener\">private swimming pool<\/a>. Drop by our wine shop, choose a bottle of <strong>Prosecco Superiore DOCG<\/strong> or a rare one <a href=\"https:\/\/lacortedimarga.com\/en\/bronner-piwi-wine-sommelier-review\/\" target=\"_blank\" rel=\"noreferrer noopener\">Bronner PIWI Giol<\/a> and toast to the sunset on your terrace. After all, today's kings and queens also need their own little slice of heaven.<\/p>\n\n\n\n<p><strong><a href=\"https:\/\/lacortedimarga.com\/en\/\" target=\"_blank\" rel=\"noreferrer noopener\">Book your stay at La Corte di Marga now<\/a><\/strong> and let yourselves be guided to discover the most fascinating secrets of our region.<\/p>\n\n\n\n<h2 class=\"wp-block-heading\"><strong>Marga's tips for your visit to the Castle (FAQ)<\/strong><\/h2>\n\n\n\n<div class=\"schema-faq wp-block-yoast-faq-block\"><div class=\"schema-faq-section\" id=\"faq-question-1786688197896\"><strong class=\"schema-faq-question\">Is Castello di Zumelle suitable for children?<\/strong> <p class=\"schema-faq-answer\">Absolutely! Zumelle is one of the castles most loved by children in the Veneto region thanks to its fairytale atmosphere, the interactive reconstructions in the tower rooms and the reenactment events with knights, archers and themed workshops frequently organised during summer weekends.<\/p> <\/div> <div class=\"schema-faq-section\" id=\"faq-question-1786688243089\"><strong class=\"schema-faq-question\">Is it necessary to book before visiting Zumelle Castle?<\/strong> <p class=\"schema-faq-answer\">For a simple visit to the castle and the tower, booking is not strictly mandatory, but it is strongly advised on July and August weekends to avoid queues. If you wish to have lunch in the castle's Medieval Tavern, table reservation is, on the other hand, almost essential.<\/p> <\/div> <div class=\"schema-faq-section\" id=\"faq-question-1786688278716\"><strong class=\"schema-faq-question\">How long does the visit to Zumelle Castle take?<\/strong> <p class=\"schema-faq-answer\">The self-guided tour of the tower and the castle interior takes about 1 to 1.5 hours. Considering a walk along the paths surrounding the fortress and a stop for lunch or a snack at the tavern, we recommend allowing a total of about 3 hours for the experience.<\/p> <\/div> <\/div>","protected":false},"excerpt":{"rendered":"<p>C&#8217;\u00e8 un momento preciso, durante il tragitto che da La Corte di Marga porta verso la Valbelluna, in cui la storia smette di essere un ricordo nei libri e diventa roccia, pietra e leggenda. Basta salire da Miane lungo la panoramica e spettacolare strada del Passo San Boldo \u2014 la celebre &#8220;Strada dei 100 Giorni&#8221; [&hellip;]<\/p>\n","protected":false},"author":3,"featured_media":2818,"comment_status":"closed","ping_status":"open","sticky":false,"template":"","format":"standard","meta":{"_breakdance_hide_in_design_set":false,"_breakdance_tags":"","footnotes":""},"categories":[9,248],"tags":[251,250,249,20,53,142],"class_list":["post-2815","post","type-post","status-publish","format-standard","has-post-thumbnail","hentry","category-anima-cultura-slow-travel-e-storia","category-castelli-e-fortezze","tag-borgovalbelluna","tag-castelliefortezzevicinoamiane","tag-castellodizumelle","tag-lacortedimarga","tag-proseccohillsholidays-2","tag-robertolarosahost"],"yoast_head":"<!-- This site is optimized with the Yoast SEO plugin v28.2 - https:\/\/yoast.com\/product\/yoast-seo-wordpress\/ -->\n<title>Il Castello di Zumelle: Guida tra Leggende, Torri e Medioevo<\/title>\n<meta name=\"description\" content=\"Scopri il Castello di Zumelle a 30 minuti da La Corte di Marga. Guida completa tra leggende medievali, taverne e consigli pratici.\" \/>\n<meta name=\"robots\" content=\"index, follow, max-snippet:-1, max-image-preview:large, max-video-preview:-1\" \/>\n<link rel=\"canonical\" href=\"https:\/\/lacortedimarga.com\/en\/castello-di-zumelle-a-journey-through-the-manor-of-legends-in-the-belluno-prealps\/\" \/>\n<meta property=\"og:locale\" content=\"en_GB\" \/>\n<meta property=\"og:type\" content=\"article\" \/>\n<meta property=\"og:title\" content=\"Il Castello di Zumelle: Guida tra Leggende, Torri e Medioevo\" \/>\n<meta property=\"og:description\" content=\"Scopri il Castello di Zumelle a 30 minuti da La Corte di Marga. Guida completa tra leggende medievali, taverne e consigli pratici.\" \/>\n<meta property=\"og:url\" content=\"https:\/\/lacortedimarga.com\/en\/castello-di-zumelle-a-journey-through-the-manor-of-legends-in-the-belluno-prealps\/\" \/>\n<meta property=\"og:site_name\" content=\"La Corte di Marga\" \/>\n<meta property=\"article:publisher\" content=\"https:\/\/www.facebook.com\/lacortedimarga\" \/>\n<meta property=\"article:published_time\" content=\"2026-08-14T06:22:05+00:00\" \/>\n<meta property=\"article:modified_time\" content=\"2026-08-17T07:12:58+00:00\" \/>\n<meta property=\"og:image\" content=\"https:\/\/lacortedimarga.com\/wp-content\/uploads\/2026\/08\/castello-di-zumelle-vista-aerea-borgo-valbelluna.jpg.jpg\" \/>\n\t<meta property=\"og:image:width\" content=\"1476\" \/>\n\t<meta property=\"og:image:height\" content=\"780\" \/>\n\t<meta property=\"og:image:type\" content=\"image\/jpeg\" \/>\n<meta name=\"author\" content=\"Roberto\" \/>\n<meta name=\"twitter:card\" content=\"summary_large_image\" \/>\n<meta name=\"twitter:label1\" content=\"Written by\" \/>\n\t<meta name=\"twitter:data1\" content=\"Roberto\" \/>\n\t<meta name=\"twitter:label2\" content=\"Estimated reading time\" \/>\n\t<meta name=\"twitter:data2\" content=\"6 minutes\" \/>\n<script type=\"application\/ld+json\" class=\"yoast-schema-graph\">{\"@context\":\"https:\\\/\\\/schema.org\",\"@graph\":[{\"@type\":\"Article\",\"@id\":\"https:\\\/\\\/lacortedimarga.com\\\/il-castello-di-zumelle-viaggio-nel-maniero-delle-leggende-tra-le-prealpi-bellunesi\\\/#article\",\"isPartOf\":{\"@id\":\"https:\\\/\\\/lacortedimarga.com\\\/il-castello-di-zumelle-viaggio-nel-maniero-delle-leggende-tra-le-prealpi-bellunesi\\\/\"},\"author\":{\"name\":\"Roberto\",\"@id\":\"https:\\\/\\\/lacortedimarga.com\\\/#\\\/schema\\\/person\\\/35b8aa132ce672c39a5ece2e9b43b967\"},\"headline\":\"Il Castello di Zumelle: Viaggio nel Maniero delle Leggende tra le Prealpi Bellunesi\",\"datePublished\":\"2026-08-14T06:22:05+00:00\",\"dateModified\":\"2026-08-17T07:12:58+00:00\",\"mainEntityOfPage\":{\"@id\":\"https:\\\/\\\/lacortedimarga.com\\\/il-castello-di-zumelle-viaggio-nel-maniero-delle-leggende-tra-le-prealpi-bellunesi\\\/\"},\"wordCount\":1107,\"publisher\":{\"@id\":\"https:\\\/\\\/lacortedimarga.com\\\/#organization\"},\"image\":{\"@id\":\"https:\\\/\\\/lacortedimarga.com\\\/il-castello-di-zumelle-viaggio-nel-maniero-delle-leggende-tra-le-prealpi-bellunesi\\\/#primaryimage\"},\"thumbnailUrl\":\"https:\\\/\\\/lacortedimarga.com\\\/wp-content\\\/uploads\\\/2026\\\/08\\\/castello-di-zumelle-vista-aerea-borgo-valbelluna.jpg.jpg\",\"keywords\":[\"#BorgoValbelluna\",\"#CastelliEFortezzeVicinoAMiane\",\"#CastelloDiZumelle\",\"#LaCortediMarga\",\"#ProseccoHillsHolidays\",\"#RobertoLaRosaHost\"],\"articleSection\":[\"Anima &amp; Cultura: Slow Travel e Storia\",\"Castelli e Fortezze\"],\"inLanguage\":\"en-GB\"},{\"@type\":[\"WebPage\",\"FAQPage\"],\"@id\":\"https:\\\/\\\/lacortedimarga.com\\\/il-castello-di-zumelle-viaggio-nel-maniero-delle-leggende-tra-le-prealpi-bellunesi\\\/\",\"url\":\"https:\\\/\\\/lacortedimarga.com\\\/il-castello-di-zumelle-viaggio-nel-maniero-delle-leggende-tra-le-prealpi-bellunesi\\\/\",\"name\":\"Il Castello di Zumelle: Guida tra Leggende, Torri e Medioevo\",\"isPartOf\":{\"@id\":\"https:\\\/\\\/lacortedimarga.com\\\/#website\"},\"primaryImageOfPage\":{\"@id\":\"https:\\\/\\\/lacortedimarga.com\\\/il-castello-di-zumelle-viaggio-nel-maniero-delle-leggende-tra-le-prealpi-bellunesi\\\/#primaryimage\"},\"image\":{\"@id\":\"https:\\\/\\\/lacortedimarga.com\\\/il-castello-di-zumelle-viaggio-nel-maniero-delle-leggende-tra-le-prealpi-bellunesi\\\/#primaryimage\"},\"thumbnailUrl\":\"https:\\\/\\\/lacortedimarga.com\\\/wp-content\\\/uploads\\\/2026\\\/08\\\/castello-di-zumelle-vista-aerea-borgo-valbelluna.jpg.jpg\",\"datePublished\":\"2026-08-14T06:22:05+00:00\",\"dateModified\":\"2026-08-17T07:12:58+00:00\",\"description\":\"Scopri il Castello di Zumelle a 30 minuti da La Corte di Marga. Guida completa tra leggende medievali, taverne e consigli pratici.\",\"breadcrumb\":{\"@id\":\"https:\\\/\\\/lacortedimarga.com\\\/il-castello-di-zumelle-viaggio-nel-maniero-delle-leggende-tra-le-prealpi-bellunesi\\\/#breadcrumb\"},\"mainEntity\":[{\"@id\":\"https:\\\/\\\/lacortedimarga.com\\\/il-castello-di-zumelle-viaggio-nel-maniero-delle-leggende-tra-le-prealpi-bellunesi\\\/#faq-question-1786688197896\"},{\"@id\":\"https:\\\/\\\/lacortedimarga.com\\\/il-castello-di-zumelle-viaggio-nel-maniero-delle-leggende-tra-le-prealpi-bellunesi\\\/#faq-question-1786688243089\"},{\"@id\":\"https:\\\/\\\/lacortedimarga.com\\\/il-castello-di-zumelle-viaggio-nel-maniero-delle-leggende-tra-le-prealpi-bellunesi\\\/#faq-question-1786688278716\"}],\"inLanguage\":\"en-GB\",\"potentialAction\":[{\"@type\":\"ReadAction\",\"target\":[\"https:\\\/\\\/lacortedimarga.com\\\/il-castello-di-zumelle-viaggio-nel-maniero-delle-leggende-tra-le-prealpi-bellunesi\\\/\"]}]},{\"@type\":\"ImageObject\",\"inLanguage\":\"en-GB\",\"@id\":\"https:\\\/\\\/lacortedimarga.com\\\/il-castello-di-zumelle-viaggio-nel-maniero-delle-leggende-tra-le-prealpi-bellunesi\\\/#primaryimage\",\"url\":\"https:\\\/\\\/lacortedimarga.com\\\/wp-content\\\/uploads\\\/2026\\\/08\\\/castello-di-zumelle-vista-aerea-borgo-valbelluna.jpg.jpg\",\"contentUrl\":\"https:\\\/\\\/lacortedimarga.com\\\/wp-content\\\/uploads\\\/2026\\\/08\\\/castello-di-zumelle-vista-aerea-borgo-valbelluna.jpg.jpg\",\"width\":1476,\"height\":780,\"caption\":\"Spettacolare vista aerea del Castello di Zumelle, arroccato tra i boschi della Valbelluna a soli 30 minuti da La Corte di Marga.\"},{\"@type\":\"BreadcrumbList\",\"@id\":\"https:\\\/\\\/lacortedimarga.com\\\/il-castello-di-zumelle-viaggio-nel-maniero-delle-leggende-tra-le-prealpi-bellunesi\\\/#breadcrumb\",\"itemListElement\":[{\"@type\":\"ListItem\",\"position\":1,\"name\":\"Home\",\"item\":\"https:\\\/\\\/lacortedimarga.com\\\/\"},{\"@type\":\"ListItem\",\"position\":2,\"name\":\"Il Castello di Zumelle: Viaggio nel Maniero delle Leggende tra le Prealpi Bellunesi\"}]},{\"@type\":\"WebSite\",\"@id\":\"https:\\\/\\\/lacortedimarga.com\\\/#website\",\"url\":\"https:\\\/\\\/lacortedimarga.com\\\/\",\"name\":\"La Corte di Marga\",\"description\":\"Prosecco Hills Holidays\",\"publisher\":{\"@id\":\"https:\\\/\\\/lacortedimarga.com\\\/#organization\"},\"potentialAction\":[{\"@type\":\"SearchAction\",\"target\":{\"@type\":\"EntryPoint\",\"urlTemplate\":\"https:\\\/\\\/lacortedimarga.com\\\/?s={search_term_string}\"},\"query-input\":{\"@type\":\"PropertyValueSpecification\",\"valueRequired\":true,\"valueName\":\"search_term_string\"}}],\"inLanguage\":\"en-GB\"},{\"@type\":\"Organization\",\"@id\":\"https:\\\/\\\/lacortedimarga.com\\\/#organization\",\"name\":\"La Corte di Marga\",\"url\":\"https:\\\/\\\/lacortedimarga.com\\\/\",\"logo\":{\"@type\":\"ImageObject\",\"inLanguage\":\"en-GB\",\"@id\":\"https:\\\/\\\/lacortedimarga.com\\\/#\\\/schema\\\/logo\\\/image\\\/\",\"url\":\"https:\\\/\\\/lacortedimarga.com\\\/wp-content\\\/uploads\\\/2025\\\/06\\\/logo-corti-di-marga.webp\",\"contentUrl\":\"https:\\\/\\\/lacortedimarga.com\\\/wp-content\\\/uploads\\\/2025\\\/06\\\/logo-corti-di-marga.webp\",\"width\":955,\"height\":529,\"caption\":\"La Corte di Marga\"},\"image\":{\"@id\":\"https:\\\/\\\/lacortedimarga.com\\\/#\\\/schema\\\/logo\\\/image\\\/\"},\"sameAs\":[\"https:\\\/\\\/www.facebook.com\\\/lacortedimarga\",\"https:\\\/\\\/www.instagram.com\\\/la_corte_di_marga\\\/\",\"https:\\\/\\\/www.tiktok.com\\\/@lacortedimarga\",\"https:\\\/\\\/www.youtube.com\\\/@lacortedimargaofficial\",\"https:\\\/\\\/www.linkedin.com\\\/company\\\/la-corte-di-marga-prosecco-hills-holiday\"]},{\"@type\":\"Person\",\"@id\":\"https:\\\/\\\/lacortedimarga.com\\\/#\\\/schema\\\/person\\\/35b8aa132ce672c39a5ece2e9b43b967\",\"name\":\"Roberto\",\"image\":{\"@type\":\"ImageObject\",\"inLanguage\":\"en-GB\",\"@id\":\"https:\\\/\\\/secure.gravatar.com\\\/avatar\\\/e3f271e90e735cdc34557ef9b92be1ad6f15d5bac04b51fa3cd10b4c11dac25e?s=96&d=mm&r=g\",\"url\":\"https:\\\/\\\/secure.gravatar.com\\\/avatar\\\/e3f271e90e735cdc34557ef9b92be1ad6f15d5bac04b51fa3cd10b4c11dac25e?s=96&d=mm&r=g\",\"contentUrl\":\"https:\\\/\\\/secure.gravatar.com\\\/avatar\\\/e3f271e90e735cdc34557ef9b92be1ad6f15d5bac04b51fa3cd10b4c11dac25e?s=96&d=mm&r=g\",\"caption\":\"Roberto\"},\"url\":\"https:\\\/\\\/lacortedimarga.com\\\/en\\\/author\\\/roberto\\\/\"},{\"@type\":\"Question\",\"@id\":\"https:\\\/\\\/lacortedimarga.com\\\/il-castello-di-zumelle-viaggio-nel-maniero-delle-leggende-tra-le-prealpi-bellunesi\\\/#faq-question-1786688197896\",\"position\":1,\"url\":\"https:\\\/\\\/lacortedimarga.com\\\/il-castello-di-zumelle-viaggio-nel-maniero-delle-leggende-tra-le-prealpi-bellunesi\\\/#faq-question-1786688197896\",\"name\":\"Il Castello di Zumelle \u00e8 adatto ai bambini?\",\"answerCount\":1,\"acceptedAnswer\":{\"@type\":\"Answer\",\"text\":\"Assolutamente s\u00ec! Zumelle \u00e8 uno dei castelli pi\u00f9 amati dai bambini in Veneto grazie all'atmosfera fiabesca, alle ricostruzioni interattive nelle stanze della torre e agli eventi rievocativi con cavalieri, arcieri e laboratori tematici organizzati frequentemente durante i fine settimana estivi.\",\"inLanguage\":\"en-GB\"},\"inLanguage\":\"en-GB\"},{\"@type\":\"Question\",\"@id\":\"https:\\\/\\\/lacortedimarga.com\\\/il-castello-di-zumelle-viaggio-nel-maniero-delle-leggende-tra-le-prealpi-bellunesi\\\/#faq-question-1786688243089\",\"position\":2,\"url\":\"https:\\\/\\\/lacortedimarga.com\\\/il-castello-di-zumelle-viaggio-nel-maniero-delle-leggende-tra-le-prealpi-bellunesi\\\/#faq-question-1786688243089\",\"name\":\"\u00c8 necessario prenotare prima di visitare il Castello di Zumelle?\",\"answerCount\":1,\"acceptedAnswer\":{\"@type\":\"Answer\",\"text\":\"Per la semplice visita al castello e alla torre non \u00e8 strettamente obbligatoria la prenotazione, ma \u00e8 fortemente consigliata nei fine settimana di luglio e agosto per evitare attese. Se desiderate pranzare nella Taverna Medievale del castello, la prenotazione del tavolo \u00e8 invece quasi indispensabile.\",\"inLanguage\":\"en-GB\"},\"inLanguage\":\"en-GB\"},{\"@type\":\"Question\",\"@id\":\"https:\\\/\\\/lacortedimarga.com\\\/il-castello-di-zumelle-viaggio-nel-maniero-delle-leggende-tra-le-prealpi-bellunesi\\\/#faq-question-1786688278716\",\"position\":3,\"url\":\"https:\\\/\\\/lacortedimarga.com\\\/il-castello-di-zumelle-viaggio-nel-maniero-delle-leggende-tra-le-prealpi-bellunesi\\\/#faq-question-1786688278716\",\"name\":\"Quanto dura la visita al Castello di Zumelle?\",\"answerCount\":1,\"acceptedAnswer\":{\"@type\":\"Answer\",\"text\":\"La visita autonoma della torre e degli interni del castello dura circa 1 ora - 1 ora e mezza. Considerando una passeggiata nei sentieri circostanti la fortezza e una sosta per il pranzo o una merenda nella taverna, consigliamo di dedicare all'esperienza circa 3 ore totali.\",\"inLanguage\":\"en-GB\"},\"inLanguage\":\"en-GB\"}]}<\/script>\n<!-- \/ Yoast SEO plugin. -->","yoast_head_json":{"title":"Zumelle Castle: A Guide to Legends, Towers and the Middle Ages","description":"Discover Castle Zumelle 30 minutes from La Corte di Marga. Complete guide featuring medieval legends, taverns and practical tips.","robots":{"index":"index","follow":"follow","max-snippet":"max-snippet:-1","max-image-preview":"max-image-preview:large","max-video-preview":"max-video-preview:-1"},"canonical":"https:\/\/lacortedimarga.com\/en\/castello-di-zumelle-a-journey-through-the-manor-of-legends-in-the-belluno-prealps\/","og_locale":"en_GB","og_type":"article","og_title":"Il Castello di Zumelle: Guida tra Leggende, Torri e Medioevo","og_description":"Scopri il Castello di Zumelle a 30 minuti da La Corte di Marga. Guida completa tra leggende medievali, taverne e consigli pratici.","og_url":"https:\/\/lacortedimarga.com\/en\/castello-di-zumelle-a-journey-through-the-manor-of-legends-in-the-belluno-prealps\/","og_site_name":"La Corte di Marga","article_publisher":"https:\/\/www.facebook.com\/lacortedimarga","article_published_time":"2026-08-14T06:22:05+00:00","article_modified_time":"2026-08-17T07:12:58+00:00","og_image":[{"width":1476,"height":780,"url":"https:\/\/lacortedimarga.com\/wp-content\/uploads\/2026\/08\/castello-di-zumelle-vista-aerea-borgo-valbelluna.jpg.jpg","type":"image\/jpeg"}],"author":"Roberto","twitter_card":"summary_large_image","twitter_misc":{"Written by":"Roberto","Estimated reading time":"6 minutes"},"schema":{"@context":"https:\/\/schema.org","@graph":[{"@type":"Article","@id":"https:\/\/lacortedimarga.com\/il-castello-di-zumelle-viaggio-nel-maniero-delle-leggende-tra-le-prealpi-bellunesi\/#article","isPartOf":{"@id":"https:\/\/lacortedimarga.com\/il-castello-di-zumelle-viaggio-nel-maniero-delle-leggende-tra-le-prealpi-bellunesi\/"},"author":{"name":"Roberto","@id":"https:\/\/lacortedimarga.com\/#\/schema\/person\/35b8aa132ce672c39a5ece2e9b43b967"},"headline":"Il Castello di Zumelle: Viaggio nel Maniero delle Leggende tra le Prealpi Bellunesi","datePublished":"2026-08-14T06:22:05+00:00","dateModified":"2026-08-17T07:12:58+00:00","mainEntityOfPage":{"@id":"https:\/\/lacortedimarga.com\/il-castello-di-zumelle-viaggio-nel-maniero-delle-leggende-tra-le-prealpi-bellunesi\/"},"wordCount":1107,"publisher":{"@id":"https:\/\/lacortedimarga.com\/#organization"},"image":{"@id":"https:\/\/lacortedimarga.com\/il-castello-di-zumelle-viaggio-nel-maniero-delle-leggende-tra-le-prealpi-bellunesi\/#primaryimage"},"thumbnailUrl":"https:\/\/lacortedimarga.com\/wp-content\/uploads\/2026\/08\/castello-di-zumelle-vista-aerea-borgo-valbelluna.jpg.jpg","keywords":["#BorgoValbelluna","#CastelliEFortezzeVicinoAMiane","#CastelloDiZumelle","#LaCortediMarga","#ProseccoHillsHolidays","#RobertoLaRosaHost"],"articleSection":["Anima &amp; Cultura: Slow Travel e Storia","Castelli e Fortezze"],"inLanguage":"en-GB"},{"@type":["WebPage","FAQPage"],"@id":"https:\/\/lacortedimarga.com\/il-castello-di-zumelle-viaggio-nel-maniero-delle-leggende-tra-le-prealpi-bellunesi\/","url":"https:\/\/lacortedimarga.com\/il-castello-di-zumelle-viaggio-nel-maniero-delle-leggende-tra-le-prealpi-bellunesi\/","name":"Zumelle Castle: A Guide to Legends, Towers and the Middle Ages","isPartOf":{"@id":"https:\/\/lacortedimarga.com\/#website"},"primaryImageOfPage":{"@id":"https:\/\/lacortedimarga.com\/il-castello-di-zumelle-viaggio-nel-maniero-delle-leggende-tra-le-prealpi-bellunesi\/#primaryimage"},"image":{"@id":"https:\/\/lacortedimarga.com\/il-castello-di-zumelle-viaggio-nel-maniero-delle-leggende-tra-le-prealpi-bellunesi\/#primaryimage"},"thumbnailUrl":"https:\/\/lacortedimarga.com\/wp-content\/uploads\/2026\/08\/castello-di-zumelle-vista-aerea-borgo-valbelluna.jpg.jpg","datePublished":"2026-08-14T06:22:05+00:00","dateModified":"2026-08-17T07:12:58+00:00","description":"Discover Castle Zumelle 30 minutes from La Corte di Marga. Complete guide featuring medieval legends, taverns and practical tips.","breadcrumb":{"@id":"https:\/\/lacortedimarga.com\/il-castello-di-zumelle-viaggio-nel-maniero-delle-leggende-tra-le-prealpi-bellunesi\/#breadcrumb"},"mainEntity":[{"@id":"https:\/\/lacortedimarga.com\/il-castello-di-zumelle-viaggio-nel-maniero-delle-leggende-tra-le-prealpi-bellunesi\/#faq-question-1786688197896"},{"@id":"https:\/\/lacortedimarga.com\/il-castello-di-zumelle-viaggio-nel-maniero-delle-leggende-tra-le-prealpi-bellunesi\/#faq-question-1786688243089"},{"@id":"https:\/\/lacortedimarga.com\/il-castello-di-zumelle-viaggio-nel-maniero-delle-leggende-tra-le-prealpi-bellunesi\/#faq-question-1786688278716"}],"inLanguage":"en-GB","potentialAction":[{"@type":"ReadAction","target":["https:\/\/lacortedimarga.com\/il-castello-di-zumelle-viaggio-nel-maniero-delle-leggende-tra-le-prealpi-bellunesi\/"]}]},{"@type":"ImageObject","inLanguage":"en-GB","@id":"https:\/\/lacortedimarga.com\/il-castello-di-zumelle-viaggio-nel-maniero-delle-leggende-tra-le-prealpi-bellunesi\/#primaryimage","url":"https:\/\/lacortedimarga.com\/wp-content\/uploads\/2026\/08\/castello-di-zumelle-vista-aerea-borgo-valbelluna.jpg.jpg","contentUrl":"https:\/\/lacortedimarga.com\/wp-content\/uploads\/2026\/08\/castello-di-zumelle-vista-aerea-borgo-valbelluna.jpg.jpg","width":1476,"height":780,"caption":"Spettacolare vista aerea del Castello di Zumelle, arroccato tra i boschi della Valbelluna a soli 30 minuti da La Corte di Marga."},{"@type":"BreadcrumbList","@id":"https:\/\/lacortedimarga.com\/il-castello-di-zumelle-viaggio-nel-maniero-delle-leggende-tra-le-prealpi-bellunesi\/#breadcrumb","itemListElement":[{"@type":"ListItem","position":1,"name":"Home","item":"https:\/\/lacortedimarga.com\/"},{"@type":"ListItem","position":2,"name":"Il Castello di Zumelle: Viaggio nel Maniero delle Leggende tra le Prealpi Bellunesi"}]},{"@type":"WebSite","@id":"https:\/\/lacortedimarga.com\/#website","url":"https:\/\/lacortedimarga.com\/","name":"The Court of Marga","description":"Prosecco Hills Holidays","publisher":{"@id":"https:\/\/lacortedimarga.com\/#organization"},"potentialAction":[{"@type":"SearchAction","target":{"@type":"EntryPoint","urlTemplate":"https:\/\/lacortedimarga.com\/?s={search_term_string}"},"query-input":{"@type":"PropertyValueSpecification","valueRequired":true,"valueName":"search_term_string"}}],"inLanguage":"en-GB"},{"@type":"Organization","@id":"https:\/\/lacortedimarga.com\/#organization","name":"The Court of Marga","url":"https:\/\/lacortedimarga.com\/","logo":{"@type":"ImageObject","inLanguage":"en-GB","@id":"https:\/\/lacortedimarga.com\/#\/schema\/logo\/image\/","url":"https:\/\/lacortedimarga.com\/wp-content\/uploads\/2025\/06\/logo-corti-di-marga.webp","contentUrl":"https:\/\/lacortedimarga.com\/wp-content\/uploads\/2025\/06\/logo-corti-di-marga.webp","width":955,"height":529,"caption":"La Corte di Marga"},"image":{"@id":"https:\/\/lacortedimarga.com\/#\/schema\/logo\/image\/"},"sameAs":["https:\/\/www.facebook.com\/lacortedimarga","https:\/\/www.instagram.com\/la_corte_di_marga\/","https:\/\/www.tiktok.com\/@lacortedimarga","https:\/\/www.youtube.com\/@lacortedimargaofficial","https:\/\/www.linkedin.com\/company\/la-corte-di-marga-prosecco-hills-holiday"]},{"@type":"Person","@id":"https:\/\/lacortedimarga.com\/#\/schema\/person\/35b8aa132ce672c39a5ece2e9b43b967","name":"Roberto","image":{"@type":"ImageObject","inLanguage":"en-GB","@id":"https:\/\/secure.gravatar.com\/avatar\/e3f271e90e735cdc34557ef9b92be1ad6f15d5bac04b51fa3cd10b4c11dac25e?s=96&d=mm&r=g","url":"https:\/\/secure.gravatar.com\/avatar\/e3f271e90e735cdc34557ef9b92be1ad6f15d5bac04b51fa3cd10b4c11dac25e?s=96&d=mm&r=g","contentUrl":"https:\/\/secure.gravatar.com\/avatar\/e3f271e90e735cdc34557ef9b92be1ad6f15d5bac04b51fa3cd10b4c11dac25e?s=96&d=mm&r=g","caption":"Roberto"},"url":"https:\/\/lacortedimarga.com\/en\/author\/roberto\/"},{"@type":"Question","@id":"https:\/\/lacortedimarga.com\/il-castello-di-zumelle-viaggio-nel-maniero-delle-leggende-tra-le-prealpi-bellunesi\/#faq-question-1786688197896","position":1,"url":"https:\/\/lacortedimarga.com\/il-castello-di-zumelle-viaggio-nel-maniero-delle-leggende-tra-le-prealpi-bellunesi\/#faq-question-1786688197896","name":"Is Castello di Zumelle suitable for children?","answerCount":1,"acceptedAnswer":{"@type":"Answer","text":"Assolutamente s\u00ec! Zumelle \u00e8 uno dei castelli pi\u00f9 amati dai bambini in Veneto grazie all'atmosfera fiabesca, alle ricostruzioni interattive nelle stanze della torre e agli eventi rievocativi con cavalieri, arcieri e laboratori tematici organizzati frequentemente durante i fine settimana estivi.","inLanguage":"en-GB"},"inLanguage":"en-GB"},{"@type":"Question","@id":"https:\/\/lacortedimarga.com\/il-castello-di-zumelle-viaggio-nel-maniero-delle-leggende-tra-le-prealpi-bellunesi\/#faq-question-1786688243089","position":2,"url":"https:\/\/lacortedimarga.com\/il-castello-di-zumelle-viaggio-nel-maniero-delle-leggende-tra-le-prealpi-bellunesi\/#faq-question-1786688243089","name":"Is it necessary to book before visiting Zumelle Castle?","answerCount":1,"acceptedAnswer":{"@type":"Answer","text":"Per la semplice visita al castello e alla torre non \u00e8 strettamente obbligatoria la prenotazione, ma \u00e8 fortemente consigliata nei fine settimana di luglio e agosto per evitare attese. Se desiderate pranzare nella Taverna Medievale del castello, la prenotazione del tavolo \u00e8 invece quasi indispensabile.","inLanguage":"en-GB"},"inLanguage":"en-GB"},{"@type":"Question","@id":"https:\/\/lacortedimarga.com\/il-castello-di-zumelle-viaggio-nel-maniero-delle-leggende-tra-le-prealpi-bellunesi\/#faq-question-1786688278716","position":3,"url":"https:\/\/lacortedimarga.com\/il-castello-di-zumelle-viaggio-nel-maniero-delle-leggende-tra-le-prealpi-bellunesi\/#faq-question-1786688278716","name":"How long does the visit to Zumelle Castle take?","answerCount":1,"acceptedAnswer":{"@type":"Answer","text":"La visita autonoma della torre e degli interni del castello dura circa 1 ora - 1 ora e mezza. Considerando una passeggiata nei sentieri circostanti la fortezza e una sosta per il pranzo o una merenda nella taverna, consigliamo di dedicare all'esperienza circa 3 ore totali.","inLanguage":"en-GB"},"inLanguage":"en-GB"}]}},"_links":{"self":[{"href":"https:\/\/lacortedimarga.com\/en\/wp-json\/wp\/v2\/posts\/2815","targetHints":{"allow":["GET"]}}],"collection":[{"href":"https:\/\/lacortedimarga.com\/en\/wp-json\/wp\/v2\/posts"}],"about":[{"href":"https:\/\/lacortedimarga.com\/en\/wp-json\/wp\/v2\/types\/post"}],"author":[{"embeddable":true,"href":"https:\/\/lacortedimarga.com\/en\/wp-json\/wp\/v2\/users\/3"}],"replies":[{"embeddable":true,"href":"https:\/\/lacortedimarga.com\/en\/wp-json\/wp\/v2\/comments?post=2815"}],"version-history":[{"count":4,"href":"https:\/\/lacortedimarga.com\/en\/wp-json\/wp\/v2\/posts\/2815\/revisions"}],"predecessor-version":[{"id":2895,"href":"https:\/\/lacortedimarga.com\/en\/wp-json\/wp\/v2\/posts\/2815\/revisions\/2895"}],"wp:featuredmedia":[{"embeddable":true,"href":"https:\/\/lacortedimarga.com\/en\/wp-json\/wp\/v2\/media\/2818"}],"wp:attachment":[{"href":"https:\/\/lacortedimarga.com\/en\/wp-json\/wp\/v2\/media?parent=2815"}],"wp:term":[{"taxonomy":"category","embeddable":true,"href":"https:\/\/lacortedimarga.com\/en\/wp-json\/wp\/v2\/categories?post=2815"},{"taxonomy":"post_tag","embeddable":true,"href":"https:\/\/lacortedimarga.com\/en\/wp-json\/wp\/v2\/tags?post=2815"}],"curies":[{"name":"Or, if you meant to type \"wp\", here are a few possibilities:\n\n*   **WP** (often stands for WordPress)\n*   **We'll be**\n*   **What's up?**","href":"https:\/\/api.w.org\/{rel}","templated":true}]}}