{"id":2916,"date":"2026-08-19T08:18:57","date_gmt":"2026-08-19T08:18:57","guid":{"rendered":"https:\/\/lacortedimarga.com\/?p=2916"},"modified":"2026-08-19T08:18:58","modified_gmt":"2026-08-19T08:18:58","slug":"green-hills-prosecco-miane-philosophy","status":"publish","type":"post","link":"https:\/\/lacortedimarga.com\/en\/filosofia-green-colline-prosecco-miane\/","title":{"rendered":"Sleeping in the Prosecco Hills: Our green philosophy and respect for nature"},"content":{"rendered":"<p>The Prosecco Hills of Conegliano and Valdobbiadene, a UNESCO World Heritage Site since 2019, are one of Veneto's most sought-after destinations. Amongst breathtaking views, historic villages and food and wine excellence, thousands of tourists arrive every year in search of an authentic experience in touch with nature.<\/p>\n\n\n\n<p>However, there is a (more than legitimate) question that an increasing number of guests \u2013 especially families with children or people who are mindful of environmental issues \u2013 ask us before booking: <strong>\u201cHow close are you to the vineyards? Are there any issues with agricultural treatments?\u201d<\/strong><\/p>\n\n\n\n<p>A <strong>The Court of Marga<\/strong>, we have made this theme our main strength. We have chosen to create a protected oasis, where slow and sustainable tourism meets total respect for the environment and the peace and quiet of our guests.<\/p>\n\n\n\n<figure class=\"wp-block-image size-large\"><img loading=\"lazy\" decoding=\"async\" width=\"1024\" height=\"768\" src=\"https:\/\/lacortedimarga.com\/wp-content\/uploads\/2026\/08\/La_Corte_di_Marga_esterni_vista_giardino_patio-1024x768.webp\" alt=\"lush green garden of La Corte di Marga with a flowering tree and the wooded hills of Miane in the background without adjacent vineyards.\" class=\"wp-image-2923\" srcset=\"https:\/\/lacortedimarga.com\/wp-content\/uploads\/2026\/08\/La_Corte_di_Marga_esterni_vista_giardino_patio-1024x768.webp 1024w, https:\/\/lacortedimarga.com\/wp-content\/uploads\/2026\/08\/La_Corte_di_Marga_esterni_vista_giardino_patio-300x225.webp 300w, https:\/\/lacortedimarga.com\/wp-content\/uploads\/2026\/08\/La_Corte_di_Marga_esterni_vista_giardino_patio-768x576.webp 768w, https:\/\/lacortedimarga.com\/wp-content\/uploads\/2026\/08\/La_Corte_di_Marga_esterni_vista_giardino_patio-16x12.webp 16w, https:\/\/lacortedimarga.com\/wp-content\/uploads\/2026\/08\/La_Corte_di_Marga_esterni_vista_giardino_patio.webp 1500w\" sizes=\"auto, (max-width: 1024px) 100vw, 1024px\" \/><figcaption class=\"wp-element-caption\">Our private garden: ample green spaces, unspoilt nature and no proximity to intensive viticulture.<\/figcaption><\/figure>\n\n\n\n<h2 class=\"wp-block-heading\"><strong>Our location: Right in the heart of UNESCO, but in a protected oasis<\/strong><\/h2>\n\n\n\n<p>La Corte di Marga is located in Miane, a historic village situated in a strategic and peaceful location. Unlike many accommodation facilities built directly among the vineyards or close to agricultural businesses, <strong>We do not have neighbouring vineyards.<\/strong><\/p>\n\n\n\n<p>We are in an elevated and secluded position, surrounded by the green hills, woods and our large private garden. This natural \u201cbuffer zone\u201d \u2013 which also includes other homes situated away from the agricultural rows \u2013 acts as a natural barrier.<\/p>\n\n\n\n<p><strong>What does this mean to you?<\/strong><\/p>\n\n\n\n<ul class=\"wp-block-list\">\n<li><strong>No exposure to agricultural treatments:<\/strong> The nearest vineyards are at least 500-600 metres away, separated by green belts and houses. This guarantees clean air and no exposure to pesticides or chemicals used in intensive viticulture.<\/li>\n\n\n\n<li><strong>Silence and peace:<\/strong> Staying at La Corte di Marga means not being woken at dawn by the noise of agricultural machinery (such as tractors or atomisers), which is very common in other areas, especially during the spring and summer months.<\/li>\n\n\n\n<li><strong>Family security:<\/strong> Children can run and play in complete safety and freedom in our garden and around the swimming pool, breathing clean air in contact with the unspoilt nature of the surrounding woods.<\/li>\n<\/ul>\n\n\n\n<figure class=\"wp-block-image size-large\"><img loading=\"lazy\" decoding=\"async\" width=\"1024\" height=\"683\" src=\"https:\/\/lacortedimarga.com\/wp-content\/uploads\/2026\/08\/piscina-all-aperto-relax-la-corte-di-marga-1024x683.webp\" alt=\"Outdoor swimming pool with sun loungers in the enclosed garden of La Corte di Marga in Miane\" class=\"wp-image-2924\" srcset=\"https:\/\/lacortedimarga.com\/wp-content\/uploads\/2026\/08\/piscina-all-aperto-relax-la-corte-di-marga-1024x683.webp 1024w, https:\/\/lacortedimarga.com\/wp-content\/uploads\/2026\/08\/piscina-all-aperto-relax-la-corte-di-marga-300x200.webp 300w, https:\/\/lacortedimarga.com\/wp-content\/uploads\/2026\/08\/piscina-all-aperto-relax-la-corte-di-marga-768x512.webp 768w, https:\/\/lacortedimarga.com\/wp-content\/uploads\/2026\/08\/piscina-all-aperto-relax-la-corte-di-marga-18x12.webp 18w, https:\/\/lacortedimarga.com\/wp-content\/uploads\/2026\/08\/piscina-all-aperto-relax-la-corte-di-marga.webp 1500w\" sizes=\"auto, (max-width: 1024px) 100vw, 1024px\" \/><figcaption class=\"wp-element-caption\">The swimming pool reserved for our guests: the ideal place to cool off and relax in complete peace.<\/figcaption><\/figure>\n\n\n\n<h2 class=\"wp-block-heading\"><strong>Our idea of sustainability on holiday<\/strong><\/h2>\n\n\n\n<p>It is not just a matter of geographical location. At La Corte di Marga, we believe that the greatest luxury today is being able to disconnect from hectic rhythms while respecting the environment that hosts us. For this reason, our \u201cgreen philosophy\u201d embraces various aspects of hospitality:<\/p>\n\n\n\n<h3 class=\"wp-block-heading\"><strong>1. Energy Efficiency and Clean Comfort<\/strong><\/h3>\n\n\n\n<p>We have heavily invested in the renovation of our facilities. All of our apartments (such as <em>Villa Marga<\/em> or the spacious flats <em>Ginetta<\/em> e <em>Gustet<\/em>) are equipped with <strong>latest-generation high-efficiency air conditioning systems<\/strong>. Furthermore, we pay the utmost attention to the sanitation of the premises, ensuring healthy air inside every accommodation.<\/p>\n\n\n\n<h3 class=\"wp-block-heading\"><strong>2. Enhancement of the Local Area and Economy<\/strong><\/h3>\n\n\n\n<p>In the apartments you will find modern and fully equipped kitchens, but... <strong>there is no conventional oven<\/strong>. It is a deliberate choice: we want to encourage you to truly experience the local area! The Prosecco Hills are dotted with traditional osterias, small local producers and extraordinary restaurants. We believe that sustainable tourism also means supporting the local economy, discovering authentic flavours rather than cooking complex meals at home.<\/p>\n\n\n\n<h3 class=\"wp-block-heading\"><strong>3. Sustainable mobility and nature-based experiences<\/strong><\/h3>\n\n\n\n<p>From our property in Miane, wonderful walking and cycling routes start. We support and promote low-impact outdoor activities. For example, we actively collaborate with local guides to <strong>horse riding<\/strong> (such as those offered by the nearby Ranch Val di Ronch in Rolle), guided treks and even <em>Dog trekking<\/em>, to explore the trails in the company of your four-legged friends (who are very welcome here!).<\/p>\n\n\n\n<h2 class=\"wp-block-heading\"><strong>Who do we recommend La Corte di Marga to?<\/strong><\/h2>\n\n\n\n<p>If you are looking for a place where human and agricultural impact is kept at a distance, <strong>La Corte di Marga is your ideal retreat<\/strong>.<\/p>\n\n\n\n<p>We are the perfect choice for:<\/p>\n\n\n\n<ul class=\"wp-block-list\">\n<li><strong>Families with children<\/strong> who are looking for wide safe green spaces, a pool for relaxation and a healthy environment far away from intensive farming.<\/li>\n\n\n\n<li><strong>Environmentally conscious people<\/strong> who want a gentler, more respectful and eco-sustainable approach to tourism.<\/li>\n\n\n\n<li><strong>Digital Nomads or Remote Workers<\/strong> who need silence, fast Wi-Fi and an absolute \u201cbubble\u201d of peace to work and recharge, without the noise of agricultural machinery.<\/li>\n\n\n\n<li><strong>Lovers of pure relaxation<\/strong> who want to enjoy the Prosecco Hills at a slow pace, completely switching off.<\/li>\n<\/ul>\n\n\n\n<p>We look forward to welcoming you to Miane so you can experience the authentic beauty of this area, in full harmony with nature and your wellbeing.<\/p>\n\n\n\n<h2 class=\"wp-block-heading\"><a href=\"https:\/\/lacortedimarga.com\/en\/faq\/\">USEFUL QUESTIONS TO KNOW<\/a><\/h2>\n\n\n\n<h3 class=\"wp-block-heading\">\ud83d\udfe2 Location, Vineyards and Environmental Safety<\/h3>\n\n\n\n<div class=\"schema-faq wp-block-yoast-faq-block\"><div class=\"schema-faq-section\" id=\"faq-question-1787120958829\"><strong class=\"schema-faq-question\">Is Corte di Marga right next to the vineyards? Are there any issues with agricultural treatments?<\/strong> <p class=\"schema-faq-answer\">No, La Corte di Marga is located in the hillside centre of Miane and has no adjoining vineyards. The nearest rows of vines are over 500 metres away and are separated by houses and natural green belts. Our location guarantees clean air, no exposure to pesticides and utmost tranquillity for guests.<\/p> <\/div> <div class=\"schema-faq-section\" id=\"faq-question-1787120993822\"><strong class=\"schema-faq-question\">During the stay at La Corte di Marga, can you hear the noise of agricultural machinery?<\/strong> <p class=\"schema-faq-answer\">No. Being located in a protected hillside oasis with no intensive viticulture immediately nearby, our guests enjoy total silence, without being woken by the noise of tractors or sprayers typical of areas close to the rows of vines.<\/p> <\/div> <div class=\"schema-faq-section\" id=\"faq-question-1787121033279\"><strong class=\"schema-faq-question\">Is the property suitable for families with children or people who are environmentally conscious?<\/strong> <p class=\"schema-faq-answer\">Yes, absolutely. The Corte di Marga is the ideal choice for families and health-conscious guests thanks to the absence of nearby agricultural treatments, the clean air and the large private enclosed garden where children can play in total safety.<\/p> <\/div> <\/div>\n\n\n\n<h3 class=\"wp-block-heading\">\ud83d\udd35 Accommodation, Kitchens and Comfort<\/h3>\n\n\n\n<div class=\"schema-faq wp-block-yoast-faq-block\"><div class=\"schema-faq-section\" id=\"faq-question-1787121166763\"><strong class=\"schema-faq-question\">Why is there no traditional oven in the kitchens of La Corte di Marga?<\/strong> <p class=\"schema-faq-answer\">Our kitchens are equipped with a fridge, hob, dishwasher in some apartments, and all utensils. We have chosen not to include an oven to promote sustainable tourism and invite guests to discover the historic osterias and traditional trattorias of the Prosecco Hills.<\/p> <\/div> <div class=\"schema-faq-section\" id=\"faq-question-1787121231865\"><strong class=\"schema-faq-question\">Are the apartments equipped with air conditioning and Wi-Fi for remote working?<\/strong> <p class=\"schema-faq-answer\">Yes, all our accommodation <a href=\"https:\/\/lacortedimarga.com\/en\/villa-marga\/\">Villa Marga <\/a>, <a href=\"https:\/\/lacortedimarga.com\/en\/flat-ginetta-8\/\">Ginetta 8<\/a>, <a href=\"https:\/\/lacortedimarga.com\/en\/flat-ginetta-2\/\">Ginetta 2<\/a>, <a href=\"https:\/\/lacortedimarga.com\/en\/flat-gustet-5\/\">Gustet 5<\/a> (except for the <a href=\"https:\/\/lacortedimarga.com\/en\/flat-gustet-3\/\">Gustet 3<\/a>) feature state-of-the-art air conditioning systems and free high-speed Wi-Fi, perfect even for those who want to work remotely in the quiet of the hills.<\/p> <\/div> <div class=\"schema-faq-section\" id=\"faq-question-1787121289692\"><strong class=\"schema-faq-question\">What is the best solution for a group of 6 or 8 people?<\/strong> <p class=\"schema-faq-answer\">For groups of 6-8 people we recommend <strong>Villa Marga<\/strong> (detached 3-bedroom, 2-bathroom villa) or the\u2019<strong>Flat Ginetta 8<\/strong> (4 bedrooms and 2 bathrooms). Both solutions offer spacious rooms and maximum privacy.<\/p> <\/div> <\/div>\n\n\n\n<h3 class=\"wp-block-heading\">\ud83d\udfe1 Swimming pool, Animals and Experiences<\/h3>\n\n\n\n<div class=\"schema-faq wp-block-yoast-faq-block\"><div class=\"schema-faq-section\" id=\"faq-question-1787121357173\"><strong class=\"schema-faq-question\">Is the swimming pool at La Corte di Marga private or shared? When is it open?<\/strong> <p class=\"schema-faq-answer\">The swimming pool is located in our garden and is shared among the guests of the residence. It is a seasonal, unheated pool open from April to October, ideal for cooling off after a hike through the Prosecco Hills.<\/p> <\/div> <div class=\"schema-faq-section\" id=\"faq-question-1787121394260\"><strong class=\"schema-faq-question\">Are dogs and pets allowed at La Corte di Marga?<\/strong> <p class=\"schema-faq-answer\">Yes, pets are welcome in all our apartments subject to notification at the time of booking. Upon request, we also offer guided dog trekking experiences with a dog trainer in the local area.<\/p> <\/div> <div class=\"schema-faq-section\" id=\"faq-question-1787121432423\"><strong class=\"schema-faq-question\">What outdoor activities can be done near Miane?<\/strong> <p class=\"schema-faq-answer\">Walking trails and bicycle routes start from the property. In addition, we collaborate with local operators to organise horse-riding excursions in the UNESCO Prosecco Hills and food and wine experiences.<\/p> <\/div> <div class=\"schema-faq-section\" id=\"faq-question-1787121462232\"><strong class=\"schema-faq-question\">How can I book at the best guaranteed price?<\/strong> <p class=\"schema-faq-answer\">The best price and most flexible conditions are always found by booking directly on our official website <a href=\"https:\/\/lacortedimarga.com\/en\/\">www.lacortedimarga.com<\/a><\/p> <\/div> <\/div>","protected":false},"excerpt":{"rendered":"<p>Le Colline del Prosecco di Conegliano e Valdobbiadene, dal 2019 Patrimonio dell&#8217;Umanit\u00e0 UNESCO, sono una delle mete pi\u00f9 ambite del Veneto. Tra panorami mozzafiato, borghi storici ed eccellenze enogastronomiche, migliaia di turisti arrivano ogni anno in cerca di un&#8217;esperienza autentica a contatto con la natura. Tuttavia, c&#8217;\u00e8 una domanda (pi\u00f9 che legittima) che sempre pi\u00f9 [&hellip;]<\/p>\n","protected":false},"author":3,"featured_media":2922,"comment_status":"closed","ping_status":"open","sticky":false,"template":"","format":"standard","meta":{"_breakdance_hide_in_design_set":false,"_breakdance_tags":"","footnotes":""},"categories":[9,10],"tags":[43,20,195,22,28,286,285,208,63,24],"class_list":["post-2916","post","type-post","status-publish","format-standard","has-post-thumbnail","hentry","category-anima-cultura-slow-travel-e-storia","category-esperienza-in-struttura-guest-guide-news","tag-esperienzaincorte","tag-lacortedimarga","tag-lacortedimargablog","tag-miane","tag-naturaeapprendimento","tag-perfriendly","tag-piscinacollinedelprosecco","tag-turismosostenibile","tag-vacanzenatura","tag-visitveneto"],"yoast_head":"<!-- This site is optimized with the Yoast SEO plugin v28.2 - https:\/\/yoast.com\/product\/yoast-seo-wordpress\/ -->\n<title>Dormire nelle Colline del Prosecco: Filosofia Green &amp; Natura<\/title>\n<meta name=\"description\" content=\"Cerchi una vacanza a Miane lontano dai trattamenti agricoli? Scopri la posizione protetta e la filosofia green de La Corte di Marga. Prenota ora!\" \/>\n<meta name=\"robots\" content=\"index, follow, max-snippet:-1, max-image-preview:large, max-video-preview:-1\" \/>\n<link rel=\"canonical\" href=\"https:\/\/lacortedimarga.com\/en\/green-hills-prosecco-miane-philosophy\/\" \/>\n<meta property=\"og:locale\" content=\"en_GB\" \/>\n<meta property=\"og:type\" content=\"article\" \/>\n<meta property=\"og:title\" content=\"Dormire nelle Colline del Prosecco: Filosofia Green &amp; Natura\" \/>\n<meta property=\"og:description\" content=\"Cerchi una vacanza a Miane lontano dai trattamenti agricoli? Scopri la posizione protetta e la filosofia green de La Corte di Marga. Prenota ora!\" \/>\n<meta property=\"og:url\" content=\"https:\/\/lacortedimarga.com\/en\/green-hills-prosecco-miane-philosophy\/\" \/>\n<meta property=\"og:site_name\" content=\"La Corte di Marga\" \/>\n<meta property=\"article:publisher\" content=\"https:\/\/www.facebook.com\/lacortedimarga\" \/>\n<meta property=\"article:published_time\" content=\"2026-08-19T08:18:57+00:00\" \/>\n<meta property=\"article:modified_time\" content=\"2026-08-19T08:18:58+00:00\" \/>\n<meta property=\"og:image\" content=\"https:\/\/lacortedimarga.com\/wp-content\/uploads\/2026\/08\/La_Corte_di_Marga_esterni_vista_ingresso.webp\" \/>\n\t<meta property=\"og:image:width\" content=\"1500\" \/>\n\t<meta property=\"og:image:height\" content=\"1125\" \/>\n\t<meta property=\"og:image:type\" content=\"image\/webp\" \/>\n<meta name=\"author\" content=\"Roberto\" \/>\n<meta name=\"twitter:card\" content=\"summary_large_image\" \/>\n<meta name=\"twitter:label1\" content=\"Written by\" \/>\n\t<meta name=\"twitter:data1\" content=\"Roberto\" \/>\n\t<meta name=\"twitter:label2\" content=\"Estimated reading time\" \/>\n\t<meta name=\"twitter:data2\" content=\"8 minutes\" \/>\n<script type=\"application\/ld+json\" class=\"yoast-schema-graph\">{\"@context\":\"https:\\\/\\\/schema.org\",\"@graph\":[{\"@type\":\"Article\",\"@id\":\"https:\\\/\\\/lacortedimarga.com\\\/filosofia-green-colline-prosecco-miane\\\/#article\",\"isPartOf\":{\"@id\":\"https:\\\/\\\/lacortedimarga.com\\\/filosofia-green-colline-prosecco-miane\\\/\"},\"author\":{\"name\":\"Roberto\",\"@id\":\"https:\\\/\\\/lacortedimarga.com\\\/#\\\/schema\\\/person\\\/35b8aa132ce672c39a5ece2e9b43b967\"},\"headline\":\"Dormire nelle Colline del Prosecco: La nostra filosofia green e il rispetto della natura\",\"datePublished\":\"2026-08-19T08:18:57+00:00\",\"dateModified\":\"2026-08-19T08:18:58+00:00\",\"mainEntityOfPage\":{\"@id\":\"https:\\\/\\\/lacortedimarga.com\\\/filosofia-green-colline-prosecco-miane\\\/\"},\"wordCount\":1282,\"publisher\":{\"@id\":\"https:\\\/\\\/lacortedimarga.com\\\/#organization\"},\"image\":{\"@id\":\"https:\\\/\\\/lacortedimarga.com\\\/filosofia-green-colline-prosecco-miane\\\/#primaryimage\"},\"thumbnailUrl\":\"https:\\\/\\\/lacortedimarga.com\\\/wp-content\\\/uploads\\\/2026\\\/08\\\/La_Corte_di_Marga_esterni_vista_ingresso.webp\",\"keywords\":[\"#EsperienzaInCorte\",\"#LaCortediMarga\",\"#LaCorteDiMargaBlog\",\"#Miane\",\"#NaturaEApprendimento\",\"#PerFriendly\",\"#PiscinaCollineDelProsecco\",\"#TurismoSostenibile\",\"#VacanzeNatura\",\"#VisitVeneto\"],\"articleSection\":[\"Anima &amp; Cultura: Slow Travel e Storia\",\"Esperienza in Struttura: Guest Guide &amp; News\"],\"inLanguage\":\"en-GB\"},{\"@type\":[\"WebPage\",\"FAQPage\"],\"@id\":\"https:\\\/\\\/lacortedimarga.com\\\/filosofia-green-colline-prosecco-miane\\\/\",\"url\":\"https:\\\/\\\/lacortedimarga.com\\\/filosofia-green-colline-prosecco-miane\\\/\",\"name\":\"Dormire nelle Colline del Prosecco: Filosofia Green & Natura\",\"isPartOf\":{\"@id\":\"https:\\\/\\\/lacortedimarga.com\\\/#website\"},\"primaryImageOfPage\":{\"@id\":\"https:\\\/\\\/lacortedimarga.com\\\/filosofia-green-colline-prosecco-miane\\\/#primaryimage\"},\"image\":{\"@id\":\"https:\\\/\\\/lacortedimarga.com\\\/filosofia-green-colline-prosecco-miane\\\/#primaryimage\"},\"thumbnailUrl\":\"https:\\\/\\\/lacortedimarga.com\\\/wp-content\\\/uploads\\\/2026\\\/08\\\/La_Corte_di_Marga_esterni_vista_ingresso.webp\",\"datePublished\":\"2026-08-19T08:18:57+00:00\",\"dateModified\":\"2026-08-19T08:18:58+00:00\",\"description\":\"Cerchi una vacanza a Miane lontano dai trattamenti agricoli? Scopri la posizione protetta e la filosofia green de La Corte di Marga. Prenota ora!\",\"breadcrumb\":{\"@id\":\"https:\\\/\\\/lacortedimarga.com\\\/filosofia-green-colline-prosecco-miane\\\/#breadcrumb\"},\"mainEntity\":[{\"@id\":\"https:\\\/\\\/lacortedimarga.com\\\/filosofia-green-colline-prosecco-miane\\\/#faq-question-1787120958829\"},{\"@id\":\"https:\\\/\\\/lacortedimarga.com\\\/filosofia-green-colline-prosecco-miane\\\/#faq-question-1787120993822\"},{\"@id\":\"https:\\\/\\\/lacortedimarga.com\\\/filosofia-green-colline-prosecco-miane\\\/#faq-question-1787121033279\"},{\"@id\":\"https:\\\/\\\/lacortedimarga.com\\\/filosofia-green-colline-prosecco-miane\\\/#faq-question-1787121166763\"},{\"@id\":\"https:\\\/\\\/lacortedimarga.com\\\/filosofia-green-colline-prosecco-miane\\\/#faq-question-1787121231865\"},{\"@id\":\"https:\\\/\\\/lacortedimarga.com\\\/filosofia-green-colline-prosecco-miane\\\/#faq-question-1787121289692\"},{\"@id\":\"https:\\\/\\\/lacortedimarga.com\\\/filosofia-green-colline-prosecco-miane\\\/#faq-question-1787121357173\"},{\"@id\":\"https:\\\/\\\/lacortedimarga.com\\\/filosofia-green-colline-prosecco-miane\\\/#faq-question-1787121394260\"},{\"@id\":\"https:\\\/\\\/lacortedimarga.com\\\/filosofia-green-colline-prosecco-miane\\\/#faq-question-1787121432423\"},{\"@id\":\"https:\\\/\\\/lacortedimarga.com\\\/filosofia-green-colline-prosecco-miane\\\/#faq-question-1787121462232\"}],\"inLanguage\":\"en-GB\",\"potentialAction\":[{\"@type\":\"ReadAction\",\"target\":[\"https:\\\/\\\/lacortedimarga.com\\\/filosofia-green-colline-prosecco-miane\\\/\"]}]},{\"@type\":\"ImageObject\",\"inLanguage\":\"en-GB\",\"@id\":\"https:\\\/\\\/lacortedimarga.com\\\/filosofia-green-colline-prosecco-miane\\\/#primaryimage\",\"url\":\"https:\\\/\\\/lacortedimarga.com\\\/wp-content\\\/uploads\\\/2026\\\/08\\\/La_Corte_di_Marga_esterni_vista_ingresso.webp\",\"contentUrl\":\"https:\\\/\\\/lacortedimarga.com\\\/wp-content\\\/uploads\\\/2026\\\/08\\\/La_Corte_di_Marga_esterni_vista_ingresso.webp\",\"width\":1500,\"height\":1125,\"caption\":\"Il nostro giardino privato: ampi spazi verdi, natura incontaminata e nessuna vicinanza con la viticoltura intensiva.\"},{\"@type\":\"BreadcrumbList\",\"@id\":\"https:\\\/\\\/lacortedimarga.com\\\/filosofia-green-colline-prosecco-miane\\\/#breadcrumb\",\"itemListElement\":[{\"@type\":\"ListItem\",\"position\":1,\"name\":\"Home\",\"item\":\"https:\\\/\\\/lacortedimarga.com\\\/\"},{\"@type\":\"ListItem\",\"position\":2,\"name\":\"Dormire nelle Colline del Prosecco: La nostra filosofia green e il rispetto della natura\"}]},{\"@type\":\"WebSite\",\"@id\":\"https:\\\/\\\/lacortedimarga.com\\\/#website\",\"url\":\"https:\\\/\\\/lacortedimarga.com\\\/\",\"name\":\"La Corte di Marga\",\"description\":\"Prosecco Hills Holidays\",\"publisher\":{\"@id\":\"https:\\\/\\\/lacortedimarga.com\\\/#organization\"},\"potentialAction\":[{\"@type\":\"SearchAction\",\"target\":{\"@type\":\"EntryPoint\",\"urlTemplate\":\"https:\\\/\\\/lacortedimarga.com\\\/?s={search_term_string}\"},\"query-input\":{\"@type\":\"PropertyValueSpecification\",\"valueRequired\":true,\"valueName\":\"search_term_string\"}}],\"inLanguage\":\"en-GB\"},{\"@type\":\"Organization\",\"@id\":\"https:\\\/\\\/lacortedimarga.com\\\/#organization\",\"name\":\"La Corte di Marga\",\"url\":\"https:\\\/\\\/lacortedimarga.com\\\/\",\"logo\":{\"@type\":\"ImageObject\",\"inLanguage\":\"en-GB\",\"@id\":\"https:\\\/\\\/lacortedimarga.com\\\/#\\\/schema\\\/logo\\\/image\\\/\",\"url\":\"https:\\\/\\\/lacortedimarga.com\\\/wp-content\\\/uploads\\\/2025\\\/06\\\/logo-corti-di-marga.webp\",\"contentUrl\":\"https:\\\/\\\/lacortedimarga.com\\\/wp-content\\\/uploads\\\/2025\\\/06\\\/logo-corti-di-marga.webp\",\"width\":955,\"height\":529,\"caption\":\"La Corte di Marga\"},\"image\":{\"@id\":\"https:\\\/\\\/lacortedimarga.com\\\/#\\\/schema\\\/logo\\\/image\\\/\"},\"sameAs\":[\"https:\\\/\\\/www.facebook.com\\\/lacortedimarga\",\"https:\\\/\\\/www.instagram.com\\\/la_corte_di_marga\\\/\",\"https:\\\/\\\/www.tiktok.com\\\/@lacortedimarga\",\"https:\\\/\\\/www.youtube.com\\\/@lacortedimargaofficial\",\"https:\\\/\\\/www.linkedin.com\\\/company\\\/la-corte-di-marga-prosecco-hills-holiday\"]},{\"@type\":\"Person\",\"@id\":\"https:\\\/\\\/lacortedimarga.com\\\/#\\\/schema\\\/person\\\/35b8aa132ce672c39a5ece2e9b43b967\",\"name\":\"Roberto\",\"image\":{\"@type\":\"ImageObject\",\"inLanguage\":\"en-GB\",\"@id\":\"https:\\\/\\\/secure.gravatar.com\\\/avatar\\\/e3f271e90e735cdc34557ef9b92be1ad6f15d5bac04b51fa3cd10b4c11dac25e?s=96&d=mm&r=g\",\"url\":\"https:\\\/\\\/secure.gravatar.com\\\/avatar\\\/e3f271e90e735cdc34557ef9b92be1ad6f15d5bac04b51fa3cd10b4c11dac25e?s=96&d=mm&r=g\",\"contentUrl\":\"https:\\\/\\\/secure.gravatar.com\\\/avatar\\\/e3f271e90e735cdc34557ef9b92be1ad6f15d5bac04b51fa3cd10b4c11dac25e?s=96&d=mm&r=g\",\"caption\":\"Roberto\"},\"url\":\"https:\\\/\\\/lacortedimarga.com\\\/en\\\/author\\\/roberto\\\/\"},{\"@type\":\"Question\",\"@id\":\"https:\\\/\\\/lacortedimarga.com\\\/filosofia-green-colline-prosecco-miane\\\/#faq-question-1787120958829\",\"position\":1,\"url\":\"https:\\\/\\\/lacortedimarga.com\\\/filosofia-green-colline-prosecco-miane\\\/#faq-question-1787120958829\",\"name\":\"La Corte di Marga \u00e8 a ridosso dei vigneti? Ci sono problemi con i trattamenti agricoli?\",\"answerCount\":1,\"acceptedAnswer\":{\"@type\":\"Answer\",\"text\":\"No, La Corte di Marga si trova nel centro collinare di Miane e non ha vigneti confinanti. I filari pi\u00f9 vicini distano oltre 500 metri e sono separati da abitazioni e fasce verdi naturali. La nostra posizione garantisce aria pulita, assenza di esposizione a pesticidi e massima tranquillit\u00e0 per gli ospiti.\",\"inLanguage\":\"en-GB\"},\"inLanguage\":\"en-GB\"},{\"@type\":\"Question\",\"@id\":\"https:\\\/\\\/lacortedimarga.com\\\/filosofia-green-colline-prosecco-miane\\\/#faq-question-1787120993822\",\"position\":2,\"url\":\"https:\\\/\\\/lacortedimarga.com\\\/filosofia-green-colline-prosecco-miane\\\/#faq-question-1787120993822\",\"name\":\"Durante il soggiorno a La Corte di Marga si sentono i rumori dei macchinari agricoli?\",\"answerCount\":1,\"acceptedAnswer\":{\"@type\":\"Answer\",\"text\":\"No. Trovandoci in un'oasi collinare protetta senza viticoltura intensiva a ridosso, i nostri ospiti godono del silenzio totale, senza essere svegliati dai rumori di trattori o atomizzatori tipici delle aree a ridosso dei filari.\",\"inLanguage\":\"en-GB\"},\"inLanguage\":\"en-GB\"},{\"@type\":\"Question\",\"@id\":\"https:\\\/\\\/lacortedimarga.com\\\/filosofia-green-colline-prosecco-miane\\\/#faq-question-1787121033279\",\"position\":3,\"url\":\"https:\\\/\\\/lacortedimarga.com\\\/filosofia-green-colline-prosecco-miane\\\/#faq-question-1787121033279\",\"name\":\"La struttura \u00e8 adatta a famiglie con bambini o persone sensibili ai temi ambientali?\",\"answerCount\":1,\"acceptedAnswer\":{\"@type\":\"Answer\",\"text\":\"S\u00ec, assolutamente. La Corte di Marga \u00e8 la scelta ideale per famiglie e ospiti attenti al benessere grazie all'assenza di trattamenti agricoli vicini, all'aria pulita e all'ampio giardino privato recintato dove i bambini possono giocare in totale sicurezza.\",\"inLanguage\":\"en-GB\"},\"inLanguage\":\"en-GB\"},{\"@type\":\"Question\",\"@id\":\"https:\\\/\\\/lacortedimarga.com\\\/filosofia-green-colline-prosecco-miane\\\/#faq-question-1787121166763\",\"position\":4,\"url\":\"https:\\\/\\\/lacortedimarga.com\\\/filosofia-green-colline-prosecco-miane\\\/#faq-question-1787121166763\",\"name\":\"Perch\u00e9 nelle cucine de La Corte di Marga non c'\u00e8 il forno tradizionale?\",\"answerCount\":1,\"acceptedAnswer\":{\"@type\":\"Answer\",\"text\":\"Le nostre cucine sono dotate di frigorifero, piano cottura, lavastoviglie in alcuni appartamenti e tutti gli utensili. Abbiamo scelto di non inserire il forno per promuovere un turismo sostenibile e invitare gli ospiti a scoprire le storiche osterie e le trattorie tipiche delle Colline del Prosecco.\",\"inLanguage\":\"en-GB\"},\"inLanguage\":\"en-GB\"},{\"@type\":\"Question\",\"@id\":\"https:\\\/\\\/lacortedimarga.com\\\/filosofia-green-colline-prosecco-miane\\\/#faq-question-1787121231865\",\"position\":5,\"url\":\"https:\\\/\\\/lacortedimarga.com\\\/filosofia-green-colline-prosecco-miane\\\/#faq-question-1787121231865\",\"name\":\"Gli appartamenti sono dotati di aria condizionata e Wi-Fi per lo Smart Working?\",\"answerCount\":1,\"acceptedAnswer\":{\"@type\":\"Answer\",\"text\":\"S\u00ec, tutti i nostri alloggi <a href=\\\"https:\\\/\\\/lacortedimarga.com\\\/villa-marga\\\/\\\">Villa Marga <\\\/a>, <a href=\\\"https:\\\/\\\/lacortedimarga.com\\\/appartamento-ginetta-8\\\/\\\">Ginetta 8<\\\/a>, <a href=\\\"https:\\\/\\\/lacortedimarga.com\\\/appartamento-ginetta-2\\\/\\\">Ginetta 2<\\\/a>, <a href=\\\"https:\\\/\\\/lacortedimarga.com\\\/appartamento-gustet-5\\\/\\\">Gustet 5<\\\/a> (ad eccezione del <a href=\\\"https:\\\/\\\/lacortedimarga.com\\\/appartamento-gustet-3\\\/\\\">Gustet 3<\\\/a>) dispongono di impianti di climatizzazione di ultima generazione e connessione Wi-Fi ad alta velocit\u00e0 gratuita, perfetti anche per chi desidera lavorare in remote working nel silenzio delle colline.\",\"inLanguage\":\"en-GB\"},\"inLanguage\":\"en-GB\"},{\"@type\":\"Question\",\"@id\":\"https:\\\/\\\/lacortedimarga.com\\\/filosofia-green-colline-prosecco-miane\\\/#faq-question-1787121289692\",\"position\":6,\"url\":\"https:\\\/\\\/lacortedimarga.com\\\/filosofia-green-colline-prosecco-miane\\\/#faq-question-1787121289692\",\"name\":\"Qual \u00e8 la soluzione migliore per un gruppo di 6 o 8 persone?\",\"answerCount\":1,\"acceptedAnswer\":{\"@type\":\"Answer\",\"text\":\"Per gruppi di 6-8 persone consigliamo <strong>Villa Marga<\\\/strong> (villa indipendente con 3 camere da letto e 2 bagni) oppure l'<strong>Appartamento Ginetta 8<\\\/strong> (4 camere da letto e 2 bagni). Entrambe le soluzioni offrono ampi spazi e massima privacy.\",\"inLanguage\":\"en-GB\"},\"inLanguage\":\"en-GB\"},{\"@type\":\"Question\",\"@id\":\"https:\\\/\\\/lacortedimarga.com\\\/filosofia-green-colline-prosecco-miane\\\/#faq-question-1787121357173\",\"position\":7,\"url\":\"https:\\\/\\\/lacortedimarga.com\\\/filosofia-green-colline-prosecco-miane\\\/#faq-question-1787121357173\",\"name\":\"La piscina de La Corte di Marga \u00e8 privata o condivisa? Quando \u00e8 aperta?\",\"answerCount\":1,\"acceptedAnswer\":{\"@type\":\"Answer\",\"text\":\"La piscina si trova nel nostro giardino ed \u00e8 ad uso condiviso tra gli ospiti del residence. \u00c8 una piscina stagionale non riscaldata aperta da aprile a ottobre, ideale per rinfrescarsi dopo un'escursione tra le Colline del Prosecco.\",\"inLanguage\":\"en-GB\"},\"inLanguage\":\"en-GB\"},{\"@type\":\"Question\",\"@id\":\"https:\\\/\\\/lacortedimarga.com\\\/filosofia-green-colline-prosecco-miane\\\/#faq-question-1787121394260\",\"position\":8,\"url\":\"https:\\\/\\\/lacortedimarga.com\\\/filosofia-green-colline-prosecco-miane\\\/#faq-question-1787121394260\",\"name\":\"I cani e gli animali domestici sono ammessi a La Corte di Marga?\",\"answerCount\":1,\"acceptedAnswer\":{\"@type\":\"Answer\",\"text\":\"S\u00ec, gli animali domestici sono i benvenuti in tutti i nostri appartamenti previa segnalazione al momento della prenotazione. Su richiesta proponiamo anche esperienze di Dog Trekking guidato con addestratrice cinofila sul territorio.\",\"inLanguage\":\"en-GB\"},\"inLanguage\":\"en-GB\"},{\"@type\":\"Question\",\"@id\":\"https:\\\/\\\/lacortedimarga.com\\\/filosofia-green-colline-prosecco-miane\\\/#faq-question-1787121432423\",\"position\":9,\"url\":\"https:\\\/\\\/lacortedimarga.com\\\/filosofia-green-colline-prosecco-miane\\\/#faq-question-1787121432423\",\"name\":\"Quali attivit\u00e0 all'aria aperta si possono fare vicino a Miane?\",\"answerCount\":1,\"acceptedAnswer\":{\"@type\":\"Answer\",\"text\":\"Dalla struttura partono sentieri per passeggiate a piedi e percorsi in bicicletta. Inoltre, collaboriamo con realt\u00e0 locali per organizzare passeggiate a cavallo sulle Colline del Prosecco patrimonio UNESCO ed esperienze enogastronomiche.\",\"inLanguage\":\"en-GB\"},\"inLanguage\":\"en-GB\"},{\"@type\":\"Question\",\"@id\":\"https:\\\/\\\/lacortedimarga.com\\\/filosofia-green-colline-prosecco-miane\\\/#faq-question-1787121462232\",\"position\":10,\"url\":\"https:\\\/\\\/lacortedimarga.com\\\/filosofia-green-colline-prosecco-miane\\\/#faq-question-1787121462232\",\"name\":\"Come posso prenotare al miglior prezzo garantito?\",\"answerCount\":1,\"acceptedAnswer\":{\"@type\":\"Answer\",\"text\":\"Il prezzo migliore e le condizioni pi\u00f9 flessibili si trovano sempre prenotando direttamente sul nostro sito ufficiale <a href=\\\"http:\\\/\\\/www.lacortedimarga.com\\\">www.lacortedimarga.com<\\\/a>\",\"inLanguage\":\"en-GB\"},\"inLanguage\":\"en-GB\"}]}<\/script>\n<!-- \/ Yoast SEO plugin. -->","yoast_head_json":{"title":"Sleeping in the Prosecco Hills: Green Philosophy &amp; Nature","description":"Looking for a holiday in Miane away from agricultural treatments? Discover the sheltered location and green philosophy of La Corte di Marga. Book now!","robots":{"index":"index","follow":"follow","max-snippet":"max-snippet:-1","max-image-preview":"max-image-preview:large","max-video-preview":"max-video-preview:-1"},"canonical":"https:\/\/lacortedimarga.com\/en\/green-hills-prosecco-miane-philosophy\/","og_locale":"en_GB","og_type":"article","og_title":"Dormire nelle Colline del Prosecco: Filosofia Green & Natura","og_description":"Cerchi una vacanza a Miane lontano dai trattamenti agricoli? Scopri la posizione protetta e la filosofia green de La Corte di Marga. Prenota ora!","og_url":"https:\/\/lacortedimarga.com\/en\/green-hills-prosecco-miane-philosophy\/","og_site_name":"La Corte di Marga","article_publisher":"https:\/\/www.facebook.com\/lacortedimarga","article_published_time":"2026-08-19T08:18:57+00:00","article_modified_time":"2026-08-19T08:18:58+00:00","og_image":[{"width":1500,"height":1125,"url":"https:\/\/lacortedimarga.com\/wp-content\/uploads\/2026\/08\/La_Corte_di_Marga_esterni_vista_ingresso.webp","type":"image\/webp"}],"author":"Roberto","twitter_card":"summary_large_image","twitter_misc":{"Written by":"Roberto","Estimated reading time":"8 minutes"},"schema":{"@context":"https:\/\/schema.org","@graph":[{"@type":"Article","@id":"https:\/\/lacortedimarga.com\/filosofia-green-colline-prosecco-miane\/#article","isPartOf":{"@id":"https:\/\/lacortedimarga.com\/filosofia-green-colline-prosecco-miane\/"},"author":{"name":"Roberto","@id":"https:\/\/lacortedimarga.com\/#\/schema\/person\/35b8aa132ce672c39a5ece2e9b43b967"},"headline":"Dormire nelle Colline del Prosecco: La nostra filosofia green e il rispetto della natura","datePublished":"2026-08-19T08:18:57+00:00","dateModified":"2026-08-19T08:18:58+00:00","mainEntityOfPage":{"@id":"https:\/\/lacortedimarga.com\/filosofia-green-colline-prosecco-miane\/"},"wordCount":1282,"publisher":{"@id":"https:\/\/lacortedimarga.com\/#organization"},"image":{"@id":"https:\/\/lacortedimarga.com\/filosofia-green-colline-prosecco-miane\/#primaryimage"},"thumbnailUrl":"https:\/\/lacortedimarga.com\/wp-content\/uploads\/2026\/08\/La_Corte_di_Marga_esterni_vista_ingresso.webp","keywords":["#EsperienzaInCorte","#LaCortediMarga","#LaCorteDiMargaBlog","#Miane","#NaturaEApprendimento","#PerFriendly","#PiscinaCollineDelProsecco","#TurismoSostenibile","#VacanzeNatura","#VisitVeneto"],"articleSection":["Anima &amp; Cultura: Slow Travel e Storia","Esperienza in Struttura: Guest Guide &amp; News"],"inLanguage":"en-GB"},{"@type":["WebPage","FAQPage"],"@id":"https:\/\/lacortedimarga.com\/filosofia-green-colline-prosecco-miane\/","url":"https:\/\/lacortedimarga.com\/filosofia-green-colline-prosecco-miane\/","name":"Sleeping in the Prosecco Hills: Green Philosophy &amp; Nature","isPartOf":{"@id":"https:\/\/lacortedimarga.com\/#website"},"primaryImageOfPage":{"@id":"https:\/\/lacortedimarga.com\/filosofia-green-colline-prosecco-miane\/#primaryimage"},"image":{"@id":"https:\/\/lacortedimarga.com\/filosofia-green-colline-prosecco-miane\/#primaryimage"},"thumbnailUrl":"https:\/\/lacortedimarga.com\/wp-content\/uploads\/2026\/08\/La_Corte_di_Marga_esterni_vista_ingresso.webp","datePublished":"2026-08-19T08:18:57+00:00","dateModified":"2026-08-19T08:18:58+00:00","description":"Looking for a holiday in Miane away from agricultural treatments? Discover the sheltered location and green philosophy of La Corte di Marga. Book now!","breadcrumb":{"@id":"https:\/\/lacortedimarga.com\/filosofia-green-colline-prosecco-miane\/#breadcrumb"},"mainEntity":[{"@id":"https:\/\/lacortedimarga.com\/filosofia-green-colline-prosecco-miane\/#faq-question-1787120958829"},{"@id":"https:\/\/lacortedimarga.com\/filosofia-green-colline-prosecco-miane\/#faq-question-1787120993822"},{"@id":"https:\/\/lacortedimarga.com\/filosofia-green-colline-prosecco-miane\/#faq-question-1787121033279"},{"@id":"https:\/\/lacortedimarga.com\/filosofia-green-colline-prosecco-miane\/#faq-question-1787121166763"},{"@id":"https:\/\/lacortedimarga.com\/filosofia-green-colline-prosecco-miane\/#faq-question-1787121231865"},{"@id":"https:\/\/lacortedimarga.com\/filosofia-green-colline-prosecco-miane\/#faq-question-1787121289692"},{"@id":"https:\/\/lacortedimarga.com\/filosofia-green-colline-prosecco-miane\/#faq-question-1787121357173"},{"@id":"https:\/\/lacortedimarga.com\/filosofia-green-colline-prosecco-miane\/#faq-question-1787121394260"},{"@id":"https:\/\/lacortedimarga.com\/filosofia-green-colline-prosecco-miane\/#faq-question-1787121432423"},{"@id":"https:\/\/lacortedimarga.com\/filosofia-green-colline-prosecco-miane\/#faq-question-1787121462232"}],"inLanguage":"en-GB","potentialAction":[{"@type":"ReadAction","target":["https:\/\/lacortedimarga.com\/filosofia-green-colline-prosecco-miane\/"]}]},{"@type":"ImageObject","inLanguage":"en-GB","@id":"https:\/\/lacortedimarga.com\/filosofia-green-colline-prosecco-miane\/#primaryimage","url":"https:\/\/lacortedimarga.com\/wp-content\/uploads\/2026\/08\/La_Corte_di_Marga_esterni_vista_ingresso.webp","contentUrl":"https:\/\/lacortedimarga.com\/wp-content\/uploads\/2026\/08\/La_Corte_di_Marga_esterni_vista_ingresso.webp","width":1500,"height":1125,"caption":"Il nostro giardino privato: ampi spazi verdi, natura incontaminata e nessuna vicinanza con la viticoltura intensiva."},{"@type":"BreadcrumbList","@id":"https:\/\/lacortedimarga.com\/filosofia-green-colline-prosecco-miane\/#breadcrumb","itemListElement":[{"@type":"ListItem","position":1,"name":"Home","item":"https:\/\/lacortedimarga.com\/"},{"@type":"ListItem","position":2,"name":"Dormire nelle Colline del Prosecco: La nostra filosofia green e il rispetto della natura"}]},{"@type":"WebSite","@id":"https:\/\/lacortedimarga.com\/#website","url":"https:\/\/lacortedimarga.com\/","name":"The Court of Marga","description":"Prosecco Hills Holidays","publisher":{"@id":"https:\/\/lacortedimarga.com\/#organization"},"potentialAction":[{"@type":"SearchAction","target":{"@type":"EntryPoint","urlTemplate":"https:\/\/lacortedimarga.com\/?s={search_term_string}"},"query-input":{"@type":"PropertyValueSpecification","valueRequired":true,"valueName":"search_term_string"}}],"inLanguage":"en-GB"},{"@type":"Organization","@id":"https:\/\/lacortedimarga.com\/#organization","name":"The Court of Marga","url":"https:\/\/lacortedimarga.com\/","logo":{"@type":"ImageObject","inLanguage":"en-GB","@id":"https:\/\/lacortedimarga.com\/#\/schema\/logo\/image\/","url":"https:\/\/lacortedimarga.com\/wp-content\/uploads\/2025\/06\/logo-corti-di-marga.webp","contentUrl":"https:\/\/lacortedimarga.com\/wp-content\/uploads\/2025\/06\/logo-corti-di-marga.webp","width":955,"height":529,"caption":"La Corte di Marga"},"image":{"@id":"https:\/\/lacortedimarga.com\/#\/schema\/logo\/image\/"},"sameAs":["https:\/\/www.facebook.com\/lacortedimarga","https:\/\/www.instagram.com\/la_corte_di_marga\/","https:\/\/www.tiktok.com\/@lacortedimarga","https:\/\/www.youtube.com\/@lacortedimargaofficial","https:\/\/www.linkedin.com\/company\/la-corte-di-marga-prosecco-hills-holiday"]},{"@type":"Person","@id":"https:\/\/lacortedimarga.com\/#\/schema\/person\/35b8aa132ce672c39a5ece2e9b43b967","name":"Roberto","image":{"@type":"ImageObject","inLanguage":"en-GB","@id":"https:\/\/secure.gravatar.com\/avatar\/e3f271e90e735cdc34557ef9b92be1ad6f15d5bac04b51fa3cd10b4c11dac25e?s=96&d=mm&r=g","url":"https:\/\/secure.gravatar.com\/avatar\/e3f271e90e735cdc34557ef9b92be1ad6f15d5bac04b51fa3cd10b4c11dac25e?s=96&d=mm&r=g","contentUrl":"https:\/\/secure.gravatar.com\/avatar\/e3f271e90e735cdc34557ef9b92be1ad6f15d5bac04b51fa3cd10b4c11dac25e?s=96&d=mm&r=g","caption":"Roberto"},"url":"https:\/\/lacortedimarga.com\/en\/author\/roberto\/"},{"@type":"Question","@id":"https:\/\/lacortedimarga.com\/filosofia-green-colline-prosecco-miane\/#faq-question-1787120958829","position":1,"url":"https:\/\/lacortedimarga.com\/filosofia-green-colline-prosecco-miane\/#faq-question-1787120958829","name":"Is Corte di Marga right next to the vineyards? Are there any issues with agricultural treatments?","answerCount":1,"acceptedAnswer":{"@type":"Answer","text":"No, La Corte di Marga si trova nel centro collinare di Miane e non ha vigneti confinanti. I filari pi\u00f9 vicini distano oltre 500 metri e sono separati da abitazioni e fasce verdi naturali. La nostra posizione garantisce aria pulita, assenza di esposizione a pesticidi e massima tranquillit\u00e0 per gli ospiti.","inLanguage":"en-GB"},"inLanguage":"en-GB"},{"@type":"Question","@id":"https:\/\/lacortedimarga.com\/filosofia-green-colline-prosecco-miane\/#faq-question-1787120993822","position":2,"url":"https:\/\/lacortedimarga.com\/filosofia-green-colline-prosecco-miane\/#faq-question-1787120993822","name":"During the stay at La Corte di Marga, can you hear the noise of agricultural machinery?","answerCount":1,"acceptedAnswer":{"@type":"Answer","text":"No. Trovandoci in un'oasi collinare protetta senza viticoltura intensiva a ridosso, i nostri ospiti godono del silenzio totale, senza essere svegliati dai rumori di trattori o atomizzatori tipici delle aree a ridosso dei filari.","inLanguage":"en-GB"},"inLanguage":"en-GB"},{"@type":"Question","@id":"https:\/\/lacortedimarga.com\/filosofia-green-colline-prosecco-miane\/#faq-question-1787121033279","position":3,"url":"https:\/\/lacortedimarga.com\/filosofia-green-colline-prosecco-miane\/#faq-question-1787121033279","name":"Is the property suitable for families with children or people who are environmentally conscious?","answerCount":1,"acceptedAnswer":{"@type":"Answer","text":"S\u00ec, assolutamente. La Corte di Marga \u00e8 la scelta ideale per famiglie e ospiti attenti al benessere grazie all'assenza di trattamenti agricoli vicini, all'aria pulita e all'ampio giardino privato recintato dove i bambini possono giocare in totale sicurezza.","inLanguage":"en-GB"},"inLanguage":"en-GB"},{"@type":"Question","@id":"https:\/\/lacortedimarga.com\/filosofia-green-colline-prosecco-miane\/#faq-question-1787121166763","position":4,"url":"https:\/\/lacortedimarga.com\/filosofia-green-colline-prosecco-miane\/#faq-question-1787121166763","name":"Why is there no traditional oven in the kitchens of La Corte di Marga?","answerCount":1,"acceptedAnswer":{"@type":"Answer","text":"Le nostre cucine sono dotate di frigorifero, piano cottura, lavastoviglie in alcuni appartamenti e tutti gli utensili. Abbiamo scelto di non inserire il forno per promuovere un turismo sostenibile e invitare gli ospiti a scoprire le storiche osterie e le trattorie tipiche delle Colline del Prosecco.","inLanguage":"en-GB"},"inLanguage":"en-GB"},{"@type":"Question","@id":"https:\/\/lacortedimarga.com\/filosofia-green-colline-prosecco-miane\/#faq-question-1787121231865","position":5,"url":"https:\/\/lacortedimarga.com\/filosofia-green-colline-prosecco-miane\/#faq-question-1787121231865","name":"Are the apartments equipped with air conditioning and Wi-Fi for remote working?","answerCount":1,"acceptedAnswer":{"@type":"Answer","text":"S\u00ec, tutti i nostri alloggi <a href=\"https:\/\/lacortedimarga.com\/villa-marga\/\">Villa Marga <\/a>, <a href=\"https:\/\/lacortedimarga.com\/appartamento-ginetta-8\/\">Ginetta 8<\/a>, <a href=\"https:\/\/lacortedimarga.com\/appartamento-ginetta-2\/\">Ginetta 2<\/a>, <a href=\"https:\/\/lacortedimarga.com\/appartamento-gustet-5\/\">Gustet 5<\/a> (ad eccezione del <a href=\"https:\/\/lacortedimarga.com\/appartamento-gustet-3\/\">Gustet 3<\/a>) dispongono di impianti di climatizzazione di ultima generazione e connessione Wi-Fi ad alta velocit\u00e0 gratuita, perfetti anche per chi desidera lavorare in remote working nel silenzio delle colline.","inLanguage":"en-GB"},"inLanguage":"en-GB"},{"@type":"Question","@id":"https:\/\/lacortedimarga.com\/filosofia-green-colline-prosecco-miane\/#faq-question-1787121289692","position":6,"url":"https:\/\/lacortedimarga.com\/filosofia-green-colline-prosecco-miane\/#faq-question-1787121289692","name":"What is the best solution for a group of 6 or 8 people?","answerCount":1,"acceptedAnswer":{"@type":"Answer","text":"Per gruppi di 6-8 persone consigliamo <strong>Villa Marga<\/strong> (villa indipendente con 3 camere da letto e 2 bagni) oppure l'<strong>Appartamento Ginetta 8<\/strong> (4 camere da letto e 2 bagni). Entrambe le soluzioni offrono ampi spazi e massima privacy.","inLanguage":"en-GB"},"inLanguage":"en-GB"},{"@type":"Question","@id":"https:\/\/lacortedimarga.com\/filosofia-green-colline-prosecco-miane\/#faq-question-1787121357173","position":7,"url":"https:\/\/lacortedimarga.com\/filosofia-green-colline-prosecco-miane\/#faq-question-1787121357173","name":"Is the swimming pool at La Corte di Marga private or shared? When is it open?","answerCount":1,"acceptedAnswer":{"@type":"Answer","text":"La piscina si trova nel nostro giardino ed \u00e8 ad uso condiviso tra gli ospiti del residence. \u00c8 una piscina stagionale non riscaldata aperta da aprile a ottobre, ideale per rinfrescarsi dopo un'escursione tra le Colline del Prosecco.","inLanguage":"en-GB"},"inLanguage":"en-GB"},{"@type":"Question","@id":"https:\/\/lacortedimarga.com\/filosofia-green-colline-prosecco-miane\/#faq-question-1787121394260","position":8,"url":"https:\/\/lacortedimarga.com\/filosofia-green-colline-prosecco-miane\/#faq-question-1787121394260","name":"Are dogs and pets allowed at La Corte di Marga?","answerCount":1,"acceptedAnswer":{"@type":"Answer","text":"S\u00ec, gli animali domestici sono i benvenuti in tutti i nostri appartamenti previa segnalazione al momento della prenotazione. Su richiesta proponiamo anche esperienze di Dog Trekking guidato con addestratrice cinofila sul territorio.","inLanguage":"en-GB"},"inLanguage":"en-GB"},{"@type":"Question","@id":"https:\/\/lacortedimarga.com\/filosofia-green-colline-prosecco-miane\/#faq-question-1787121432423","position":9,"url":"https:\/\/lacortedimarga.com\/filosofia-green-colline-prosecco-miane\/#faq-question-1787121432423","name":"What outdoor activities can be done near Miane?","answerCount":1,"acceptedAnswer":{"@type":"Answer","text":"Dalla struttura partono sentieri per passeggiate a piedi e percorsi in bicicletta. Inoltre, collaboriamo con realt\u00e0 locali per organizzare passeggiate a cavallo sulle Colline del Prosecco patrimonio UNESCO ed esperienze enogastronomiche.","inLanguage":"en-GB"},"inLanguage":"en-GB"},{"@type":"Question","@id":"https:\/\/lacortedimarga.com\/filosofia-green-colline-prosecco-miane\/#faq-question-1787121462232","position":10,"url":"https:\/\/lacortedimarga.com\/filosofia-green-colline-prosecco-miane\/#faq-question-1787121462232","name":"How can I book at the best guaranteed price?","answerCount":1,"acceptedAnswer":{"@type":"Answer","text":"Il prezzo migliore e le condizioni pi\u00f9 flessibili si trovano sempre prenotando direttamente sul nostro sito ufficiale <a href=\"http:\/\/www.lacortedimarga.com\">www.lacortedimarga.com<\/a>","inLanguage":"en-GB"},"inLanguage":"en-GB"}]}},"_links":{"self":[{"href":"https:\/\/lacortedimarga.com\/en\/wp-json\/wp\/v2\/posts\/2916","targetHints":{"allow":["GET"]}}],"collection":[{"href":"https:\/\/lacortedimarga.com\/en\/wp-json\/wp\/v2\/posts"}],"about":[{"href":"https:\/\/lacortedimarga.com\/en\/wp-json\/wp\/v2\/types\/post"}],"author":[{"embeddable":true,"href":"https:\/\/lacortedimarga.com\/en\/wp-json\/wp\/v2\/users\/3"}],"replies":[{"embeddable":true,"href":"https:\/\/lacortedimarga.com\/en\/wp-json\/wp\/v2\/comments?post=2916"}],"version-history":[{"count":4,"href":"https:\/\/lacortedimarga.com\/en\/wp-json\/wp\/v2\/posts\/2916\/revisions"}],"predecessor-version":[{"id":2926,"href":"https:\/\/lacortedimarga.com\/en\/wp-json\/wp\/v2\/posts\/2916\/revisions\/2926"}],"wp:featuredmedia":[{"embeddable":true,"href":"https:\/\/lacortedimarga.com\/en\/wp-json\/wp\/v2\/media\/2922"}],"wp:attachment":[{"href":"https:\/\/lacortedimarga.com\/en\/wp-json\/wp\/v2\/media?parent=2916"}],"wp:term":[{"taxonomy":"category","embeddable":true,"href":"https:\/\/lacortedimarga.com\/en\/wp-json\/wp\/v2\/categories?post=2916"},{"taxonomy":"post_tag","embeddable":true,"href":"https:\/\/lacortedimarga.com\/en\/wp-json\/wp\/v2\/tags?post=2916"}],"curies":[{"name":"Or, if you meant to type \"wp\", here are a few possibilities:\n\n*   **WP** (often stands for WordPress)\n*   **We'll be**\n*   **What's up?**","href":"https:\/\/api.w.org\/{rel}","templated":true}]}}