{"id":3072,"date":"2026-09-06T05:37:53","date_gmt":"2026-09-06T05:37:53","guid":{"rendered":"https:\/\/lacortedimarga.com\/?p=3072"},"modified":"2026-09-06T08:58:24","modified_gmt":"2026-09-06T08:58:24","slug":"sere-in-giardino-la-corte-di-marga-relax-barbecue-vino","status":"publish","type":"post","link":"https:\/\/lacortedimarga.com\/en\/sere-in-giardino-la-corte-di-marga-relax-barbecue-vino\/","title":{"rendered":"Le Sere in Giardino a La Corte di Marga: Barbecue, Vino e Relax Sotto le Stelle"},"content":{"rendered":"<p>Chi prenota a La Corte di Marga pensa quasi sempre prima alla piscina, e a ragione: \u00e8 il cuore delle nostre giornate estive, come raccontiamo nell&#8217;articolo <a href=\"https:\/\/lacortedimarga.com\/en\/piscina-oasi-azzurra-relax-la-corte-di-marga\/\">L&#8217;Oasi Azzurra<\/a>. Ma c&#8217;\u00e8 un secondo momento della giornata che i nostri ospiti finiscono spesso per ricordare ancora di pi\u00f9: la sera, quando il sole scende dietro le colline di Miane, l&#8217;aria si fa fresca e il giardino della corte si trasforma in tutt&#8217;altro luogo.<\/p>\n\n\n\n<h2 class=\"wp-block-heading\">Un giardino che cambia volto con la luce<\/h2>\n\n\n\n<p>Il nostro giardino comune \u2014 parte dei 1.500 mq di parco condiviso tra piscina e area verde \u2014 non \u00e8 solo lo sfondo delle foto di giorno. Tra gli alberi da frutto e gli angoli coperti della corte, ogni ora del giorno racconta un&#8217;atmosfera diversa: il sole pieno del pomeriggio lascia il posto, verso sera, alla luce calda dei lampioni in ferro battuto che si accendono uno a uno lungo i vialetti. Settembre, in particolare, \u00e8 il mese giusto per viverlo: le giornate restano lunghe e miti, ma le sere si fanno finalmente fresche \u2014 perfette per restare fuori senza l&#8217;afa di agosto, con un maglioncino leggero sulle spalle e un calice in mano.<\/p>\n\n\n\n<h2 class=\"wp-block-heading\">Il rito del barbecue self-service<\/h2>\n\n\n\n<p>La Corte di Marga mette a disposizione degli ospiti <strong>4 barbecue<\/strong>, un gustoso invito a organizzarsi una cena all&#8217;aperto quando e come si preferisce, magari con gli ospiti degli altri alloggi della corte. \u00c8 uno dei dettagli pi\u00f9 apprezzati da chi soggiorna con noi in gruppo o in famiglia: si accende la brace, si condivide la tavola nel piazzale comune, e la sera si allunga naturalmente in chiacchiere.<\/p>\n\n\n\n<h2 class=\"wp-block-heading\">Un calice al Wine Shop, prima che cali il buio<\/h2>\n\n\n\n<p>Chi ama il vino ha un motivo in pi\u00f9 per godersi le nostre sere: il <strong>La Corte di Marga Wine Shop<\/strong>, gestito direttamente da Roberto \u2014 host e sommelier della struttura \u2014 \u00e8 il punto di riferimento per un calice di un&#8217;etichetta locale prima di cena, magari una delle interpretazioni PIWI del territorio. Non serve prenotare un corso strutturato per iniziare a scoprire i vini delle Colline del Prosecco: basta chiedere a Roberto la sera, tra un ospite e l&#8217;altro.<\/p>\n\n\n\n<h2 class=\"wp-block-heading\">Perch\u00e9 la corte chiusa fa la differenza<\/h2>\n\n\n\n<p>La Corte di Marga \u00e8 una corte privata e chiusa: un dettaglio pratico che in serata si sente particolarmente, perch\u00e9 permette a famiglie con bambini piccoli di lasciarli muovere liberamente tra un alloggio e l&#8217;altro senza il pensiero del traffico o di accessi esterni incontrollati. Lo stesso vale per chi lavora in Wi-Fi gratuito ad alta velocit\u00e0 fin dopo cena da uno dei tavoli in giardino, prima di godersi il resto della serata a riposo.<\/p>\n\n\n\n<h2 class=\"wp-block-heading\">Informazioni pratiche<\/h2>\n\n\n\n<ul class=\"wp-block-list\">\n<li><strong>Barbecue<\/strong>: 4 postazioni self-service, uso libero e gratuito per gli ospiti della struttura.<\/li>\n\n\n\n<li><strong>Swimming pool<\/strong>: stagionale, aperta indicativamente da aprile a ottobre (non riscaldata) \u2014 la sera resta comunque il momento migliore per il giardino anche a piscina chiusa.<\/li>\n\n\n\n<li><strong>Wine Shop<\/strong>: gestito direttamente da Roberto, su richiesta diretta in loco (non richiede prenotazione online).<\/li>\n\n\n\n<li><strong>Check-in<\/strong>: 15:00\u201319:00, <strong>check-out<\/strong>: entro le 10:00.<\/li>\n\n\n\n<li><strong>Wi-Fi<\/strong>: gratuito ad alta velocit\u00e0 in tutta la struttura, giardino incluso.<\/li>\n<\/ul>\n\n\n\n<h2 class=\"wp-block-heading\">Frequently asked questions<\/h2>\n\n\n\n<p><strong>Il barbecue in giardino \u00e8 incluso nel soggiorno?<\/strong><br>S\u00ec, i 4 barbecue self-service sono a disposizione gratuita degli ospiti della struttura, senza costi aggiuntivi n\u00e9 necessit\u00e0 di un servizio con operatore.<\/p>\n\n\n\n<p><strong>Si pu\u00f2 bere un calice di vino locale la sera senza prenotare un corso?<\/strong><br>S\u00ec: il La Corte di Marga Wine Shop, gestito da Roberto, \u00e8 pensato anche per un momento informale \u2014 basta chiedere direttamente in loco durante il soggiorno.<\/p>\n\n\n\n<p><strong>Il giardino \u00e8 sicuro per bambini piccoli anche di sera?<\/strong><br>La Corte di Marga \u00e8 una corte chiusa, un elemento che molte famiglie apprezzano proprio per la libert\u00e0 di movimento dei bambini tra gli alloggi in sicurezza, anche nelle ore serali.<\/p>\n\n\n\n<blockquote class=\"wp-block-quote is-layout-flow wp-block-quote-is-layout-flow\">\n<p>&#8220;Arrivi come ospite, riparti come amico. Per me questa frase si vive soprattutto la sera: quando il calore del giorno lascia spazio a una chiacchierata in giardino con un calice in mano, la distanza tra host e ospite semplicemente scompare.&#8221;<\/p>\n<\/blockquote>\n\n\n\n<p>\ud83d\udc49 <a href=\"https:\/\/lacortedimarga.com\/en\/\">Prenota il tuo soggiorno a La Corte di Marga<\/a> | \ud83d\udcac <a href=\"https:\/\/wa.me\/393513210475\">Scrivi a Roberto su WhatsApp<\/a><\/p>","protected":false},"excerpt":{"rendered":"<p>Chi prenota a La Corte di Marga pensa quasi sempre prima alla piscina, e a ragione: \u00e8 il cuore delle nostre giornate estive, come raccontiamo nell&#8217;articolo L&#8217;Oasi Azzurra. Ma c&#8217;\u00e8 un secondo momento della giornata che i nostri ospiti finiscono spesso per ricordare ancora di pi\u00f9: la sera, quando il sole scende dietro le colline [&hellip;]<\/p>\n","protected":false},"author":3,"featured_media":3075,"comment_status":"closed","ping_status":"open","sticky":false,"template":"","format":"standard","meta":{"_breakdance_hide_in_design_set":false,"_breakdance_tags":"","footnotes":""},"categories":[10],"tags":[42,43,20,22,53,107,180,306,307,290,231],"class_list":["post-3072","post","type-post","status-publish","format-standard","has-post-thumbnail","hentry","category-esperienza-in-struttura-guest-guide-news","tag-cortedimargamiane","tag-esperienzaincorte","tag-lacortedimarga","tag-miane","tag-proseccohillsholidays-2","tag-roberto-la-rosa-sommelier","tag-silviarobertohost","tag-esperienzainstruttura","tag-giardinolacortedimarga","tag-lacortedimargablog-2","tag-robertolarosahost-2"],"yoast_head":"<!-- This site is optimized with the Yoast SEO plugin v28.2 - https:\/\/yoast.com\/product\/yoast-seo-wordpress\/ -->\n<title>Sere in Giardino a La Corte di Marga | Miane<\/title>\n<meta name=\"description\" content=\"Barbecue self-service, calice di vino locale e cielo stellato: scopri come si vive la sera nel giardino de La Corte di Marga a Miane.\" \/>\n<meta name=\"robots\" content=\"index, follow, max-snippet:-1, max-image-preview:large, max-video-preview:-1\" \/>\n<link rel=\"canonical\" href=\"https:\/\/lacortedimarga.com\/en\/sere-in-giardino-la-corte-di-marga-relax-barbecue-vino\/\" \/>\n<meta property=\"og:locale\" content=\"en_GB\" \/>\n<meta property=\"og:type\" content=\"article\" \/>\n<meta property=\"og:title\" content=\"Sere in Giardino a La Corte di Marga | Miane\" \/>\n<meta property=\"og:description\" content=\"Barbecue self-service, calice di vino locale e cielo stellato: scopri come si vive la sera nel giardino de La Corte di Marga a Miane.\" \/>\n<meta property=\"og:url\" content=\"https:\/\/lacortedimarga.com\/en\/sere-in-giardino-la-corte-di-marga-relax-barbecue-vino\/\" \/>\n<meta property=\"og:site_name\" content=\"La Corte di Marga\" \/>\n<meta property=\"article:publisher\" content=\"https:\/\/www.facebook.com\/lacortedimarga\" \/>\n<meta property=\"article:published_time\" content=\"2026-09-06T05:37:53+00:00\" \/>\n<meta property=\"article:modified_time\" content=\"2026-09-06T08:58:24+00:00\" \/>\n<meta property=\"og:image\" content=\"https:\/\/lacortedimarga.com\/wp-content\/uploads\/2026\/09\/giardino-melograno-la-corte-di-marga.jpg\" \/>\n\t<meta property=\"og:image:width\" content=\"480\" \/>\n\t<meta property=\"og:image:height\" content=\"320\" \/>\n\t<meta property=\"og:image:type\" content=\"image\/jpeg\" \/>\n<meta name=\"author\" content=\"Roberto\" \/>\n<meta name=\"twitter:card\" content=\"summary_large_image\" \/>\n<meta name=\"twitter:label1\" content=\"Written by\" \/>\n\t<meta name=\"twitter:data1\" content=\"Roberto\" \/>\n\t<meta name=\"twitter:label2\" content=\"Estimated reading time\" \/>\n\t<meta name=\"twitter:data2\" content=\"4 minutes\" \/>\n<script type=\"application\/ld+json\" class=\"yoast-schema-graph\">{\"@context\":\"https:\\\/\\\/schema.org\",\"@graph\":[{\"@type\":\"Article\",\"@id\":\"https:\\\/\\\/lacortedimarga.com\\\/sere-in-giardino-la-corte-di-marga-relax-barbecue-vino\\\/#article\",\"isPartOf\":{\"@id\":\"https:\\\/\\\/lacortedimarga.com\\\/sere-in-giardino-la-corte-di-marga-relax-barbecue-vino\\\/\"},\"author\":{\"name\":\"Roberto\",\"@id\":\"https:\\\/\\\/lacortedimarga.com\\\/#\\\/schema\\\/person\\\/35b8aa132ce672c39a5ece2e9b43b967\"},\"headline\":\"Le Sere in Giardino a La Corte di Marga: Barbecue, Vino e Relax Sotto le Stelle\",\"datePublished\":\"2026-09-06T05:37:53+00:00\",\"dateModified\":\"2026-09-06T08:58:24+00:00\",\"mainEntityOfPage\":{\"@id\":\"https:\\\/\\\/lacortedimarga.com\\\/sere-in-giardino-la-corte-di-marga-relax-barbecue-vino\\\/\"},\"wordCount\":682,\"publisher\":{\"@id\":\"https:\\\/\\\/lacortedimarga.com\\\/#organization\"},\"image\":{\"@id\":\"https:\\\/\\\/lacortedimarga.com\\\/sere-in-giardino-la-corte-di-marga-relax-barbecue-vino\\\/#primaryimage\"},\"thumbnailUrl\":\"https:\\\/\\\/lacortedimarga.com\\\/wp-content\\\/uploads\\\/2026\\\/09\\\/giardino-melograno-la-corte-di-marga.jpg\",\"keywords\":[\"#CorteDiMargaMiane\",\"#EsperienzaInCorte\",\"#LaCortediMarga\",\"#Miane\",\"#ProseccoHillsHolidays\",\"#Roberto La Rosa Sommelier\",\"#SilviaRobertohost\",\"EsperienzaInStruttura\",\"GiardinoLaCorteDiMarga\",\"LaCorteDiMargaBlog\",\"RobertoLaRosaHost\"],\"articleSection\":[\"Esperienza in Struttura: Guest Guide &amp; News\"],\"inLanguage\":\"en-GB\"},{\"@type\":\"WebPage\",\"@id\":\"https:\\\/\\\/lacortedimarga.com\\\/sere-in-giardino-la-corte-di-marga-relax-barbecue-vino\\\/\",\"url\":\"https:\\\/\\\/lacortedimarga.com\\\/sere-in-giardino-la-corte-di-marga-relax-barbecue-vino\\\/\",\"name\":\"Sere in Giardino a La Corte di Marga | Miane\",\"isPartOf\":{\"@id\":\"https:\\\/\\\/lacortedimarga.com\\\/#website\"},\"primaryImageOfPage\":{\"@id\":\"https:\\\/\\\/lacortedimarga.com\\\/sere-in-giardino-la-corte-di-marga-relax-barbecue-vino\\\/#primaryimage\"},\"image\":{\"@id\":\"https:\\\/\\\/lacortedimarga.com\\\/sere-in-giardino-la-corte-di-marga-relax-barbecue-vino\\\/#primaryimage\"},\"thumbnailUrl\":\"https:\\\/\\\/lacortedimarga.com\\\/wp-content\\\/uploads\\\/2026\\\/09\\\/giardino-melograno-la-corte-di-marga.jpg\",\"datePublished\":\"2026-09-06T05:37:53+00:00\",\"dateModified\":\"2026-09-06T08:58:24+00:00\",\"description\":\"Barbecue self-service, calice di vino locale e cielo stellato: scopri come si vive la sera nel giardino de La Corte di Marga a Miane.\",\"breadcrumb\":{\"@id\":\"https:\\\/\\\/lacortedimarga.com\\\/sere-in-giardino-la-corte-di-marga-relax-barbecue-vino\\\/#breadcrumb\"},\"inLanguage\":\"en-GB\",\"potentialAction\":[{\"@type\":\"ReadAction\",\"target\":[\"https:\\\/\\\/lacortedimarga.com\\\/sere-in-giardino-la-corte-di-marga-relax-barbecue-vino\\\/\"]}]},{\"@type\":\"ImageObject\",\"inLanguage\":\"en-GB\",\"@id\":\"https:\\\/\\\/lacortedimarga.com\\\/sere-in-giardino-la-corte-di-marga-relax-barbecue-vino\\\/#primaryimage\",\"url\":\"https:\\\/\\\/lacortedimarga.com\\\/wp-content\\\/uploads\\\/2026\\\/09\\\/giardino-melograno-la-corte-di-marga.jpg\",\"contentUrl\":\"https:\\\/\\\/lacortedimarga.com\\\/wp-content\\\/uploads\\\/2026\\\/09\\\/giardino-melograno-la-corte-di-marga.jpg\",\"width\":480,\"height\":320,\"caption\":\"Giardino esterno di Villa Marga a La Corte di Marga con melograno e vista sulle colline del Prosecco\"},{\"@type\":\"BreadcrumbList\",\"@id\":\"https:\\\/\\\/lacortedimarga.com\\\/sere-in-giardino-la-corte-di-marga-relax-barbecue-vino\\\/#breadcrumb\",\"itemListElement\":[{\"@type\":\"ListItem\",\"position\":1,\"name\":\"Home\",\"item\":\"https:\\\/\\\/lacortedimarga.com\\\/\"},{\"@type\":\"ListItem\",\"position\":2,\"name\":\"Le Sere in Giardino a La Corte di Marga: Barbecue, Vino e Relax Sotto le Stelle\"}]},{\"@type\":\"WebSite\",\"@id\":\"https:\\\/\\\/lacortedimarga.com\\\/#website\",\"url\":\"https:\\\/\\\/lacortedimarga.com\\\/\",\"name\":\"La Corte di Marga\",\"description\":\"Prosecco Hills Holidays\",\"publisher\":{\"@id\":\"https:\\\/\\\/lacortedimarga.com\\\/#organization\"},\"potentialAction\":[{\"@type\":\"SearchAction\",\"target\":{\"@type\":\"EntryPoint\",\"urlTemplate\":\"https:\\\/\\\/lacortedimarga.com\\\/?s={search_term_string}\"},\"query-input\":{\"@type\":\"PropertyValueSpecification\",\"valueRequired\":true,\"valueName\":\"search_term_string\"}}],\"inLanguage\":\"en-GB\"},{\"@type\":\"Organization\",\"@id\":\"https:\\\/\\\/lacortedimarga.com\\\/#organization\",\"name\":\"La Corte di Marga\",\"url\":\"https:\\\/\\\/lacortedimarga.com\\\/\",\"logo\":{\"@type\":\"ImageObject\",\"inLanguage\":\"en-GB\",\"@id\":\"https:\\\/\\\/lacortedimarga.com\\\/#\\\/schema\\\/logo\\\/image\\\/\",\"url\":\"https:\\\/\\\/lacortedimarga.com\\\/wp-content\\\/uploads\\\/2025\\\/06\\\/logo-corti-di-marga.webp\",\"contentUrl\":\"https:\\\/\\\/lacortedimarga.com\\\/wp-content\\\/uploads\\\/2025\\\/06\\\/logo-corti-di-marga.webp\",\"width\":955,\"height\":529,\"caption\":\"La Corte di Marga\"},\"image\":{\"@id\":\"https:\\\/\\\/lacortedimarga.com\\\/#\\\/schema\\\/logo\\\/image\\\/\"},\"sameAs\":[\"https:\\\/\\\/www.facebook.com\\\/lacortedimarga\",\"https:\\\/\\\/www.instagram.com\\\/la_corte_di_marga\\\/\",\"https:\\\/\\\/www.tiktok.com\\\/@lacortedimarga\",\"https:\\\/\\\/www.youtube.com\\\/@lacortedimargaofficial\",\"https:\\\/\\\/www.linkedin.com\\\/company\\\/la-corte-di-marga-prosecco-hills-holiday\"]},{\"@type\":\"Person\",\"@id\":\"https:\\\/\\\/lacortedimarga.com\\\/#\\\/schema\\\/person\\\/35b8aa132ce672c39a5ece2e9b43b967\",\"name\":\"Roberto\",\"image\":{\"@type\":\"ImageObject\",\"inLanguage\":\"en-GB\",\"@id\":\"https:\\\/\\\/secure.gravatar.com\\\/avatar\\\/e3f271e90e735cdc34557ef9b92be1ad6f15d5bac04b51fa3cd10b4c11dac25e?s=96&d=mm&r=g\",\"url\":\"https:\\\/\\\/secure.gravatar.com\\\/avatar\\\/e3f271e90e735cdc34557ef9b92be1ad6f15d5bac04b51fa3cd10b4c11dac25e?s=96&d=mm&r=g\",\"contentUrl\":\"https:\\\/\\\/secure.gravatar.com\\\/avatar\\\/e3f271e90e735cdc34557ef9b92be1ad6f15d5bac04b51fa3cd10b4c11dac25e?s=96&d=mm&r=g\",\"caption\":\"Roberto\"},\"url\":\"https:\\\/\\\/lacortedimarga.com\\\/en\\\/author\\\/roberto\\\/\"}]}<\/script>\n<!-- \/ Yoast SEO plugin. -->","yoast_head_json":{"title":"Sere in Giardino a La Corte di Marga | Miane","description":"Barbecue self-service, calice di vino locale e cielo stellato: scopri come si vive la sera nel giardino de La Corte di Marga a Miane.","robots":{"index":"index","follow":"follow","max-snippet":"max-snippet:-1","max-image-preview":"max-image-preview:large","max-video-preview":"max-video-preview:-1"},"canonical":"https:\/\/lacortedimarga.com\/en\/sere-in-giardino-la-corte-di-marga-relax-barbecue-vino\/","og_locale":"en_GB","og_type":"article","og_title":"Sere in Giardino a La Corte di Marga | Miane","og_description":"Barbecue self-service, calice di vino locale e cielo stellato: scopri come si vive la sera nel giardino de La Corte di Marga a Miane.","og_url":"https:\/\/lacortedimarga.com\/en\/sere-in-giardino-la-corte-di-marga-relax-barbecue-vino\/","og_site_name":"La Corte di Marga","article_publisher":"https:\/\/www.facebook.com\/lacortedimarga","article_published_time":"2026-09-06T05:37:53+00:00","article_modified_time":"2026-09-06T08:58:24+00:00","og_image":[{"width":480,"height":320,"url":"https:\/\/lacortedimarga.com\/wp-content\/uploads\/2026\/09\/giardino-melograno-la-corte-di-marga.jpg","type":"image\/jpeg"}],"author":"Roberto","twitter_card":"summary_large_image","twitter_misc":{"Written by":"Roberto","Estimated reading time":"4 minutes"},"schema":{"@context":"https:\/\/schema.org","@graph":[{"@type":"Article","@id":"https:\/\/lacortedimarga.com\/sere-in-giardino-la-corte-di-marga-relax-barbecue-vino\/#article","isPartOf":{"@id":"https:\/\/lacortedimarga.com\/sere-in-giardino-la-corte-di-marga-relax-barbecue-vino\/"},"author":{"name":"Roberto","@id":"https:\/\/lacortedimarga.com\/#\/schema\/person\/35b8aa132ce672c39a5ece2e9b43b967"},"headline":"Le Sere in Giardino a La Corte di Marga: Barbecue, Vino e Relax Sotto le Stelle","datePublished":"2026-09-06T05:37:53+00:00","dateModified":"2026-09-06T08:58:24+00:00","mainEntityOfPage":{"@id":"https:\/\/lacortedimarga.com\/sere-in-giardino-la-corte-di-marga-relax-barbecue-vino\/"},"wordCount":682,"publisher":{"@id":"https:\/\/lacortedimarga.com\/#organization"},"image":{"@id":"https:\/\/lacortedimarga.com\/sere-in-giardino-la-corte-di-marga-relax-barbecue-vino\/#primaryimage"},"thumbnailUrl":"https:\/\/lacortedimarga.com\/wp-content\/uploads\/2026\/09\/giardino-melograno-la-corte-di-marga.jpg","keywords":["#CorteDiMargaMiane","#EsperienzaInCorte","#LaCortediMarga","#Miane","#ProseccoHillsHolidays","#Roberto La Rosa Sommelier","#SilviaRobertohost","EsperienzaInStruttura","GiardinoLaCorteDiMarga","LaCorteDiMargaBlog","RobertoLaRosaHost"],"articleSection":["Esperienza in Struttura: Guest Guide &amp; News"],"inLanguage":"en-GB"},{"@type":"WebPage","@id":"https:\/\/lacortedimarga.com\/sere-in-giardino-la-corte-di-marga-relax-barbecue-vino\/","url":"https:\/\/lacortedimarga.com\/sere-in-giardino-la-corte-di-marga-relax-barbecue-vino\/","name":"Sere in Giardino a La Corte di Marga | Miane","isPartOf":{"@id":"https:\/\/lacortedimarga.com\/#website"},"primaryImageOfPage":{"@id":"https:\/\/lacortedimarga.com\/sere-in-giardino-la-corte-di-marga-relax-barbecue-vino\/#primaryimage"},"image":{"@id":"https:\/\/lacortedimarga.com\/sere-in-giardino-la-corte-di-marga-relax-barbecue-vino\/#primaryimage"},"thumbnailUrl":"https:\/\/lacortedimarga.com\/wp-content\/uploads\/2026\/09\/giardino-melograno-la-corte-di-marga.jpg","datePublished":"2026-09-06T05:37:53+00:00","dateModified":"2026-09-06T08:58:24+00:00","description":"Barbecue self-service, calice di vino locale e cielo stellato: scopri come si vive la sera nel giardino de La Corte di Marga a Miane.","breadcrumb":{"@id":"https:\/\/lacortedimarga.com\/sere-in-giardino-la-corte-di-marga-relax-barbecue-vino\/#breadcrumb"},"inLanguage":"en-GB","potentialAction":[{"@type":"ReadAction","target":["https:\/\/lacortedimarga.com\/sere-in-giardino-la-corte-di-marga-relax-barbecue-vino\/"]}]},{"@type":"ImageObject","inLanguage":"en-GB","@id":"https:\/\/lacortedimarga.com\/sere-in-giardino-la-corte-di-marga-relax-barbecue-vino\/#primaryimage","url":"https:\/\/lacortedimarga.com\/wp-content\/uploads\/2026\/09\/giardino-melograno-la-corte-di-marga.jpg","contentUrl":"https:\/\/lacortedimarga.com\/wp-content\/uploads\/2026\/09\/giardino-melograno-la-corte-di-marga.jpg","width":480,"height":320,"caption":"Giardino esterno di Villa Marga a La Corte di Marga con melograno e vista sulle colline del Prosecco"},{"@type":"BreadcrumbList","@id":"https:\/\/lacortedimarga.com\/sere-in-giardino-la-corte-di-marga-relax-barbecue-vino\/#breadcrumb","itemListElement":[{"@type":"ListItem","position":1,"name":"Home","item":"https:\/\/lacortedimarga.com\/"},{"@type":"ListItem","position":2,"name":"Le Sere in Giardino a La Corte di Marga: Barbecue, Vino e Relax Sotto le Stelle"}]},{"@type":"WebSite","@id":"https:\/\/lacortedimarga.com\/#website","url":"https:\/\/lacortedimarga.com\/","name":"The Court of Marga","description":"Prosecco Hills Holidays","publisher":{"@id":"https:\/\/lacortedimarga.com\/#organization"},"potentialAction":[{"@type":"SearchAction","target":{"@type":"EntryPoint","urlTemplate":"https:\/\/lacortedimarga.com\/?s={search_term_string}"},"query-input":{"@type":"PropertyValueSpecification","valueRequired":true,"valueName":"search_term_string"}}],"inLanguage":"en-GB"},{"@type":"Organization","@id":"https:\/\/lacortedimarga.com\/#organization","name":"The Court of Marga","url":"https:\/\/lacortedimarga.com\/","logo":{"@type":"ImageObject","inLanguage":"en-GB","@id":"https:\/\/lacortedimarga.com\/#\/schema\/logo\/image\/","url":"https:\/\/lacortedimarga.com\/wp-content\/uploads\/2025\/06\/logo-corti-di-marga.webp","contentUrl":"https:\/\/lacortedimarga.com\/wp-content\/uploads\/2025\/06\/logo-corti-di-marga.webp","width":955,"height":529,"caption":"La Corte di Marga"},"image":{"@id":"https:\/\/lacortedimarga.com\/#\/schema\/logo\/image\/"},"sameAs":["https:\/\/www.facebook.com\/lacortedimarga","https:\/\/www.instagram.com\/la_corte_di_marga\/","https:\/\/www.tiktok.com\/@lacortedimarga","https:\/\/www.youtube.com\/@lacortedimargaofficial","https:\/\/www.linkedin.com\/company\/la-corte-di-marga-prosecco-hills-holiday"]},{"@type":"Person","@id":"https:\/\/lacortedimarga.com\/#\/schema\/person\/35b8aa132ce672c39a5ece2e9b43b967","name":"Roberto","image":{"@type":"ImageObject","inLanguage":"en-GB","@id":"https:\/\/secure.gravatar.com\/avatar\/e3f271e90e735cdc34557ef9b92be1ad6f15d5bac04b51fa3cd10b4c11dac25e?s=96&d=mm&r=g","url":"https:\/\/secure.gravatar.com\/avatar\/e3f271e90e735cdc34557ef9b92be1ad6f15d5bac04b51fa3cd10b4c11dac25e?s=96&d=mm&r=g","contentUrl":"https:\/\/secure.gravatar.com\/avatar\/e3f271e90e735cdc34557ef9b92be1ad6f15d5bac04b51fa3cd10b4c11dac25e?s=96&d=mm&r=g","caption":"Roberto"},"url":"https:\/\/lacortedimarga.com\/en\/author\/roberto\/"}]}},"_links":{"self":[{"href":"https:\/\/lacortedimarga.com\/en\/wp-json\/wp\/v2\/posts\/3072","targetHints":{"allow":["GET"]}}],"collection":[{"href":"https:\/\/lacortedimarga.com\/en\/wp-json\/wp\/v2\/posts"}],"about":[{"href":"https:\/\/lacortedimarga.com\/en\/wp-json\/wp\/v2\/types\/post"}],"author":[{"embeddable":true,"href":"https:\/\/lacortedimarga.com\/en\/wp-json\/wp\/v2\/users\/3"}],"replies":[{"embeddable":true,"href":"https:\/\/lacortedimarga.com\/en\/wp-json\/wp\/v2\/comments?post=3072"}],"version-history":[{"count":3,"href":"https:\/\/lacortedimarga.com\/en\/wp-json\/wp\/v2\/posts\/3072\/revisions"}],"predecessor-version":[{"id":3078,"href":"https:\/\/lacortedimarga.com\/en\/wp-json\/wp\/v2\/posts\/3072\/revisions\/3078"}],"wp:featuredmedia":[{"embeddable":true,"href":"https:\/\/lacortedimarga.com\/en\/wp-json\/wp\/v2\/media\/3075"}],"wp:attachment":[{"href":"https:\/\/lacortedimarga.com\/en\/wp-json\/wp\/v2\/media?parent=3072"}],"wp:term":[{"taxonomy":"category","embeddable":true,"href":"https:\/\/lacortedimarga.com\/en\/wp-json\/wp\/v2\/categories?post=3072"},{"taxonomy":"post_tag","embeddable":true,"href":"https:\/\/lacortedimarga.com\/en\/wp-json\/wp\/v2\/tags?post=3072"}],"curies":[{"name":"Or, if you meant to type \"wp\", here are a few possibilities:\n\n*   **WP** (often stands for WordPress)\n*   **We'll be**\n*   **What's up?**","href":"https:\/\/api.w.org\/{rel}","templated":true}]}}